{"id":244670,"date":"2018-12-03T19:00:35","date_gmt":"2018-12-04T01:00:35","guid":{"rendered":"https:\/\/prensalibre-com-develop.go-vip.co\/guatevision\/?post_type=post-espectaculos&#038;p=244670"},"modified":"2018-12-03T17:48:03","modified_gmt":"2018-12-03T23:48:03","slug":"chayanne-reprograma-su-concierto-en-guatemala","status":"publish","type":"post-espectaculos","link":"https:\/\/prensalibre-com-develop.go-vip.co\/guatevision\/espectaculos\/farandula\/chayanne-reprograma-su-concierto-en-guatemala","title":{"rendered":"Chayanne reprograma su concierto en Guatemala"},"content":{"rendered":"<p>El pasado 9 de octubre Chayanne confirm\u00f3 que el 5 de diciembre se presentar\u00eda en Guatemala, una noticia que sorprendi\u00f3 a miles de guatemaltecas. A trav\u00e9s de un comunicado el artista inform\u00f3 que el concierto ser\u00eda reprogramado.<\/p>\n<h5>Tambi\u00e9n vea:\u00a0<a href=\"https:\/\/prensalibre-com-develop.go-vip.co\/guatevision\/espectaculos\/farandula\/luis-miguel-cancelo-su-concierto-por-abucheos-en-mexico\/\" target=\"_blank\" rel=\"noopener\">\u00bfLuis Miguel cancel\u00f3 su concierto por abucheos en M\u00e9xico?<\/a><\/h5>\n<h3>\u00bfCu\u00e1l es la raz\u00f3n?<\/h3>\n<p>El artista es una de las celebridad m\u00e1s aclamado por el p\u00fablico, luego de un concierto en Costa Rica, Chayanne sufri\u00f3 de un fuerte resfriado, lo que provoc\u00f3 la reprogramaci\u00f3n de su concierto.<\/p>\n\n<p>La presentaci\u00f3n se llevar\u00e1 a cabo el mi\u00e9rcoles 12 de diciembre a las 21:00 horas en Explanada Cardales de Cayal\u00e1. Para las personas que no pueden asistir a la nueva fecha podr\u00e1n adquirir un reembolso a partir del 6 de diciembre.<\/p>\n<p>Los conciertos en Honduras y El Salvador contin\u00faan con la misma fecha.<\/p>\n<p><img loading=\"lazy\" decoding=\"async\" class=\"alignnone size-large wp-image-244675\" src=\"https:\/\/prensalibre-com-develop.go-vip.co\/guatevision\/wp-content\/uploads\/2018\/12\/WhatsApp-Image-2018-12-02-at-9.48.30-PM-921x1024.jpeg\" alt=\"Chayanne reprograma su concierto en Guatemala\" width=\"921\" height=\"1024\" \/><\/p>\n<h5>Tambi\u00e9n vea:\u00a0<a href=\"https:\/\/prensalibre-com-develop.go-vip.co\/guatevision\/noticias\/nacional\/arjona-guatemala-le-pertenece-a-los-guatemaltecos-aprenderemos-a-defenderlo-a-cuidarlo-y-a-respetarlo\/\" target=\"_blank\" rel=\"noopener\">Arjona: Guatemala le pertenece a los guatemaltecos aprenderemos a defenderlo, a cuidarlo y a respetarlo<\/a><\/h5>\n","protected":false},"excerpt":{"rendered":"<p>El cantante puertorrique\u00f1o Chayanne tendr\u00eda una presentaci\u00f3n en nuestro pa\u00eds, a trav\u00e9s de un comunicado informaron la reprogramaci\u00f3n del mismo.<\/p>\n","protected":false},"author":114,"featured_media":244676,"template":"","etiqueta":[21458,110,108,109],"class_list":["post-244670","post-espectaculos","type-post-espectaculos","status-publish","has-post-thumbnail","hentry","categoria-post-espectaculos-farandula","etiqueta-chayanne","etiqueta-concierto","etiqueta-guatemala","etiqueta-musica"],"yoast_head":"<!-- This site is optimized with the Yoast SEO plugin v23.9 - https:\/\/yoast.com\/wordpress\/plugins\/seo\/ -->\n<title>Chayanne reprograma su concierto en Guatemala<\/title>\n<meta name=\"description\" content=\"El cantante puertorrique\u00f1o Chayanne tendr\u00eda una presentaci\u00f3n en nuestro pa\u00eds, a trav\u00e9s de un comunicado informaron la reprogramaci\u00f3n del mismo.\" \/>\n<meta name=\"robots\" content=\"index, follow, max-snippet:-1, max-image-preview:large, max-video-preview:-1\" \/>\n<link rel=\"canonical\" href=\"https:\/\/prensalibre-com-develop.go-vip.co\/guatevision\/espectaculos\/farandula\/chayanne-reprograma-su-concierto-en-guatemala\" \/>\n<meta property=\"og:locale\" content=\"es_ES\" \/>\n<meta property=\"og:type\" content=\"article\" \/>\n<meta property=\"og:title\" content=\"Chayanne reprograma su concierto en Guatemala\" \/>\n<meta property=\"og:description\" content=\"El cantante puertorrique\u00f1o Chayanne tendr\u00eda una presentaci\u00f3n en nuestro pa\u00eds, a trav\u00e9s de un comunicado informaron la reprogramaci\u00f3n del mismo.\" \/>\n<meta property=\"og:url\" content=\"https:\/\/prensalibre-com-develop.go-vip.co\/guatevision\/espectaculos\/farandula\/chayanne-reprograma-su-concierto-en-guatemala\" \/>\n<meta property=\"og:site_name\" content=\"Guatevision\" \/>\n<meta property=\"article:modified_time\" content=\"2018-12-03T23:48:03+00:00\" \/>\n<meta property=\"og:image\" content=\"https:\/\/prensalibre-com-develop.go-vip.co\/guatevision\/wp-content\/uploads\/sites\/2\/2018\/12\/5b339823bbb0b.jpeg?quality=82\" \/>\n\t<meta property=\"og:image:width\" content=\"1214\" \/>\n\t<meta property=\"og:image:height\" content=\"697\" \/>\n\t<meta property=\"og:image:type\" content=\"image\/jpeg\" \/>\n<meta name=\"twitter:card\" content=\"summary_large_image\" \/>\n<meta name=\"twitter:label1\" content=\"Est. reading time\" \/>\n\t<meta name=\"twitter:data1\" content=\"1 minute\" \/>\n<script type=\"application\/ld+json\" class=\"yoast-schema-graph\">{\"@context\":\"https:\/\/schema.org\",\"@graph\":[{\"@type\":\"WebPage\",\"@id\":\"https:\/\/prensalibre-com-develop.go-vip.co\/guatevision\/espectaculos\/farandula\/chayanne-reprograma-su-concierto-en-guatemala\",\"url\":\"https:\/\/prensalibre-com-develop.go-vip.co\/guatevision\/espectaculos\/farandula\/chayanne-reprograma-su-concierto-en-guatemala\",\"name\":\"Chayanne reprograma su concierto en Guatemala\",\"isPartOf\":{\"@id\":\"https:\/\/prensalibre-com-develop.go-vip.co\/guatevision\/#website\"},\"primaryImageOfPage\":{\"@id\":\"https:\/\/prensalibre-com-develop.go-vip.co\/guatevision\/espectaculos\/farandula\/chayanne-reprograma-su-concierto-en-guatemala#primaryimage\"},\"image\":{\"@id\":\"https:\/\/prensalibre-com-develop.go-vip.co\/guatevision\/espectaculos\/farandula\/chayanne-reprograma-su-concierto-en-guatemala#primaryimage\"},\"thumbnailUrl\":\"https:\/\/prensalibre-com-develop.go-vip.co\/guatevision\/wp-content\/uploads\/sites\/2\/2018\/12\/5b339823bbb0b.jpeg?quality=82\",\"datePublished\":\"2018-12-04T01:00:35+00:00\",\"dateModified\":\"2018-12-03T23:48:03+00:00\",\"description\":\"El cantante puertorrique\u00f1o Chayanne tendr\u00eda una presentaci\u00f3n en nuestro pa\u00eds, a trav\u00e9s de un comunicado informaron la reprogramaci\u00f3n del mismo.\",\"inLanguage\":\"es-GT\",\"potentialAction\":[{\"@type\":\"ReadAction\",\"target\":[\"https:\/\/prensalibre-com-develop.go-vip.co\/guatevision\/espectaculos\/farandula\/chayanne-reprograma-su-concierto-en-guatemala\"]}]},{\"@type\":\"ImageObject\",\"inLanguage\":\"es-GT\",\"@id\":\"https:\/\/prensalibre-com-develop.go-vip.co\/guatevision\/espectaculos\/farandula\/chayanne-reprograma-su-concierto-en-guatemala#primaryimage\",\"url\":\"https:\/\/prensalibre-com-develop.go-vip.co\/guatevision\/wp-content\/uploads\/sites\/2\/2018\/12\/5b339823bbb0b.jpeg?quality=82\",\"contentUrl\":\"https:\/\/prensalibre-com-develop.go-vip.co\/guatevision\/wp-content\/uploads\/sites\/2\/2018\/12\/5b339823bbb0b.jpeg?quality=82\",\"width\":1214,\"height\":697,\"caption\":\"Chayanne reprograma su concierto en Guatemala\"},{\"@type\":\"WebSite\",\"@id\":\"https:\/\/prensalibre-com-develop.go-vip.co\/guatevision\/#website\",\"url\":\"https:\/\/prensalibre-com-develop.go-vip.co\/guatevision\/\",\"name\":\"Guatevision\",\"description\":\"\u00a1Enciende Lo Bueno!\",\"publisher\":{\"@id\":\"https:\/\/prensalibre-com-develop.go-vip.co\/guatevision\/#organization\"},\"potentialAction\":[{\"@type\":\"SearchAction\",\"target\":{\"@type\":\"EntryPoint\",\"urlTemplate\":\"https:\/\/prensalibre-com-develop.go-vip.co\/guatevision\/?s={search_term_string}\"},\"query-input\":{\"@type\":\"PropertyValueSpecification\",\"valueRequired\":true,\"valueName\":\"search_term_string\"}}],\"inLanguage\":\"es-GT\"},{\"@type\":\"Organization\",\"@id\":\"https:\/\/prensalibre-com-develop.go-vip.co\/guatevision\/#organization\",\"name\":\"Guatevision\",\"url\":\"https:\/\/prensalibre-com-develop.go-vip.co\/guatevision\/\",\"logo\":{\"@type\":\"ImageObject\",\"inLanguage\":\"es-GT\",\"@id\":\"https:\/\/prensalibre-com-develop.go-vip.co\/guatevision\/#\/schema\/logo\/image\/\",\"url\":\"https:\/\/prensalibre-com-develop.go-vip.co\/guatevision\/wp-content\/uploads\/sites\/2\/2026\/04\/Diseno-sin-titulo.png?quality=82\",\"contentUrl\":\"https:\/\/prensalibre-com-develop.go-vip.co\/guatevision\/wp-content\/uploads\/sites\/2\/2026\/04\/Diseno-sin-titulo.png?quality=82\",\"width\":1000,\"height\":600,\"caption\":\"Guatevision\"},\"image\":{\"@id\":\"https:\/\/prensalibre-com-develop.go-vip.co\/guatevision\/#\/schema\/logo\/image\/\"}}]}<\/script>\n<!-- \/ Yoast SEO plugin. -->","yoast_head_json":{"title":"Chayanne reprograma su concierto en Guatemala","description":"El cantante puertorrique\u00f1o Chayanne tendr\u00eda una presentaci\u00f3n en nuestro pa\u00eds, a trav\u00e9s de un comunicado informaron la reprogramaci\u00f3n del mismo.","robots":{"index":"index","follow":"follow","max-snippet":"max-snippet:-1","max-image-preview":"max-image-preview:large","max-video-preview":"max-video-preview:-1"},"canonical":"https:\/\/prensalibre-com-develop.go-vip.co\/guatevision\/espectaculos\/farandula\/chayanne-reprograma-su-concierto-en-guatemala","og_locale":"es_ES","og_type":"article","og_title":"Chayanne reprograma su concierto en Guatemala","og_description":"El cantante puertorrique\u00f1o Chayanne tendr\u00eda una presentaci\u00f3n en nuestro pa\u00eds, a trav\u00e9s de un comunicado informaron la reprogramaci\u00f3n del mismo.","og_url":"https:\/\/prensalibre-com-develop.go-vip.co\/guatevision\/espectaculos\/farandula\/chayanne-reprograma-su-concierto-en-guatemala","og_site_name":"Guatevision","article_modified_time":"2018-12-03T23:48:03+00:00","og_image":[{"width":1214,"height":697,"url":"https:\/\/prensalibre-com-develop.go-vip.co\/guatevision\/wp-content\/uploads\/sites\/2\/2018\/12\/5b339823bbb0b.jpeg?quality=82","type":"image\/jpeg"}],"twitter_card":"summary_large_image","twitter_misc":{"Est. reading time":"1 minute"},"schema":{"@context":"https:\/\/schema.org","@graph":[{"@type":"WebPage","@id":"https:\/\/prensalibre-com-develop.go-vip.co\/guatevision\/espectaculos\/farandula\/chayanne-reprograma-su-concierto-en-guatemala","url":"https:\/\/prensalibre-com-develop.go-vip.co\/guatevision\/espectaculos\/farandula\/chayanne-reprograma-su-concierto-en-guatemala","name":"Chayanne reprograma su concierto en Guatemala","isPartOf":{"@id":"https:\/\/prensalibre-com-develop.go-vip.co\/guatevision\/#website"},"primaryImageOfPage":{"@id":"https:\/\/prensalibre-com-develop.go-vip.co\/guatevision\/espectaculos\/farandula\/chayanne-reprograma-su-concierto-en-guatemala#primaryimage"},"image":{"@id":"https:\/\/prensalibre-com-develop.go-vip.co\/guatevision\/espectaculos\/farandula\/chayanne-reprograma-su-concierto-en-guatemala#primaryimage"},"thumbnailUrl":"https:\/\/prensalibre-com-develop.go-vip.co\/guatevision\/wp-content\/uploads\/sites\/2\/2018\/12\/5b339823bbb0b.jpeg?quality=82","datePublished":"2018-12-04T01:00:35+00:00","dateModified":"2018-12-03T23:48:03+00:00","description":"El cantante puertorrique\u00f1o Chayanne tendr\u00eda una presentaci\u00f3n en nuestro pa\u00eds, a trav\u00e9s de un comunicado informaron la reprogramaci\u00f3n del mismo.","inLanguage":"es-GT","potentialAction":[{"@type":"ReadAction","target":["https:\/\/prensalibre-com-develop.go-vip.co\/guatevision\/espectaculos\/farandula\/chayanne-reprograma-su-concierto-en-guatemala"]}]},{"@type":"ImageObject","inLanguage":"es-GT","@id":"https:\/\/prensalibre-com-develop.go-vip.co\/guatevision\/espectaculos\/farandula\/chayanne-reprograma-su-concierto-en-guatemala#primaryimage","url":"https:\/\/prensalibre-com-develop.go-vip.co\/guatevision\/wp-content\/uploads\/sites\/2\/2018\/12\/5b339823bbb0b.jpeg?quality=82","contentUrl":"https:\/\/prensalibre-com-develop.go-vip.co\/guatevision\/wp-content\/uploads\/sites\/2\/2018\/12\/5b339823bbb0b.jpeg?quality=82","width":1214,"height":697,"caption":"Chayanne reprograma su concierto en Guatemala"},{"@type":"WebSite","@id":"https:\/\/prensalibre-com-develop.go-vip.co\/guatevision\/#website","url":"https:\/\/prensalibre-com-develop.go-vip.co\/guatevision\/","name":"Guatevision","description":"\u00a1Enciende Lo Bueno!","publisher":{"@id":"https:\/\/prensalibre-com-develop.go-vip.co\/guatevision\/#organization"},"potentialAction":[{"@type":"SearchAction","target":{"@type":"EntryPoint","urlTemplate":"https:\/\/prensalibre-com-develop.go-vip.co\/guatevision\/?s={search_term_string}"},"query-input":{"@type":"PropertyValueSpecification","valueRequired":true,"valueName":"search_term_string"}}],"inLanguage":"es-GT"},{"@type":"Organization","@id":"https:\/\/prensalibre-com-develop.go-vip.co\/guatevision\/#organization","name":"Guatevision","url":"https:\/\/prensalibre-com-develop.go-vip.co\/guatevision\/","logo":{"@type":"ImageObject","inLanguage":"es-GT","@id":"https:\/\/prensalibre-com-develop.go-vip.co\/guatevision\/#\/schema\/logo\/image\/","url":"https:\/\/prensalibre-com-develop.go-vip.co\/guatevision\/wp-content\/uploads\/sites\/2\/2026\/04\/Diseno-sin-titulo.png?quality=82","contentUrl":"https:\/\/prensalibre-com-develop.go-vip.co\/guatevision\/wp-content\/uploads\/sites\/2\/2026\/04\/Diseno-sin-titulo.png?quality=82","width":1000,"height":600,"caption":"Guatevision"},"image":{"@id":"https:\/\/prensalibre-com-develop.go-vip.co\/guatevision\/#\/schema\/logo\/image\/"}}]}},"jetpack_sharing_enabled":true,"_links":{"self":[{"href":"https:\/\/prensalibre-com-develop.go-vip.co\/guatevision\/wp-json\/wp\/v2\/post-espectaculos\/244670","targetHints":{"allow":["GET"]}}],"collection":[{"href":"https:\/\/prensalibre-com-develop.go-vip.co\/guatevision\/wp-json\/wp\/v2\/post-espectaculos"}],"about":[{"href":"https:\/\/prensalibre-com-develop.go-vip.co\/guatevision\/wp-json\/wp\/v2\/types\/post-espectaculos"}],"author":[{"embeddable":true,"href":"https:\/\/prensalibre-com-develop.go-vip.co\/guatevision\/wp-json\/wp\/v2\/users\/114"}],"version-history":[{"count":0,"href":"https:\/\/prensalibre-com-develop.go-vip.co\/guatevision\/wp-json\/wp\/v2\/post-espectaculos\/244670\/revisions"}],"wp:featuredmedia":[{"embeddable":true,"href":"https:\/\/prensalibre-com-develop.go-vip.co\/guatevision\/wp-json\/wp\/v2\/media\/244676"}],"wp:attachment":[{"href":"https:\/\/prensalibre-com-develop.go-vip.co\/guatevision\/wp-json\/wp\/v2\/media?parent=244670"}],"wp:term":[{"taxonomy":"etiqueta","embeddable":true,"href":"https:\/\/prensalibre-com-develop.go-vip.co\/guatevision\/wp-json\/wp\/v2\/etiqueta?post=244670"}],"curies":[{"name":"wp","href":"https:\/\/api.w.org\/{rel}","templated":true}]}}