{"id":403594,"date":"2021-02-16T15:32:58","date_gmt":"2021-02-16T21:32:58","guid":{"rendered":"https:\/\/prensalibre-com-develop.go-vip.co\/guatevision\/?post_type=post-espectaculos&#038;p=403594"},"modified":"2021-02-16T15:32:58","modified_gmt":"2021-02-16T21:32:58","slug":"que-paso-con-brendan-fraser","status":"publish","type":"post-espectaculos","link":"https:\/\/prensalibre-com-develop.go-vip.co\/guatevision\/espectaculos\/entretenimiento\/que-paso-con-brendan-fraser","title":{"rendered":"\u00bfQu\u00e9 pas\u00f3 con Brendan Fraser?"},"content":{"rendered":"<p>El actor que fue nombrado hombre m\u00e1s guapo del mundo en 1998 por la revista People y que lleg\u00f3 a ganar 12 millones de d\u00f3lares por \u2018El regreso de la novia\u2019, \u00faltimamente ha dado de qu\u00e9 hablar por su imagen. Adem\u00e1s, tras varios fracasos en taquilla con pel\u00edculas como\u00a0\u2018Viaje al centro de la Tierra\u2019 o \u2018Decisiones extremas\u2019, su carrera ya no tuvo el mismo rumbo.<\/p>\n\n<p>Aqu\u00ed te contamos qu\u00e9 pas\u00f3 con Fraser:<\/p>\n<div class=\"jetpack-video-wrapper\"><iframe loading=\"lazy\" title=\"\u00bfQu\u00e9 pas\u00f3 con Brendan Fraser?\" width=\"500\" height=\"281\" src=\"https:\/\/www.youtube.com\/embed\/snwdgXuAWMQ?feature=oembed\" frameborder=\"0\" allow=\"accelerometer; autoplay; clipboard-write; encrypted-media; gyroscope; picture-in-picture; web-share\" referrerpolicy=\"strict-origin-when-cross-origin\" allowfullscreen><\/iframe><\/div>\n","protected":false},"excerpt":{"rendered":"<p>Tenemos muchos a\u00f1os ya de no saber qu\u00e9 ha pasado con el protagonista de &#8220;La Momia&#8221;. <\/p>\n","protected":false},"author":185,"featured_media":403595,"template":"","etiqueta":[46201,20316,42839,25079],"class_list":["post-403594","post-espectaculos","type-post-espectaculos","status-publish","has-post-thumbnail","hentry","categoria-post-espectaculos-entretenimiento","categoria-post-espectaculos-farandula","etiqueta-brendan-fraser","etiqueta-guatevision","etiqueta-que-paso-con","etiqueta-viva-la-manana"],"yoast_head":"<!-- This site is optimized with the Yoast SEO plugin v23.9 - https:\/\/yoast.com\/wordpress\/plugins\/seo\/ -->\n<title>\u00bfQu\u00e9 pas\u00f3 con Brendan Fraser? - Guatevision<\/title>\n<meta name=\"robots\" content=\"index, follow, max-snippet:-1, max-image-preview:large, max-video-preview:-1\" \/>\n<link rel=\"canonical\" href=\"https:\/\/prensalibre-com-develop.go-vip.co\/guatevision\/espectaculos\/entretenimiento\/que-paso-con-brendan-fraser\" \/>\n<meta property=\"og:locale\" content=\"es_ES\" \/>\n<meta property=\"og:type\" content=\"article\" \/>\n<meta property=\"og:title\" content=\"\u00bfQu\u00e9 pas\u00f3 con Brendan Fraser? - Guatevision\" \/>\n<meta property=\"og:description\" content=\"Tenemos muchos a\u00f1os ya de no saber qu\u00e9 ha pasado con el protagonista de &quot;La Momia&quot;.\" \/>\n<meta property=\"og:url\" content=\"https:\/\/prensalibre-com-develop.go-vip.co\/guatevision\/espectaculos\/entretenimiento\/que-paso-con-brendan-fraser\" \/>\n<meta property=\"og:site_name\" content=\"Guatevision\" \/>\n<meta property=\"og:image\" content=\"https:\/\/prensalibre-com-develop.go-vip.co\/guatevision\/wp-content\/uploads\/sites\/2\/2021\/02\/Brendan-fraiser-joven-1900x1079_c.jpg?quality=82\" \/>\n\t<meta property=\"og:image:width\" content=\"1900\" \/>\n\t<meta property=\"og:image:height\" content=\"1079\" \/>\n\t<meta property=\"og:image:type\" content=\"image\/jpeg\" \/>\n<meta name=\"twitter:card\" content=\"summary_large_image\" \/>\n<script type=\"application\/ld+json\" class=\"yoast-schema-graph\">{\"@context\":\"https:\/\/schema.org\",\"@graph\":[{\"@type\":\"WebPage\",\"@id\":\"https:\/\/prensalibre-com-develop.go-vip.co\/guatevision\/espectaculos\/entretenimiento\/que-paso-con-brendan-fraser\",\"url\":\"https:\/\/prensalibre-com-develop.go-vip.co\/guatevision\/espectaculos\/entretenimiento\/que-paso-con-brendan-fraser\",\"name\":\"\u00bfQu\u00e9 pas\u00f3 con Brendan Fraser? - Guatevision\",\"isPartOf\":{\"@id\":\"https:\/\/prensalibre-com-develop.go-vip.co\/guatevision\/#website\"},\"primaryImageOfPage\":{\"@id\":\"https:\/\/prensalibre-com-develop.go-vip.co\/guatevision\/espectaculos\/entretenimiento\/que-paso-con-brendan-fraser#primaryimage\"},\"image\":{\"@id\":\"https:\/\/prensalibre-com-develop.go-vip.co\/guatevision\/espectaculos\/entretenimiento\/que-paso-con-brendan-fraser#primaryimage\"},\"thumbnailUrl\":\"https:\/\/prensalibre-com-develop.go-vip.co\/guatevision\/wp-content\/uploads\/sites\/2\/2021\/02\/Brendan-fraiser-joven-1900x1079_c.jpg?quality=82\",\"datePublished\":\"2021-02-16T21:32:58+00:00\",\"dateModified\":\"2021-02-16T21:32:58+00:00\",\"inLanguage\":\"es-GT\",\"potentialAction\":[{\"@type\":\"ReadAction\",\"target\":[\"https:\/\/prensalibre-com-develop.go-vip.co\/guatevision\/espectaculos\/entretenimiento\/que-paso-con-brendan-fraser\"]}]},{\"@type\":\"ImageObject\",\"inLanguage\":\"es-GT\",\"@id\":\"https:\/\/prensalibre-com-develop.go-vip.co\/guatevision\/espectaculos\/entretenimiento\/que-paso-con-brendan-fraser#primaryimage\",\"url\":\"https:\/\/prensalibre-com-develop.go-vip.co\/guatevision\/wp-content\/uploads\/sites\/2\/2021\/02\/Brendan-fraiser-joven-1900x1079_c.jpg?quality=82\",\"contentUrl\":\"https:\/\/prensalibre-com-develop.go-vip.co\/guatevision\/wp-content\/uploads\/sites\/2\/2021\/02\/Brendan-fraiser-joven-1900x1079_c.jpg?quality=82\",\"width\":1900,\"height\":1079},{\"@type\":\"WebSite\",\"@id\":\"https:\/\/prensalibre-com-develop.go-vip.co\/guatevision\/#website\",\"url\":\"https:\/\/prensalibre-com-develop.go-vip.co\/guatevision\/\",\"name\":\"Guatevision\",\"description\":\"\u00a1Enciende Lo Bueno!\",\"publisher\":{\"@id\":\"https:\/\/prensalibre-com-develop.go-vip.co\/guatevision\/#organization\"},\"potentialAction\":[{\"@type\":\"SearchAction\",\"target\":{\"@type\":\"EntryPoint\",\"urlTemplate\":\"https:\/\/prensalibre-com-develop.go-vip.co\/guatevision\/?s={search_term_string}\"},\"query-input\":{\"@type\":\"PropertyValueSpecification\",\"valueRequired\":true,\"valueName\":\"search_term_string\"}}],\"inLanguage\":\"es-GT\"},{\"@type\":\"Organization\",\"@id\":\"https:\/\/prensalibre-com-develop.go-vip.co\/guatevision\/#organization\",\"name\":\"Guatevision\",\"url\":\"https:\/\/prensalibre-com-develop.go-vip.co\/guatevision\/\",\"logo\":{\"@type\":\"ImageObject\",\"inLanguage\":\"es-GT\",\"@id\":\"https:\/\/prensalibre-com-develop.go-vip.co\/guatevision\/#\/schema\/logo\/image\/\",\"url\":\"https:\/\/prensalibre-com-develop.go-vip.co\/guatevision\/wp-content\/uploads\/sites\/2\/2026\/04\/Diseno-sin-titulo.png?quality=82\",\"contentUrl\":\"https:\/\/prensalibre-com-develop.go-vip.co\/guatevision\/wp-content\/uploads\/sites\/2\/2026\/04\/Diseno-sin-titulo.png?quality=82\",\"width\":1000,\"height\":600,\"caption\":\"Guatevision\"},\"image\":{\"@id\":\"https:\/\/prensalibre-com-develop.go-vip.co\/guatevision\/#\/schema\/logo\/image\/\"}}]}<\/script>\n<!-- \/ Yoast SEO plugin. -->","yoast_head_json":{"title":"\u00bfQu\u00e9 pas\u00f3 con Brendan Fraser? - Guatevision","robots":{"index":"index","follow":"follow","max-snippet":"max-snippet:-1","max-image-preview":"max-image-preview:large","max-video-preview":"max-video-preview:-1"},"canonical":"https:\/\/prensalibre-com-develop.go-vip.co\/guatevision\/espectaculos\/entretenimiento\/que-paso-con-brendan-fraser","og_locale":"es_ES","og_type":"article","og_title":"\u00bfQu\u00e9 pas\u00f3 con Brendan Fraser? - Guatevision","og_description":"Tenemos muchos a\u00f1os ya de no saber qu\u00e9 ha pasado con el protagonista de \"La Momia\".","og_url":"https:\/\/prensalibre-com-develop.go-vip.co\/guatevision\/espectaculos\/entretenimiento\/que-paso-con-brendan-fraser","og_site_name":"Guatevision","og_image":[{"width":1900,"height":1079,"url":"https:\/\/prensalibre-com-develop.go-vip.co\/guatevision\/wp-content\/uploads\/sites\/2\/2021\/02\/Brendan-fraiser-joven-1900x1079_c.jpg?quality=82","type":"image\/jpeg"}],"twitter_card":"summary_large_image","schema":{"@context":"https:\/\/schema.org","@graph":[{"@type":"WebPage","@id":"https:\/\/prensalibre-com-develop.go-vip.co\/guatevision\/espectaculos\/entretenimiento\/que-paso-con-brendan-fraser","url":"https:\/\/prensalibre-com-develop.go-vip.co\/guatevision\/espectaculos\/entretenimiento\/que-paso-con-brendan-fraser","name":"\u00bfQu\u00e9 pas\u00f3 con Brendan Fraser? - Guatevision","isPartOf":{"@id":"https:\/\/prensalibre-com-develop.go-vip.co\/guatevision\/#website"},"primaryImageOfPage":{"@id":"https:\/\/prensalibre-com-develop.go-vip.co\/guatevision\/espectaculos\/entretenimiento\/que-paso-con-brendan-fraser#primaryimage"},"image":{"@id":"https:\/\/prensalibre-com-develop.go-vip.co\/guatevision\/espectaculos\/entretenimiento\/que-paso-con-brendan-fraser#primaryimage"},"thumbnailUrl":"https:\/\/prensalibre-com-develop.go-vip.co\/guatevision\/wp-content\/uploads\/sites\/2\/2021\/02\/Brendan-fraiser-joven-1900x1079_c.jpg?quality=82","datePublished":"2021-02-16T21:32:58+00:00","dateModified":"2021-02-16T21:32:58+00:00","inLanguage":"es-GT","potentialAction":[{"@type":"ReadAction","target":["https:\/\/prensalibre-com-develop.go-vip.co\/guatevision\/espectaculos\/entretenimiento\/que-paso-con-brendan-fraser"]}]},{"@type":"ImageObject","inLanguage":"es-GT","@id":"https:\/\/prensalibre-com-develop.go-vip.co\/guatevision\/espectaculos\/entretenimiento\/que-paso-con-brendan-fraser#primaryimage","url":"https:\/\/prensalibre-com-develop.go-vip.co\/guatevision\/wp-content\/uploads\/sites\/2\/2021\/02\/Brendan-fraiser-joven-1900x1079_c.jpg?quality=82","contentUrl":"https:\/\/prensalibre-com-develop.go-vip.co\/guatevision\/wp-content\/uploads\/sites\/2\/2021\/02\/Brendan-fraiser-joven-1900x1079_c.jpg?quality=82","width":1900,"height":1079},{"@type":"WebSite","@id":"https:\/\/prensalibre-com-develop.go-vip.co\/guatevision\/#website","url":"https:\/\/prensalibre-com-develop.go-vip.co\/guatevision\/","name":"Guatevision","description":"\u00a1Enciende Lo Bueno!","publisher":{"@id":"https:\/\/prensalibre-com-develop.go-vip.co\/guatevision\/#organization"},"potentialAction":[{"@type":"SearchAction","target":{"@type":"EntryPoint","urlTemplate":"https:\/\/prensalibre-com-develop.go-vip.co\/guatevision\/?s={search_term_string}"},"query-input":{"@type":"PropertyValueSpecification","valueRequired":true,"valueName":"search_term_string"}}],"inLanguage":"es-GT"},{"@type":"Organization","@id":"https:\/\/prensalibre-com-develop.go-vip.co\/guatevision\/#organization","name":"Guatevision","url":"https:\/\/prensalibre-com-develop.go-vip.co\/guatevision\/","logo":{"@type":"ImageObject","inLanguage":"es-GT","@id":"https:\/\/prensalibre-com-develop.go-vip.co\/guatevision\/#\/schema\/logo\/image\/","url":"https:\/\/prensalibre-com-develop.go-vip.co\/guatevision\/wp-content\/uploads\/sites\/2\/2026\/04\/Diseno-sin-titulo.png?quality=82","contentUrl":"https:\/\/prensalibre-com-develop.go-vip.co\/guatevision\/wp-content\/uploads\/sites\/2\/2026\/04\/Diseno-sin-titulo.png?quality=82","width":1000,"height":600,"caption":"Guatevision"},"image":{"@id":"https:\/\/prensalibre-com-develop.go-vip.co\/guatevision\/#\/schema\/logo\/image\/"}}]}},"jetpack_sharing_enabled":true,"_links":{"self":[{"href":"https:\/\/prensalibre-com-develop.go-vip.co\/guatevision\/wp-json\/wp\/v2\/post-espectaculos\/403594","targetHints":{"allow":["GET"]}}],"collection":[{"href":"https:\/\/prensalibre-com-develop.go-vip.co\/guatevision\/wp-json\/wp\/v2\/post-espectaculos"}],"about":[{"href":"https:\/\/prensalibre-com-develop.go-vip.co\/guatevision\/wp-json\/wp\/v2\/types\/post-espectaculos"}],"author":[{"embeddable":true,"href":"https:\/\/prensalibre-com-develop.go-vip.co\/guatevision\/wp-json\/wp\/v2\/users\/185"}],"version-history":[{"count":0,"href":"https:\/\/prensalibre-com-develop.go-vip.co\/guatevision\/wp-json\/wp\/v2\/post-espectaculos\/403594\/revisions"}],"wp:featuredmedia":[{"embeddable":true,"href":"https:\/\/prensalibre-com-develop.go-vip.co\/guatevision\/wp-json\/wp\/v2\/media\/403595"}],"wp:attachment":[{"href":"https:\/\/prensalibre-com-develop.go-vip.co\/guatevision\/wp-json\/wp\/v2\/media?parent=403594"}],"wp:term":[{"taxonomy":"etiqueta","embeddable":true,"href":"https:\/\/prensalibre-com-develop.go-vip.co\/guatevision\/wp-json\/wp\/v2\/etiqueta?post=403594"}],"curies":[{"name":"wp","href":"https:\/\/api.w.org\/{rel}","templated":true}]}}