{"id":166474,"date":"2018-03-22T16:00:43","date_gmt":"2018-03-22T22:00:43","guid":{"rendered":"https:\/\/prensalibre-com-develop.go-vip.co\/guatevision\/?post_type=post-noticias&#038;p=166474"},"modified":"2018-03-22T14:50:57","modified_gmt":"2018-03-22T20:50:57","slug":"ibrahimovic","status":"publish","type":"post-noticias","link":"https:\/\/prensalibre-com-develop.go-vip.co\/guatevision\/noticias\/deportes\/ibrahimovic","title":{"rendered":"Ibrahimovic deja el Manchester United"},"content":{"rendered":"<p>El Manchester United confirm\u00f3 este jueves la marcha del delantero sueco Zlatan Ibrahimovic, quien recalar\u00e1 en Los \u00c1ngeles Galaxy de la MLS seg\u00fan la prensa estadounidense.<\/p>\n<blockquote><p>&#8220;Todo el mundo en el club desea agradecer a Zlatan su contribuci\u00f3n al equipo desde su llegada y le desea lo mejor para su futuro&#8221;, anunci\u00f3 el club.<\/p><\/blockquote>\n<p>Seg\u00fan la revista Sports Illustrated, que cita a una fuente cercana a la negociaci\u00f3n, Ibrahimovic, de 36 a\u00f1os, firmar\u00e1 por los Galaxy hasta el final de la temporada 2019 con un sueldo cercano al mill\u00f3n y medio de d\u00f3lares.<\/p>\n\n<p>Las normas de la MLS permiten a los clubes firmar a hasta tres &#8220;jugadores designados&#8221; que no est\u00e1n sujetos al l\u00edmite salarial, norma introducida en 2007 con la llegada del ingl\u00e9s David Beckham a la liga.<\/p>\n<p>Sin embargo, el Galaxy ya tiene a sus tres jugadores designados para esta campa\u00f1a por lo que esta cantidad es la m\u00e1xima autorizada para el resto de jugadores. Seg\u00fan estimaciones, el sueco ganaba 180.000 libras por semana (unos 254.000 d\u00f3lares) en Inglaterra.<\/p>\n<p>&#8220;Ibra&#8221; llegar\u00eda a California la semana que viene y podr\u00eda debutar con su nuevo equipo el pr\u00f3ximo 31 de marzo contra su vecino, el Los Angeles FC, donde juegan el mexicano Carlos Vela y el uruguayo Diego Rossi.<\/p>\n<p>El traspaso del ex del Barcelona, Par\u00eds Saint-Germain y Milan se har\u00eda oficial este viernes en una p\u00e1gina en Los Angeles Times, precis\u00f3 Sports Illustrated.<\/p>\n<p>&nbsp;<\/p>\n<h3>&#8211; Experimentados &#8211;<\/h3>\n<p>El cuadro angelino cuenta con un largo historial en la contrataci\u00f3n de estrellas experimentadas procedentes de Europa: antes de &#8220;Ibra&#8221; jugaron Beckham, el tambi\u00e9n ingl\u00e9s Steven Gerrard y el irland\u00e9s Robbie Keane, entre otros.<\/p>\n<p>El \u00faltimo partido del sueco en el United data del 26 de diciembre, cuando fue sustituido al descanso en el empate 2-2 ante el Burnley.<\/p>\n<p>Ibrahimovic anot\u00f3 28 goles en 46 partidos durante su primera campa\u00f1a en Inglaterra antes de sufrir una grave lesi\u00f3n en los ligamentos de su rodilla, en un empate ante el Anderlecht en abril, en un encuentro de Europa League.<\/p>\n<p>Ello le sirvi\u00f3 para firmar una extensi\u00f3n en su contrato para la segunda temporada pero el delantero belga Romelu Lukaku, fichado por cerca de 105 millones de d\u00f3lares, le ha relegado a un segundo plano.<\/p>\n<p>La llegada de Ibrahimovic a la Major League Soccer es una excepci\u00f3n en un momento en el que la pol\u00edtica de fichajes de la mayor\u00eda de los equipos ha dado un giro rotundo: han dejado de fichar a europeos experimentados y la tendencia es ahora mirar a las j\u00f3venes promesas latinoamericanas.<\/p>\n<p>En los Galaxy Ibrahimovic jugar\u00e1 con los hermanos mexicanos Jonathan y Giovani Dos Santos.<\/p>\n<p>A pesar de que el cuadro californiano es el m\u00e1s exitoso de la historia de la competici\u00f3n, con cinco t\u00edtulos de liga, la campa\u00f1a pasada finaliz\u00f3 en el \u00faltimo puesto de la Conferencia Oeste, con \u00fanicamente ocho triunfos en 34 encuentros.<\/p>\n<p>&nbsp;<\/p>\n<p>\u00a9 Agence France-Presse<\/p>\n","protected":false},"excerpt":{"rendered":"<p>Seg\u00fan la revista Sports Illustrated, que cita a una fuente cercana a la negociaci\u00f3n, Ibrahimovic, de 36 a\u00f1os, firmar\u00e1 por los Galaxy hasta el final de la temporada 2019 con un sueldo cercano al mill\u00f3n y medio de d\u00f3lares.<\/p>\n","protected":false},"author":71,"featured_media":57981,"template":"","etiqueta":[20571,20532,20566,20570],"class_list":["post-166474","post-noticias","type-post-noticias","status-publish","has-post-thumbnail","hentry","categoria-post-noticias-deportes","etiqueta-los-angeles-galaxy","etiqueta-manchester-united","etiqueta-mls","etiqueta-zlatan-ibrahimovic"],"yoast_head":"<!-- This site is optimized with the Yoast SEO plugin v23.9 - https:\/\/yoast.com\/wordpress\/plugins\/seo\/ -->\n<title>Ibrahimovic deja el Manchester United rumbo al LA Galaxy<\/title>\n<meta name=\"description\" content=\"El Manchester United confirm\u00f3 este jueves la marcha del delantero sueco Zlatan Ibrahimovic, quien recalar\u00e1 en Los \u00c1ngeles Galaxy de la MLS seg\u00fan la prensa estadounidense.\" \/>\n<meta name=\"robots\" content=\"index, follow, max-snippet:-1, max-image-preview:large, max-video-preview:-1\" \/>\n<link rel=\"canonical\" href=\"https:\/\/prensalibre-com-develop.go-vip.co\/guatevision\/noticias\/deportes\/ibrahimovic\" \/>\n<meta property=\"og:locale\" content=\"es_ES\" \/>\n<meta property=\"og:type\" content=\"article\" \/>\n<meta property=\"og:title\" content=\"Ibrahimovic deja el Manchester United rumbo al LA Galaxy\" \/>\n<meta property=\"og:description\" content=\"El Manchester United confirm\u00f3 este jueves la marcha del delantero sueco Zlatan Ibrahimovic, quien recalar\u00e1 en Los \u00c1ngeles Galaxy de la MLS seg\u00fan la prensa estadounidense.\" \/>\n<meta property=\"og:url\" content=\"https:\/\/prensalibre-com-develop.go-vip.co\/guatevision\/noticias\/deportes\/ibrahimovic\" \/>\n<meta property=\"og:site_name\" content=\"Guatevision\" \/>\n<meta property=\"article:modified_time\" content=\"2018-03-22T20:50:57+00:00\" \/>\n<meta property=\"og:image\" content=\"https:\/\/prensalibre-com-develop.go-vip.co\/guatevision\/wp-content\/uploads\/sites\/2\/2017\/04\/Manchester-United-Zlatan-Ibrahimovic-2017.png?quality=82\" \/>\n\t<meta property=\"og:image:width\" content=\"660\" \/>\n\t<meta property=\"og:image:height\" content=\"371\" \/>\n\t<meta property=\"og:image:type\" content=\"image\/png\" \/>\n<meta name=\"twitter:card\" content=\"summary_large_image\" \/>\n<meta name=\"twitter:label1\" content=\"Est. reading time\" \/>\n\t<meta name=\"twitter:data1\" content=\"3 minutes\" \/>\n<script type=\"application\/ld+json\" class=\"yoast-schema-graph\">{\"@context\":\"https:\/\/schema.org\",\"@graph\":[{\"@type\":\"WebPage\",\"@id\":\"https:\/\/prensalibre-com-develop.go-vip.co\/guatevision\/noticias\/deportes\/ibrahimovic\",\"url\":\"https:\/\/prensalibre-com-develop.go-vip.co\/guatevision\/noticias\/deportes\/ibrahimovic\",\"name\":\"Ibrahimovic deja el Manchester United rumbo al LA Galaxy\",\"isPartOf\":{\"@id\":\"https:\/\/prensalibre-com-develop.go-vip.co\/guatevision\/#website\"},\"primaryImageOfPage\":{\"@id\":\"https:\/\/prensalibre-com-develop.go-vip.co\/guatevision\/noticias\/deportes\/ibrahimovic#primaryimage\"},\"image\":{\"@id\":\"https:\/\/prensalibre-com-develop.go-vip.co\/guatevision\/noticias\/deportes\/ibrahimovic#primaryimage\"},\"thumbnailUrl\":\"https:\/\/prensalibre-com-develop.go-vip.co\/guatevision\/wp-content\/uploads\/sites\/2\/2017\/04\/Manchester-United-Zlatan-Ibrahimovic-2017.png?quality=82\",\"datePublished\":\"2018-03-22T22:00:43+00:00\",\"dateModified\":\"2018-03-22T20:50:57+00:00\",\"description\":\"El Manchester United confirm\u00f3 este jueves la marcha del delantero sueco Zlatan Ibrahimovic, quien recalar\u00e1 en Los \u00c1ngeles Galaxy de la MLS seg\u00fan la prensa estadounidense.\",\"inLanguage\":\"es-GT\",\"potentialAction\":[{\"@type\":\"ReadAction\",\"target\":[\"https:\/\/prensalibre-com-develop.go-vip.co\/guatevision\/noticias\/deportes\/ibrahimovic\"]}]},{\"@type\":\"ImageObject\",\"inLanguage\":\"es-GT\",\"@id\":\"https:\/\/prensalibre-com-develop.go-vip.co\/guatevision\/noticias\/deportes\/ibrahimovic#primaryimage\",\"url\":\"https:\/\/prensalibre-com-develop.go-vip.co\/guatevision\/wp-content\/uploads\/sites\/2\/2017\/04\/Manchester-United-Zlatan-Ibrahimovic-2017.png?quality=82\",\"contentUrl\":\"https:\/\/prensalibre-com-develop.go-vip.co\/guatevision\/wp-content\/uploads\/sites\/2\/2017\/04\/Manchester-United-Zlatan-Ibrahimovic-2017.png?quality=82\",\"width\":660,\"height\":371,\"caption\":\"Foto: AFP\"},{\"@type\":\"WebSite\",\"@id\":\"https:\/\/prensalibre-com-develop.go-vip.co\/guatevision\/#website\",\"url\":\"https:\/\/prensalibre-com-develop.go-vip.co\/guatevision\/\",\"name\":\"Guatevision\",\"description\":\"\u00a1Enciende Lo Bueno!\",\"publisher\":{\"@id\":\"https:\/\/prensalibre-com-develop.go-vip.co\/guatevision\/#organization\"},\"potentialAction\":[{\"@type\":\"SearchAction\",\"target\":{\"@type\":\"EntryPoint\",\"urlTemplate\":\"https:\/\/prensalibre-com-develop.go-vip.co\/guatevision\/?s={search_term_string}\"},\"query-input\":{\"@type\":\"PropertyValueSpecification\",\"valueRequired\":true,\"valueName\":\"search_term_string\"}}],\"inLanguage\":\"es-GT\"},{\"@type\":\"Organization\",\"@id\":\"https:\/\/prensalibre-com-develop.go-vip.co\/guatevision\/#organization\",\"name\":\"Guatevision\",\"url\":\"https:\/\/prensalibre-com-develop.go-vip.co\/guatevision\/\",\"logo\":{\"@type\":\"ImageObject\",\"inLanguage\":\"es-GT\",\"@id\":\"https:\/\/prensalibre-com-develop.go-vip.co\/guatevision\/#\/schema\/logo\/image\/\",\"url\":\"https:\/\/prensalibre-com-develop.go-vip.co\/guatevision\/wp-content\/uploads\/sites\/2\/2026\/04\/Diseno-sin-titulo.png?quality=82\",\"contentUrl\":\"https:\/\/prensalibre-com-develop.go-vip.co\/guatevision\/wp-content\/uploads\/sites\/2\/2026\/04\/Diseno-sin-titulo.png?quality=82\",\"width\":1000,\"height\":600,\"caption\":\"Guatevision\"},\"image\":{\"@id\":\"https:\/\/prensalibre-com-develop.go-vip.co\/guatevision\/#\/schema\/logo\/image\/\"}}]}<\/script>\n<!-- \/ Yoast SEO plugin. -->","yoast_head_json":{"title":"Ibrahimovic deja el Manchester United rumbo al LA Galaxy","description":"El Manchester United confirm\u00f3 este jueves la marcha del delantero sueco Zlatan Ibrahimovic, quien recalar\u00e1 en Los \u00c1ngeles Galaxy de la MLS seg\u00fan la prensa estadounidense.","robots":{"index":"index","follow":"follow","max-snippet":"max-snippet:-1","max-image-preview":"max-image-preview:large","max-video-preview":"max-video-preview:-1"},"canonical":"https:\/\/prensalibre-com-develop.go-vip.co\/guatevision\/noticias\/deportes\/ibrahimovic","og_locale":"es_ES","og_type":"article","og_title":"Ibrahimovic deja el Manchester United rumbo al LA Galaxy","og_description":"El Manchester United confirm\u00f3 este jueves la marcha del delantero sueco Zlatan Ibrahimovic, quien recalar\u00e1 en Los \u00c1ngeles Galaxy de la MLS seg\u00fan la prensa estadounidense.","og_url":"https:\/\/prensalibre-com-develop.go-vip.co\/guatevision\/noticias\/deportes\/ibrahimovic","og_site_name":"Guatevision","article_modified_time":"2018-03-22T20:50:57+00:00","og_image":[{"width":660,"height":371,"url":"https:\/\/prensalibre-com-develop.go-vip.co\/guatevision\/wp-content\/uploads\/sites\/2\/2017\/04\/Manchester-United-Zlatan-Ibrahimovic-2017.png?quality=82","type":"image\/png"}],"twitter_card":"summary_large_image","twitter_misc":{"Est. reading time":"3 minutes"},"schema":{"@context":"https:\/\/schema.org","@graph":[{"@type":"WebPage","@id":"https:\/\/prensalibre-com-develop.go-vip.co\/guatevision\/noticias\/deportes\/ibrahimovic","url":"https:\/\/prensalibre-com-develop.go-vip.co\/guatevision\/noticias\/deportes\/ibrahimovic","name":"Ibrahimovic deja el Manchester United rumbo al LA Galaxy","isPartOf":{"@id":"https:\/\/prensalibre-com-develop.go-vip.co\/guatevision\/#website"},"primaryImageOfPage":{"@id":"https:\/\/prensalibre-com-develop.go-vip.co\/guatevision\/noticias\/deportes\/ibrahimovic#primaryimage"},"image":{"@id":"https:\/\/prensalibre-com-develop.go-vip.co\/guatevision\/noticias\/deportes\/ibrahimovic#primaryimage"},"thumbnailUrl":"https:\/\/prensalibre-com-develop.go-vip.co\/guatevision\/wp-content\/uploads\/sites\/2\/2017\/04\/Manchester-United-Zlatan-Ibrahimovic-2017.png?quality=82","datePublished":"2018-03-22T22:00:43+00:00","dateModified":"2018-03-22T20:50:57+00:00","description":"El Manchester United confirm\u00f3 este jueves la marcha del delantero sueco Zlatan Ibrahimovic, quien recalar\u00e1 en Los \u00c1ngeles Galaxy de la MLS seg\u00fan la prensa estadounidense.","inLanguage":"es-GT","potentialAction":[{"@type":"ReadAction","target":["https:\/\/prensalibre-com-develop.go-vip.co\/guatevision\/noticias\/deportes\/ibrahimovic"]}]},{"@type":"ImageObject","inLanguage":"es-GT","@id":"https:\/\/prensalibre-com-develop.go-vip.co\/guatevision\/noticias\/deportes\/ibrahimovic#primaryimage","url":"https:\/\/prensalibre-com-develop.go-vip.co\/guatevision\/wp-content\/uploads\/sites\/2\/2017\/04\/Manchester-United-Zlatan-Ibrahimovic-2017.png?quality=82","contentUrl":"https:\/\/prensalibre-com-develop.go-vip.co\/guatevision\/wp-content\/uploads\/sites\/2\/2017\/04\/Manchester-United-Zlatan-Ibrahimovic-2017.png?quality=82","width":660,"height":371,"caption":"Foto: AFP"},{"@type":"WebSite","@id":"https:\/\/prensalibre-com-develop.go-vip.co\/guatevision\/#website","url":"https:\/\/prensalibre-com-develop.go-vip.co\/guatevision\/","name":"Guatevision","description":"\u00a1Enciende Lo Bueno!","publisher":{"@id":"https:\/\/prensalibre-com-develop.go-vip.co\/guatevision\/#organization"},"potentialAction":[{"@type":"SearchAction","target":{"@type":"EntryPoint","urlTemplate":"https:\/\/prensalibre-com-develop.go-vip.co\/guatevision\/?s={search_term_string}"},"query-input":{"@type":"PropertyValueSpecification","valueRequired":true,"valueName":"search_term_string"}}],"inLanguage":"es-GT"},{"@type":"Organization","@id":"https:\/\/prensalibre-com-develop.go-vip.co\/guatevision\/#organization","name":"Guatevision","url":"https:\/\/prensalibre-com-develop.go-vip.co\/guatevision\/","logo":{"@type":"ImageObject","inLanguage":"es-GT","@id":"https:\/\/prensalibre-com-develop.go-vip.co\/guatevision\/#\/schema\/logo\/image\/","url":"https:\/\/prensalibre-com-develop.go-vip.co\/guatevision\/wp-content\/uploads\/sites\/2\/2026\/04\/Diseno-sin-titulo.png?quality=82","contentUrl":"https:\/\/prensalibre-com-develop.go-vip.co\/guatevision\/wp-content\/uploads\/sites\/2\/2026\/04\/Diseno-sin-titulo.png?quality=82","width":1000,"height":600,"caption":"Guatevision"},"image":{"@id":"https:\/\/prensalibre-com-develop.go-vip.co\/guatevision\/#\/schema\/logo\/image\/"}}]}},"jetpack_sharing_enabled":true,"_links":{"self":[{"href":"https:\/\/prensalibre-com-develop.go-vip.co\/guatevision\/wp-json\/wp\/v2\/post-noticias\/166474","targetHints":{"allow":["GET"]}}],"collection":[{"href":"https:\/\/prensalibre-com-develop.go-vip.co\/guatevision\/wp-json\/wp\/v2\/post-noticias"}],"about":[{"href":"https:\/\/prensalibre-com-develop.go-vip.co\/guatevision\/wp-json\/wp\/v2\/types\/post-noticias"}],"author":[{"embeddable":true,"href":"https:\/\/prensalibre-com-develop.go-vip.co\/guatevision\/wp-json\/wp\/v2\/users\/71"}],"version-history":[{"count":0,"href":"https:\/\/prensalibre-com-develop.go-vip.co\/guatevision\/wp-json\/wp\/v2\/post-noticias\/166474\/revisions"}],"wp:featuredmedia":[{"embeddable":true,"href":"https:\/\/prensalibre-com-develop.go-vip.co\/guatevision\/wp-json\/wp\/v2\/media\/57981"}],"wp:attachment":[{"href":"https:\/\/prensalibre-com-develop.go-vip.co\/guatevision\/wp-json\/wp\/v2\/media?parent=166474"}],"wp:term":[{"taxonomy":"etiqueta","embeddable":true,"href":"https:\/\/prensalibre-com-develop.go-vip.co\/guatevision\/wp-json\/wp\/v2\/etiqueta?post=166474"}],"curies":[{"name":"wp","href":"https:\/\/api.w.org\/{rel}","templated":true}]}}