{"id":167259,"date":"2018-03-27T14:04:26","date_gmt":"2018-03-27T20:04:26","guid":{"rendered":"https:\/\/prensalibre-com-develop.go-vip.co\/guatevision\/?post_type=post-noticias&#038;p=167259"},"modified":"2018-03-27T14:08:25","modified_gmt":"2018-03-27T20:08:25","slug":"parque","status":"publish","type":"post-noticias","link":"https:\/\/prensalibre-com-develop.go-vip.co\/guatevision\/noticias\/nacional\/parque","title":{"rendered":"Parque ecol\u00f3gico Ciudad Nueva, es una escuela de educaci\u00f3n ambiental"},"content":{"rendered":"<p>Visitamos el <em><strong>Parque Ecol\u00f3gico Ciudad Nueva<\/strong><\/em>, lugar que brinda tranquilidad, aire puro y espacio para la libre recreaci\u00f3n, ubicado a pocas cuadras de la calle mart\u00ed en la zona 2 de la ciudad capital, antes este lugar estaba abandonado incluso, se hab\u00eda convertido en un vertedero de basura.<\/p>\n<h2>\u00a0Escuela de educaci\u00f3n ambiental<\/h2>\n<p>Este parque se logro rescatar con en apoyo Fundaci\u00f3n Calmecac y el Conap,\u00a0 a parte de ser todo un paisaje, es un ejemplo de constancia, dedicaci\u00f3n y labor educativa, que refuerza el tema de la naturaleza.<\/p>\n\n<p><img loading=\"lazy\" decoding=\"async\" class=\"wp-image-167656 aligncenter\" src=\"https:\/\/prensalibre-com-develop.go-vip.co\/guatevision\/wp-content\/uploads\/2018\/03\/Captura-de-pantalla-2018-03-27-a-las-13.10.49.png\" alt=\"\" width=\"478\" height=\"268\" srcset=\"https:\/\/prensalibre-com-develop.go-vip.co\/guatevision\/wp-content\/uploads\/sites\/2\/2018\/03\/Captura-de-pantalla-2018-03-27-a-las-13.10.49.png 807w, https:\/\/prensalibre-com-develop.go-vip.co\/guatevision\/wp-content\/uploads\/sites\/2\/2018\/03\/Captura-de-pantalla-2018-03-27-a-las-13.10.49.png?resize=300,168 300w, https:\/\/prensalibre-com-develop.go-vip.co\/guatevision\/wp-content\/uploads\/sites\/2\/2018\/03\/Captura-de-pantalla-2018-03-27-a-las-13.10.49.png?resize=768,430 768w, https:\/\/prensalibre-com-develop.go-vip.co\/guatevision\/wp-content\/uploads\/sites\/2\/2018\/03\/Captura-de-pantalla-2018-03-27-a-las-13.10.49.png?resize=276,154 276w, https:\/\/prensalibre-com-develop.go-vip.co\/guatevision\/wp-content\/uploads\/sites\/2\/2018\/03\/Captura-de-pantalla-2018-03-27-a-las-13.10.49.png?resize=260,146 260w, https:\/\/prensalibre-com-develop.go-vip.co\/guatevision\/wp-content\/uploads\/sites\/2\/2018\/03\/Captura-de-pantalla-2018-03-27-a-las-13.10.49.png?resize=150,84 150w\" sizes=\"auto, (max-width: 478px) 100vw, 478px\" \/><\/p>\n<p>Este parque desea que ni\u00f1os, j\u00f3venes y adultos \u00a0regulares o con capacidades diferentes \u00a0se incluyan en la naturaleza para que puedan \u00a0vivir nuevas sensaciones, sentir texturas que a la vez puedan imaginar a trav\u00e9s de los sonidos y los olores, esto les permitir\u00e1 que cada quien experimente la naturaleza a su modo.<\/p>\n<p><img loading=\"lazy\" decoding=\"async\" class=\"wp-image-167680 aligncenter\" src=\"https:\/\/prensalibre-com-develop.go-vip.co\/guatevision\/wp-content\/uploads\/2018\/03\/Captura-de-pantalla-2018-03-27-a-las-13.52.02.png\" alt=\"\" width=\"441\" height=\"248\" srcset=\"https:\/\/prensalibre-com-develop.go-vip.co\/guatevision\/wp-content\/uploads\/sites\/2\/2018\/03\/Captura-de-pantalla-2018-03-27-a-las-13.52.02.png 806w, https:\/\/prensalibre-com-develop.go-vip.co\/guatevision\/wp-content\/uploads\/sites\/2\/2018\/03\/Captura-de-pantalla-2018-03-27-a-las-13.52.02.png?resize=300,169 300w, https:\/\/prensalibre-com-develop.go-vip.co\/guatevision\/wp-content\/uploads\/sites\/2\/2018\/03\/Captura-de-pantalla-2018-03-27-a-las-13.52.02.png?resize=768,432 768w, https:\/\/prensalibre-com-develop.go-vip.co\/guatevision\/wp-content\/uploads\/sites\/2\/2018\/03\/Captura-de-pantalla-2018-03-27-a-las-13.52.02.png?resize=276,154 276w, https:\/\/prensalibre-com-develop.go-vip.co\/guatevision\/wp-content\/uploads\/sites\/2\/2018\/03\/Captura-de-pantalla-2018-03-27-a-las-13.52.02.png?resize=260,146 260w, https:\/\/prensalibre-com-develop.go-vip.co\/guatevision\/wp-content\/uploads\/sites\/2\/2018\/03\/Captura-de-pantalla-2018-03-27-a-las-13.52.02.png?resize=150,84 150w\" sizes=\"auto, (max-width: 441px) 100vw, 441px\" \/><\/p>\n<p>Tambi\u00e9n tuvimos la oportunidad de hacer un recorrido por el sendero interpretativo de mil 800 metros, mismo que llev\u00f3 al menos mas de cinco a\u00f1os para su construcci\u00f3n, por lo que Ricardo Molina resalt\u00f3 que cada a\u00f1o es necesario repararlo pues por el tipo de suelo se es susceptible a deslizamientos de tierra.<\/p>\n<p>Adem\u00e1s cuentan con un vivero en donde tienen un aproximado de 30 especies diferentes de semillas que han recogido en los mercados y tambi\u00e9n de la germinaci\u00f3n natural del bosque.<\/p>\n<p><img loading=\"lazy\" decoding=\"async\" class=\"wp-image-167684 aligncenter\" src=\"https:\/\/prensalibre-com-develop.go-vip.co\/guatevision\/wp-content\/uploads\/2018\/03\/Captura-de-pantalla-2018-03-27-a-las-13.59.23.png\" alt=\"\" width=\"456\" height=\"255\" srcset=\"https:\/\/prensalibre-com-develop.go-vip.co\/guatevision\/wp-content\/uploads\/sites\/2\/2018\/03\/Captura-de-pantalla-2018-03-27-a-las-13.59.23.png 807w, https:\/\/prensalibre-com-develop.go-vip.co\/guatevision\/wp-content\/uploads\/sites\/2\/2018\/03\/Captura-de-pantalla-2018-03-27-a-las-13.59.23.png?resize=300,168 300w, https:\/\/prensalibre-com-develop.go-vip.co\/guatevision\/wp-content\/uploads\/sites\/2\/2018\/03\/Captura-de-pantalla-2018-03-27-a-las-13.59.23.png?resize=768,429 768w, https:\/\/prensalibre-com-develop.go-vip.co\/guatevision\/wp-content\/uploads\/sites\/2\/2018\/03\/Captura-de-pantalla-2018-03-27-a-las-13.59.23.png?resize=276,154 276w, https:\/\/prensalibre-com-develop.go-vip.co\/guatevision\/wp-content\/uploads\/sites\/2\/2018\/03\/Captura-de-pantalla-2018-03-27-a-las-13.59.23.png?resize=260,146 260w, https:\/\/prensalibre-com-develop.go-vip.co\/guatevision\/wp-content\/uploads\/sites\/2\/2018\/03\/Captura-de-pantalla-2018-03-27-a-las-13.59.23.png?resize=150,84 150w\" sizes=\"auto, (max-width: 456px) 100vw, 456px\" \/><\/p>\n<p>En este lugar se conservan arboles j\u00f3venes como antiguos que los van regenerando de acuerdo a la edad que van teniendo, por lo que este conacaste \u00a0que tiene \u00a060 a\u00f1os.<\/p>\n<p><img loading=\"lazy\" decoding=\"async\" class=\"wp-image-167653 aligncenter\" src=\"https:\/\/prensalibre-com-develop.go-vip.co\/guatevision\/wp-content\/uploads\/2018\/03\/Captura-de-pantalla-2018-03-27-a-las-12.59.55.png\" alt=\"\" width=\"464\" height=\"260\" srcset=\"https:\/\/prensalibre-com-develop.go-vip.co\/guatevision\/wp-content\/uploads\/sites\/2\/2018\/03\/Captura-de-pantalla-2018-03-27-a-las-12.59.55.png 806w, https:\/\/prensalibre-com-develop.go-vip.co\/guatevision\/wp-content\/uploads\/sites\/2\/2018\/03\/Captura-de-pantalla-2018-03-27-a-las-12.59.55.png?resize=300,168 300w, https:\/\/prensalibre-com-develop.go-vip.co\/guatevision\/wp-content\/uploads\/sites\/2\/2018\/03\/Captura-de-pantalla-2018-03-27-a-las-12.59.55.png?resize=768,431 768w, https:\/\/prensalibre-com-develop.go-vip.co\/guatevision\/wp-content\/uploads\/sites\/2\/2018\/03\/Captura-de-pantalla-2018-03-27-a-las-12.59.55.png?resize=276,154 276w, https:\/\/prensalibre-com-develop.go-vip.co\/guatevision\/wp-content\/uploads\/sites\/2\/2018\/03\/Captura-de-pantalla-2018-03-27-a-las-12.59.55.png?resize=260,146 260w, https:\/\/prensalibre-com-develop.go-vip.co\/guatevision\/wp-content\/uploads\/sites\/2\/2018\/03\/Captura-de-pantalla-2018-03-27-a-las-12.59.55.png?resize=150,84 150w\" sizes=\"auto, (max-width: 464px) 100vw, 464px\" \/><\/p>\n<p>Para hacerle un llamado a la poblaci\u00f3n a cuidar el agua\u00a0\u00a0<strong>Naciones Unidas<\/strong> conmemoro \u00a0el <strong>22<\/strong> de marzo el <strong><em>D\u00eda Mundial del Agua<\/em><\/strong>, ya que \u00faltimamente se ha escaseado por el crecimiento de poblaci\u00f3n y la tala de arboles.<\/p>\n<p><img loading=\"lazy\" decoding=\"async\" class=\"wp-image-167655 aligncenter\" src=\"https:\/\/prensalibre-com-develop.go-vip.co\/guatevision\/wp-content\/uploads\/2018\/03\/Captura-de-pantalla-2018-03-27-a-las-13.10.33.png\" alt=\"\" width=\"445\" height=\"249\" srcset=\"https:\/\/prensalibre-com-develop.go-vip.co\/guatevision\/wp-content\/uploads\/sites\/2\/2018\/03\/Captura-de-pantalla-2018-03-27-a-las-13.10.33.png 808w, https:\/\/prensalibre-com-develop.go-vip.co\/guatevision\/wp-content\/uploads\/sites\/2\/2018\/03\/Captura-de-pantalla-2018-03-27-a-las-13.10.33.png?resize=300,168 300w, https:\/\/prensalibre-com-develop.go-vip.co\/guatevision\/wp-content\/uploads\/sites\/2\/2018\/03\/Captura-de-pantalla-2018-03-27-a-las-13.10.33.png?resize=768,430 768w, https:\/\/prensalibre-com-develop.go-vip.co\/guatevision\/wp-content\/uploads\/sites\/2\/2018\/03\/Captura-de-pantalla-2018-03-27-a-las-13.10.33.png?resize=276,154 276w, https:\/\/prensalibre-com-develop.go-vip.co\/guatevision\/wp-content\/uploads\/sites\/2\/2018\/03\/Captura-de-pantalla-2018-03-27-a-las-13.10.33.png?resize=260,146 260w, https:\/\/prensalibre-com-develop.go-vip.co\/guatevision\/wp-content\/uploads\/sites\/2\/2018\/03\/Captura-de-pantalla-2018-03-27-a-las-13.10.33.png?resize=150,84 150w\" sizes=\"auto, (max-width: 445px) 100vw, 445px\" \/><\/p>\n<p>&nbsp;<\/p>\n<p>&nbsp;<\/p>\n<p>Otra informaci\u00f3n :<a href=\"https:\/\/prensalibre-com-develop.go-vip.co\/guatevision\/2017\/12\/26\/las-fotografias-de-la-naturaleza-mas-divertidas-del-2017\/\">Las fotograf\u00edas de la naturaleza m\u00e1s divertidas del 2017<\/a><\/p>\n","protected":false},"excerpt":{"rendered":"<p>Es considerado uno de los pulmones de Guatemala porque provee ox\u00edgeno puro y agua a la ciudad, se trata del Parque Ecol\u00f3gico Ciudad Nueva. <\/p>\n","protected":false},"author":218,"featured_media":167653,"template":"","etiqueta":[20978,122,20977],"class_list":["post-167259","post-noticias","type-post-noticias","status-publish","has-post-thumbnail","hentry","categoria-post-noticias-nacional","etiqueta-ciudad-nueva","etiqueta-naturaleza","etiqueta-parque-ecologico"],"yoast_head":"<!-- This site is optimized with the Yoast SEO plugin v23.9 - https:\/\/yoast.com\/wordpress\/plugins\/seo\/ -->\n<title>Parque ecol\u00f3gico Ciudad Nueva, es una escuela de educaci\u00f3n ambiental<\/title>\n<meta name=\"description\" content=\"Es considerado uno de los pulmones de Guatemala porque provee ox\u00edgeno puro y agua a la ciudad, se trata del Parque Ecol\u00f3gico Ciudad Nueva.\" \/>\n<meta name=\"robots\" content=\"index, follow, max-snippet:-1, max-image-preview:large, max-video-preview:-1\" \/>\n<link rel=\"canonical\" href=\"https:\/\/prensalibre-com-develop.go-vip.co\/guatevision\/noticias\/nacional\/parque\" \/>\n<meta property=\"og:locale\" content=\"es_ES\" \/>\n<meta property=\"og:type\" content=\"article\" \/>\n<meta property=\"og:title\" content=\"Parque ecol\u00f3gico Ciudad Nueva, es una escuela de educaci\u00f3n ambiental\" \/>\n<meta property=\"og:description\" content=\"Es considerado uno de los pulmones de Guatemala porque provee ox\u00edgeno puro y agua a la ciudad, se trata del Parque Ecol\u00f3gico Ciudad Nueva.\" \/>\n<meta property=\"og:url\" content=\"https:\/\/prensalibre-com-develop.go-vip.co\/guatevision\/noticias\/nacional\/parque\" \/>\n<meta property=\"og:site_name\" content=\"Guatevision\" \/>\n<meta property=\"article:modified_time\" content=\"2018-03-27T20:08:25+00:00\" \/>\n<meta property=\"og:image\" content=\"https:\/\/prensalibre-com-develop.go-vip.co\/guatevision\/wp-content\/uploads\/sites\/2\/2018\/03\/Captura-de-pantalla-2018-03-27-a-las-12.59.55.png?quality=82\" \/>\n\t<meta property=\"og:image:width\" content=\"806\" \/>\n\t<meta property=\"og:image:height\" content=\"452\" \/>\n\t<meta property=\"og:image:type\" content=\"image\/png\" \/>\n<meta name=\"twitter:card\" content=\"summary_large_image\" \/>\n<meta name=\"twitter:label1\" content=\"Est. reading time\" \/>\n\t<meta name=\"twitter:data1\" content=\"2 minutes\" \/>\n<script type=\"application\/ld+json\" class=\"yoast-schema-graph\">{\"@context\":\"https:\/\/schema.org\",\"@graph\":[{\"@type\":\"WebPage\",\"@id\":\"https:\/\/prensalibre-com-develop.go-vip.co\/guatevision\/noticias\/nacional\/parque\",\"url\":\"https:\/\/prensalibre-com-develop.go-vip.co\/guatevision\/noticias\/nacional\/parque\",\"name\":\"Parque ecol\u00f3gico Ciudad Nueva, es una escuela de educaci\u00f3n ambiental\",\"isPartOf\":{\"@id\":\"https:\/\/prensalibre-com-develop.go-vip.co\/guatevision\/#website\"},\"primaryImageOfPage\":{\"@id\":\"https:\/\/prensalibre-com-develop.go-vip.co\/guatevision\/noticias\/nacional\/parque#primaryimage\"},\"image\":{\"@id\":\"https:\/\/prensalibre-com-develop.go-vip.co\/guatevision\/noticias\/nacional\/parque#primaryimage\"},\"thumbnailUrl\":\"https:\/\/prensalibre-com-develop.go-vip.co\/guatevision\/wp-content\/uploads\/sites\/2\/2018\/03\/Captura-de-pantalla-2018-03-27-a-las-12.59.55.png?quality=82\",\"datePublished\":\"2018-03-27T20:04:26+00:00\",\"dateModified\":\"2018-03-27T20:08:25+00:00\",\"description\":\"Es considerado uno de los pulmones de Guatemala porque provee ox\u00edgeno puro y agua a la ciudad, se trata del Parque Ecol\u00f3gico Ciudad Nueva.\",\"inLanguage\":\"es-GT\",\"potentialAction\":[{\"@type\":\"ReadAction\",\"target\":[\"https:\/\/prensalibre-com-develop.go-vip.co\/guatevision\/noticias\/nacional\/parque\"]}]},{\"@type\":\"ImageObject\",\"inLanguage\":\"es-GT\",\"@id\":\"https:\/\/prensalibre-com-develop.go-vip.co\/guatevision\/noticias\/nacional\/parque#primaryimage\",\"url\":\"https:\/\/prensalibre-com-develop.go-vip.co\/guatevision\/wp-content\/uploads\/sites\/2\/2018\/03\/Captura-de-pantalla-2018-03-27-a-las-12.59.55.png?quality=82\",\"contentUrl\":\"https:\/\/prensalibre-com-develop.go-vip.co\/guatevision\/wp-content\/uploads\/sites\/2\/2018\/03\/Captura-de-pantalla-2018-03-27-a-las-12.59.55.png?quality=82\",\"width\":806,\"height\":452},{\"@type\":\"WebSite\",\"@id\":\"https:\/\/prensalibre-com-develop.go-vip.co\/guatevision\/#website\",\"url\":\"https:\/\/prensalibre-com-develop.go-vip.co\/guatevision\/\",\"name\":\"Guatevision\",\"description\":\"\u00a1Enciende Lo Bueno!\",\"publisher\":{\"@id\":\"https:\/\/prensalibre-com-develop.go-vip.co\/guatevision\/#organization\"},\"potentialAction\":[{\"@type\":\"SearchAction\",\"target\":{\"@type\":\"EntryPoint\",\"urlTemplate\":\"https:\/\/prensalibre-com-develop.go-vip.co\/guatevision\/?s={search_term_string}\"},\"query-input\":{\"@type\":\"PropertyValueSpecification\",\"valueRequired\":true,\"valueName\":\"search_term_string\"}}],\"inLanguage\":\"es-GT\"},{\"@type\":\"Organization\",\"@id\":\"https:\/\/prensalibre-com-develop.go-vip.co\/guatevision\/#organization\",\"name\":\"Guatevision\",\"url\":\"https:\/\/prensalibre-com-develop.go-vip.co\/guatevision\/\",\"logo\":{\"@type\":\"ImageObject\",\"inLanguage\":\"es-GT\",\"@id\":\"https:\/\/prensalibre-com-develop.go-vip.co\/guatevision\/#\/schema\/logo\/image\/\",\"url\":\"https:\/\/prensalibre-com-develop.go-vip.co\/guatevision\/wp-content\/uploads\/sites\/2\/2026\/04\/Diseno-sin-titulo.png?quality=82\",\"contentUrl\":\"https:\/\/prensalibre-com-develop.go-vip.co\/guatevision\/wp-content\/uploads\/sites\/2\/2026\/04\/Diseno-sin-titulo.png?quality=82\",\"width\":1000,\"height\":600,\"caption\":\"Guatevision\"},\"image\":{\"@id\":\"https:\/\/prensalibre-com-develop.go-vip.co\/guatevision\/#\/schema\/logo\/image\/\"}}]}<\/script>\n<!-- \/ Yoast SEO plugin. -->","yoast_head_json":{"title":"Parque ecol\u00f3gico Ciudad Nueva, es una escuela de educaci\u00f3n ambiental","description":"Es considerado uno de los pulmones de Guatemala porque provee ox\u00edgeno puro y agua a la ciudad, se trata del Parque Ecol\u00f3gico Ciudad Nueva.","robots":{"index":"index","follow":"follow","max-snippet":"max-snippet:-1","max-image-preview":"max-image-preview:large","max-video-preview":"max-video-preview:-1"},"canonical":"https:\/\/prensalibre-com-develop.go-vip.co\/guatevision\/noticias\/nacional\/parque","og_locale":"es_ES","og_type":"article","og_title":"Parque ecol\u00f3gico Ciudad Nueva, es una escuela de educaci\u00f3n ambiental","og_description":"Es considerado uno de los pulmones de Guatemala porque provee ox\u00edgeno puro y agua a la ciudad, se trata del Parque Ecol\u00f3gico Ciudad Nueva.","og_url":"https:\/\/prensalibre-com-develop.go-vip.co\/guatevision\/noticias\/nacional\/parque","og_site_name":"Guatevision","article_modified_time":"2018-03-27T20:08:25+00:00","og_image":[{"width":806,"height":452,"url":"https:\/\/prensalibre-com-develop.go-vip.co\/guatevision\/wp-content\/uploads\/sites\/2\/2018\/03\/Captura-de-pantalla-2018-03-27-a-las-12.59.55.png?quality=82","type":"image\/png"}],"twitter_card":"summary_large_image","twitter_misc":{"Est. reading time":"2 minutes"},"schema":{"@context":"https:\/\/schema.org","@graph":[{"@type":"WebPage","@id":"https:\/\/prensalibre-com-develop.go-vip.co\/guatevision\/noticias\/nacional\/parque","url":"https:\/\/prensalibre-com-develop.go-vip.co\/guatevision\/noticias\/nacional\/parque","name":"Parque ecol\u00f3gico Ciudad Nueva, es una escuela de educaci\u00f3n ambiental","isPartOf":{"@id":"https:\/\/prensalibre-com-develop.go-vip.co\/guatevision\/#website"},"primaryImageOfPage":{"@id":"https:\/\/prensalibre-com-develop.go-vip.co\/guatevision\/noticias\/nacional\/parque#primaryimage"},"image":{"@id":"https:\/\/prensalibre-com-develop.go-vip.co\/guatevision\/noticias\/nacional\/parque#primaryimage"},"thumbnailUrl":"https:\/\/prensalibre-com-develop.go-vip.co\/guatevision\/wp-content\/uploads\/sites\/2\/2018\/03\/Captura-de-pantalla-2018-03-27-a-las-12.59.55.png?quality=82","datePublished":"2018-03-27T20:04:26+00:00","dateModified":"2018-03-27T20:08:25+00:00","description":"Es considerado uno de los pulmones de Guatemala porque provee ox\u00edgeno puro y agua a la ciudad, se trata del Parque Ecol\u00f3gico Ciudad Nueva.","inLanguage":"es-GT","potentialAction":[{"@type":"ReadAction","target":["https:\/\/prensalibre-com-develop.go-vip.co\/guatevision\/noticias\/nacional\/parque"]}]},{"@type":"ImageObject","inLanguage":"es-GT","@id":"https:\/\/prensalibre-com-develop.go-vip.co\/guatevision\/noticias\/nacional\/parque#primaryimage","url":"https:\/\/prensalibre-com-develop.go-vip.co\/guatevision\/wp-content\/uploads\/sites\/2\/2018\/03\/Captura-de-pantalla-2018-03-27-a-las-12.59.55.png?quality=82","contentUrl":"https:\/\/prensalibre-com-develop.go-vip.co\/guatevision\/wp-content\/uploads\/sites\/2\/2018\/03\/Captura-de-pantalla-2018-03-27-a-las-12.59.55.png?quality=82","width":806,"height":452},{"@type":"WebSite","@id":"https:\/\/prensalibre-com-develop.go-vip.co\/guatevision\/#website","url":"https:\/\/prensalibre-com-develop.go-vip.co\/guatevision\/","name":"Guatevision","description":"\u00a1Enciende Lo Bueno!","publisher":{"@id":"https:\/\/prensalibre-com-develop.go-vip.co\/guatevision\/#organization"},"potentialAction":[{"@type":"SearchAction","target":{"@type":"EntryPoint","urlTemplate":"https:\/\/prensalibre-com-develop.go-vip.co\/guatevision\/?s={search_term_string}"},"query-input":{"@type":"PropertyValueSpecification","valueRequired":true,"valueName":"search_term_string"}}],"inLanguage":"es-GT"},{"@type":"Organization","@id":"https:\/\/prensalibre-com-develop.go-vip.co\/guatevision\/#organization","name":"Guatevision","url":"https:\/\/prensalibre-com-develop.go-vip.co\/guatevision\/","logo":{"@type":"ImageObject","inLanguage":"es-GT","@id":"https:\/\/prensalibre-com-develop.go-vip.co\/guatevision\/#\/schema\/logo\/image\/","url":"https:\/\/prensalibre-com-develop.go-vip.co\/guatevision\/wp-content\/uploads\/sites\/2\/2026\/04\/Diseno-sin-titulo.png?quality=82","contentUrl":"https:\/\/prensalibre-com-develop.go-vip.co\/guatevision\/wp-content\/uploads\/sites\/2\/2026\/04\/Diseno-sin-titulo.png?quality=82","width":1000,"height":600,"caption":"Guatevision"},"image":{"@id":"https:\/\/prensalibre-com-develop.go-vip.co\/guatevision\/#\/schema\/logo\/image\/"}}]}},"jetpack_sharing_enabled":true,"_links":{"self":[{"href":"https:\/\/prensalibre-com-develop.go-vip.co\/guatevision\/wp-json\/wp\/v2\/post-noticias\/167259","targetHints":{"allow":["GET"]}}],"collection":[{"href":"https:\/\/prensalibre-com-develop.go-vip.co\/guatevision\/wp-json\/wp\/v2\/post-noticias"}],"about":[{"href":"https:\/\/prensalibre-com-develop.go-vip.co\/guatevision\/wp-json\/wp\/v2\/types\/post-noticias"}],"author":[{"embeddable":true,"href":"https:\/\/prensalibre-com-develop.go-vip.co\/guatevision\/wp-json\/wp\/v2\/users\/218"}],"version-history":[{"count":0,"href":"https:\/\/prensalibre-com-develop.go-vip.co\/guatevision\/wp-json\/wp\/v2\/post-noticias\/167259\/revisions"}],"wp:featuredmedia":[{"embeddable":true,"href":"https:\/\/prensalibre-com-develop.go-vip.co\/guatevision\/wp-json\/wp\/v2\/media\/167653"}],"wp:attachment":[{"href":"https:\/\/prensalibre-com-develop.go-vip.co\/guatevision\/wp-json\/wp\/v2\/media?parent=167259"}],"wp:term":[{"taxonomy":"etiqueta","embeddable":true,"href":"https:\/\/prensalibre-com-develop.go-vip.co\/guatevision\/wp-json\/wp\/v2\/etiqueta?post=167259"}],"curies":[{"name":"wp","href":"https:\/\/api.w.org\/{rel}","templated":true}]}}