{"id":167289,"date":"2018-03-26T16:50:16","date_gmt":"2018-03-26T22:50:16","guid":{"rendered":"https:\/\/prensalibre-com-develop.go-vip.co\/guatevision\/?post_type=post-noticias&#038;p=167289"},"modified":"2018-03-26T16:43:47","modified_gmt":"2018-03-26T22:43:47","slug":"cambios-facebook","status":"publish","type":"post-noticias","link":"https:\/\/prensalibre-com-develop.go-vip.co\/guatevision\/noticias\/internacional\/cambios-facebook","title":{"rendered":"Nuevos cambios en Facebook tras esc\u00e1ndalo de mal uso de datos de usuarios"},"content":{"rendered":"<p>Facebook anunci\u00f3 hoy nuevos cambios en su secci\u00f3n de noticias. Al principio los cambios estaban vigentes para Estados Unidos pero la actualizaci\u00f3n se expandir\u00e1 a todos los pa\u00edses que usen este servicio y en todos sus idiomas.<\/p>\n<blockquote><p>&#8220;Las noticias locales ayuda a las personas a conectarse con sus comunidades sobre situaciones m\u00e1s cercanos. A principio del a\u00f1o, anunciamos los cambios en Estados Unidos para priorizar las noticias locales, as\u00ed la gente puede ver los temas que tienen un impacto directo en su comunidad y saber qu\u00e9 est\u00e1 pasando en su \u00e1rea local.<\/p>\n\n<p>Hoy, vamos a expander esa actualizaci\u00f3n en todos los pa\u00edses, en todos los lenguales. Ahora, las personas de todo el mundo ver\u00e1n m\u00e1s noticias en Facebook de fuentes locales que cubren su ciudad actual y otras ciudades que les pueden importar.&#8221;, escribi\u00f3 en su cuenta, <a href=\"https:\/\/www.facebook.com\/alexandra.hardiman\" target=\"_blank\" rel=\"noopener\">Alex Hardiman, jefa de nuevos productos de Facebook.<\/a><\/p><\/blockquote>\n<h3>\u00bfA qu\u00e9 se refiere Facebook con publicaciones locales?<\/h3>\n<p>Con esta actualizaci\u00f3n, Facebook asegura que ayudar\u00e1 a negocios locales que cubren m\u00faltiples y ciudades cercanas para llegar a sus audiencias en esas ciudades.<\/p>\n<p>&nbsp;<\/p>\n<blockquote><p>Continuaremos nuestro trabajo priorizando noticias de calidad en nuestro &#8220;News Feed&#8221;, incluyendo algunas fuentes que son ampliamente confiables, informativos, relevantes a las comunidades locales. Esperamos mejorar y expandir estos esfuerzos este a\u00f1o, a\u00f1adi\u00f3 Hardiman.<\/p><\/blockquote>\n<h5 style=\"padding-left: 30px;\">Vea tambi\u00e9n:<\/h5>\n<h5 style=\"padding-left: 30px;\"><a href=\"https:\/\/prensalibre-com-develop.go-vip.co\/guatevision\/noticia\/facebook-sacudido-por-escandalo-de-violacion-de-datos-personales\/\" target=\"_blank\" rel=\"noopener\">Facebook sacudido por esc\u00e1ndalo de violaci\u00f3n de datos personales<\/a><\/h5>\n<h5 style=\"padding-left: 30px;\"><a href=\"https:\/\/prensalibre-com-develop.go-vip.co\/guatevision\/noticia\/escandalo-cambridge-analytica-facebook\/\" target=\"_blank\" rel=\"noopener\">Esc\u00e1ndalo Cambridge Analytica: c\u00f3mo puedes controlar la informaci\u00f3n que cedes a las apps de Facebook y c\u00f3mo borrar tu cuenta y tus datos<\/a><\/h5>\n<p>Facebook experiment\u00f3 con 6 pa\u00edses, incluida Guatemala un doble muro en el cu\u00e1l separ\u00f3 las noticias de p\u00e1ginas con los amigos que un usuario ten\u00eda en su muro. El experimento fracas\u00f3 y Facebook termin\u00f3 con \u00e9l, meses despu\u00e9s. El objetivo de estos cambios, explica la red social m\u00e1s grande y popular del mundo, es combatir las llamadas Fake News y mejorar la credibilidad de la compa\u00f1\u00eda que est\u00e1 en uno de sus peores momentos luego de que un esc\u00e1ndalo la vincula al uso indebido de datos privados de Cambridge Analytica que provoc\u00f3 incluso el movimiento, #DeleteFacebook en las redes sociales.<\/p>\n","protected":false},"excerpt":{"rendered":"<p>Facebook hizo un nuevo anuncio sobre cambios en su secci\u00f3n de noticias, en medio de uno de los peores esc\u00e1ndalos de seguridad que ha enfrentado la red social al grado de que sus usuarios consideren dejar de usarla. <\/p>\n","protected":false},"author":218,"featured_media":128520,"template":"","etiqueta":[20879,53,20876,20880,547,20877,20878,186],"class_list":["post-167289","post-noticias","type-post-noticias","status-publish","has-post-thumbnail","hentry","categoria-post-noticias-internacional","etiqueta-datos-seguros","etiqueta-facebook","etiqueta-facebook-seguridad","etiqueta-privacidad-en-redes-sociales","etiqueta-redes-sociales","etiqueta-seguridad-en-facebook","etiqueta-seguridad-informatica","etiqueta-tecnologia"],"yoast_head":"<!-- This site is optimized with the Yoast SEO plugin v23.9 - https:\/\/yoast.com\/wordpress\/plugins\/seo\/ -->\n<title>Nuevos cambios en Facebook tras esc\u00e1ndalo de mal uso de datos de usuarios<\/title>\n<meta name=\"description\" content=\"Facebook hizo un nuevo anuncio sobre cambios en su secci\u00f3n de noticias, en medio de uno de los peores esc\u00e1ndalos de seguridad que ha enfrentado la red social al grado de que sus usuarios consideren dejar de usarla.\" \/>\n<meta name=\"robots\" content=\"index, follow, max-snippet:-1, max-image-preview:large, max-video-preview:-1\" \/>\n<link rel=\"canonical\" href=\"https:\/\/prensalibre-com-develop.go-vip.co\/guatevision\/noticias\/internacional\/cambios-facebook\" \/>\n<meta property=\"og:locale\" content=\"es_ES\" \/>\n<meta property=\"og:type\" content=\"article\" \/>\n<meta property=\"og:title\" content=\"Nuevos cambios en Facebook tras esc\u00e1ndalo de mal uso de datos de usuarios\" \/>\n<meta property=\"og:description\" content=\"Facebook hizo un nuevo anuncio sobre cambios en su secci\u00f3n de noticias, en medio de uno de los peores esc\u00e1ndalos de seguridad que ha enfrentado la red social al grado de que sus usuarios consideren dejar de usarla.\" \/>\n<meta property=\"og:url\" content=\"https:\/\/prensalibre-com-develop.go-vip.co\/guatevision\/noticias\/internacional\/cambios-facebook\" \/>\n<meta property=\"og:site_name\" content=\"Guatevision\" \/>\n<meta property=\"article:modified_time\" content=\"2018-03-26T22:43:47+00:00\" \/>\n<meta property=\"og:image\" content=\"https:\/\/prensalibre-com-develop.go-vip.co\/guatevision\/wp-content\/uploads\/sites\/2\/2017\/10\/4ff5302a47274b9bbc92d541dec877f069859ee4.jpg?quality=82\" \/>\n\t<meta property=\"og:image:width\" content=\"660\" \/>\n\t<meta property=\"og:image:height\" content=\"371\" \/>\n\t<meta property=\"og:image:type\" content=\"image\/jpeg\" \/>\n<meta name=\"twitter:card\" content=\"summary_large_image\" \/>\n<meta name=\"twitter:label1\" content=\"Est. reading time\" \/>\n\t<meta name=\"twitter:data1\" content=\"2 minutes\" \/>\n<script type=\"application\/ld+json\" class=\"yoast-schema-graph\">{\"@context\":\"https:\/\/schema.org\",\"@graph\":[{\"@type\":\"WebPage\",\"@id\":\"https:\/\/prensalibre-com-develop.go-vip.co\/guatevision\/noticias\/internacional\/cambios-facebook\",\"url\":\"https:\/\/prensalibre-com-develop.go-vip.co\/guatevision\/noticias\/internacional\/cambios-facebook\",\"name\":\"Nuevos cambios en Facebook tras esc\u00e1ndalo de mal uso de datos de usuarios\",\"isPartOf\":{\"@id\":\"https:\/\/prensalibre-com-develop.go-vip.co\/guatevision\/#website\"},\"primaryImageOfPage\":{\"@id\":\"https:\/\/prensalibre-com-develop.go-vip.co\/guatevision\/noticias\/internacional\/cambios-facebook#primaryimage\"},\"image\":{\"@id\":\"https:\/\/prensalibre-com-develop.go-vip.co\/guatevision\/noticias\/internacional\/cambios-facebook#primaryimage\"},\"thumbnailUrl\":\"https:\/\/prensalibre-com-develop.go-vip.co\/guatevision\/wp-content\/uploads\/sites\/2\/2017\/10\/4ff5302a47274b9bbc92d541dec877f069859ee4.jpg?quality=82\",\"datePublished\":\"2018-03-26T22:50:16+00:00\",\"dateModified\":\"2018-03-26T22:43:47+00:00\",\"description\":\"Facebook hizo un nuevo anuncio sobre cambios en su secci\u00f3n de noticias, en medio de uno de los peores esc\u00e1ndalos de seguridad que ha enfrentado la red social al grado de que sus usuarios consideren dejar de usarla.\",\"inLanguage\":\"es-GT\",\"potentialAction\":[{\"@type\":\"ReadAction\",\"target\":[\"https:\/\/prensalibre-com-develop.go-vip.co\/guatevision\/noticias\/internacional\/cambios-facebook\"]}]},{\"@type\":\"ImageObject\",\"inLanguage\":\"es-GT\",\"@id\":\"https:\/\/prensalibre-com-develop.go-vip.co\/guatevision\/noticias\/internacional\/cambios-facebook#primaryimage\",\"url\":\"https:\/\/prensalibre-com-develop.go-vip.co\/guatevision\/wp-content\/uploads\/sites\/2\/2017\/10\/4ff5302a47274b9bbc92d541dec877f069859ee4.jpg?quality=82\",\"contentUrl\":\"https:\/\/prensalibre-com-develop.go-vip.co\/guatevision\/wp-content\/uploads\/sites\/2\/2017\/10\/4ff5302a47274b9bbc92d541dec877f069859ee4.jpg?quality=82\",\"width\":660,\"height\":371,\"caption\":\"Facebook, Google y Twitter est\u00e1n en la mira del Congreso de EEUU, que investiga una posible injerencia rusa en la campa\u00f1a que llev\u00f3 al poder al presidente Trump y que considera que las redes sociales sirvieron de plataforma para propaganda rusa. AFP\/Archivos \/ Justin Tallis\"},{\"@type\":\"WebSite\",\"@id\":\"https:\/\/prensalibre-com-develop.go-vip.co\/guatevision\/#website\",\"url\":\"https:\/\/prensalibre-com-develop.go-vip.co\/guatevision\/\",\"name\":\"Guatevision\",\"description\":\"\u00a1Enciende Lo Bueno!\",\"publisher\":{\"@id\":\"https:\/\/prensalibre-com-develop.go-vip.co\/guatevision\/#organization\"},\"potentialAction\":[{\"@type\":\"SearchAction\",\"target\":{\"@type\":\"EntryPoint\",\"urlTemplate\":\"https:\/\/prensalibre-com-develop.go-vip.co\/guatevision\/?s={search_term_string}\"},\"query-input\":{\"@type\":\"PropertyValueSpecification\",\"valueRequired\":true,\"valueName\":\"search_term_string\"}}],\"inLanguage\":\"es-GT\"},{\"@type\":\"Organization\",\"@id\":\"https:\/\/prensalibre-com-develop.go-vip.co\/guatevision\/#organization\",\"name\":\"Guatevision\",\"url\":\"https:\/\/prensalibre-com-develop.go-vip.co\/guatevision\/\",\"logo\":{\"@type\":\"ImageObject\",\"inLanguage\":\"es-GT\",\"@id\":\"https:\/\/prensalibre-com-develop.go-vip.co\/guatevision\/#\/schema\/logo\/image\/\",\"url\":\"https:\/\/prensalibre-com-develop.go-vip.co\/guatevision\/wp-content\/uploads\/sites\/2\/2026\/04\/Diseno-sin-titulo.png?quality=82\",\"contentUrl\":\"https:\/\/prensalibre-com-develop.go-vip.co\/guatevision\/wp-content\/uploads\/sites\/2\/2026\/04\/Diseno-sin-titulo.png?quality=82\",\"width\":1000,\"height\":600,\"caption\":\"Guatevision\"},\"image\":{\"@id\":\"https:\/\/prensalibre-com-develop.go-vip.co\/guatevision\/#\/schema\/logo\/image\/\"}}]}<\/script>\n<!-- \/ Yoast SEO plugin. -->","yoast_head_json":{"title":"Nuevos cambios en Facebook tras esc\u00e1ndalo de mal uso de datos de usuarios","description":"Facebook hizo un nuevo anuncio sobre cambios en su secci\u00f3n de noticias, en medio de uno de los peores esc\u00e1ndalos de seguridad que ha enfrentado la red social al grado de que sus usuarios consideren dejar de usarla.","robots":{"index":"index","follow":"follow","max-snippet":"max-snippet:-1","max-image-preview":"max-image-preview:large","max-video-preview":"max-video-preview:-1"},"canonical":"https:\/\/prensalibre-com-develop.go-vip.co\/guatevision\/noticias\/internacional\/cambios-facebook","og_locale":"es_ES","og_type":"article","og_title":"Nuevos cambios en Facebook tras esc\u00e1ndalo de mal uso de datos de usuarios","og_description":"Facebook hizo un nuevo anuncio sobre cambios en su secci\u00f3n de noticias, en medio de uno de los peores esc\u00e1ndalos de seguridad que ha enfrentado la red social al grado de que sus usuarios consideren dejar de usarla.","og_url":"https:\/\/prensalibre-com-develop.go-vip.co\/guatevision\/noticias\/internacional\/cambios-facebook","og_site_name":"Guatevision","article_modified_time":"2018-03-26T22:43:47+00:00","og_image":[{"width":660,"height":371,"url":"https:\/\/prensalibre-com-develop.go-vip.co\/guatevision\/wp-content\/uploads\/sites\/2\/2017\/10\/4ff5302a47274b9bbc92d541dec877f069859ee4.jpg?quality=82","type":"image\/jpeg"}],"twitter_card":"summary_large_image","twitter_misc":{"Est. reading time":"2 minutes"},"schema":{"@context":"https:\/\/schema.org","@graph":[{"@type":"WebPage","@id":"https:\/\/prensalibre-com-develop.go-vip.co\/guatevision\/noticias\/internacional\/cambios-facebook","url":"https:\/\/prensalibre-com-develop.go-vip.co\/guatevision\/noticias\/internacional\/cambios-facebook","name":"Nuevos cambios en Facebook tras esc\u00e1ndalo de mal uso de datos de usuarios","isPartOf":{"@id":"https:\/\/prensalibre-com-develop.go-vip.co\/guatevision\/#website"},"primaryImageOfPage":{"@id":"https:\/\/prensalibre-com-develop.go-vip.co\/guatevision\/noticias\/internacional\/cambios-facebook#primaryimage"},"image":{"@id":"https:\/\/prensalibre-com-develop.go-vip.co\/guatevision\/noticias\/internacional\/cambios-facebook#primaryimage"},"thumbnailUrl":"https:\/\/prensalibre-com-develop.go-vip.co\/guatevision\/wp-content\/uploads\/sites\/2\/2017\/10\/4ff5302a47274b9bbc92d541dec877f069859ee4.jpg?quality=82","datePublished":"2018-03-26T22:50:16+00:00","dateModified":"2018-03-26T22:43:47+00:00","description":"Facebook hizo un nuevo anuncio sobre cambios en su secci\u00f3n de noticias, en medio de uno de los peores esc\u00e1ndalos de seguridad que ha enfrentado la red social al grado de que sus usuarios consideren dejar de usarla.","inLanguage":"es-GT","potentialAction":[{"@type":"ReadAction","target":["https:\/\/prensalibre-com-develop.go-vip.co\/guatevision\/noticias\/internacional\/cambios-facebook"]}]},{"@type":"ImageObject","inLanguage":"es-GT","@id":"https:\/\/prensalibre-com-develop.go-vip.co\/guatevision\/noticias\/internacional\/cambios-facebook#primaryimage","url":"https:\/\/prensalibre-com-develop.go-vip.co\/guatevision\/wp-content\/uploads\/sites\/2\/2017\/10\/4ff5302a47274b9bbc92d541dec877f069859ee4.jpg?quality=82","contentUrl":"https:\/\/prensalibre-com-develop.go-vip.co\/guatevision\/wp-content\/uploads\/sites\/2\/2017\/10\/4ff5302a47274b9bbc92d541dec877f069859ee4.jpg?quality=82","width":660,"height":371,"caption":"Facebook, Google y Twitter est\u00e1n en la mira del Congreso de EEUU, que investiga una posible injerencia rusa en la campa\u00f1a que llev\u00f3 al poder al presidente Trump y que considera que las redes sociales sirvieron de plataforma para propaganda rusa. AFP\/Archivos \/ Justin Tallis"},{"@type":"WebSite","@id":"https:\/\/prensalibre-com-develop.go-vip.co\/guatevision\/#website","url":"https:\/\/prensalibre-com-develop.go-vip.co\/guatevision\/","name":"Guatevision","description":"\u00a1Enciende Lo Bueno!","publisher":{"@id":"https:\/\/prensalibre-com-develop.go-vip.co\/guatevision\/#organization"},"potentialAction":[{"@type":"SearchAction","target":{"@type":"EntryPoint","urlTemplate":"https:\/\/prensalibre-com-develop.go-vip.co\/guatevision\/?s={search_term_string}"},"query-input":{"@type":"PropertyValueSpecification","valueRequired":true,"valueName":"search_term_string"}}],"inLanguage":"es-GT"},{"@type":"Organization","@id":"https:\/\/prensalibre-com-develop.go-vip.co\/guatevision\/#organization","name":"Guatevision","url":"https:\/\/prensalibre-com-develop.go-vip.co\/guatevision\/","logo":{"@type":"ImageObject","inLanguage":"es-GT","@id":"https:\/\/prensalibre-com-develop.go-vip.co\/guatevision\/#\/schema\/logo\/image\/","url":"https:\/\/prensalibre-com-develop.go-vip.co\/guatevision\/wp-content\/uploads\/sites\/2\/2026\/04\/Diseno-sin-titulo.png?quality=82","contentUrl":"https:\/\/prensalibre-com-develop.go-vip.co\/guatevision\/wp-content\/uploads\/sites\/2\/2026\/04\/Diseno-sin-titulo.png?quality=82","width":1000,"height":600,"caption":"Guatevision"},"image":{"@id":"https:\/\/prensalibre-com-develop.go-vip.co\/guatevision\/#\/schema\/logo\/image\/"}}]}},"jetpack_sharing_enabled":true,"_links":{"self":[{"href":"https:\/\/prensalibre-com-develop.go-vip.co\/guatevision\/wp-json\/wp\/v2\/post-noticias\/167289","targetHints":{"allow":["GET"]}}],"collection":[{"href":"https:\/\/prensalibre-com-develop.go-vip.co\/guatevision\/wp-json\/wp\/v2\/post-noticias"}],"about":[{"href":"https:\/\/prensalibre-com-develop.go-vip.co\/guatevision\/wp-json\/wp\/v2\/types\/post-noticias"}],"author":[{"embeddable":true,"href":"https:\/\/prensalibre-com-develop.go-vip.co\/guatevision\/wp-json\/wp\/v2\/users\/218"}],"version-history":[{"count":0,"href":"https:\/\/prensalibre-com-develop.go-vip.co\/guatevision\/wp-json\/wp\/v2\/post-noticias\/167289\/revisions"}],"wp:featuredmedia":[{"embeddable":true,"href":"https:\/\/prensalibre-com-develop.go-vip.co\/guatevision\/wp-json\/wp\/v2\/media\/128520"}],"wp:attachment":[{"href":"https:\/\/prensalibre-com-develop.go-vip.co\/guatevision\/wp-json\/wp\/v2\/media?parent=167289"}],"wp:term":[{"taxonomy":"etiqueta","embeddable":true,"href":"https:\/\/prensalibre-com-develop.go-vip.co\/guatevision\/wp-json\/wp\/v2\/etiqueta?post=167289"}],"curies":[{"name":"wp","href":"https:\/\/api.w.org\/{rel}","templated":true}]}}