{"id":168780,"date":"2018-04-02T10:10:09","date_gmt":"2018-04-02T16:10:09","guid":{"rendered":"https:\/\/prensalibre-com-develop.go-vip.co\/guatevision\/?post_type=post-noticias&#038;p=168780"},"modified":"2018-04-02T10:06:21","modified_gmt":"2018-04-02T16:06:21","slug":"facebook-necesita","status":"publish","type":"post-noticias","link":"https:\/\/prensalibre-com-develop.go-vip.co\/guatevision\/noticias\/internacional\/facebook-necesita","title":{"rendered":"Facebook necesita &#8220;algunos a\u00f1os&#8221; para solucionar problemas, dice Zuckerberg"},"content":{"rendered":"<p>En declaraciones al sitio de noticias Vox, Zuckerberg defendi\u00f3 el modelo de negocios de Facebook y rechaz\u00f3 duramente las cr\u00edticas al gigante de las redes sociales de parte del director general de Apple, Tim Cook, la semana pasada.<\/p>\n\n<p>Zuckerberg sostuvo que uno de los problemas de la red social es su &#8220;idealismo&#8221;, centr\u00e1ndose en los aspectos positivos de conectar a las personas y que &#8220;no pasamos el tiempo suficiente invirtiendo o pensando en algunos de los usos negativos de las herramientas&#8221;.<\/p>\n<p>&#8220;Creo que ahora la gente se centra adecuadamente en algunos de los riesgos y desventajas tambi\u00e9n&#8221;, dijo.<\/p>\n<h3>Tomar\u00e1 algunos a\u00f1os enmendar el error, dice Facebook<\/h3>\n<p>Adem\u00e1s detall\u00f3 al respecto: &#8220;Creo que vamos a cavar a trav\u00e9s de este agujero, pero tomar\u00e1 algunos a\u00f1os. Ojal\u00e1 pudiera resolver todos estos problemas en tres meses o seis meses, pero creo que la realidad es que las respuestas a algunas de estas preguntas van a tomar un per\u00edodo m\u00e1s largo&#8221;.<\/p>\n<p>El ejecutivo tambi\u00e9n respondi\u00f3 a los comentarios efectuados la semana pasada por Cook, quien argument\u00f3 que Facebook se meti\u00f3 en problemas debido a un modelo de negocios centrado en la monetizaci\u00f3n de los datos de las personas.<\/p>\n<p>&#8220;Encuentro ese argumento: que si no est\u00e1s pagando de alguna manera, no podemos preocuparnos por t\u00ed, es extremadamente simplista y no est\u00e1 del todo en l\u00ednea con la verdad&#8221;, dijo.<\/p>\n<p>La entrevista fue la m\u00e1s reciente realizada por el jefe de Facebook para mitigar el impacto del esc\u00e1ndalo sobre la recolecci\u00f3n de datos personales de 50 millones de usuarios utilizados por parte de una firma vinculada a la campa\u00f1a electoral que llev\u00f3 al republicano Donald Trump a la presidencia.<\/p>\n<p class=\"copyright\">\n","protected":false},"excerpt":{"rendered":"<p>Facebook probablemente llevar\u00e1 &#8220;algunos a\u00f1os&#8221; solucionar los problemas sobre el traspaso y uso irregular de datos privados de usuarios de la red, dijo el presidente ejecutivo Mark Zuckerberg.<\/p>\n","protected":false},"author":218,"featured_media":168781,"template":"","etiqueta":[20442,20443,53,21300,547,20878],"class_list":["post-168780","post-noticias","type-post-noticias","status-publish","has-post-thumbnail","hentry","categoria-post-noticias-internacional","etiqueta-escandalo-cambridge-analytica","etiqueta-escandalo-facebook","etiqueta-facebook","etiqueta-privacidad-facebook","etiqueta-redes-sociales","etiqueta-seguridad-informatica"],"yoast_head":"<!-- This site is optimized with the Yoast SEO plugin v23.9 - https:\/\/yoast.com\/wordpress\/plugins\/seo\/ -->\n<title>Facebook necesita &quot;algunos a\u00f1os&quot; para solucionar problemas, dice Zuckerberg<\/title>\n<meta name=\"description\" content=\"Facebook probablemente llevar\u00e1 &quot;algunos a\u00f1os&quot; solucionar los problemas sobre el traspaso y uso irregular de datos privados de usuarios de la red, dijo el presidente ejecutivo Mark Zuckerberg.\" \/>\n<meta name=\"robots\" content=\"index, follow, max-snippet:-1, max-image-preview:large, max-video-preview:-1\" \/>\n<link rel=\"canonical\" href=\"https:\/\/prensalibre-com-develop.go-vip.co\/guatevision\/noticias\/internacional\/facebook-necesita\" \/>\n<meta property=\"og:locale\" content=\"es_ES\" \/>\n<meta property=\"og:type\" content=\"article\" \/>\n<meta property=\"og:title\" content=\"Facebook necesita &quot;algunos a\u00f1os&quot; para solucionar problemas, dice Zuckerberg\" \/>\n<meta property=\"og:description\" content=\"Facebook probablemente llevar\u00e1 &quot;algunos a\u00f1os&quot; solucionar los problemas sobre el traspaso y uso irregular de datos privados de usuarios de la red, dijo el presidente ejecutivo Mark Zuckerberg.\" \/>\n<meta property=\"og:url\" content=\"https:\/\/prensalibre-com-develop.go-vip.co\/guatevision\/noticias\/internacional\/facebook-necesita\" \/>\n<meta property=\"og:site_name\" content=\"Guatevision\" \/>\n<meta property=\"article:modified_time\" content=\"2018-04-02T16:06:21+00:00\" \/>\n<meta property=\"og:image\" content=\"https:\/\/prensalibre-com-develop.go-vip.co\/guatevision\/wp-content\/uploads\/sites\/2\/2018\/04\/Captura-de-pantalla-2018-04-02-a-las-10.04.32-AM.png?quality=82\" \/>\n\t<meta property=\"og:image:width\" content=\"831\" \/>\n\t<meta property=\"og:image:height\" content=\"437\" \/>\n\t<meta property=\"og:image:type\" content=\"image\/png\" \/>\n<meta name=\"twitter:card\" content=\"summary_large_image\" \/>\n<meta name=\"twitter:label1\" content=\"Est. reading time\" \/>\n\t<meta name=\"twitter:data1\" content=\"1 minute\" \/>\n<script type=\"application\/ld+json\" class=\"yoast-schema-graph\">{\"@context\":\"https:\/\/schema.org\",\"@graph\":[{\"@type\":\"WebPage\",\"@id\":\"https:\/\/prensalibre-com-develop.go-vip.co\/guatevision\/noticias\/internacional\/facebook-necesita\",\"url\":\"https:\/\/prensalibre-com-develop.go-vip.co\/guatevision\/noticias\/internacional\/facebook-necesita\",\"name\":\"Facebook necesita \\\"algunos a\u00f1os\\\" para solucionar problemas, dice Zuckerberg\",\"isPartOf\":{\"@id\":\"https:\/\/prensalibre-com-develop.go-vip.co\/guatevision\/#website\"},\"primaryImageOfPage\":{\"@id\":\"https:\/\/prensalibre-com-develop.go-vip.co\/guatevision\/noticias\/internacional\/facebook-necesita#primaryimage\"},\"image\":{\"@id\":\"https:\/\/prensalibre-com-develop.go-vip.co\/guatevision\/noticias\/internacional\/facebook-necesita#primaryimage\"},\"thumbnailUrl\":\"https:\/\/prensalibre-com-develop.go-vip.co\/guatevision\/wp-content\/uploads\/sites\/2\/2018\/04\/Captura-de-pantalla-2018-04-02-a-las-10.04.32-AM.png?quality=82\",\"datePublished\":\"2018-04-02T16:10:09+00:00\",\"dateModified\":\"2018-04-02T16:06:21+00:00\",\"description\":\"Facebook probablemente llevar\u00e1 \\\"algunos a\u00f1os\\\" solucionar los problemas sobre el traspaso y uso irregular de datos privados de usuarios de la red, dijo el presidente ejecutivo Mark Zuckerberg.\",\"inLanguage\":\"es-GT\",\"potentialAction\":[{\"@type\":\"ReadAction\",\"target\":[\"https:\/\/prensalibre-com-develop.go-vip.co\/guatevision\/noticias\/internacional\/facebook-necesita\"]}]},{\"@type\":\"ImageObject\",\"inLanguage\":\"es-GT\",\"@id\":\"https:\/\/prensalibre-com-develop.go-vip.co\/guatevision\/noticias\/internacional\/facebook-necesita#primaryimage\",\"url\":\"https:\/\/prensalibre-com-develop.go-vip.co\/guatevision\/wp-content\/uploads\/sites\/2\/2018\/04\/Captura-de-pantalla-2018-04-02-a-las-10.04.32-AM.png?quality=82\",\"contentUrl\":\"https:\/\/prensalibre-com-develop.go-vip.co\/guatevision\/wp-content\/uploads\/sites\/2\/2018\/04\/Captura-de-pantalla-2018-04-02-a-las-10.04.32-AM.png?quality=82\",\"width\":831,\"height\":437,\"caption\":\"Facebook, bot\u00f3n de no me gusta\"},{\"@type\":\"WebSite\",\"@id\":\"https:\/\/prensalibre-com-develop.go-vip.co\/guatevision\/#website\",\"url\":\"https:\/\/prensalibre-com-develop.go-vip.co\/guatevision\/\",\"name\":\"Guatevision\",\"description\":\"\u00a1Enciende Lo Bueno!\",\"publisher\":{\"@id\":\"https:\/\/prensalibre-com-develop.go-vip.co\/guatevision\/#organization\"},\"potentialAction\":[{\"@type\":\"SearchAction\",\"target\":{\"@type\":\"EntryPoint\",\"urlTemplate\":\"https:\/\/prensalibre-com-develop.go-vip.co\/guatevision\/?s={search_term_string}\"},\"query-input\":{\"@type\":\"PropertyValueSpecification\",\"valueRequired\":true,\"valueName\":\"search_term_string\"}}],\"inLanguage\":\"es-GT\"},{\"@type\":\"Organization\",\"@id\":\"https:\/\/prensalibre-com-develop.go-vip.co\/guatevision\/#organization\",\"name\":\"Guatevision\",\"url\":\"https:\/\/prensalibre-com-develop.go-vip.co\/guatevision\/\",\"logo\":{\"@type\":\"ImageObject\",\"inLanguage\":\"es-GT\",\"@id\":\"https:\/\/prensalibre-com-develop.go-vip.co\/guatevision\/#\/schema\/logo\/image\/\",\"url\":\"https:\/\/prensalibre-com-develop.go-vip.co\/guatevision\/wp-content\/uploads\/sites\/2\/2026\/04\/Diseno-sin-titulo.png?quality=82\",\"contentUrl\":\"https:\/\/prensalibre-com-develop.go-vip.co\/guatevision\/wp-content\/uploads\/sites\/2\/2026\/04\/Diseno-sin-titulo.png?quality=82\",\"width\":1000,\"height\":600,\"caption\":\"Guatevision\"},\"image\":{\"@id\":\"https:\/\/prensalibre-com-develop.go-vip.co\/guatevision\/#\/schema\/logo\/image\/\"}}]}<\/script>\n<!-- \/ Yoast SEO plugin. -->","yoast_head_json":{"title":"Facebook necesita \"algunos a\u00f1os\" para solucionar problemas, dice Zuckerberg","description":"Facebook probablemente llevar\u00e1 \"algunos a\u00f1os\" solucionar los problemas sobre el traspaso y uso irregular de datos privados de usuarios de la red, dijo el presidente ejecutivo Mark Zuckerberg.","robots":{"index":"index","follow":"follow","max-snippet":"max-snippet:-1","max-image-preview":"max-image-preview:large","max-video-preview":"max-video-preview:-1"},"canonical":"https:\/\/prensalibre-com-develop.go-vip.co\/guatevision\/noticias\/internacional\/facebook-necesita","og_locale":"es_ES","og_type":"article","og_title":"Facebook necesita \"algunos a\u00f1os\" para solucionar problemas, dice Zuckerberg","og_description":"Facebook probablemente llevar\u00e1 \"algunos a\u00f1os\" solucionar los problemas sobre el traspaso y uso irregular de datos privados de usuarios de la red, dijo el presidente ejecutivo Mark Zuckerberg.","og_url":"https:\/\/prensalibre-com-develop.go-vip.co\/guatevision\/noticias\/internacional\/facebook-necesita","og_site_name":"Guatevision","article_modified_time":"2018-04-02T16:06:21+00:00","og_image":[{"width":831,"height":437,"url":"https:\/\/prensalibre-com-develop.go-vip.co\/guatevision\/wp-content\/uploads\/sites\/2\/2018\/04\/Captura-de-pantalla-2018-04-02-a-las-10.04.32-AM.png?quality=82","type":"image\/png"}],"twitter_card":"summary_large_image","twitter_misc":{"Est. reading time":"1 minute"},"schema":{"@context":"https:\/\/schema.org","@graph":[{"@type":"WebPage","@id":"https:\/\/prensalibre-com-develop.go-vip.co\/guatevision\/noticias\/internacional\/facebook-necesita","url":"https:\/\/prensalibre-com-develop.go-vip.co\/guatevision\/noticias\/internacional\/facebook-necesita","name":"Facebook necesita \"algunos a\u00f1os\" para solucionar problemas, dice Zuckerberg","isPartOf":{"@id":"https:\/\/prensalibre-com-develop.go-vip.co\/guatevision\/#website"},"primaryImageOfPage":{"@id":"https:\/\/prensalibre-com-develop.go-vip.co\/guatevision\/noticias\/internacional\/facebook-necesita#primaryimage"},"image":{"@id":"https:\/\/prensalibre-com-develop.go-vip.co\/guatevision\/noticias\/internacional\/facebook-necesita#primaryimage"},"thumbnailUrl":"https:\/\/prensalibre-com-develop.go-vip.co\/guatevision\/wp-content\/uploads\/sites\/2\/2018\/04\/Captura-de-pantalla-2018-04-02-a-las-10.04.32-AM.png?quality=82","datePublished":"2018-04-02T16:10:09+00:00","dateModified":"2018-04-02T16:06:21+00:00","description":"Facebook probablemente llevar\u00e1 \"algunos a\u00f1os\" solucionar los problemas sobre el traspaso y uso irregular de datos privados de usuarios de la red, dijo el presidente ejecutivo Mark Zuckerberg.","inLanguage":"es-GT","potentialAction":[{"@type":"ReadAction","target":["https:\/\/prensalibre-com-develop.go-vip.co\/guatevision\/noticias\/internacional\/facebook-necesita"]}]},{"@type":"ImageObject","inLanguage":"es-GT","@id":"https:\/\/prensalibre-com-develop.go-vip.co\/guatevision\/noticias\/internacional\/facebook-necesita#primaryimage","url":"https:\/\/prensalibre-com-develop.go-vip.co\/guatevision\/wp-content\/uploads\/sites\/2\/2018\/04\/Captura-de-pantalla-2018-04-02-a-las-10.04.32-AM.png?quality=82","contentUrl":"https:\/\/prensalibre-com-develop.go-vip.co\/guatevision\/wp-content\/uploads\/sites\/2\/2018\/04\/Captura-de-pantalla-2018-04-02-a-las-10.04.32-AM.png?quality=82","width":831,"height":437,"caption":"Facebook, bot\u00f3n de no me gusta"},{"@type":"WebSite","@id":"https:\/\/prensalibre-com-develop.go-vip.co\/guatevision\/#website","url":"https:\/\/prensalibre-com-develop.go-vip.co\/guatevision\/","name":"Guatevision","description":"\u00a1Enciende Lo Bueno!","publisher":{"@id":"https:\/\/prensalibre-com-develop.go-vip.co\/guatevision\/#organization"},"potentialAction":[{"@type":"SearchAction","target":{"@type":"EntryPoint","urlTemplate":"https:\/\/prensalibre-com-develop.go-vip.co\/guatevision\/?s={search_term_string}"},"query-input":{"@type":"PropertyValueSpecification","valueRequired":true,"valueName":"search_term_string"}}],"inLanguage":"es-GT"},{"@type":"Organization","@id":"https:\/\/prensalibre-com-develop.go-vip.co\/guatevision\/#organization","name":"Guatevision","url":"https:\/\/prensalibre-com-develop.go-vip.co\/guatevision\/","logo":{"@type":"ImageObject","inLanguage":"es-GT","@id":"https:\/\/prensalibre-com-develop.go-vip.co\/guatevision\/#\/schema\/logo\/image\/","url":"https:\/\/prensalibre-com-develop.go-vip.co\/guatevision\/wp-content\/uploads\/sites\/2\/2026\/04\/Diseno-sin-titulo.png?quality=82","contentUrl":"https:\/\/prensalibre-com-develop.go-vip.co\/guatevision\/wp-content\/uploads\/sites\/2\/2026\/04\/Diseno-sin-titulo.png?quality=82","width":1000,"height":600,"caption":"Guatevision"},"image":{"@id":"https:\/\/prensalibre-com-develop.go-vip.co\/guatevision\/#\/schema\/logo\/image\/"}}]}},"jetpack_sharing_enabled":true,"_links":{"self":[{"href":"https:\/\/prensalibre-com-develop.go-vip.co\/guatevision\/wp-json\/wp\/v2\/post-noticias\/168780","targetHints":{"allow":["GET"]}}],"collection":[{"href":"https:\/\/prensalibre-com-develop.go-vip.co\/guatevision\/wp-json\/wp\/v2\/post-noticias"}],"about":[{"href":"https:\/\/prensalibre-com-develop.go-vip.co\/guatevision\/wp-json\/wp\/v2\/types\/post-noticias"}],"author":[{"embeddable":true,"href":"https:\/\/prensalibre-com-develop.go-vip.co\/guatevision\/wp-json\/wp\/v2\/users\/218"}],"version-history":[{"count":0,"href":"https:\/\/prensalibre-com-develop.go-vip.co\/guatevision\/wp-json\/wp\/v2\/post-noticias\/168780\/revisions"}],"wp:featuredmedia":[{"embeddable":true,"href":"https:\/\/prensalibre-com-develop.go-vip.co\/guatevision\/wp-json\/wp\/v2\/media\/168781"}],"wp:attachment":[{"href":"https:\/\/prensalibre-com-develop.go-vip.co\/guatevision\/wp-json\/wp\/v2\/media?parent=168780"}],"wp:term":[{"taxonomy":"etiqueta","embeddable":true,"href":"https:\/\/prensalibre-com-develop.go-vip.co\/guatevision\/wp-json\/wp\/v2\/etiqueta?post=168780"}],"curies":[{"name":"wp","href":"https:\/\/api.w.org\/{rel}","templated":true}]}}