{"id":170143,"date":"2018-04-06T11:00:29","date_gmt":"2018-04-06T17:00:29","guid":{"rendered":"https:\/\/prensalibre-com-develop.go-vip.co\/guatevision\/?post_type=post-noticias&#038;p=170143"},"modified":"2018-04-05T16:18:13","modified_gmt":"2018-04-05T22:18:13","slug":"nowitzki-se-opera","status":"publish","type":"post-noticias","link":"https:\/\/prensalibre-com-develop.go-vip.co\/guatevision\/noticias\/deportes\/nowitzki-se-opera","title":{"rendered":"Nowitzki se opera el tobillo y dice adi\u00f3s a su pen\u00faltima temporada"},"content":{"rendered":"<p>Dirk Nowitzki estelar ala-p\u00edvot alem\u00e1n se oper\u00f3 su tobillo izquierdo y dijo adi\u00f3s a la temporada, anunci\u00f3 este jueves su equipo, los Dallas Mavericks.<\/p>\n<blockquote><p>&#8220;Dirk Nowitzki ha sido sometido a una intervenci\u00f3n quir\u00fargica en su tobillo izquierdo&#8221;, indic\u00f3 la franquicia texana en un comunicado.<\/p><\/blockquote>\n<p>Se espera que Nowitzki vuelva la pr\u00f3xima temporada, con 40 a\u00f1os, para disputar su 21\u00aa y \u00faltima campa\u00f1a en la NBA.<\/p>\n\n<p>&nbsp;<\/p>\n<h3>Nowitzki ausente<\/h3>\n<p>El alem\u00e1n, campe\u00f3n con los Mavericks en 2011 y Jugador M\u00e1s Valioso (MVP) de la liga en la 2006-2007, no jug\u00f3 el mi\u00e9rcoles en la derrota de los suyos 100-105 ante Orlando Magic.<\/p>\n<p>Esta temporada el europeo ha disputado 77 encuentros, con promedios de 12 puntos y 5,7 rebotes en 24,7 minutos.<\/p>\n<p>Dallas vive un proceso de reconstrucci\u00f3n y ocupa el decimotercer puesto de la Conferencia Oeste con un pobre balance de 24 victorias y 55 derrotas.<\/p>\n<p>&nbsp;<\/p>\n<p>\u00a9 Agence France-Presse<\/p>\n","protected":false},"excerpt":{"rendered":"<p>Se espera que Nowitzki vuelva la pr\u00f3xima temporada, con 40 a\u00f1os, para disputar su 21\u00aa y \u00faltima campa\u00f1a en la NBA.<\/p>\n","protected":false},"author":71,"featured_media":170144,"template":"","etiqueta":[21611,21610,21085],"class_list":["post-170143","post-noticias","type-post-noticias","status-publish","has-post-thumbnail","hentry","categoria-post-noticias-deportes","etiqueta-dallas-mavericks","etiqueta-dirk-nowitzki","etiqueta-nba"],"yoast_head":"<!-- This site is optimized with the Yoast SEO plugin v23.9 - https:\/\/yoast.com\/wordpress\/plugins\/seo\/ -->\n<title>Nowitzki se opera el tobillo y dice adi\u00f3s a su pen\u00faltima temporada<\/title>\n<meta name=\"description\" content=\"Dirk Nowitzki estelar ala-p\u00edvot alem\u00e1n se oper\u00f3 su tobillo izquierdo y dijo adi\u00f3s a la temporada, anunci\u00f3 este jueves su equipo, los Dallas Mavericks.\" \/>\n<meta name=\"robots\" content=\"index, follow, max-snippet:-1, max-image-preview:large, max-video-preview:-1\" \/>\n<link rel=\"canonical\" href=\"https:\/\/prensalibre-com-develop.go-vip.co\/guatevision\/noticias\/deportes\/nowitzki-se-opera\" \/>\n<meta property=\"og:locale\" content=\"es_ES\" \/>\n<meta property=\"og:type\" content=\"article\" \/>\n<meta property=\"og:title\" content=\"Nowitzki se opera el tobillo y dice adi\u00f3s a su pen\u00faltima temporada\" \/>\n<meta property=\"og:description\" content=\"Dirk Nowitzki estelar ala-p\u00edvot alem\u00e1n se oper\u00f3 su tobillo izquierdo y dijo adi\u00f3s a la temporada, anunci\u00f3 este jueves su equipo, los Dallas Mavericks.\" \/>\n<meta property=\"og:url\" content=\"https:\/\/prensalibre-com-develop.go-vip.co\/guatevision\/noticias\/deportes\/nowitzki-se-opera\" \/>\n<meta property=\"og:site_name\" content=\"Guatevision\" \/>\n<meta property=\"article:modified_time\" content=\"2018-04-05T22:18:13+00:00\" \/>\n<meta property=\"og:image\" content=\"https:\/\/prensalibre-com-develop.go-vip.co\/guatevision\/wp-content\/uploads\/sites\/2\/2018\/04\/Dirk-Nowitzki.jpg?quality=82\" \/>\n\t<meta property=\"og:image:width\" content=\"768\" \/>\n\t<meta property=\"og:image:height\" content=\"548\" \/>\n\t<meta property=\"og:image:type\" content=\"image\/jpeg\" \/>\n<meta name=\"twitter:card\" content=\"summary_large_image\" \/>\n<meta name=\"twitter:label1\" content=\"Est. reading time\" \/>\n\t<meta name=\"twitter:data1\" content=\"1 minute\" \/>\n<script type=\"application\/ld+json\" class=\"yoast-schema-graph\">{\"@context\":\"https:\/\/schema.org\",\"@graph\":[{\"@type\":\"WebPage\",\"@id\":\"https:\/\/prensalibre-com-develop.go-vip.co\/guatevision\/noticias\/deportes\/nowitzki-se-opera\",\"url\":\"https:\/\/prensalibre-com-develop.go-vip.co\/guatevision\/noticias\/deportes\/nowitzki-se-opera\",\"name\":\"Nowitzki se opera el tobillo y dice adi\u00f3s a su pen\u00faltima temporada\",\"isPartOf\":{\"@id\":\"https:\/\/prensalibre-com-develop.go-vip.co\/guatevision\/#website\"},\"primaryImageOfPage\":{\"@id\":\"https:\/\/prensalibre-com-develop.go-vip.co\/guatevision\/noticias\/deportes\/nowitzki-se-opera#primaryimage\"},\"image\":{\"@id\":\"https:\/\/prensalibre-com-develop.go-vip.co\/guatevision\/noticias\/deportes\/nowitzki-se-opera#primaryimage\"},\"thumbnailUrl\":\"https:\/\/prensalibre-com-develop.go-vip.co\/guatevision\/wp-content\/uploads\/sites\/2\/2018\/04\/Dirk-Nowitzki.jpg?quality=82\",\"datePublished\":\"2018-04-06T17:00:29+00:00\",\"dateModified\":\"2018-04-05T22:18:13+00:00\",\"description\":\"Dirk Nowitzki estelar ala-p\u00edvot alem\u00e1n se oper\u00f3 su tobillo izquierdo y dijo adi\u00f3s a la temporada, anunci\u00f3 este jueves su equipo, los Dallas Mavericks.\",\"inLanguage\":\"es-GT\",\"potentialAction\":[{\"@type\":\"ReadAction\",\"target\":[\"https:\/\/prensalibre-com-develop.go-vip.co\/guatevision\/noticias\/deportes\/nowitzki-se-opera\"]}]},{\"@type\":\"ImageObject\",\"inLanguage\":\"es-GT\",\"@id\":\"https:\/\/prensalibre-com-develop.go-vip.co\/guatevision\/noticias\/deportes\/nowitzki-se-opera#primaryimage\",\"url\":\"https:\/\/prensalibre-com-develop.go-vip.co\/guatevision\/wp-content\/uploads\/sites\/2\/2018\/04\/Dirk-Nowitzki.jpg?quality=82\",\"contentUrl\":\"https:\/\/prensalibre-com-develop.go-vip.co\/guatevision\/wp-content\/uploads\/sites\/2\/2018\/04\/Dirk-Nowitzki.jpg?quality=82\",\"width\":768,\"height\":548,\"caption\":\"DALLAS, TX - APRIL 3: Dirk Nowitzki #41 of the Dallas Mavericks reacts before the game against the Portland Trail Blazers on April 3, 2018 at the American Airlines Center in Dallas, Texas. NOTE TO USER: User expressly acknowledges and agrees that, by downloading and or using this photograph, User is consenting to the terms and conditions of the Getty Images License Agreement. Mandatory Copyright Notice: Copyright 2018 NBAE Danny Bollinger\/NBAE via Getty Images\/AFP\"},{\"@type\":\"WebSite\",\"@id\":\"https:\/\/prensalibre-com-develop.go-vip.co\/guatevision\/#website\",\"url\":\"https:\/\/prensalibre-com-develop.go-vip.co\/guatevision\/\",\"name\":\"Guatevision\",\"description\":\"\u00a1Enciende Lo Bueno!\",\"publisher\":{\"@id\":\"https:\/\/prensalibre-com-develop.go-vip.co\/guatevision\/#organization\"},\"potentialAction\":[{\"@type\":\"SearchAction\",\"target\":{\"@type\":\"EntryPoint\",\"urlTemplate\":\"https:\/\/prensalibre-com-develop.go-vip.co\/guatevision\/?s={search_term_string}\"},\"query-input\":{\"@type\":\"PropertyValueSpecification\",\"valueRequired\":true,\"valueName\":\"search_term_string\"}}],\"inLanguage\":\"es-GT\"},{\"@type\":\"Organization\",\"@id\":\"https:\/\/prensalibre-com-develop.go-vip.co\/guatevision\/#organization\",\"name\":\"Guatevision\",\"url\":\"https:\/\/prensalibre-com-develop.go-vip.co\/guatevision\/\",\"logo\":{\"@type\":\"ImageObject\",\"inLanguage\":\"es-GT\",\"@id\":\"https:\/\/prensalibre-com-develop.go-vip.co\/guatevision\/#\/schema\/logo\/image\/\",\"url\":\"https:\/\/prensalibre-com-develop.go-vip.co\/guatevision\/wp-content\/uploads\/sites\/2\/2026\/04\/Diseno-sin-titulo.png?quality=82\",\"contentUrl\":\"https:\/\/prensalibre-com-develop.go-vip.co\/guatevision\/wp-content\/uploads\/sites\/2\/2026\/04\/Diseno-sin-titulo.png?quality=82\",\"width\":1000,\"height\":600,\"caption\":\"Guatevision\"},\"image\":{\"@id\":\"https:\/\/prensalibre-com-develop.go-vip.co\/guatevision\/#\/schema\/logo\/image\/\"}}]}<\/script>\n<!-- \/ Yoast SEO plugin. -->","yoast_head_json":{"title":"Nowitzki se opera el tobillo y dice adi\u00f3s a su pen\u00faltima temporada","description":"Dirk Nowitzki estelar ala-p\u00edvot alem\u00e1n se oper\u00f3 su tobillo izquierdo y dijo adi\u00f3s a la temporada, anunci\u00f3 este jueves su equipo, los Dallas Mavericks.","robots":{"index":"index","follow":"follow","max-snippet":"max-snippet:-1","max-image-preview":"max-image-preview:large","max-video-preview":"max-video-preview:-1"},"canonical":"https:\/\/prensalibre-com-develop.go-vip.co\/guatevision\/noticias\/deportes\/nowitzki-se-opera","og_locale":"es_ES","og_type":"article","og_title":"Nowitzki se opera el tobillo y dice adi\u00f3s a su pen\u00faltima temporada","og_description":"Dirk Nowitzki estelar ala-p\u00edvot alem\u00e1n se oper\u00f3 su tobillo izquierdo y dijo adi\u00f3s a la temporada, anunci\u00f3 este jueves su equipo, los Dallas Mavericks.","og_url":"https:\/\/prensalibre-com-develop.go-vip.co\/guatevision\/noticias\/deportes\/nowitzki-se-opera","og_site_name":"Guatevision","article_modified_time":"2018-04-05T22:18:13+00:00","og_image":[{"width":768,"height":548,"url":"https:\/\/prensalibre-com-develop.go-vip.co\/guatevision\/wp-content\/uploads\/sites\/2\/2018\/04\/Dirk-Nowitzki.jpg?quality=82","type":"image\/jpeg"}],"twitter_card":"summary_large_image","twitter_misc":{"Est. reading time":"1 minute"},"schema":{"@context":"https:\/\/schema.org","@graph":[{"@type":"WebPage","@id":"https:\/\/prensalibre-com-develop.go-vip.co\/guatevision\/noticias\/deportes\/nowitzki-se-opera","url":"https:\/\/prensalibre-com-develop.go-vip.co\/guatevision\/noticias\/deportes\/nowitzki-se-opera","name":"Nowitzki se opera el tobillo y dice adi\u00f3s a su pen\u00faltima temporada","isPartOf":{"@id":"https:\/\/prensalibre-com-develop.go-vip.co\/guatevision\/#website"},"primaryImageOfPage":{"@id":"https:\/\/prensalibre-com-develop.go-vip.co\/guatevision\/noticias\/deportes\/nowitzki-se-opera#primaryimage"},"image":{"@id":"https:\/\/prensalibre-com-develop.go-vip.co\/guatevision\/noticias\/deportes\/nowitzki-se-opera#primaryimage"},"thumbnailUrl":"https:\/\/prensalibre-com-develop.go-vip.co\/guatevision\/wp-content\/uploads\/sites\/2\/2018\/04\/Dirk-Nowitzki.jpg?quality=82","datePublished":"2018-04-06T17:00:29+00:00","dateModified":"2018-04-05T22:18:13+00:00","description":"Dirk Nowitzki estelar ala-p\u00edvot alem\u00e1n se oper\u00f3 su tobillo izquierdo y dijo adi\u00f3s a la temporada, anunci\u00f3 este jueves su equipo, los Dallas Mavericks.","inLanguage":"es-GT","potentialAction":[{"@type":"ReadAction","target":["https:\/\/prensalibre-com-develop.go-vip.co\/guatevision\/noticias\/deportes\/nowitzki-se-opera"]}]},{"@type":"ImageObject","inLanguage":"es-GT","@id":"https:\/\/prensalibre-com-develop.go-vip.co\/guatevision\/noticias\/deportes\/nowitzki-se-opera#primaryimage","url":"https:\/\/prensalibre-com-develop.go-vip.co\/guatevision\/wp-content\/uploads\/sites\/2\/2018\/04\/Dirk-Nowitzki.jpg?quality=82","contentUrl":"https:\/\/prensalibre-com-develop.go-vip.co\/guatevision\/wp-content\/uploads\/sites\/2\/2018\/04\/Dirk-Nowitzki.jpg?quality=82","width":768,"height":548,"caption":"DALLAS, TX - APRIL 3: Dirk Nowitzki #41 of the Dallas Mavericks reacts before the game against the Portland Trail Blazers on April 3, 2018 at the American Airlines Center in Dallas, Texas. NOTE TO USER: User expressly acknowledges and agrees that, by downloading and or using this photograph, User is consenting to the terms and conditions of the Getty Images License Agreement. Mandatory Copyright Notice: Copyright 2018 NBAE Danny Bollinger\/NBAE via Getty Images\/AFP"},{"@type":"WebSite","@id":"https:\/\/prensalibre-com-develop.go-vip.co\/guatevision\/#website","url":"https:\/\/prensalibre-com-develop.go-vip.co\/guatevision\/","name":"Guatevision","description":"\u00a1Enciende Lo Bueno!","publisher":{"@id":"https:\/\/prensalibre-com-develop.go-vip.co\/guatevision\/#organization"},"potentialAction":[{"@type":"SearchAction","target":{"@type":"EntryPoint","urlTemplate":"https:\/\/prensalibre-com-develop.go-vip.co\/guatevision\/?s={search_term_string}"},"query-input":{"@type":"PropertyValueSpecification","valueRequired":true,"valueName":"search_term_string"}}],"inLanguage":"es-GT"},{"@type":"Organization","@id":"https:\/\/prensalibre-com-develop.go-vip.co\/guatevision\/#organization","name":"Guatevision","url":"https:\/\/prensalibre-com-develop.go-vip.co\/guatevision\/","logo":{"@type":"ImageObject","inLanguage":"es-GT","@id":"https:\/\/prensalibre-com-develop.go-vip.co\/guatevision\/#\/schema\/logo\/image\/","url":"https:\/\/prensalibre-com-develop.go-vip.co\/guatevision\/wp-content\/uploads\/sites\/2\/2026\/04\/Diseno-sin-titulo.png?quality=82","contentUrl":"https:\/\/prensalibre-com-develop.go-vip.co\/guatevision\/wp-content\/uploads\/sites\/2\/2026\/04\/Diseno-sin-titulo.png?quality=82","width":1000,"height":600,"caption":"Guatevision"},"image":{"@id":"https:\/\/prensalibre-com-develop.go-vip.co\/guatevision\/#\/schema\/logo\/image\/"}}]}},"jetpack_sharing_enabled":true,"_links":{"self":[{"href":"https:\/\/prensalibre-com-develop.go-vip.co\/guatevision\/wp-json\/wp\/v2\/post-noticias\/170143","targetHints":{"allow":["GET"]}}],"collection":[{"href":"https:\/\/prensalibre-com-develop.go-vip.co\/guatevision\/wp-json\/wp\/v2\/post-noticias"}],"about":[{"href":"https:\/\/prensalibre-com-develop.go-vip.co\/guatevision\/wp-json\/wp\/v2\/types\/post-noticias"}],"author":[{"embeddable":true,"href":"https:\/\/prensalibre-com-develop.go-vip.co\/guatevision\/wp-json\/wp\/v2\/users\/71"}],"version-history":[{"count":0,"href":"https:\/\/prensalibre-com-develop.go-vip.co\/guatevision\/wp-json\/wp\/v2\/post-noticias\/170143\/revisions"}],"wp:featuredmedia":[{"embeddable":true,"href":"https:\/\/prensalibre-com-develop.go-vip.co\/guatevision\/wp-json\/wp\/v2\/media\/170144"}],"wp:attachment":[{"href":"https:\/\/prensalibre-com-develop.go-vip.co\/guatevision\/wp-json\/wp\/v2\/media?parent=170143"}],"wp:term":[{"taxonomy":"etiqueta","embeddable":true,"href":"https:\/\/prensalibre-com-develop.go-vip.co\/guatevision\/wp-json\/wp\/v2\/etiqueta?post=170143"}],"curies":[{"name":"wp","href":"https:\/\/api.w.org\/{rel}","templated":true}]}}