{"id":173465,"date":"2018-04-16T14:36:17","date_gmt":"2018-04-16T20:36:17","guid":{"rendered":"https:\/\/prensalibre-com-develop.go-vip.co\/guatevision\/?post_type=post-noticias&#038;p=173465"},"modified":"2018-04-16T14:48:45","modified_gmt":"2018-04-16T20:48:45","slug":"mascaras-rumores","status":"publish","type":"post-noticias","link":"https:\/\/prensalibre-com-develop.go-vip.co\/guatevision\/noticias\/nacional\/mascaras-rumores","title":{"rendered":"M\u00e1scaras, Rumores y otros vuelos una exposici\u00f3n familiar"},"content":{"rendered":"<p>La familia es donde comienza la vida y nutre las conexiones entres sus integrantes. Este es le caso del tr\u00edo Permuth. Padre e hijos, fueron invitados por <em><strong>el Museo Nacional de Arte Moderno<\/strong><\/em> para presentar conjuntamente proyectos independientes. La serie de Igal Permuth se titula <strong>&#8220;El color prohibido&#8221;<\/strong>, este es metaf\u00f3rico ya que son las m\u00e1scaras que no ponemos todos los d\u00edas al salir y presentarnos ante la sociedad. <em><strong>Es una ventana abierta para buscar como se relacionan entre s\u00ed los seres humanos, est\u00e1n representados es en estas m\u00e1scaras. El artista nos explic\u00f3 que desde que nacemos, existe ese color prohibido, porque todos nacemos dentro de un contexto espec\u00edfico.<\/strong><\/em><\/p>\n\n<p>&nbsp;<\/p>\n<figure id=\"attachment_173514\" aria-describedby=\"caption-attachment-173514\" style=\"width: 300px\" class=\"wp-caption alignleft\"><img loading=\"lazy\" decoding=\"async\" class=\"size-medium wp-image-173514\" src=\"https:\/\/prensalibre-com-develop.go-vip.co\/guatevision\/wp-content\/uploads\/2018\/04\/Captura-de-pantalla-2018-04-10-a-las-13.36.32-300x209.png\" alt=\"M\u00e1scaras\" width=\"300\" height=\"209\" \/><figcaption id=\"caption-attachment-173514\" class=\"wp-caption-text\">Familia Permuth<\/figcaption><\/figure>\n<p>&nbsp;<\/p>\n<p><em><strong>La t\u00e9cnica que utiliz\u00f3 es la mixta, el collage se interviene con diferentes objetos en las piezas. Lo curioso es que se van recolectando y tienen un valor para el artista.<\/strong> <\/em>Los espejos son una manera de proyecci\u00f3n. Los artistas visuales antes de presentar sus obras realizan una investigaci\u00f3n.<\/p>\n<p>&nbsp;<\/p>\n<p>&nbsp;<\/p>\n<p>&nbsp;<\/p>\n<h3>M\u00e1scaras, Rumores y otros vuelos&#8230; t\u00edtulo de la exhibici\u00f3n<\/h3>\n<p>Esta no es la primera vez que presentan un proyecto en conjunto, cuentan con dos partes de una trilog\u00eda. La primera &#8220;Retrato de familia&#8221; en el 2004 y &#8220;Tarz\u00e1n L\u00f3pez&#8221; en el 2007. <em><strong>El t\u00edtulo del proyecto de Jaime Permuth, quien radica en Nueva York. \u00a0Es una meditaci\u00f3n sobre como la calle urbana se transforma en tiempos de paz y de guerra y estas fotograf\u00edas las recontextualiza. Es una selecci\u00f3n de dos tipos de archivos.<\/strong><\/em> Uno se refiere al festival latino en Washintong DC en los a\u00f1os ochentas, y el otro a los archivos de <em>&#8220;US Marine Corps&#8221;<\/em> sobre la ocupaci\u00f3n terrestre de diversas regiones de Centro Am\u00e9rica y el Caribe en el siglo XX.<\/p>\n<p>Tambi\u00e9n le puede interesar\u00a0<a href=\"https:\/\/prensalibre-com-develop.go-vip.co\/guatevision\/2017\/12\/06\/exposicion-zapatos\/\" target=\"_blank\" rel=\"noopener\">https:\/\/prensalibre-com-develop.go-vip.co\/guatevision\/2017\/12\/06\/exposicion-zapatos\/<\/a><\/p>\n<p>&nbsp;<\/p>\n<figure id=\"attachment_173551\" aria-describedby=\"caption-attachment-173551\" style=\"width: 300px\" class=\"wp-caption alignright\"><img loading=\"lazy\" decoding=\"async\" class=\"size-medium wp-image-173551\" src=\"https:\/\/prensalibre-com-develop.go-vip.co\/guatevision\/wp-content\/uploads\/2018\/04\/Captura-de-pantalla-2018-04-09-a-las-14.52.00-300x227.png\" alt=\"M\u00e1scara\" width=\"300\" height=\"227\" \/><figcaption id=\"caption-attachment-173551\" class=\"wp-caption-text\">Retrato de Familia<\/figcaption><\/figure>\n<p>De estas 24 obras fueron las seleccionadas para esta exposici\u00f3n de guerra-paz. Las de guerra en tono sepia un poco c\u00e1lido y las de paz en azulado tono fr\u00edo. \u00a0<strong>Esta obra se present\u00f3 el a\u00f1o pasado en Nueva York en el Museo del barrio, como parte de una muestra colectiva que se titul\u00f3 <em>&#8220;Nasty Women, Bad hombres&#8221;<\/em> \u00a0que es un lenguaje utilizado por el presidente Trump para describir peyorativamente a los latinos.<\/strong><\/p>\n<p>&nbsp;<\/p>\n<p>&nbsp;<\/p>\n<p>&nbsp;<\/p>\n<p>Mario Permuth, siempre ha visto a las mariposas como flores que vuelan, tiene una gran afinidad por ellas en sus obras se ven reflejadas, con la t\u00e9cnica en arte digital, leyendo a Jos\u00e9 Mart\u00ed, descubre la afinidad que el escritor tiene hacia ellas. Tienen una frase que dice <strong>&#8220;Las mariposas vuelan donde sus alas las llevan&#8221;<\/strong>. Las mariposas son libres y es un valor que todos queremos. Se deja llevar por donde la imaginaci\u00f3n lo transporta para crear estas obras. <strong>&#8220;Ninguna obra de estas est\u00e1 completa hasta que no tenga alguien que la vea&#8221;<\/strong>, expres\u00f3 el artista visual. Esta exhibici\u00f3n estar\u00e1 hasta el 25 de abril.<\/p>\n<figure id=\"attachment_173552\" aria-describedby=\"caption-attachment-173552\" style=\"width: 300px\" class=\"wp-caption aligncenter\"><img loading=\"lazy\" decoding=\"async\" class=\"size-medium wp-image-173552\" src=\"https:\/\/prensalibre-com-develop.go-vip.co\/guatevision\/wp-content\/uploads\/2018\/04\/Captura-de-pantalla-2018-04-16-a-las-13.00.26-300x160.png\" alt=\"M\u00e1scara\" width=\"300\" height=\"160\" \/><figcaption id=\"caption-attachment-173552\" class=\"wp-caption-text\">Obra de Mario Permuth<\/figcaption><\/figure>\n<p>Tambi\u00e9n le puede interesar\u00a0<a href=\"https:\/\/prensalibre-com-develop.go-vip.co\/guatevision\/2018\/03\/02\/una-exposicion-david-bowie-llega-hogar-nueva-york\/\" target=\"_blank\" rel=\"noopener\">https:\/\/prensalibre-com-develop.go-vip.co\/guatevision\/2018\/03\/02\/una-exposicion-david-bowie-llega-hogar-nueva-york\/<\/a><\/p>\n","protected":false},"excerpt":{"rendered":"<p>M\u00e1scaras, Rumores y otros vuelos una exhibici\u00f3n de artistas visuales con 25 a\u00f1os de experiencia, proyectos en conjunto pero independientes. <\/p>\n","protected":false},"author":218,"featured_media":173517,"template":"","etiqueta":[22221,22219,22220],"class_list":["post-173465","post-noticias","type-post-noticias","status-publish","has-post-thumbnail","hentry","categoria-post-noticias-nacional","etiqueta-exhibicion","etiqueta-mascaras","etiqueta-rumores"],"yoast_head":"<!-- This site is optimized with the Yoast SEO plugin v23.9 - https:\/\/yoast.com\/wordpress\/plugins\/seo\/ -->\n<title>M\u00e1scaras, Rumores y otros vuelos una exposici\u00f3n familiar<\/title>\n<meta name=\"description\" content=\"M\u00e1scaras, Rumores y otros vuelos una exhibici\u00f3n de artistas visuales con 25 a\u00f1os de experiencia, proyectos en conjunto pero independientes.\" \/>\n<meta name=\"robots\" content=\"index, follow, max-snippet:-1, max-image-preview:large, max-video-preview:-1\" \/>\n<link rel=\"canonical\" href=\"https:\/\/prensalibre-com-develop.go-vip.co\/guatevision\/noticias\/nacional\/mascaras-rumores\" \/>\n<meta property=\"og:locale\" content=\"es_ES\" \/>\n<meta property=\"og:type\" content=\"article\" \/>\n<meta property=\"og:title\" content=\"M\u00e1scaras, Rumores y otros vuelos una exposici\u00f3n familiar\" \/>\n<meta property=\"og:description\" content=\"M\u00e1scaras, Rumores y otros vuelos una exhibici\u00f3n de artistas visuales con 25 a\u00f1os de experiencia, proyectos en conjunto pero independientes.\" \/>\n<meta property=\"og:url\" content=\"https:\/\/prensalibre-com-develop.go-vip.co\/guatevision\/noticias\/nacional\/mascaras-rumores\" \/>\n<meta property=\"og:site_name\" content=\"Guatevision\" \/>\n<meta property=\"article:modified_time\" content=\"2018-04-16T20:48:45+00:00\" \/>\n<meta property=\"og:image\" content=\"https:\/\/prensalibre-com-develop.go-vip.co\/guatevision\/wp-content\/uploads\/sites\/2\/2018\/04\/Captura-de-pantalla-2018-04-16-a-las-12.59.14.png?quality=82\" \/>\n\t<meta property=\"og:image:width\" content=\"829\" \/>\n\t<meta property=\"og:image:height\" content=\"442\" \/>\n\t<meta property=\"og:image:type\" content=\"image\/png\" \/>\n<meta name=\"twitter:card\" content=\"summary_large_image\" \/>\n<meta name=\"twitter:label1\" content=\"Est. reading time\" \/>\n\t<meta name=\"twitter:data1\" content=\"3 minutes\" \/>\n<script type=\"application\/ld+json\" class=\"yoast-schema-graph\">{\"@context\":\"https:\/\/schema.org\",\"@graph\":[{\"@type\":\"WebPage\",\"@id\":\"https:\/\/prensalibre-com-develop.go-vip.co\/guatevision\/noticias\/nacional\/mascaras-rumores\",\"url\":\"https:\/\/prensalibre-com-develop.go-vip.co\/guatevision\/noticias\/nacional\/mascaras-rumores\",\"name\":\"M\u00e1scaras, Rumores y otros vuelos una exposici\u00f3n familiar\",\"isPartOf\":{\"@id\":\"https:\/\/prensalibre-com-develop.go-vip.co\/guatevision\/#website\"},\"primaryImageOfPage\":{\"@id\":\"https:\/\/prensalibre-com-develop.go-vip.co\/guatevision\/noticias\/nacional\/mascaras-rumores#primaryimage\"},\"image\":{\"@id\":\"https:\/\/prensalibre-com-develop.go-vip.co\/guatevision\/noticias\/nacional\/mascaras-rumores#primaryimage\"},\"thumbnailUrl\":\"https:\/\/prensalibre-com-develop.go-vip.co\/guatevision\/wp-content\/uploads\/sites\/2\/2018\/04\/Captura-de-pantalla-2018-04-16-a-las-12.59.14.png?quality=82\",\"datePublished\":\"2018-04-16T20:36:17+00:00\",\"dateModified\":\"2018-04-16T20:48:45+00:00\",\"description\":\"M\u00e1scaras, Rumores y otros vuelos una exhibici\u00f3n de artistas visuales con 25 a\u00f1os de experiencia, proyectos en conjunto pero independientes.\",\"inLanguage\":\"es-GT\",\"potentialAction\":[{\"@type\":\"ReadAction\",\"target\":[\"https:\/\/prensalibre-com-develop.go-vip.co\/guatevision\/noticias\/nacional\/mascaras-rumores\"]}]},{\"@type\":\"ImageObject\",\"inLanguage\":\"es-GT\",\"@id\":\"https:\/\/prensalibre-com-develop.go-vip.co\/guatevision\/noticias\/nacional\/mascaras-rumores#primaryimage\",\"url\":\"https:\/\/prensalibre-com-develop.go-vip.co\/guatevision\/wp-content\/uploads\/sites\/2\/2018\/04\/Captura-de-pantalla-2018-04-16-a-las-12.59.14.png?quality=82\",\"contentUrl\":\"https:\/\/prensalibre-com-develop.go-vip.co\/guatevision\/wp-content\/uploads\/sites\/2\/2018\/04\/Captura-de-pantalla-2018-04-16-a-las-12.59.14.png?quality=82\",\"width\":829,\"height\":442,\"caption\":\"Igal, Mario y Jaime Permuth\"},{\"@type\":\"WebSite\",\"@id\":\"https:\/\/prensalibre-com-develop.go-vip.co\/guatevision\/#website\",\"url\":\"https:\/\/prensalibre-com-develop.go-vip.co\/guatevision\/\",\"name\":\"Guatevision\",\"description\":\"\u00a1Enciende Lo Bueno!\",\"publisher\":{\"@id\":\"https:\/\/prensalibre-com-develop.go-vip.co\/guatevision\/#organization\"},\"potentialAction\":[{\"@type\":\"SearchAction\",\"target\":{\"@type\":\"EntryPoint\",\"urlTemplate\":\"https:\/\/prensalibre-com-develop.go-vip.co\/guatevision\/?s={search_term_string}\"},\"query-input\":{\"@type\":\"PropertyValueSpecification\",\"valueRequired\":true,\"valueName\":\"search_term_string\"}}],\"inLanguage\":\"es-GT\"},{\"@type\":\"Organization\",\"@id\":\"https:\/\/prensalibre-com-develop.go-vip.co\/guatevision\/#organization\",\"name\":\"Guatevision\",\"url\":\"https:\/\/prensalibre-com-develop.go-vip.co\/guatevision\/\",\"logo\":{\"@type\":\"ImageObject\",\"inLanguage\":\"es-GT\",\"@id\":\"https:\/\/prensalibre-com-develop.go-vip.co\/guatevision\/#\/schema\/logo\/image\/\",\"url\":\"https:\/\/prensalibre-com-develop.go-vip.co\/guatevision\/wp-content\/uploads\/sites\/2\/2026\/04\/Diseno-sin-titulo.png?quality=82\",\"contentUrl\":\"https:\/\/prensalibre-com-develop.go-vip.co\/guatevision\/wp-content\/uploads\/sites\/2\/2026\/04\/Diseno-sin-titulo.png?quality=82\",\"width\":1000,\"height\":600,\"caption\":\"Guatevision\"},\"image\":{\"@id\":\"https:\/\/prensalibre-com-develop.go-vip.co\/guatevision\/#\/schema\/logo\/image\/\"}}]}<\/script>\n<!-- \/ Yoast SEO plugin. -->","yoast_head_json":{"title":"M\u00e1scaras, Rumores y otros vuelos una exposici\u00f3n familiar","description":"M\u00e1scaras, Rumores y otros vuelos una exhibici\u00f3n de artistas visuales con 25 a\u00f1os de experiencia, proyectos en conjunto pero independientes.","robots":{"index":"index","follow":"follow","max-snippet":"max-snippet:-1","max-image-preview":"max-image-preview:large","max-video-preview":"max-video-preview:-1"},"canonical":"https:\/\/prensalibre-com-develop.go-vip.co\/guatevision\/noticias\/nacional\/mascaras-rumores","og_locale":"es_ES","og_type":"article","og_title":"M\u00e1scaras, Rumores y otros vuelos una exposici\u00f3n familiar","og_description":"M\u00e1scaras, Rumores y otros vuelos una exhibici\u00f3n de artistas visuales con 25 a\u00f1os de experiencia, proyectos en conjunto pero independientes.","og_url":"https:\/\/prensalibre-com-develop.go-vip.co\/guatevision\/noticias\/nacional\/mascaras-rumores","og_site_name":"Guatevision","article_modified_time":"2018-04-16T20:48:45+00:00","og_image":[{"width":829,"height":442,"url":"https:\/\/prensalibre-com-develop.go-vip.co\/guatevision\/wp-content\/uploads\/sites\/2\/2018\/04\/Captura-de-pantalla-2018-04-16-a-las-12.59.14.png?quality=82","type":"image\/png"}],"twitter_card":"summary_large_image","twitter_misc":{"Est. reading time":"3 minutes"},"schema":{"@context":"https:\/\/schema.org","@graph":[{"@type":"WebPage","@id":"https:\/\/prensalibre-com-develop.go-vip.co\/guatevision\/noticias\/nacional\/mascaras-rumores","url":"https:\/\/prensalibre-com-develop.go-vip.co\/guatevision\/noticias\/nacional\/mascaras-rumores","name":"M\u00e1scaras, Rumores y otros vuelos una exposici\u00f3n familiar","isPartOf":{"@id":"https:\/\/prensalibre-com-develop.go-vip.co\/guatevision\/#website"},"primaryImageOfPage":{"@id":"https:\/\/prensalibre-com-develop.go-vip.co\/guatevision\/noticias\/nacional\/mascaras-rumores#primaryimage"},"image":{"@id":"https:\/\/prensalibre-com-develop.go-vip.co\/guatevision\/noticias\/nacional\/mascaras-rumores#primaryimage"},"thumbnailUrl":"https:\/\/prensalibre-com-develop.go-vip.co\/guatevision\/wp-content\/uploads\/sites\/2\/2018\/04\/Captura-de-pantalla-2018-04-16-a-las-12.59.14.png?quality=82","datePublished":"2018-04-16T20:36:17+00:00","dateModified":"2018-04-16T20:48:45+00:00","description":"M\u00e1scaras, Rumores y otros vuelos una exhibici\u00f3n de artistas visuales con 25 a\u00f1os de experiencia, proyectos en conjunto pero independientes.","inLanguage":"es-GT","potentialAction":[{"@type":"ReadAction","target":["https:\/\/prensalibre-com-develop.go-vip.co\/guatevision\/noticias\/nacional\/mascaras-rumores"]}]},{"@type":"ImageObject","inLanguage":"es-GT","@id":"https:\/\/prensalibre-com-develop.go-vip.co\/guatevision\/noticias\/nacional\/mascaras-rumores#primaryimage","url":"https:\/\/prensalibre-com-develop.go-vip.co\/guatevision\/wp-content\/uploads\/sites\/2\/2018\/04\/Captura-de-pantalla-2018-04-16-a-las-12.59.14.png?quality=82","contentUrl":"https:\/\/prensalibre-com-develop.go-vip.co\/guatevision\/wp-content\/uploads\/sites\/2\/2018\/04\/Captura-de-pantalla-2018-04-16-a-las-12.59.14.png?quality=82","width":829,"height":442,"caption":"Igal, Mario y Jaime Permuth"},{"@type":"WebSite","@id":"https:\/\/prensalibre-com-develop.go-vip.co\/guatevision\/#website","url":"https:\/\/prensalibre-com-develop.go-vip.co\/guatevision\/","name":"Guatevision","description":"\u00a1Enciende Lo Bueno!","publisher":{"@id":"https:\/\/prensalibre-com-develop.go-vip.co\/guatevision\/#organization"},"potentialAction":[{"@type":"SearchAction","target":{"@type":"EntryPoint","urlTemplate":"https:\/\/prensalibre-com-develop.go-vip.co\/guatevision\/?s={search_term_string}"},"query-input":{"@type":"PropertyValueSpecification","valueRequired":true,"valueName":"search_term_string"}}],"inLanguage":"es-GT"},{"@type":"Organization","@id":"https:\/\/prensalibre-com-develop.go-vip.co\/guatevision\/#organization","name":"Guatevision","url":"https:\/\/prensalibre-com-develop.go-vip.co\/guatevision\/","logo":{"@type":"ImageObject","inLanguage":"es-GT","@id":"https:\/\/prensalibre-com-develop.go-vip.co\/guatevision\/#\/schema\/logo\/image\/","url":"https:\/\/prensalibre-com-develop.go-vip.co\/guatevision\/wp-content\/uploads\/sites\/2\/2026\/04\/Diseno-sin-titulo.png?quality=82","contentUrl":"https:\/\/prensalibre-com-develop.go-vip.co\/guatevision\/wp-content\/uploads\/sites\/2\/2026\/04\/Diseno-sin-titulo.png?quality=82","width":1000,"height":600,"caption":"Guatevision"},"image":{"@id":"https:\/\/prensalibre-com-develop.go-vip.co\/guatevision\/#\/schema\/logo\/image\/"}}]}},"jetpack_sharing_enabled":true,"_links":{"self":[{"href":"https:\/\/prensalibre-com-develop.go-vip.co\/guatevision\/wp-json\/wp\/v2\/post-noticias\/173465","targetHints":{"allow":["GET"]}}],"collection":[{"href":"https:\/\/prensalibre-com-develop.go-vip.co\/guatevision\/wp-json\/wp\/v2\/post-noticias"}],"about":[{"href":"https:\/\/prensalibre-com-develop.go-vip.co\/guatevision\/wp-json\/wp\/v2\/types\/post-noticias"}],"author":[{"embeddable":true,"href":"https:\/\/prensalibre-com-develop.go-vip.co\/guatevision\/wp-json\/wp\/v2\/users\/218"}],"version-history":[{"count":0,"href":"https:\/\/prensalibre-com-develop.go-vip.co\/guatevision\/wp-json\/wp\/v2\/post-noticias\/173465\/revisions"}],"wp:featuredmedia":[{"embeddable":true,"href":"https:\/\/prensalibre-com-develop.go-vip.co\/guatevision\/wp-json\/wp\/v2\/media\/173517"}],"wp:attachment":[{"href":"https:\/\/prensalibre-com-develop.go-vip.co\/guatevision\/wp-json\/wp\/v2\/media?parent=173465"}],"wp:term":[{"taxonomy":"etiqueta","embeddable":true,"href":"https:\/\/prensalibre-com-develop.go-vip.co\/guatevision\/wp-json\/wp\/v2\/etiqueta?post=173465"}],"curies":[{"name":"wp","href":"https:\/\/api.w.org\/{rel}","templated":true}]}}