{"id":186904,"date":"2018-05-28T15:10:47","date_gmt":"2018-05-28T21:10:47","guid":{"rendered":"https:\/\/prensalibre-com-develop.go-vip.co\/guatevision\/?post_type=post-noticias&#038;p=186904"},"modified":"2018-05-28T15:06:24","modified_gmt":"2018-05-28T21:06:24","slug":"facebook-avisos-politicos","status":"publish","type":"post-noticias","link":"https:\/\/prensalibre-com-develop.go-vip.co\/guatevision\/noticias\/internacional\/facebook-avisos-politicos","title":{"rendered":"Facebook comienza a etiquetar y verificar informaci\u00f3n para avisos pol\u00edticos"},"content":{"rendered":"<p>La masiva red social hab\u00eda anunciado m\u00e1s temprano este a\u00f1o la iniciativa, adoptada para dar mayor transparencia y enfrentar las cr\u00edticas sobre su participaci\u00f3n en la propagaci\u00f3n de desinformaci\u00f3n alentada por Rusia durante la elecci\u00f3n presidencial de 2016 en Estados Unidos.<\/p>\n\n<p>Facebook dijo que la nueva pol\u00edtica entrar\u00e1 en vigor el jueves para avisos dentro de Estados Unidos difundidos a trav\u00e9s de Facebook e Instagram. La misma pol\u00edtica ser\u00e1 implementada en el mundo en los pr\u00f3ximos meses.<\/p>\n<p>&#8220;A partir de hoy, todos los anuncios en Facebook e Instagram en Estados Unidos deber\u00e1n estar claramente etiquetados, incluyendo un &#8216;Pagado por&#8217; del avisador, en la parte superior de la publicidad&#8221;, se\u00f1ala en su blog el director de productos de Facebook, Rob Leathern.<\/p>\n<p class=\"copyright\">\n","protected":false},"excerpt":{"rendered":"<p>Facebook anunci\u00f3 que comenz\u00f3 a implementar una pol\u00edtica que requiere etiquetar los avisos pol\u00edticos y verificar la identidad de quienes pagan por los mensajes.<\/p>\n","protected":false},"author":218,"featured_media":137631,"template":"","etiqueta":[24615,53,24616,547],"class_list":["post-186904","post-noticias","type-post-noticias","status-publish","has-post-thumbnail","hentry","categoria-post-noticias-internacional","etiqueta-avisos-politicos","etiqueta-facebook","etiqueta-publicaciones-de-facebook","etiqueta-redes-sociales"],"yoast_head":"<!-- This site is optimized with the Yoast SEO plugin v23.9 - https:\/\/yoast.com\/wordpress\/plugins\/seo\/ -->\n<title>Facebook comienza a etiquetar y verificar informaci\u00f3n para avisos pol\u00edticos<\/title>\n<meta name=\"description\" content=\"Facebook anunci\u00f3 que comenz\u00f3 a implementar una pol\u00edtica que requiere etiquetar los avisos pol\u00edticos y verificar la identidad de quienes pagan por los mensajes.\" \/>\n<meta name=\"robots\" content=\"index, follow, max-snippet:-1, max-image-preview:large, max-video-preview:-1\" \/>\n<link rel=\"canonical\" href=\"https:\/\/prensalibre-com-develop.go-vip.co\/guatevision\/noticias\/internacional\/facebook-avisos-politicos\" \/>\n<meta property=\"og:locale\" content=\"es_ES\" \/>\n<meta property=\"og:type\" content=\"article\" \/>\n<meta property=\"og:title\" content=\"Facebook comienza a etiquetar y verificar informaci\u00f3n para avisos pol\u00edticos\" \/>\n<meta property=\"og:description\" content=\"Facebook anunci\u00f3 que comenz\u00f3 a implementar una pol\u00edtica que requiere etiquetar los avisos pol\u00edticos y verificar la identidad de quienes pagan por los mensajes.\" \/>\n<meta property=\"og:url\" content=\"https:\/\/prensalibre-com-develop.go-vip.co\/guatevision\/noticias\/internacional\/facebook-avisos-politicos\" \/>\n<meta property=\"og:site_name\" content=\"Guatevision\" \/>\n<meta property=\"article:modified_time\" content=\"2018-05-28T21:06:24+00:00\" \/>\n<meta property=\"og:image\" content=\"https:\/\/prensalibre-com-develop.go-vip.co\/guatevision\/wp-content\/uploads\/sites\/2\/2017\/12\/Facebook-declarara-ingresos-publicitarios-FotoAFP_MEDIMA20171213_0090_31.jpg?quality=82\" \/>\n\t<meta property=\"og:image:width\" content=\"660\" \/>\n\t<meta property=\"og:image:height\" content=\"371\" \/>\n\t<meta property=\"og:image:type\" content=\"image\/jpeg\" \/>\n<meta name=\"twitter:card\" content=\"summary_large_image\" \/>\n<meta name=\"twitter:label1\" content=\"Est. reading time\" \/>\n\t<meta name=\"twitter:data1\" content=\"1 minute\" \/>\n<script type=\"application\/ld+json\" class=\"yoast-schema-graph\">{\"@context\":\"https:\/\/schema.org\",\"@graph\":[{\"@type\":\"WebPage\",\"@id\":\"https:\/\/prensalibre-com-develop.go-vip.co\/guatevision\/noticias\/internacional\/facebook-avisos-politicos\",\"url\":\"https:\/\/prensalibre-com-develop.go-vip.co\/guatevision\/noticias\/internacional\/facebook-avisos-politicos\",\"name\":\"Facebook comienza a etiquetar y verificar informaci\u00f3n para avisos pol\u00edticos\",\"isPartOf\":{\"@id\":\"https:\/\/prensalibre-com-develop.go-vip.co\/guatevision\/#website\"},\"primaryImageOfPage\":{\"@id\":\"https:\/\/prensalibre-com-develop.go-vip.co\/guatevision\/noticias\/internacional\/facebook-avisos-politicos#primaryimage\"},\"image\":{\"@id\":\"https:\/\/prensalibre-com-develop.go-vip.co\/guatevision\/noticias\/internacional\/facebook-avisos-politicos#primaryimage\"},\"thumbnailUrl\":\"https:\/\/prensalibre-com-develop.go-vip.co\/guatevision\/wp-content\/uploads\/sites\/2\/2017\/12\/Facebook-declarara-ingresos-publicitarios-FotoAFP_MEDIMA20171213_0090_31.jpg?quality=82\",\"datePublished\":\"2018-05-28T21:10:47+00:00\",\"dateModified\":\"2018-05-28T21:06:24+00:00\",\"description\":\"Facebook anunci\u00f3 que comenz\u00f3 a implementar una pol\u00edtica que requiere etiquetar los avisos pol\u00edticos y verificar la identidad de quienes pagan por los mensajes.\",\"inLanguage\":\"es-GT\",\"potentialAction\":[{\"@type\":\"ReadAction\",\"target\":[\"https:\/\/prensalibre-com-develop.go-vip.co\/guatevision\/noticias\/internacional\/facebook-avisos-politicos\"]}]},{\"@type\":\"ImageObject\",\"inLanguage\":\"es-GT\",\"@id\":\"https:\/\/prensalibre-com-develop.go-vip.co\/guatevision\/noticias\/internacional\/facebook-avisos-politicos#primaryimage\",\"url\":\"https:\/\/prensalibre-com-develop.go-vip.co\/guatevision\/wp-content\/uploads\/sites\/2\/2017\/12\/Facebook-declarara-ingresos-publicitarios-FotoAFP_MEDIMA20171213_0090_31.jpg?quality=82\",\"contentUrl\":\"https:\/\/prensalibre-com-develop.go-vip.co\/guatevision\/wp-content\/uploads\/sites\/2\/2017\/12\/Facebook-declarara-ingresos-publicitarios-FotoAFP_MEDIMA20171213_0090_31.jpg?quality=82\",\"width\":660,\"height\":371,\"caption\":\"Facebook declarar\u00e1 sus ingresos publicitarios en varios pa\u00edses\"},{\"@type\":\"WebSite\",\"@id\":\"https:\/\/prensalibre-com-develop.go-vip.co\/guatevision\/#website\",\"url\":\"https:\/\/prensalibre-com-develop.go-vip.co\/guatevision\/\",\"name\":\"Guatevision\",\"description\":\"\u00a1Enciende Lo Bueno!\",\"publisher\":{\"@id\":\"https:\/\/prensalibre-com-develop.go-vip.co\/guatevision\/#organization\"},\"potentialAction\":[{\"@type\":\"SearchAction\",\"target\":{\"@type\":\"EntryPoint\",\"urlTemplate\":\"https:\/\/prensalibre-com-develop.go-vip.co\/guatevision\/?s={search_term_string}\"},\"query-input\":{\"@type\":\"PropertyValueSpecification\",\"valueRequired\":true,\"valueName\":\"search_term_string\"}}],\"inLanguage\":\"es-GT\"},{\"@type\":\"Organization\",\"@id\":\"https:\/\/prensalibre-com-develop.go-vip.co\/guatevision\/#organization\",\"name\":\"Guatevision\",\"url\":\"https:\/\/prensalibre-com-develop.go-vip.co\/guatevision\/\",\"logo\":{\"@type\":\"ImageObject\",\"inLanguage\":\"es-GT\",\"@id\":\"https:\/\/prensalibre-com-develop.go-vip.co\/guatevision\/#\/schema\/logo\/image\/\",\"url\":\"https:\/\/prensalibre-com-develop.go-vip.co\/guatevision\/wp-content\/uploads\/sites\/2\/2026\/04\/Diseno-sin-titulo.png?quality=82\",\"contentUrl\":\"https:\/\/prensalibre-com-develop.go-vip.co\/guatevision\/wp-content\/uploads\/sites\/2\/2026\/04\/Diseno-sin-titulo.png?quality=82\",\"width\":1000,\"height\":600,\"caption\":\"Guatevision\"},\"image\":{\"@id\":\"https:\/\/prensalibre-com-develop.go-vip.co\/guatevision\/#\/schema\/logo\/image\/\"}}]}<\/script>\n<!-- \/ Yoast SEO plugin. -->","yoast_head_json":{"title":"Facebook comienza a etiquetar y verificar informaci\u00f3n para avisos pol\u00edticos","description":"Facebook anunci\u00f3 que comenz\u00f3 a implementar una pol\u00edtica que requiere etiquetar los avisos pol\u00edticos y verificar la identidad de quienes pagan por los mensajes.","robots":{"index":"index","follow":"follow","max-snippet":"max-snippet:-1","max-image-preview":"max-image-preview:large","max-video-preview":"max-video-preview:-1"},"canonical":"https:\/\/prensalibre-com-develop.go-vip.co\/guatevision\/noticias\/internacional\/facebook-avisos-politicos","og_locale":"es_ES","og_type":"article","og_title":"Facebook comienza a etiquetar y verificar informaci\u00f3n para avisos pol\u00edticos","og_description":"Facebook anunci\u00f3 que comenz\u00f3 a implementar una pol\u00edtica que requiere etiquetar los avisos pol\u00edticos y verificar la identidad de quienes pagan por los mensajes.","og_url":"https:\/\/prensalibre-com-develop.go-vip.co\/guatevision\/noticias\/internacional\/facebook-avisos-politicos","og_site_name":"Guatevision","article_modified_time":"2018-05-28T21:06:24+00:00","og_image":[{"width":660,"height":371,"url":"https:\/\/prensalibre-com-develop.go-vip.co\/guatevision\/wp-content\/uploads\/sites\/2\/2017\/12\/Facebook-declarara-ingresos-publicitarios-FotoAFP_MEDIMA20171213_0090_31.jpg?quality=82","type":"image\/jpeg"}],"twitter_card":"summary_large_image","twitter_misc":{"Est. reading time":"1 minute"},"schema":{"@context":"https:\/\/schema.org","@graph":[{"@type":"WebPage","@id":"https:\/\/prensalibre-com-develop.go-vip.co\/guatevision\/noticias\/internacional\/facebook-avisos-politicos","url":"https:\/\/prensalibre-com-develop.go-vip.co\/guatevision\/noticias\/internacional\/facebook-avisos-politicos","name":"Facebook comienza a etiquetar y verificar informaci\u00f3n para avisos pol\u00edticos","isPartOf":{"@id":"https:\/\/prensalibre-com-develop.go-vip.co\/guatevision\/#website"},"primaryImageOfPage":{"@id":"https:\/\/prensalibre-com-develop.go-vip.co\/guatevision\/noticias\/internacional\/facebook-avisos-politicos#primaryimage"},"image":{"@id":"https:\/\/prensalibre-com-develop.go-vip.co\/guatevision\/noticias\/internacional\/facebook-avisos-politicos#primaryimage"},"thumbnailUrl":"https:\/\/prensalibre-com-develop.go-vip.co\/guatevision\/wp-content\/uploads\/sites\/2\/2017\/12\/Facebook-declarara-ingresos-publicitarios-FotoAFP_MEDIMA20171213_0090_31.jpg?quality=82","datePublished":"2018-05-28T21:10:47+00:00","dateModified":"2018-05-28T21:06:24+00:00","description":"Facebook anunci\u00f3 que comenz\u00f3 a implementar una pol\u00edtica que requiere etiquetar los avisos pol\u00edticos y verificar la identidad de quienes pagan por los mensajes.","inLanguage":"es-GT","potentialAction":[{"@type":"ReadAction","target":["https:\/\/prensalibre-com-develop.go-vip.co\/guatevision\/noticias\/internacional\/facebook-avisos-politicos"]}]},{"@type":"ImageObject","inLanguage":"es-GT","@id":"https:\/\/prensalibre-com-develop.go-vip.co\/guatevision\/noticias\/internacional\/facebook-avisos-politicos#primaryimage","url":"https:\/\/prensalibre-com-develop.go-vip.co\/guatevision\/wp-content\/uploads\/sites\/2\/2017\/12\/Facebook-declarara-ingresos-publicitarios-FotoAFP_MEDIMA20171213_0090_31.jpg?quality=82","contentUrl":"https:\/\/prensalibre-com-develop.go-vip.co\/guatevision\/wp-content\/uploads\/sites\/2\/2017\/12\/Facebook-declarara-ingresos-publicitarios-FotoAFP_MEDIMA20171213_0090_31.jpg?quality=82","width":660,"height":371,"caption":"Facebook declarar\u00e1 sus ingresos publicitarios en varios pa\u00edses"},{"@type":"WebSite","@id":"https:\/\/prensalibre-com-develop.go-vip.co\/guatevision\/#website","url":"https:\/\/prensalibre-com-develop.go-vip.co\/guatevision\/","name":"Guatevision","description":"\u00a1Enciende Lo Bueno!","publisher":{"@id":"https:\/\/prensalibre-com-develop.go-vip.co\/guatevision\/#organization"},"potentialAction":[{"@type":"SearchAction","target":{"@type":"EntryPoint","urlTemplate":"https:\/\/prensalibre-com-develop.go-vip.co\/guatevision\/?s={search_term_string}"},"query-input":{"@type":"PropertyValueSpecification","valueRequired":true,"valueName":"search_term_string"}}],"inLanguage":"es-GT"},{"@type":"Organization","@id":"https:\/\/prensalibre-com-develop.go-vip.co\/guatevision\/#organization","name":"Guatevision","url":"https:\/\/prensalibre-com-develop.go-vip.co\/guatevision\/","logo":{"@type":"ImageObject","inLanguage":"es-GT","@id":"https:\/\/prensalibre-com-develop.go-vip.co\/guatevision\/#\/schema\/logo\/image\/","url":"https:\/\/prensalibre-com-develop.go-vip.co\/guatevision\/wp-content\/uploads\/sites\/2\/2026\/04\/Diseno-sin-titulo.png?quality=82","contentUrl":"https:\/\/prensalibre-com-develop.go-vip.co\/guatevision\/wp-content\/uploads\/sites\/2\/2026\/04\/Diseno-sin-titulo.png?quality=82","width":1000,"height":600,"caption":"Guatevision"},"image":{"@id":"https:\/\/prensalibre-com-develop.go-vip.co\/guatevision\/#\/schema\/logo\/image\/"}}]}},"jetpack_sharing_enabled":true,"_links":{"self":[{"href":"https:\/\/prensalibre-com-develop.go-vip.co\/guatevision\/wp-json\/wp\/v2\/post-noticias\/186904","targetHints":{"allow":["GET"]}}],"collection":[{"href":"https:\/\/prensalibre-com-develop.go-vip.co\/guatevision\/wp-json\/wp\/v2\/post-noticias"}],"about":[{"href":"https:\/\/prensalibre-com-develop.go-vip.co\/guatevision\/wp-json\/wp\/v2\/types\/post-noticias"}],"author":[{"embeddable":true,"href":"https:\/\/prensalibre-com-develop.go-vip.co\/guatevision\/wp-json\/wp\/v2\/users\/218"}],"version-history":[{"count":0,"href":"https:\/\/prensalibre-com-develop.go-vip.co\/guatevision\/wp-json\/wp\/v2\/post-noticias\/186904\/revisions"}],"wp:featuredmedia":[{"embeddable":true,"href":"https:\/\/prensalibre-com-develop.go-vip.co\/guatevision\/wp-json\/wp\/v2\/media\/137631"}],"wp:attachment":[{"href":"https:\/\/prensalibre-com-develop.go-vip.co\/guatevision\/wp-json\/wp\/v2\/media?parent=186904"}],"wp:term":[{"taxonomy":"etiqueta","embeddable":true,"href":"https:\/\/prensalibre-com-develop.go-vip.co\/guatevision\/wp-json\/wp\/v2\/etiqueta?post=186904"}],"curies":[{"name":"wp","href":"https:\/\/api.w.org\/{rel}","templated":true}]}}