{"id":215866,"date":"2018-08-28T13:30:25","date_gmt":"2018-08-28T19:30:25","guid":{"rendered":"https:\/\/prensalibre-com-develop.go-vip.co\/guatevision\/?post_type=post-noticias&#038;p=215866"},"modified":"2018-08-28T13:07:03","modified_gmt":"2018-08-28T19:07:03","slug":"nadal-comienza-con-triunfo","status":"publish","type":"post-noticias","link":"https:\/\/prensalibre-com-develop.go-vip.co\/guatevision\/noticias\/deportes\/nadal-comienza-con-triunfo","title":{"rendered":"Nadal comienza con triunfo la defensa de su t\u00edtulo en el US Open"},"content":{"rendered":"<p>Rafael Nadal, vigente campe\u00f3n y n\u00famero uno de la ATP, arranc\u00f3 la defensa de su t\u00edtulo en el Abierto de Estados Unidos con un triunfo ante su compatriota David Ferrer, que tuvo que retirarse lesionado tras anunciar en la v\u00edspera que este ser\u00eda su \u00faltimo torneo de Gran Slam.<\/p>\n\n<p>En un encuentro entre dos compa\u00f1eros y amigos, Nadal y Ferrer revivieron una rivalidad que los ha llevado a enfrentarse en 31 ocasiones, con 25 triunfos ahora para el primero, y seis para el segundo. Pero, la \u00fanica vez que se hab\u00edan visto las caras en Flushing Meadows, Ferrer se hab\u00eda llevado la victoria a casa.<\/p>\n<p>Sin embargo, en un duelo en el que predomin\u00f3 la igualdad, Nadal se hizo con la victoria por 6-3, 3-4 y abandono tras hacerse da\u00f1o Ferrer en su tobillo derecho al comienzo de la segunda manga.<\/p>\n<p>&#8220;Me siento mal. Sent\u00ed mucho dolor en mi tobillo, lo intent\u00e9 pero creo que est\u00e1 roto. Tengo muy buenos recuerdos aqu\u00ed. Este es el \u00faltimo (torneo) de Gran Slam de mi carrera y pido perd\u00f3n pero no puedo terminar el partido. Gracias, os echar\u00e9 de menos&#8221;, dijo Ferrer visiblemente emocionado tras el choque.<\/p>\n<p>&#8220;Creo que he jugado un primer set correcto, bien, agresivo, como ten\u00eda que jugar en un d\u00eda como hoy. Luego he jugado un muy mal primer juego en el segundo set pero luego he jugado dos juegos muy muy buenos. M\u00e1s tarde me he despistado con todo lo que le suced\u00eda a David y he perdido la concentraci\u00f3n, coment\u00f3 por su parte Nadal&#8221;.<\/p>\n<p>El momento \u00e1lgido de sus batallas hab\u00eda tenido lugar en la final de Roland Garros en 2013 con triunfo final para Nadal, el dominador del circuito en tierra batida.<\/p>\n<p>Ahora, cinco a\u00f1os despu\u00e9s, con Ferrer con 36 y en el ocaso de una carrera que lo llev\u00f3 al tercer lugar de la ATP, Nadal disfrut\u00f3 de un encuentro peleado, con numerosos intercambios de golpes, con puntos largos y muchos &#8216;deuces&#8217;&#8230; antes de decidirse por la abandono de su compatriota.<\/p>\n<p>&#8220;(Ha sido) muy dif\u00edcil. Es el d\u00eda m\u00e1s caluroso desde que llegu\u00e9 aqu\u00ed hace casi una semana. Ha hecho una humedad infernal. No estoy contento por haber tenido que pasar por todo ello&#8221;, sentenci\u00f3 por su parte &#8216;Rafa&#8217;.<\/p>\n<p>&nbsp;<\/p>\n<h3>&#8211; Desde el fondo de la pista &#8211;<\/h3>\n<p>Con ambos deleitando al p\u00fablico presente en el estadio Arthur Ashe desde el fondo de la pista, Nadal fue el primero en dar un zarpazo a su contrincante al romperle el saque en el tercer juego.<\/p>\n<p>A partir de ah\u00ed, con la tranquilidad que da estar por delante en el resultado, la primera raqueta mundial se llev\u00f3 el primer set por 6-3 en 44 minutos.<\/p>\n<p>El calor y la humedad pasaron factura, &#8216;Rafa&#8217; tuvo que cambiarse la ropa y, poco despu\u00e9s, Ferrer sinti\u00f3 un pinchazo en su tobillo y requiri\u00f3 la asistencia m\u00e9dica.<\/p>\n<p>A partir de ah\u00ed nada pareci\u00f3 importar. Ni siquiera que Ferrer se pusiera 2-4. Cojeando visiblemente, con 3-4, su cuerpo dijo basta y Nadal se adjudic\u00f3 la victoria. Ahora, en segunda ronda, aguarda el canadiense Vasek Pospisil, que bati\u00f3 antes al eslovaco Lukas Lacko.<\/p>\n<p>\u00a9 Agence France-Presse<\/p>\n","protected":false},"excerpt":{"rendered":"<p>El calor y la humedad pasaron factura, &#8216;Rafa&#8217; tuvo que cambiarse la ropa y, poco despu\u00e9s, Ferrer sinti\u00f3 un pinchazo en su tobillo y requiri\u00f3 la asistencia m\u00e9dica.<\/p>\n","protected":false},"author":71,"featured_media":215868,"template":"","etiqueta":[20351,20991,20353,28524],"class_list":["post-215866","post-noticias","type-post-noticias","status-publish","has-post-thumbnail","hentry","categoria-post-noticias-deportes","etiqueta-atp","etiqueta-rafael-nadal","etiqueta-tenis","etiqueta-us-open"],"yoast_head":"<!-- This site is optimized with the Yoast SEO plugin v23.9 - https:\/\/yoast.com\/wordpress\/plugins\/seo\/ -->\n<title>Nadal comienza con triunfo la defensa de su t\u00edtulo en el US Open - Guatevision<\/title>\n<meta name=\"description\" content=\"Nadal, vigente campe\u00f3n y n\u00famero uno de la ATP, arranc\u00f3 la defensa de su t\u00edtulo en el Abierto de Estados Unidos con triunfo ante su compatriota David Ferrer\" \/>\n<meta name=\"robots\" content=\"index, follow, max-snippet:-1, max-image-preview:large, max-video-preview:-1\" \/>\n<link rel=\"canonical\" href=\"https:\/\/prensalibre-com-develop.go-vip.co\/guatevision\/noticias\/deportes\/nadal-comienza-con-triunfo\" \/>\n<meta property=\"og:locale\" content=\"es_ES\" \/>\n<meta property=\"og:type\" content=\"article\" \/>\n<meta property=\"og:title\" content=\"Nadal comienza con triunfo la defensa de su t\u00edtulo en el US Open - Guatevision\" \/>\n<meta property=\"og:description\" content=\"Nadal, vigente campe\u00f3n y n\u00famero uno de la ATP, arranc\u00f3 la defensa de su t\u00edtulo en el Abierto de Estados Unidos con triunfo ante su compatriota David Ferrer\" \/>\n<meta property=\"og:url\" content=\"https:\/\/prensalibre-com-develop.go-vip.co\/guatevision\/noticias\/deportes\/nadal-comienza-con-triunfo\" \/>\n<meta property=\"og:site_name\" content=\"Guatevision\" \/>\n<meta property=\"article:modified_time\" content=\"2018-08-28T19:07:03+00:00\" \/>\n<meta property=\"og:image\" content=\"https:\/\/prensalibre-com-develop.go-vip.co\/guatevision\/wp-content\/uploads\/sites\/2\/2018\/08\/Rafael-Nadal.jpg?quality=82\" \/>\n\t<meta property=\"og:image:width\" content=\"768\" \/>\n\t<meta property=\"og:image:height\" content=\"527\" \/>\n\t<meta property=\"og:image:type\" content=\"image\/jpeg\" \/>\n<meta name=\"twitter:card\" content=\"summary_large_image\" \/>\n<meta name=\"twitter:label1\" content=\"Est. reading time\" \/>\n\t<meta name=\"twitter:data1\" content=\"3 minutes\" \/>\n<script type=\"application\/ld+json\" class=\"yoast-schema-graph\">{\"@context\":\"https:\/\/schema.org\",\"@graph\":[{\"@type\":\"WebPage\",\"@id\":\"https:\/\/prensalibre-com-develop.go-vip.co\/guatevision\/noticias\/deportes\/nadal-comienza-con-triunfo\",\"url\":\"https:\/\/prensalibre-com-develop.go-vip.co\/guatevision\/noticias\/deportes\/nadal-comienza-con-triunfo\",\"name\":\"Nadal comienza con triunfo la defensa de su t\u00edtulo en el US Open - Guatevision\",\"isPartOf\":{\"@id\":\"https:\/\/prensalibre-com-develop.go-vip.co\/guatevision\/#website\"},\"primaryImageOfPage\":{\"@id\":\"https:\/\/prensalibre-com-develop.go-vip.co\/guatevision\/noticias\/deportes\/nadal-comienza-con-triunfo#primaryimage\"},\"image\":{\"@id\":\"https:\/\/prensalibre-com-develop.go-vip.co\/guatevision\/noticias\/deportes\/nadal-comienza-con-triunfo#primaryimage\"},\"thumbnailUrl\":\"https:\/\/prensalibre-com-develop.go-vip.co\/guatevision\/wp-content\/uploads\/sites\/2\/2018\/08\/Rafael-Nadal.jpg?quality=82\",\"datePublished\":\"2018-08-28T19:30:25+00:00\",\"dateModified\":\"2018-08-28T19:07:03+00:00\",\"description\":\"Nadal, vigente campe\u00f3n y n\u00famero uno de la ATP, arranc\u00f3 la defensa de su t\u00edtulo en el Abierto de Estados Unidos con triunfo ante su compatriota David Ferrer\",\"inLanguage\":\"es-GT\",\"potentialAction\":[{\"@type\":\"ReadAction\",\"target\":[\"https:\/\/prensalibre-com-develop.go-vip.co\/guatevision\/noticias\/deportes\/nadal-comienza-con-triunfo\"]}]},{\"@type\":\"ImageObject\",\"inLanguage\":\"es-GT\",\"@id\":\"https:\/\/prensalibre-com-develop.go-vip.co\/guatevision\/noticias\/deportes\/nadal-comienza-con-triunfo#primaryimage\",\"url\":\"https:\/\/prensalibre-com-develop.go-vip.co\/guatevision\/wp-content\/uploads\/sites\/2\/2018\/08\/Rafael-Nadal.jpg?quality=82\",\"contentUrl\":\"https:\/\/prensalibre-com-develop.go-vip.co\/guatevision\/wp-content\/uploads\/sites\/2\/2018\/08\/Rafael-Nadal.jpg?quality=82\",\"width\":768,\"height\":527,\"caption\":\"Rafael Nadal of Spain hits a return to David Ferrer (out of frame) of Spain during their 2018 US Open men's Singles match at the USTA Billie Jean King National Tennis Center in New York on August 27, 2018. \/ AFP PHOTO \/ Don EMMERT\"},{\"@type\":\"WebSite\",\"@id\":\"https:\/\/prensalibre-com-develop.go-vip.co\/guatevision\/#website\",\"url\":\"https:\/\/prensalibre-com-develop.go-vip.co\/guatevision\/\",\"name\":\"Guatevision\",\"description\":\"\u00a1Enciende Lo Bueno!\",\"publisher\":{\"@id\":\"https:\/\/prensalibre-com-develop.go-vip.co\/guatevision\/#organization\"},\"potentialAction\":[{\"@type\":\"SearchAction\",\"target\":{\"@type\":\"EntryPoint\",\"urlTemplate\":\"https:\/\/prensalibre-com-develop.go-vip.co\/guatevision\/?s={search_term_string}\"},\"query-input\":{\"@type\":\"PropertyValueSpecification\",\"valueRequired\":true,\"valueName\":\"search_term_string\"}}],\"inLanguage\":\"es-GT\"},{\"@type\":\"Organization\",\"@id\":\"https:\/\/prensalibre-com-develop.go-vip.co\/guatevision\/#organization\",\"name\":\"Guatevision\",\"url\":\"https:\/\/prensalibre-com-develop.go-vip.co\/guatevision\/\",\"logo\":{\"@type\":\"ImageObject\",\"inLanguage\":\"es-GT\",\"@id\":\"https:\/\/prensalibre-com-develop.go-vip.co\/guatevision\/#\/schema\/logo\/image\/\",\"url\":\"https:\/\/prensalibre-com-develop.go-vip.co\/guatevision\/wp-content\/uploads\/sites\/2\/2026\/04\/Diseno-sin-titulo.png?quality=82\",\"contentUrl\":\"https:\/\/prensalibre-com-develop.go-vip.co\/guatevision\/wp-content\/uploads\/sites\/2\/2026\/04\/Diseno-sin-titulo.png?quality=82\",\"width\":1000,\"height\":600,\"caption\":\"Guatevision\"},\"image\":{\"@id\":\"https:\/\/prensalibre-com-develop.go-vip.co\/guatevision\/#\/schema\/logo\/image\/\"}}]}<\/script>\n<!-- \/ Yoast SEO plugin. -->","yoast_head_json":{"title":"Nadal comienza con triunfo la defensa de su t\u00edtulo en el US Open - Guatevision","description":"Nadal, vigente campe\u00f3n y n\u00famero uno de la ATP, arranc\u00f3 la defensa de su t\u00edtulo en el Abierto de Estados Unidos con triunfo ante su compatriota David Ferrer","robots":{"index":"index","follow":"follow","max-snippet":"max-snippet:-1","max-image-preview":"max-image-preview:large","max-video-preview":"max-video-preview:-1"},"canonical":"https:\/\/prensalibre-com-develop.go-vip.co\/guatevision\/noticias\/deportes\/nadal-comienza-con-triunfo","og_locale":"es_ES","og_type":"article","og_title":"Nadal comienza con triunfo la defensa de su t\u00edtulo en el US Open - Guatevision","og_description":"Nadal, vigente campe\u00f3n y n\u00famero uno de la ATP, arranc\u00f3 la defensa de su t\u00edtulo en el Abierto de Estados Unidos con triunfo ante su compatriota David Ferrer","og_url":"https:\/\/prensalibre-com-develop.go-vip.co\/guatevision\/noticias\/deportes\/nadal-comienza-con-triunfo","og_site_name":"Guatevision","article_modified_time":"2018-08-28T19:07:03+00:00","og_image":[{"width":768,"height":527,"url":"https:\/\/prensalibre-com-develop.go-vip.co\/guatevision\/wp-content\/uploads\/sites\/2\/2018\/08\/Rafael-Nadal.jpg?quality=82","type":"image\/jpeg"}],"twitter_card":"summary_large_image","twitter_misc":{"Est. reading time":"3 minutes"},"schema":{"@context":"https:\/\/schema.org","@graph":[{"@type":"WebPage","@id":"https:\/\/prensalibre-com-develop.go-vip.co\/guatevision\/noticias\/deportes\/nadal-comienza-con-triunfo","url":"https:\/\/prensalibre-com-develop.go-vip.co\/guatevision\/noticias\/deportes\/nadal-comienza-con-triunfo","name":"Nadal comienza con triunfo la defensa de su t\u00edtulo en el US Open - Guatevision","isPartOf":{"@id":"https:\/\/prensalibre-com-develop.go-vip.co\/guatevision\/#website"},"primaryImageOfPage":{"@id":"https:\/\/prensalibre-com-develop.go-vip.co\/guatevision\/noticias\/deportes\/nadal-comienza-con-triunfo#primaryimage"},"image":{"@id":"https:\/\/prensalibre-com-develop.go-vip.co\/guatevision\/noticias\/deportes\/nadal-comienza-con-triunfo#primaryimage"},"thumbnailUrl":"https:\/\/prensalibre-com-develop.go-vip.co\/guatevision\/wp-content\/uploads\/sites\/2\/2018\/08\/Rafael-Nadal.jpg?quality=82","datePublished":"2018-08-28T19:30:25+00:00","dateModified":"2018-08-28T19:07:03+00:00","description":"Nadal, vigente campe\u00f3n y n\u00famero uno de la ATP, arranc\u00f3 la defensa de su t\u00edtulo en el Abierto de Estados Unidos con triunfo ante su compatriota David Ferrer","inLanguage":"es-GT","potentialAction":[{"@type":"ReadAction","target":["https:\/\/prensalibre-com-develop.go-vip.co\/guatevision\/noticias\/deportes\/nadal-comienza-con-triunfo"]}]},{"@type":"ImageObject","inLanguage":"es-GT","@id":"https:\/\/prensalibre-com-develop.go-vip.co\/guatevision\/noticias\/deportes\/nadal-comienza-con-triunfo#primaryimage","url":"https:\/\/prensalibre-com-develop.go-vip.co\/guatevision\/wp-content\/uploads\/sites\/2\/2018\/08\/Rafael-Nadal.jpg?quality=82","contentUrl":"https:\/\/prensalibre-com-develop.go-vip.co\/guatevision\/wp-content\/uploads\/sites\/2\/2018\/08\/Rafael-Nadal.jpg?quality=82","width":768,"height":527,"caption":"Rafael Nadal of Spain hits a return to David Ferrer (out of frame) of Spain during their 2018 US Open men's Singles match at the USTA Billie Jean King National Tennis Center in New York on August 27, 2018. \/ AFP PHOTO \/ Don EMMERT"},{"@type":"WebSite","@id":"https:\/\/prensalibre-com-develop.go-vip.co\/guatevision\/#website","url":"https:\/\/prensalibre-com-develop.go-vip.co\/guatevision\/","name":"Guatevision","description":"\u00a1Enciende Lo Bueno!","publisher":{"@id":"https:\/\/prensalibre-com-develop.go-vip.co\/guatevision\/#organization"},"potentialAction":[{"@type":"SearchAction","target":{"@type":"EntryPoint","urlTemplate":"https:\/\/prensalibre-com-develop.go-vip.co\/guatevision\/?s={search_term_string}"},"query-input":{"@type":"PropertyValueSpecification","valueRequired":true,"valueName":"search_term_string"}}],"inLanguage":"es-GT"},{"@type":"Organization","@id":"https:\/\/prensalibre-com-develop.go-vip.co\/guatevision\/#organization","name":"Guatevision","url":"https:\/\/prensalibre-com-develop.go-vip.co\/guatevision\/","logo":{"@type":"ImageObject","inLanguage":"es-GT","@id":"https:\/\/prensalibre-com-develop.go-vip.co\/guatevision\/#\/schema\/logo\/image\/","url":"https:\/\/prensalibre-com-develop.go-vip.co\/guatevision\/wp-content\/uploads\/sites\/2\/2026\/04\/Diseno-sin-titulo.png?quality=82","contentUrl":"https:\/\/prensalibre-com-develop.go-vip.co\/guatevision\/wp-content\/uploads\/sites\/2\/2026\/04\/Diseno-sin-titulo.png?quality=82","width":1000,"height":600,"caption":"Guatevision"},"image":{"@id":"https:\/\/prensalibre-com-develop.go-vip.co\/guatevision\/#\/schema\/logo\/image\/"}}]}},"jetpack_sharing_enabled":true,"_links":{"self":[{"href":"https:\/\/prensalibre-com-develop.go-vip.co\/guatevision\/wp-json\/wp\/v2\/post-noticias\/215866","targetHints":{"allow":["GET"]}}],"collection":[{"href":"https:\/\/prensalibre-com-develop.go-vip.co\/guatevision\/wp-json\/wp\/v2\/post-noticias"}],"about":[{"href":"https:\/\/prensalibre-com-develop.go-vip.co\/guatevision\/wp-json\/wp\/v2\/types\/post-noticias"}],"author":[{"embeddable":true,"href":"https:\/\/prensalibre-com-develop.go-vip.co\/guatevision\/wp-json\/wp\/v2\/users\/71"}],"version-history":[{"count":0,"href":"https:\/\/prensalibre-com-develop.go-vip.co\/guatevision\/wp-json\/wp\/v2\/post-noticias\/215866\/revisions"}],"wp:featuredmedia":[{"embeddable":true,"href":"https:\/\/prensalibre-com-develop.go-vip.co\/guatevision\/wp-json\/wp\/v2\/media\/215868"}],"wp:attachment":[{"href":"https:\/\/prensalibre-com-develop.go-vip.co\/guatevision\/wp-json\/wp\/v2\/media?parent=215866"}],"wp:term":[{"taxonomy":"etiqueta","embeddable":true,"href":"https:\/\/prensalibre-com-develop.go-vip.co\/guatevision\/wp-json\/wp\/v2\/etiqueta?post=215866"}],"curies":[{"name":"wp","href":"https:\/\/api.w.org\/{rel}","templated":true}]}}