{"id":216176,"date":"2018-08-28T20:29:37","date_gmt":"2018-08-29T02:29:37","guid":{"rendered":"https:\/\/prensalibre-com-develop.go-vip.co\/guatevision\/?post_type=post-noticias&#038;p=216176"},"modified":"2018-08-28T21:30:30","modified_gmt":"2018-08-29T03:30:30","slug":"municipal-con-cambios","status":"publish","type":"post-noticias","link":"https:\/\/prensalibre-com-develop.go-vip.co\/guatevision\/noticias\/deportes\/municipal-con-cambios","title":{"rendered":"Municipal con cambios para el cl\u00e1sico 303"},"content":{"rendered":"<p>Municipal podr\u00eda tener varios cambios en su alineaci\u00f3n titular para el cl\u00e1sico 303<\/p>\n\n<p>Jonatan Hansen por lesi\u00f3n adem\u00e1s de algunas variantes anuncia el equipo escarlata.<\/p>\n<p>Hansen a \u00faltima hora present\u00f3 un problema muscular y est\u00e1 totalmente descartado.<\/p>\n<p>&nbsp;<\/p>\n<h3>Municipal con variantes.<\/h3>\n<p>Lamentablemente para Medford las primeras cinco fechas no han salido como se hab\u00eda planificado<\/p>\n<p>De 15 puntos disputados, apenas registran seis producto de dos victorias.<\/p>\n<p>Mientras de local, han sufrido dos derrotas consecutivas.<\/p>\n<p>Luego del \u00faltimo resultado ante Iztapa, los escarlatas podr\u00edan presentar algunos cambios en su alineaci\u00f3n<\/p>\n<p>Al parecer de siete extranjeros de inicio podr\u00edan reducir a cuatro.<\/p>\n<p>Jos\u00e9 Mart\u00ednez podr\u00eda tener su aparici\u00f3n en la zona delantera, as\u00ed mismo el retorno de Sergio Trujillo<\/p>\n<p>Asi mismo el retorno del nacional Manuel L\u00f3pez en la zona defensiva, haciendo pareja con Denniss L\u00f3pez<\/p>\n<blockquote class=\"twitter-tweet\" data-width=\"500\" data-dnt=\"true\">\n<p lang=\"es\" dir=\"ltr\"><a href=\"https:\/\/twitter.com\/hashtag\/AperturaGtv?src=hash&amp;ref_src=twsrc%5Etfw\">#AperturaGtv<\/a> Los <a href=\"https:\/\/twitter.com\/Rojos_Municipal?ref_src=twsrc%5Etfw\">@Rojos_Municipal<\/a> manejan dos probables alineaciones, para el <a href=\"https:\/\/twitter.com\/hashtag\/Cl%C3%A1sico303Gtv?src=hash&amp;ref_src=twsrc%5Etfw\">#Cl\u00e1sico303Gtv<\/a> , ahora con 4 extranjeros<\/p>\n<p>Comunicaciones \ud83c\udd9a Municipal <br \/>\ud83d\udcc6 Mi\u00e9rcoles 29<br \/>\u23f1 20:00 hrs<br \/>\ud83c\udfdf Doroteo Guamuche Flores<br \/>\ud83c\udfab Q30, Q60 , Q.80 y Q200 <a href=\"https:\/\/t.co\/h3wRyeqMTn\">pic.twitter.com\/h3wRyeqMTn<\/a><\/p>\n<p>&mdash; Luis L\u00f3pez (@luilopezgt) <a href=\"https:\/\/twitter.com\/luilopezgt\/status\/1034606063432151040?ref_src=twsrc%5Etfw\">August 29, 2018<\/a><\/p><\/blockquote>\n<p><script async src=\"https:\/\/platform.twitter.com\/widgets.js\" charset=\"utf-8\"><\/script><\/p>\n<h5>Tambien te puede interesar:<\/h5>\n<h5><a href=\"https:\/\/prensalibre-com-develop.go-vip.co\/guatevision\/noticias\/deportes\/clasico\/\">10,200 boletos se pondr\u00e1n a la venta para el cl\u00e1sico<\/a><\/h5>\n<p>&nbsp;<\/p>\n<h3>O lo mismo<\/h3>\n<p>Aunque tampoco habr\u00eda que descartar que la presi\u00f3n que sufre el t\u00e9cnico tico se juegue su \u00faltima carta<\/p>\n<p>Continuar con su proyecto de seis o siete extranjeros, con el retorno de Andrey Francis y el argentino Acevedo.<\/p>\n<p>Ellos se sumar\u00edan a Dennis L\u00f3pez, Jaime Alas, Omar Salazar<\/p>\n<p>https:\/\/twitter.com\/LuisLopez_gtv\/status\/1034583435501858817<\/p>\n<p>&nbsp;<\/p>\n<h3>\u00bfMedford podr\u00eda irse?<\/h3>\n<p>Las cosas para el t\u00e9cnico costarricense en Municipal no han resultado.<\/p>\n<p>Su nuevo proyecto ha sido muy criticado, sobre todo por la gran cantidad de extranjeros.<\/p>\n<p>As\u00ed mismo la relaci\u00f3n con la prensa ha venido en total deterioro, al punto que ya no da declaraciones.<\/p>\n<p>Extraoficialmente ha trascendido que el una derrota pr\u00e1cticamente ser\u00eda el \u00faltimo juego del &#8220;pel\u00edcano&#8221;.<\/p>\n<p>&nbsp;<\/p>\n","protected":false},"excerpt":{"rendered":"","protected":false},"author":71,"featured_media":216135,"template":"","etiqueta":[23207,28554,20343,67,20881],"class_list":["post-216176","post-noticias","type-post-noticias","status-publish","has-post-thumbnail","hentry","categoria-post-noticias-deportes","etiqueta-apertura","etiqueta-clasico-303","etiqueta-comunicaciones","etiqueta-futbol-guatemala","etiqueta-municipal"],"yoast_head":"<!-- This site is optimized with the Yoast SEO plugin v23.9 - https:\/\/yoast.com\/wordpress\/plugins\/seo\/ -->\n<title>Municipal con cambios para el cl\u00e1sico 303 - Guatevision<\/title>\n<meta name=\"robots\" content=\"index, follow, max-snippet:-1, max-image-preview:large, max-video-preview:-1\" \/>\n<link rel=\"canonical\" href=\"https:\/\/prensalibre-com-develop.go-vip.co\/guatevision\/noticias\/deportes\/municipal-con-cambios\" \/>\n<meta property=\"og:locale\" content=\"es_ES\" \/>\n<meta property=\"og:type\" content=\"article\" \/>\n<meta property=\"og:title\" content=\"Municipal con cambios para el cl\u00e1sico 303 - Guatevision\" \/>\n<meta property=\"og:url\" content=\"https:\/\/prensalibre-com-develop.go-vip.co\/guatevision\/noticias\/deportes\/municipal-con-cambios\" \/>\n<meta property=\"og:site_name\" content=\"Guatevision\" \/>\n<meta property=\"article:modified_time\" content=\"2018-08-29T03:30:30+00:00\" \/>\n<meta property=\"og:image\" content=\"https:\/\/prensalibre-com-develop.go-vip.co\/guatevision\/wp-content\/uploads\/sites\/2\/2018\/08\/Captura-de-pantalla-2018-08-28-a-las-17.49.14.png?quality=82\" \/>\n\t<meta property=\"og:image:width\" content=\"568\" \/>\n\t<meta property=\"og:image:height\" content=\"352\" \/>\n\t<meta property=\"og:image:type\" content=\"image\/png\" \/>\n<meta name=\"twitter:card\" content=\"summary_large_image\" \/>\n<meta name=\"twitter:label1\" content=\"Est. reading time\" \/>\n\t<meta name=\"twitter:data1\" content=\"1 minute\" \/>\n<script type=\"application\/ld+json\" class=\"yoast-schema-graph\">{\"@context\":\"https:\/\/schema.org\",\"@graph\":[{\"@type\":\"WebPage\",\"@id\":\"https:\/\/prensalibre-com-develop.go-vip.co\/guatevision\/noticias\/deportes\/municipal-con-cambios\",\"url\":\"https:\/\/prensalibre-com-develop.go-vip.co\/guatevision\/noticias\/deportes\/municipal-con-cambios\",\"name\":\"Municipal con cambios para el cl\u00e1sico 303 - Guatevision\",\"isPartOf\":{\"@id\":\"https:\/\/prensalibre-com-develop.go-vip.co\/guatevision\/#website\"},\"primaryImageOfPage\":{\"@id\":\"https:\/\/prensalibre-com-develop.go-vip.co\/guatevision\/noticias\/deportes\/municipal-con-cambios#primaryimage\"},\"image\":{\"@id\":\"https:\/\/prensalibre-com-develop.go-vip.co\/guatevision\/noticias\/deportes\/municipal-con-cambios#primaryimage\"},\"thumbnailUrl\":\"https:\/\/prensalibre-com-develop.go-vip.co\/guatevision\/wp-content\/uploads\/sites\/2\/2018\/08\/Captura-de-pantalla-2018-08-28-a-las-17.49.14.png?quality=82\",\"datePublished\":\"2018-08-29T02:29:37+00:00\",\"dateModified\":\"2018-08-29T03:30:30+00:00\",\"inLanguage\":\"es-GT\",\"potentialAction\":[{\"@type\":\"ReadAction\",\"target\":[\"https:\/\/prensalibre-com-develop.go-vip.co\/guatevision\/noticias\/deportes\/municipal-con-cambios\"]}]},{\"@type\":\"ImageObject\",\"inLanguage\":\"es-GT\",\"@id\":\"https:\/\/prensalibre-com-develop.go-vip.co\/guatevision\/noticias\/deportes\/municipal-con-cambios#primaryimage\",\"url\":\"https:\/\/prensalibre-com-develop.go-vip.co\/guatevision\/wp-content\/uploads\/sites\/2\/2018\/08\/Captura-de-pantalla-2018-08-28-a-las-17.49.14.png?quality=82\",\"contentUrl\":\"https:\/\/prensalibre-com-develop.go-vip.co\/guatevision\/wp-content\/uploads\/sites\/2\/2018\/08\/Captura-de-pantalla-2018-08-28-a-las-17.49.14.png?quality=82\",\"width\":568,\"height\":352,\"caption\":\"Municipal Iztapa\"},{\"@type\":\"WebSite\",\"@id\":\"https:\/\/prensalibre-com-develop.go-vip.co\/guatevision\/#website\",\"url\":\"https:\/\/prensalibre-com-develop.go-vip.co\/guatevision\/\",\"name\":\"Guatevision\",\"description\":\"\u00a1Enciende Lo Bueno!\",\"publisher\":{\"@id\":\"https:\/\/prensalibre-com-develop.go-vip.co\/guatevision\/#organization\"},\"potentialAction\":[{\"@type\":\"SearchAction\",\"target\":{\"@type\":\"EntryPoint\",\"urlTemplate\":\"https:\/\/prensalibre-com-develop.go-vip.co\/guatevision\/?s={search_term_string}\"},\"query-input\":{\"@type\":\"PropertyValueSpecification\",\"valueRequired\":true,\"valueName\":\"search_term_string\"}}],\"inLanguage\":\"es-GT\"},{\"@type\":\"Organization\",\"@id\":\"https:\/\/prensalibre-com-develop.go-vip.co\/guatevision\/#organization\",\"name\":\"Guatevision\",\"url\":\"https:\/\/prensalibre-com-develop.go-vip.co\/guatevision\/\",\"logo\":{\"@type\":\"ImageObject\",\"inLanguage\":\"es-GT\",\"@id\":\"https:\/\/prensalibre-com-develop.go-vip.co\/guatevision\/#\/schema\/logo\/image\/\",\"url\":\"https:\/\/prensalibre-com-develop.go-vip.co\/guatevision\/wp-content\/uploads\/sites\/2\/2026\/04\/Diseno-sin-titulo.png?quality=82\",\"contentUrl\":\"https:\/\/prensalibre-com-develop.go-vip.co\/guatevision\/wp-content\/uploads\/sites\/2\/2026\/04\/Diseno-sin-titulo.png?quality=82\",\"width\":1000,\"height\":600,\"caption\":\"Guatevision\"},\"image\":{\"@id\":\"https:\/\/prensalibre-com-develop.go-vip.co\/guatevision\/#\/schema\/logo\/image\/\"}}]}<\/script>\n<!-- \/ Yoast SEO plugin. -->","yoast_head_json":{"title":"Municipal con cambios para el cl\u00e1sico 303 - Guatevision","robots":{"index":"index","follow":"follow","max-snippet":"max-snippet:-1","max-image-preview":"max-image-preview:large","max-video-preview":"max-video-preview:-1"},"canonical":"https:\/\/prensalibre-com-develop.go-vip.co\/guatevision\/noticias\/deportes\/municipal-con-cambios","og_locale":"es_ES","og_type":"article","og_title":"Municipal con cambios para el cl\u00e1sico 303 - Guatevision","og_url":"https:\/\/prensalibre-com-develop.go-vip.co\/guatevision\/noticias\/deportes\/municipal-con-cambios","og_site_name":"Guatevision","article_modified_time":"2018-08-29T03:30:30+00:00","og_image":[{"width":568,"height":352,"url":"https:\/\/prensalibre-com-develop.go-vip.co\/guatevision\/wp-content\/uploads\/sites\/2\/2018\/08\/Captura-de-pantalla-2018-08-28-a-las-17.49.14.png?quality=82","type":"image\/png"}],"twitter_card":"summary_large_image","twitter_misc":{"Est. reading time":"1 minute"},"schema":{"@context":"https:\/\/schema.org","@graph":[{"@type":"WebPage","@id":"https:\/\/prensalibre-com-develop.go-vip.co\/guatevision\/noticias\/deportes\/municipal-con-cambios","url":"https:\/\/prensalibre-com-develop.go-vip.co\/guatevision\/noticias\/deportes\/municipal-con-cambios","name":"Municipal con cambios para el cl\u00e1sico 303 - Guatevision","isPartOf":{"@id":"https:\/\/prensalibre-com-develop.go-vip.co\/guatevision\/#website"},"primaryImageOfPage":{"@id":"https:\/\/prensalibre-com-develop.go-vip.co\/guatevision\/noticias\/deportes\/municipal-con-cambios#primaryimage"},"image":{"@id":"https:\/\/prensalibre-com-develop.go-vip.co\/guatevision\/noticias\/deportes\/municipal-con-cambios#primaryimage"},"thumbnailUrl":"https:\/\/prensalibre-com-develop.go-vip.co\/guatevision\/wp-content\/uploads\/sites\/2\/2018\/08\/Captura-de-pantalla-2018-08-28-a-las-17.49.14.png?quality=82","datePublished":"2018-08-29T02:29:37+00:00","dateModified":"2018-08-29T03:30:30+00:00","inLanguage":"es-GT","potentialAction":[{"@type":"ReadAction","target":["https:\/\/prensalibre-com-develop.go-vip.co\/guatevision\/noticias\/deportes\/municipal-con-cambios"]}]},{"@type":"ImageObject","inLanguage":"es-GT","@id":"https:\/\/prensalibre-com-develop.go-vip.co\/guatevision\/noticias\/deportes\/municipal-con-cambios#primaryimage","url":"https:\/\/prensalibre-com-develop.go-vip.co\/guatevision\/wp-content\/uploads\/sites\/2\/2018\/08\/Captura-de-pantalla-2018-08-28-a-las-17.49.14.png?quality=82","contentUrl":"https:\/\/prensalibre-com-develop.go-vip.co\/guatevision\/wp-content\/uploads\/sites\/2\/2018\/08\/Captura-de-pantalla-2018-08-28-a-las-17.49.14.png?quality=82","width":568,"height":352,"caption":"Municipal Iztapa"},{"@type":"WebSite","@id":"https:\/\/prensalibre-com-develop.go-vip.co\/guatevision\/#website","url":"https:\/\/prensalibre-com-develop.go-vip.co\/guatevision\/","name":"Guatevision","description":"\u00a1Enciende Lo Bueno!","publisher":{"@id":"https:\/\/prensalibre-com-develop.go-vip.co\/guatevision\/#organization"},"potentialAction":[{"@type":"SearchAction","target":{"@type":"EntryPoint","urlTemplate":"https:\/\/prensalibre-com-develop.go-vip.co\/guatevision\/?s={search_term_string}"},"query-input":{"@type":"PropertyValueSpecification","valueRequired":true,"valueName":"search_term_string"}}],"inLanguage":"es-GT"},{"@type":"Organization","@id":"https:\/\/prensalibre-com-develop.go-vip.co\/guatevision\/#organization","name":"Guatevision","url":"https:\/\/prensalibre-com-develop.go-vip.co\/guatevision\/","logo":{"@type":"ImageObject","inLanguage":"es-GT","@id":"https:\/\/prensalibre-com-develop.go-vip.co\/guatevision\/#\/schema\/logo\/image\/","url":"https:\/\/prensalibre-com-develop.go-vip.co\/guatevision\/wp-content\/uploads\/sites\/2\/2026\/04\/Diseno-sin-titulo.png?quality=82","contentUrl":"https:\/\/prensalibre-com-develop.go-vip.co\/guatevision\/wp-content\/uploads\/sites\/2\/2026\/04\/Diseno-sin-titulo.png?quality=82","width":1000,"height":600,"caption":"Guatevision"},"image":{"@id":"https:\/\/prensalibre-com-develop.go-vip.co\/guatevision\/#\/schema\/logo\/image\/"}}]}},"jetpack_sharing_enabled":true,"_links":{"self":[{"href":"https:\/\/prensalibre-com-develop.go-vip.co\/guatevision\/wp-json\/wp\/v2\/post-noticias\/216176","targetHints":{"allow":["GET"]}}],"collection":[{"href":"https:\/\/prensalibre-com-develop.go-vip.co\/guatevision\/wp-json\/wp\/v2\/post-noticias"}],"about":[{"href":"https:\/\/prensalibre-com-develop.go-vip.co\/guatevision\/wp-json\/wp\/v2\/types\/post-noticias"}],"author":[{"embeddable":true,"href":"https:\/\/prensalibre-com-develop.go-vip.co\/guatevision\/wp-json\/wp\/v2\/users\/71"}],"version-history":[{"count":0,"href":"https:\/\/prensalibre-com-develop.go-vip.co\/guatevision\/wp-json\/wp\/v2\/post-noticias\/216176\/revisions"}],"wp:featuredmedia":[{"embeddable":true,"href":"https:\/\/prensalibre-com-develop.go-vip.co\/guatevision\/wp-json\/wp\/v2\/media\/216135"}],"wp:attachment":[{"href":"https:\/\/prensalibre-com-develop.go-vip.co\/guatevision\/wp-json\/wp\/v2\/media?parent=216176"}],"wp:term":[{"taxonomy":"etiqueta","embeddable":true,"href":"https:\/\/prensalibre-com-develop.go-vip.co\/guatevision\/wp-json\/wp\/v2\/etiqueta?post=216176"}],"curies":[{"name":"wp","href":"https:\/\/api.w.org\/{rel}","templated":true}]}}