{"id":218522,"date":"2018-09-03T20:50:07","date_gmt":"2018-09-04T02:50:07","guid":{"rendered":"https:\/\/prensalibre-com-develop.go-vip.co\/guatevision\/?post_type=post-noticias&#038;p=218522"},"modified":"2018-09-03T19:38:47","modified_gmt":"2018-09-04T01:38:47","slug":"seleccion-ya-piensa","status":"publish","type":"post-noticias","link":"https:\/\/prensalibre-com-develop.go-vip.co\/guatevision\/noticias\/deportes\/seleccion-ya-piensa","title":{"rendered":"Selecci\u00f3n ya piensa en Argentina"},"content":{"rendered":"<p>La Selecci\u00f3n mayor de Guatemala realizaron una \u00fanica pr\u00e1ctica este lunes con la mira puesta en Argentina.<\/p>\n\n<p>Walter Claver\u00eda hizo f\u00fatbol y empez\u00f3 a dibujar su probable alineaci\u00f3n.<\/p>\n<p>Pr\u00e1cticamente son pocas las variantes con relaci\u00f3n a los dos equipos que us\u00f3 ante Cuba<\/p>\n<p>Seguramente Jos\u00e9 Contreras tendr\u00e1 su lugar entre los titulares.<\/p>\n<p>Aunque falta por conocer la situaci\u00f3n de visas de Jos\u00e9 Marquez y \u00c1ngel Cabrera<\/p>\n<p>As\u00ed mismo Wilson Pineda, Eduardo Soto, Delfino \u00c1lvarez quienes tendr\u00e1n cita con la embajada este martes.<\/p>\n<h5>Tambien te puede interesar<\/h5>\n<h5><a href=\"https:\/\/prensalibre-com-develop.go-vip.co\/guatevision\/noticias\/deportes\/fedefut-denuncia\/\">Fedefut denuncia supuesto robo de implementos deportivos<\/a><\/h5>\n<h3><\/h3>\n<h3>La probable de Selecci\u00f3n.<\/h3>\n<p>Paulo Motta mantendr\u00e1 su puesto como portero titular.<\/p>\n<p>La defensiva tendr\u00e1 cambios con la inclusi\u00f3n de El\u00edas V\u00e1squez junto con H\u00e9ctor Moreira.<\/p>\n<p>Aunque ac\u00e1 Allen Yanes podr\u00eda tener un puesto debido a su polinfuncionabilidad.<\/p>\n<p>As\u00ed mismo Rafael Morales y Cristina Jim\u00e9nez marcando.<\/p>\n<p>En la media cancha definitivamente Rodr\u00edgo Saravia ser\u00eda el otro titular<\/p>\n<p>Ac\u00e1 se le dar\u00eda cabida a Jos\u00e9 Contreras adem\u00e1s de Kevin Norales y Frank De Le\u00f3n por las bandas.<\/p>\n<p>Jos\u00e9 Marquez de obtener su visa, podr\u00eda ser\u00e1 el otro volante ofensivo.<\/p>\n<p>As\u00ed mismo la delantera, si &#8220;la to\u00f1a&#8221; solventa su situaci\u00f3n legal, podr\u00eda ser un solo delantero.<\/p>\n<p>Apesar que trabajaron Edi Guerra y Jos\u00e9 Mart\u00ednez como puntas, Wilber P\u00e9rez podr\u00eda ser la novedad.<\/p>\n<p>&nbsp;<\/p>\n<blockquote class=\"twitter-tweet\" data-width=\"500\" data-dnt=\"true\">\n<p lang=\"es\" dir=\"ltr\"><a href=\"https:\/\/twitter.com\/hashtag\/LaSeleGtv?src=hash&amp;ref_src=twsrc%5Etfw\">#LaSeleGtv<\/a>: As\u00ed par\u00f3 el equipo Walter Claver\u00ed este lunes, aunque podr\u00edan haber cambios como inclusi\u00f3n de Yanes, La To\u00f1a (si solventa lo de la visa) entre otros. <a href=\"https:\/\/t.co\/fp4FUyWpct\">pic.twitter.com\/fp4FUyWpct<\/a><\/p>\n<p>&mdash; Luis L\u00f3pez (@luilopezgt) <a href=\"https:\/\/twitter.com\/luilopezgt\/status\/1036787859523612672?ref_src=twsrc%5Etfw\">September 4, 2018<\/a><\/p><\/blockquote>\n<p><script async src=\"https:\/\/platform.twitter.com\/widgets.js\" charset=\"utf-8\"><\/script><\/p>\n<p>&nbsp;<\/p>\n","protected":false},"excerpt":{"rendered":"<p>Jos\u00e9 Marquez, \u00c1ngel Cabrera, Wilson Pineda, Eduardo Soto, Delfino \u00c1lvarez tendr\u00e1n cita con la embajada este martes.<\/p>\n","protected":false},"author":71,"featured_media":218524,"template":"","etiqueta":[20405,24994,23853],"class_list":["post-218522","post-noticias","type-post-noticias","status-publish","has-post-thumbnail","hentry","categoria-post-noticias-deportes","etiqueta-argentina","etiqueta-seleccion","etiqueta-walter-claveri"],"yoast_head":"<!-- This site is optimized with the Yoast SEO plugin v23.9 - https:\/\/yoast.com\/wordpress\/plugins\/seo\/ -->\n<title>Selecci\u00f3n ya piensa en Argentina - Guatevision<\/title>\n<meta name=\"description\" content=\"La Selecci\u00f3n mayor de Guatemala realizaron una \u00fanica pr\u00e1ctica este lunes con la mira puesta en Argentina, en el primer amistoso del mes de septiembre\" \/>\n<meta name=\"robots\" content=\"index, follow, max-snippet:-1, max-image-preview:large, max-video-preview:-1\" \/>\n<link rel=\"canonical\" href=\"https:\/\/prensalibre-com-develop.go-vip.co\/guatevision\/noticias\/deportes\/seleccion-ya-piensa\" \/>\n<meta property=\"og:locale\" content=\"es_ES\" \/>\n<meta property=\"og:type\" content=\"article\" \/>\n<meta property=\"og:title\" content=\"Selecci\u00f3n ya piensa en Argentina - Guatevision\" \/>\n<meta property=\"og:description\" content=\"La Selecci\u00f3n mayor de Guatemala realizaron una \u00fanica pr\u00e1ctica este lunes con la mira puesta en Argentina, en el primer amistoso del mes de septiembre\" \/>\n<meta property=\"og:url\" content=\"https:\/\/prensalibre-com-develop.go-vip.co\/guatevision\/noticias\/deportes\/seleccion-ya-piensa\" \/>\n<meta property=\"og:site_name\" content=\"Guatevision\" \/>\n<meta property=\"article:modified_time\" content=\"2018-09-04T01:38:47+00:00\" \/>\n<meta property=\"og:image\" content=\"https:\/\/prensalibre-com-develop.go-vip.co\/guatevision\/wp-content\/uploads\/sites\/2\/2018\/09\/Captura-de-pantalla-2018-09-03-a-las-19.25.53.png?quality=82\" \/>\n\t<meta property=\"og:image:width\" content=\"576\" \/>\n\t<meta property=\"og:image:height\" content=\"344\" \/>\n\t<meta property=\"og:image:type\" content=\"image\/png\" \/>\n<meta name=\"twitter:card\" content=\"summary_large_image\" \/>\n<meta name=\"twitter:label1\" content=\"Est. reading time\" \/>\n\t<meta name=\"twitter:data1\" content=\"1 minute\" \/>\n<script type=\"application\/ld+json\" class=\"yoast-schema-graph\">{\"@context\":\"https:\/\/schema.org\",\"@graph\":[{\"@type\":\"WebPage\",\"@id\":\"https:\/\/prensalibre-com-develop.go-vip.co\/guatevision\/noticias\/deportes\/seleccion-ya-piensa\",\"url\":\"https:\/\/prensalibre-com-develop.go-vip.co\/guatevision\/noticias\/deportes\/seleccion-ya-piensa\",\"name\":\"Selecci\u00f3n ya piensa en Argentina - Guatevision\",\"isPartOf\":{\"@id\":\"https:\/\/prensalibre-com-develop.go-vip.co\/guatevision\/#website\"},\"primaryImageOfPage\":{\"@id\":\"https:\/\/prensalibre-com-develop.go-vip.co\/guatevision\/noticias\/deportes\/seleccion-ya-piensa#primaryimage\"},\"image\":{\"@id\":\"https:\/\/prensalibre-com-develop.go-vip.co\/guatevision\/noticias\/deportes\/seleccion-ya-piensa#primaryimage\"},\"thumbnailUrl\":\"https:\/\/prensalibre-com-develop.go-vip.co\/guatevision\/wp-content\/uploads\/sites\/2\/2018\/09\/Captura-de-pantalla-2018-09-03-a-las-19.25.53.png?quality=82\",\"datePublished\":\"2018-09-04T02:50:07+00:00\",\"dateModified\":\"2018-09-04T01:38:47+00:00\",\"description\":\"La Selecci\u00f3n mayor de Guatemala realizaron una \u00fanica pr\u00e1ctica este lunes con la mira puesta en Argentina, en el primer amistoso del mes de septiembre\",\"inLanguage\":\"es-GT\",\"potentialAction\":[{\"@type\":\"ReadAction\",\"target\":[\"https:\/\/prensalibre-com-develop.go-vip.co\/guatevision\/noticias\/deportes\/seleccion-ya-piensa\"]}]},{\"@type\":\"ImageObject\",\"inLanguage\":\"es-GT\",\"@id\":\"https:\/\/prensalibre-com-develop.go-vip.co\/guatevision\/noticias\/deportes\/seleccion-ya-piensa#primaryimage\",\"url\":\"https:\/\/prensalibre-com-develop.go-vip.co\/guatevision\/wp-content\/uploads\/sites\/2\/2018\/09\/Captura-de-pantalla-2018-09-03-a-las-19.25.53.png?quality=82\",\"contentUrl\":\"https:\/\/prensalibre-com-develop.go-vip.co\/guatevision\/wp-content\/uploads\/sites\/2\/2018\/09\/Captura-de-pantalla-2018-09-03-a-las-19.25.53.png?quality=82\",\"width\":576,\"height\":344,\"caption\":\"Foto: Fedefut\"},{\"@type\":\"WebSite\",\"@id\":\"https:\/\/prensalibre-com-develop.go-vip.co\/guatevision\/#website\",\"url\":\"https:\/\/prensalibre-com-develop.go-vip.co\/guatevision\/\",\"name\":\"Guatevision\",\"description\":\"\u00a1Enciende Lo Bueno!\",\"publisher\":{\"@id\":\"https:\/\/prensalibre-com-develop.go-vip.co\/guatevision\/#organization\"},\"potentialAction\":[{\"@type\":\"SearchAction\",\"target\":{\"@type\":\"EntryPoint\",\"urlTemplate\":\"https:\/\/prensalibre-com-develop.go-vip.co\/guatevision\/?s={search_term_string}\"},\"query-input\":{\"@type\":\"PropertyValueSpecification\",\"valueRequired\":true,\"valueName\":\"search_term_string\"}}],\"inLanguage\":\"es-GT\"},{\"@type\":\"Organization\",\"@id\":\"https:\/\/prensalibre-com-develop.go-vip.co\/guatevision\/#organization\",\"name\":\"Guatevision\",\"url\":\"https:\/\/prensalibre-com-develop.go-vip.co\/guatevision\/\",\"logo\":{\"@type\":\"ImageObject\",\"inLanguage\":\"es-GT\",\"@id\":\"https:\/\/prensalibre-com-develop.go-vip.co\/guatevision\/#\/schema\/logo\/image\/\",\"url\":\"https:\/\/prensalibre-com-develop.go-vip.co\/guatevision\/wp-content\/uploads\/sites\/2\/2026\/04\/Diseno-sin-titulo.png?quality=82\",\"contentUrl\":\"https:\/\/prensalibre-com-develop.go-vip.co\/guatevision\/wp-content\/uploads\/sites\/2\/2026\/04\/Diseno-sin-titulo.png?quality=82\",\"width\":1000,\"height\":600,\"caption\":\"Guatevision\"},\"image\":{\"@id\":\"https:\/\/prensalibre-com-develop.go-vip.co\/guatevision\/#\/schema\/logo\/image\/\"}}]}<\/script>\n<!-- \/ Yoast SEO plugin. -->","yoast_head_json":{"title":"Selecci\u00f3n ya piensa en Argentina - Guatevision","description":"La Selecci\u00f3n mayor de Guatemala realizaron una \u00fanica pr\u00e1ctica este lunes con la mira puesta en Argentina, en el primer amistoso del mes de septiembre","robots":{"index":"index","follow":"follow","max-snippet":"max-snippet:-1","max-image-preview":"max-image-preview:large","max-video-preview":"max-video-preview:-1"},"canonical":"https:\/\/prensalibre-com-develop.go-vip.co\/guatevision\/noticias\/deportes\/seleccion-ya-piensa","og_locale":"es_ES","og_type":"article","og_title":"Selecci\u00f3n ya piensa en Argentina - Guatevision","og_description":"La Selecci\u00f3n mayor de Guatemala realizaron una \u00fanica pr\u00e1ctica este lunes con la mira puesta en Argentina, en el primer amistoso del mes de septiembre","og_url":"https:\/\/prensalibre-com-develop.go-vip.co\/guatevision\/noticias\/deportes\/seleccion-ya-piensa","og_site_name":"Guatevision","article_modified_time":"2018-09-04T01:38:47+00:00","og_image":[{"width":576,"height":344,"url":"https:\/\/prensalibre-com-develop.go-vip.co\/guatevision\/wp-content\/uploads\/sites\/2\/2018\/09\/Captura-de-pantalla-2018-09-03-a-las-19.25.53.png?quality=82","type":"image\/png"}],"twitter_card":"summary_large_image","twitter_misc":{"Est. reading time":"1 minute"},"schema":{"@context":"https:\/\/schema.org","@graph":[{"@type":"WebPage","@id":"https:\/\/prensalibre-com-develop.go-vip.co\/guatevision\/noticias\/deportes\/seleccion-ya-piensa","url":"https:\/\/prensalibre-com-develop.go-vip.co\/guatevision\/noticias\/deportes\/seleccion-ya-piensa","name":"Selecci\u00f3n ya piensa en Argentina - Guatevision","isPartOf":{"@id":"https:\/\/prensalibre-com-develop.go-vip.co\/guatevision\/#website"},"primaryImageOfPage":{"@id":"https:\/\/prensalibre-com-develop.go-vip.co\/guatevision\/noticias\/deportes\/seleccion-ya-piensa#primaryimage"},"image":{"@id":"https:\/\/prensalibre-com-develop.go-vip.co\/guatevision\/noticias\/deportes\/seleccion-ya-piensa#primaryimage"},"thumbnailUrl":"https:\/\/prensalibre-com-develop.go-vip.co\/guatevision\/wp-content\/uploads\/sites\/2\/2018\/09\/Captura-de-pantalla-2018-09-03-a-las-19.25.53.png?quality=82","datePublished":"2018-09-04T02:50:07+00:00","dateModified":"2018-09-04T01:38:47+00:00","description":"La Selecci\u00f3n mayor de Guatemala realizaron una \u00fanica pr\u00e1ctica este lunes con la mira puesta en Argentina, en el primer amistoso del mes de septiembre","inLanguage":"es-GT","potentialAction":[{"@type":"ReadAction","target":["https:\/\/prensalibre-com-develop.go-vip.co\/guatevision\/noticias\/deportes\/seleccion-ya-piensa"]}]},{"@type":"ImageObject","inLanguage":"es-GT","@id":"https:\/\/prensalibre-com-develop.go-vip.co\/guatevision\/noticias\/deportes\/seleccion-ya-piensa#primaryimage","url":"https:\/\/prensalibre-com-develop.go-vip.co\/guatevision\/wp-content\/uploads\/sites\/2\/2018\/09\/Captura-de-pantalla-2018-09-03-a-las-19.25.53.png?quality=82","contentUrl":"https:\/\/prensalibre-com-develop.go-vip.co\/guatevision\/wp-content\/uploads\/sites\/2\/2018\/09\/Captura-de-pantalla-2018-09-03-a-las-19.25.53.png?quality=82","width":576,"height":344,"caption":"Foto: Fedefut"},{"@type":"WebSite","@id":"https:\/\/prensalibre-com-develop.go-vip.co\/guatevision\/#website","url":"https:\/\/prensalibre-com-develop.go-vip.co\/guatevision\/","name":"Guatevision","description":"\u00a1Enciende Lo Bueno!","publisher":{"@id":"https:\/\/prensalibre-com-develop.go-vip.co\/guatevision\/#organization"},"potentialAction":[{"@type":"SearchAction","target":{"@type":"EntryPoint","urlTemplate":"https:\/\/prensalibre-com-develop.go-vip.co\/guatevision\/?s={search_term_string}"},"query-input":{"@type":"PropertyValueSpecification","valueRequired":true,"valueName":"search_term_string"}}],"inLanguage":"es-GT"},{"@type":"Organization","@id":"https:\/\/prensalibre-com-develop.go-vip.co\/guatevision\/#organization","name":"Guatevision","url":"https:\/\/prensalibre-com-develop.go-vip.co\/guatevision\/","logo":{"@type":"ImageObject","inLanguage":"es-GT","@id":"https:\/\/prensalibre-com-develop.go-vip.co\/guatevision\/#\/schema\/logo\/image\/","url":"https:\/\/prensalibre-com-develop.go-vip.co\/guatevision\/wp-content\/uploads\/sites\/2\/2026\/04\/Diseno-sin-titulo.png?quality=82","contentUrl":"https:\/\/prensalibre-com-develop.go-vip.co\/guatevision\/wp-content\/uploads\/sites\/2\/2026\/04\/Diseno-sin-titulo.png?quality=82","width":1000,"height":600,"caption":"Guatevision"},"image":{"@id":"https:\/\/prensalibre-com-develop.go-vip.co\/guatevision\/#\/schema\/logo\/image\/"}}]}},"jetpack_sharing_enabled":true,"_links":{"self":[{"href":"https:\/\/prensalibre-com-develop.go-vip.co\/guatevision\/wp-json\/wp\/v2\/post-noticias\/218522","targetHints":{"allow":["GET"]}}],"collection":[{"href":"https:\/\/prensalibre-com-develop.go-vip.co\/guatevision\/wp-json\/wp\/v2\/post-noticias"}],"about":[{"href":"https:\/\/prensalibre-com-develop.go-vip.co\/guatevision\/wp-json\/wp\/v2\/types\/post-noticias"}],"author":[{"embeddable":true,"href":"https:\/\/prensalibre-com-develop.go-vip.co\/guatevision\/wp-json\/wp\/v2\/users\/71"}],"version-history":[{"count":0,"href":"https:\/\/prensalibre-com-develop.go-vip.co\/guatevision\/wp-json\/wp\/v2\/post-noticias\/218522\/revisions"}],"wp:featuredmedia":[{"embeddable":true,"href":"https:\/\/prensalibre-com-develop.go-vip.co\/guatevision\/wp-json\/wp\/v2\/media\/218524"}],"wp:attachment":[{"href":"https:\/\/prensalibre-com-develop.go-vip.co\/guatevision\/wp-json\/wp\/v2\/media?parent=218522"}],"wp:term":[{"taxonomy":"etiqueta","embeddable":true,"href":"https:\/\/prensalibre-com-develop.go-vip.co\/guatevision\/wp-json\/wp\/v2\/etiqueta?post=218522"}],"curies":[{"name":"wp","href":"https:\/\/api.w.org\/{rel}","templated":true}]}}