{"id":229048,"date":"2018-10-01T21:00:27","date_gmt":"2018-10-02T03:00:27","guid":{"rendered":"https:\/\/prensalibre-com-develop.go-vip.co\/guatevision\/?post_type=post-noticias&#038;p=229048"},"modified":"2018-10-01T17:58:56","modified_gmt":"2018-10-01T23:58:56","slug":"modric-de-moscu-a-moscu","status":"publish","type":"post-noticias","link":"https:\/\/prensalibre-com-develop.go-vip.co\/guatevision\/noticias\/deportes\/modric-de-moscu-a-moscu","title":{"rendered":"Modric, de Mosc\u00fa a Mosc\u00fa, una campa\u00f1a por el Bal\u00f3n de Oro"},"content":{"rendered":"<p>De la epopeya rusa a la campa\u00f1a por el Bal\u00f3n de Oro: Luka Modric se enfrenta al martes en Liga de Campeones al CSKA de Mosc\u00fa en el estadio Luzhniki (13:00), donde surgi\u00f3 como un potencial mejor jugador del mundo.<\/p>\n\n<p>Dos meses y medio han pasado desde las l\u00e1grimas del capit\u00e1n croata en la final del Mundial, que perdi\u00f3 en ese mismo estadio contra Francia (4-2). Una derrota amarga, seg\u00fan reconoci\u00f3 el peque\u00f1o centrocampista, que encontr\u00f3 poco consuelo en el t\u00edtulo de mejor jugador del Mundial.<\/p>\n<p>&#8220;Est\u00e1 claro que hubiera preferido ganar la Copa del Mundo&#8221;, declar\u00f3 entonces Modric, consolado en el podio por la presidenta croata, Kolinda Grabar-Kitarovic.<\/p>\n<p>A sus 33 a\u00f1os, &#8216;Lukita&#8217; probablemente ha perdido su mejor ocasi\u00f3n de ser campe\u00f3n del mundo, pero una nueva puerta se abri\u00f3 para \u00e9l en la forma de un posible Bal\u00f3n de Oro, al que aspira, ayudado por su triunfo en la final de la &#8216;Champions&#8217;, el tercero en tres a\u00f1os con el Real Madrid.<\/p>\n<p>Uno tras otro, Modric gan\u00f3 el t\u00edtulo de mejor jugador de la temporada seg\u00fan la UEFA y despu\u00e9s el trofeo FIFA al mejor jugador de la pasada campa\u00f1a el pasado lunes, perfil\u00e1ndose como favorito para el prestigioso galard\u00f3n que conceder\u00e1 el 3 de diciembre la revista France Football.<\/p>\n<p>&#8220;Es el mejor a\u00f1o de mi carrera, colectiva e individualmente&#8221;, dijo el centrocampista croata.<\/p>\n<p>&nbsp;<\/p>\n<h3>&#8211; Modric, Bal\u00f3n de Oro &#8211;<\/h3>\n<p>Y su a\u00f1o podr\u00eda ser a\u00fan mejor si Modric, se impone a los candidatos franceses (Griezmann, Varane, Mbapp\u00e9) cuando, en los a\u00f1os de Mundial, el Bal\u00f3n de Oro suele recaer en un jugador importante de la selecci\u00f3n vencedora.<\/p>\n<p>Como tiene por costumbre, el Real Madrid ha puesto al servicio del croata su impresionante maquinaria medi\u00e1tica.<\/p>\n<p>&#8220;Bal\u00f3n de oro, &#8216;Lukita&#8217; Bal\u00f3n de Oro&#8221;, core\u00f3 el s\u00e1bado el estadio Santiago Bernab\u00e9u al ritmo de Guantanamera, rendido a su nuevo \u00eddolo tras la salida de Cristiano Ronaldo hacia la Juventus de Tur\u00edn.<\/p>\n<p>El oriundo de Zadar, tambi\u00e9n ha heredado las prerrogativas de &#8220;CR7&#8221; en las rituales prepartido, como por ejemplo, que su nombre sea anunciado el \u00faltimo a la hora de dar la alineaci\u00f3n para que sea m\u00e1s aplaudido.<\/p>\n<p>\u00bfSe trata del mismo jugador que en 2012 hab\u00eda sido considerado el peor fichaje del a\u00f1o por los internautas del diario madrile\u00f1o Marca? \u00bfEl mismo que penaba para adaptarse f\u00edsicamente a la Liga?<\/p>\n<p>&nbsp;<\/p>\n<h3>&#8211; Fantasmas &#8211;<\/h3>\n<p>La opini\u00f3n p\u00fablica espa\u00f1ola ya ha sido conquistada y no parece tener en cuenta sus problemas fiscales, despu\u00e9s que, seg\u00fan la prensa, haya llegado a un acuerdo financiero con la fiscal\u00eda, o sus problemas judiciales en Croacia, donde ha sido acusado de falso testimonio.<\/p>\n<p>El exjugador del Tottenham, llegado por 40 millones de euros en 2012, ha devuelto con creces su coste al Real Madrid con su finura t\u00e9cnica y su capacidad para superar las l\u00edneas rivales.<\/p>\n<p>&#8220;Modric es un gran jugador y ha hecho un gran a\u00f1o&#8221;, reconoci\u00f3, incluso, el t\u00e9cnico del Barcelona, Ernesto Valverde, aunque asegurando que para \u00e9l Leo Messi sigue siendo &#8220;el mejor&#8221;.<\/p>\n<p>A pesar de sus cortas vacaciones (&#8220;Nunca he tenido tan pocas&#8221;), Modric ha retomado esta temporada su papel de director de orquesta del juego merengue, con una asistencia contra la Roma (3-0) a mediados de septiembre en la Liga de Campeones.<\/p>\n<p>&#8220;Me siento cada vez mejor, solo tengo que jugar algunos partidos para recuperar mi mejor nivel&#8221;, advirti\u00f3 el croata.<\/p>\n<p>Ahora llega la segunda jornada de &#8216;Champions&#8217; y Modric tiene la oportunidad de deshacerse de algunos fantasmas en el estadio Luzhniki y de paso, ganar alg\u00fan voto m\u00e1s para el Bal\u00f3n de Oro.<\/p>\n<p>&nbsp;<\/p>\n<p>&nbsp;<\/p>\n<p>\u00a9 Agence France-Presse<\/p>\n","protected":false},"excerpt":{"rendered":"<p>Su a\u00f1o podr\u00eda ser a\u00fan mejor si Modric, se impone a los candidatos franceses (Griezmann, Varane, Mbapp\u00e9) cuando, en los a\u00f1os de Mundial, el Bal\u00f3n de Oro suele recaer en un jugador importante de la selecci\u00f3n vencedora.<\/p>\n","protected":false},"author":71,"featured_media":135151,"template":"","etiqueta":[22018,20987,26549,30371],"class_list":["post-229048","post-noticias","type-post-noticias","status-publish","has-post-thumbnail","hentry","categoria-post-noticias-deportes","etiqueta-cska","etiqueta-liga-de-campeones","etiqueta-luka-modric","etiqueta-luzhniki"],"yoast_head":"<!-- This site is optimized with the Yoast SEO plugin v23.9 - https:\/\/yoast.com\/wordpress\/plugins\/seo\/ -->\n<title>Modric, de Mosc\u00fa a Mosc\u00fa, una campa\u00f1a por el Bal\u00f3n de Oro<\/title>\n<meta name=\"description\" content=\"De la epopeya rusa a la campa\u00f1a por el Bal\u00f3n de Oro: Luka Modric se enfrenta al martes en Liga de Campeones al CSKA de Mosc\u00fa en el estadio Luzhniki\" \/>\n<meta name=\"robots\" content=\"index, follow, max-snippet:-1, max-image-preview:large, max-video-preview:-1\" \/>\n<link rel=\"canonical\" href=\"https:\/\/prensalibre-com-develop.go-vip.co\/guatevision\/noticias\/deportes\/modric-de-moscu-a-moscu\" \/>\n<meta property=\"og:locale\" content=\"es_ES\" \/>\n<meta property=\"og:type\" content=\"article\" \/>\n<meta property=\"og:title\" content=\"Modric, de Mosc\u00fa a Mosc\u00fa, una campa\u00f1a por el Bal\u00f3n de Oro\" \/>\n<meta property=\"og:description\" content=\"De la epopeya rusa a la campa\u00f1a por el Bal\u00f3n de Oro: Luka Modric se enfrenta al martes en Liga de Campeones al CSKA de Mosc\u00fa en el estadio Luzhniki\" \/>\n<meta property=\"og:url\" content=\"https:\/\/prensalibre-com-develop.go-vip.co\/guatevision\/noticias\/deportes\/modric-de-moscu-a-moscu\" \/>\n<meta property=\"og:site_name\" content=\"Guatevision\" \/>\n<meta property=\"article:modified_time\" content=\"2018-10-01T23:58:56+00:00\" \/>\n<meta property=\"og:image\" content=\"https:\/\/prensalibre-com-develop.go-vip.co\/guatevision\/wp-content\/uploads\/sites\/2\/2017\/11\/Luka-Modric-defraudacio\u0301n-REal-Madrid.png?quality=82\" \/>\n\t<meta property=\"og:image:width\" content=\"660\" \/>\n\t<meta property=\"og:image:height\" content=\"371\" \/>\n\t<meta property=\"og:image:type\" content=\"image\/png\" \/>\n<meta name=\"twitter:card\" content=\"summary_large_image\" \/>\n<meta name=\"twitter:label1\" content=\"Est. reading time\" \/>\n\t<meta name=\"twitter:data1\" content=\"3 minutes\" \/>\n<script type=\"application\/ld+json\" class=\"yoast-schema-graph\">{\"@context\":\"https:\/\/schema.org\",\"@graph\":[{\"@type\":\"WebPage\",\"@id\":\"https:\/\/prensalibre-com-develop.go-vip.co\/guatevision\/noticias\/deportes\/modric-de-moscu-a-moscu\",\"url\":\"https:\/\/prensalibre-com-develop.go-vip.co\/guatevision\/noticias\/deportes\/modric-de-moscu-a-moscu\",\"name\":\"Modric, de Mosc\u00fa a Mosc\u00fa, una campa\u00f1a por el Bal\u00f3n de Oro\",\"isPartOf\":{\"@id\":\"https:\/\/prensalibre-com-develop.go-vip.co\/guatevision\/#website\"},\"primaryImageOfPage\":{\"@id\":\"https:\/\/prensalibre-com-develop.go-vip.co\/guatevision\/noticias\/deportes\/modric-de-moscu-a-moscu#primaryimage\"},\"image\":{\"@id\":\"https:\/\/prensalibre-com-develop.go-vip.co\/guatevision\/noticias\/deportes\/modric-de-moscu-a-moscu#primaryimage\"},\"thumbnailUrl\":\"https:\/\/prensalibre-com-develop.go-vip.co\/guatevision\/wp-content\/uploads\/sites\/2\/2017\/11\/Luka-Modric-defraudacio\u0301n-REal-Madrid.png?quality=82\",\"datePublished\":\"2018-10-02T03:00:27+00:00\",\"dateModified\":\"2018-10-01T23:58:56+00:00\",\"description\":\"De la epopeya rusa a la campa\u00f1a por el Bal\u00f3n de Oro: Luka Modric se enfrenta al martes en Liga de Campeones al CSKA de Mosc\u00fa en el estadio Luzhniki\",\"inLanguage\":\"es-GT\",\"potentialAction\":[{\"@type\":\"ReadAction\",\"target\":[\"https:\/\/prensalibre-com-develop.go-vip.co\/guatevision\/noticias\/deportes\/modric-de-moscu-a-moscu\"]}]},{\"@type\":\"ImageObject\",\"inLanguage\":\"es-GT\",\"@id\":\"https:\/\/prensalibre-com-develop.go-vip.co\/guatevision\/noticias\/deportes\/modric-de-moscu-a-moscu#primaryimage\",\"url\":\"https:\/\/prensalibre-com-develop.go-vip.co\/guatevision\/wp-content\/uploads\/sites\/2\/2017\/11\/Luka-Modric-defraudacio\u0301n-REal-Madrid.png?quality=82\",\"contentUrl\":\"https:\/\/prensalibre-com-develop.go-vip.co\/guatevision\/wp-content\/uploads\/sites\/2\/2017\/11\/Luka-Modric-defraudacio\u0301n-REal-Madrid.png?quality=82\",\"width\":660,\"height\":371,\"caption\":\"Real Madrid's Croatian midfielder Luka Modric (L) vies for the ball agaisnt Apoel's Portuguese midfielder Nuno Morais during the UEFA Champions League Group H match between Apoel FC and Real Madrid on November 21, 2017, in the Cypriot capital Nicosia's GSP Stadium. Jack GUEZ \/ AFP\"},{\"@type\":\"WebSite\",\"@id\":\"https:\/\/prensalibre-com-develop.go-vip.co\/guatevision\/#website\",\"url\":\"https:\/\/prensalibre-com-develop.go-vip.co\/guatevision\/\",\"name\":\"Guatevision\",\"description\":\"\u00a1Enciende Lo Bueno!\",\"publisher\":{\"@id\":\"https:\/\/prensalibre-com-develop.go-vip.co\/guatevision\/#organization\"},\"potentialAction\":[{\"@type\":\"SearchAction\",\"target\":{\"@type\":\"EntryPoint\",\"urlTemplate\":\"https:\/\/prensalibre-com-develop.go-vip.co\/guatevision\/?s={search_term_string}\"},\"query-input\":{\"@type\":\"PropertyValueSpecification\",\"valueRequired\":true,\"valueName\":\"search_term_string\"}}],\"inLanguage\":\"es-GT\"},{\"@type\":\"Organization\",\"@id\":\"https:\/\/prensalibre-com-develop.go-vip.co\/guatevision\/#organization\",\"name\":\"Guatevision\",\"url\":\"https:\/\/prensalibre-com-develop.go-vip.co\/guatevision\/\",\"logo\":{\"@type\":\"ImageObject\",\"inLanguage\":\"es-GT\",\"@id\":\"https:\/\/prensalibre-com-develop.go-vip.co\/guatevision\/#\/schema\/logo\/image\/\",\"url\":\"https:\/\/prensalibre-com-develop.go-vip.co\/guatevision\/wp-content\/uploads\/sites\/2\/2026\/04\/Diseno-sin-titulo.png?quality=82\",\"contentUrl\":\"https:\/\/prensalibre-com-develop.go-vip.co\/guatevision\/wp-content\/uploads\/sites\/2\/2026\/04\/Diseno-sin-titulo.png?quality=82\",\"width\":1000,\"height\":600,\"caption\":\"Guatevision\"},\"image\":{\"@id\":\"https:\/\/prensalibre-com-develop.go-vip.co\/guatevision\/#\/schema\/logo\/image\/\"}}]}<\/script>\n<!-- \/ Yoast SEO plugin. -->","yoast_head_json":{"title":"Modric, de Mosc\u00fa a Mosc\u00fa, una campa\u00f1a por el Bal\u00f3n de Oro","description":"De la epopeya rusa a la campa\u00f1a por el Bal\u00f3n de Oro: Luka Modric se enfrenta al martes en Liga de Campeones al CSKA de Mosc\u00fa en el estadio Luzhniki","robots":{"index":"index","follow":"follow","max-snippet":"max-snippet:-1","max-image-preview":"max-image-preview:large","max-video-preview":"max-video-preview:-1"},"canonical":"https:\/\/prensalibre-com-develop.go-vip.co\/guatevision\/noticias\/deportes\/modric-de-moscu-a-moscu","og_locale":"es_ES","og_type":"article","og_title":"Modric, de Mosc\u00fa a Mosc\u00fa, una campa\u00f1a por el Bal\u00f3n de Oro","og_description":"De la epopeya rusa a la campa\u00f1a por el Bal\u00f3n de Oro: Luka Modric se enfrenta al martes en Liga de Campeones al CSKA de Mosc\u00fa en el estadio Luzhniki","og_url":"https:\/\/prensalibre-com-develop.go-vip.co\/guatevision\/noticias\/deportes\/modric-de-moscu-a-moscu","og_site_name":"Guatevision","article_modified_time":"2018-10-01T23:58:56+00:00","og_image":[{"width":660,"height":371,"url":"https:\/\/prensalibre-com-develop.go-vip.co\/guatevision\/wp-content\/uploads\/sites\/2\/2017\/11\/Luka-Modric-defraudacio\u0301n-REal-Madrid.png?quality=82","type":"image\/png"}],"twitter_card":"summary_large_image","twitter_misc":{"Est. reading time":"3 minutes"},"schema":{"@context":"https:\/\/schema.org","@graph":[{"@type":"WebPage","@id":"https:\/\/prensalibre-com-develop.go-vip.co\/guatevision\/noticias\/deportes\/modric-de-moscu-a-moscu","url":"https:\/\/prensalibre-com-develop.go-vip.co\/guatevision\/noticias\/deportes\/modric-de-moscu-a-moscu","name":"Modric, de Mosc\u00fa a Mosc\u00fa, una campa\u00f1a por el Bal\u00f3n de Oro","isPartOf":{"@id":"https:\/\/prensalibre-com-develop.go-vip.co\/guatevision\/#website"},"primaryImageOfPage":{"@id":"https:\/\/prensalibre-com-develop.go-vip.co\/guatevision\/noticias\/deportes\/modric-de-moscu-a-moscu#primaryimage"},"image":{"@id":"https:\/\/prensalibre-com-develop.go-vip.co\/guatevision\/noticias\/deportes\/modric-de-moscu-a-moscu#primaryimage"},"thumbnailUrl":"https:\/\/prensalibre-com-develop.go-vip.co\/guatevision\/wp-content\/uploads\/sites\/2\/2017\/11\/Luka-Modric-defraudacio\u0301n-REal-Madrid.png?quality=82","datePublished":"2018-10-02T03:00:27+00:00","dateModified":"2018-10-01T23:58:56+00:00","description":"De la epopeya rusa a la campa\u00f1a por el Bal\u00f3n de Oro: Luka Modric se enfrenta al martes en Liga de Campeones al CSKA de Mosc\u00fa en el estadio Luzhniki","inLanguage":"es-GT","potentialAction":[{"@type":"ReadAction","target":["https:\/\/prensalibre-com-develop.go-vip.co\/guatevision\/noticias\/deportes\/modric-de-moscu-a-moscu"]}]},{"@type":"ImageObject","inLanguage":"es-GT","@id":"https:\/\/prensalibre-com-develop.go-vip.co\/guatevision\/noticias\/deportes\/modric-de-moscu-a-moscu#primaryimage","url":"https:\/\/prensalibre-com-develop.go-vip.co\/guatevision\/wp-content\/uploads\/sites\/2\/2017\/11\/Luka-Modric-defraudacio\u0301n-REal-Madrid.png?quality=82","contentUrl":"https:\/\/prensalibre-com-develop.go-vip.co\/guatevision\/wp-content\/uploads\/sites\/2\/2017\/11\/Luka-Modric-defraudacio\u0301n-REal-Madrid.png?quality=82","width":660,"height":371,"caption":"Real Madrid's Croatian midfielder Luka Modric (L) vies for the ball agaisnt Apoel's Portuguese midfielder Nuno Morais during the UEFA Champions League Group H match between Apoel FC and Real Madrid on November 21, 2017, in the Cypriot capital Nicosia's GSP Stadium. Jack GUEZ \/ AFP"},{"@type":"WebSite","@id":"https:\/\/prensalibre-com-develop.go-vip.co\/guatevision\/#website","url":"https:\/\/prensalibre-com-develop.go-vip.co\/guatevision\/","name":"Guatevision","description":"\u00a1Enciende Lo Bueno!","publisher":{"@id":"https:\/\/prensalibre-com-develop.go-vip.co\/guatevision\/#organization"},"potentialAction":[{"@type":"SearchAction","target":{"@type":"EntryPoint","urlTemplate":"https:\/\/prensalibre-com-develop.go-vip.co\/guatevision\/?s={search_term_string}"},"query-input":{"@type":"PropertyValueSpecification","valueRequired":true,"valueName":"search_term_string"}}],"inLanguage":"es-GT"},{"@type":"Organization","@id":"https:\/\/prensalibre-com-develop.go-vip.co\/guatevision\/#organization","name":"Guatevision","url":"https:\/\/prensalibre-com-develop.go-vip.co\/guatevision\/","logo":{"@type":"ImageObject","inLanguage":"es-GT","@id":"https:\/\/prensalibre-com-develop.go-vip.co\/guatevision\/#\/schema\/logo\/image\/","url":"https:\/\/prensalibre-com-develop.go-vip.co\/guatevision\/wp-content\/uploads\/sites\/2\/2026\/04\/Diseno-sin-titulo.png?quality=82","contentUrl":"https:\/\/prensalibre-com-develop.go-vip.co\/guatevision\/wp-content\/uploads\/sites\/2\/2026\/04\/Diseno-sin-titulo.png?quality=82","width":1000,"height":600,"caption":"Guatevision"},"image":{"@id":"https:\/\/prensalibre-com-develop.go-vip.co\/guatevision\/#\/schema\/logo\/image\/"}}]}},"jetpack_sharing_enabled":true,"_links":{"self":[{"href":"https:\/\/prensalibre-com-develop.go-vip.co\/guatevision\/wp-json\/wp\/v2\/post-noticias\/229048","targetHints":{"allow":["GET"]}}],"collection":[{"href":"https:\/\/prensalibre-com-develop.go-vip.co\/guatevision\/wp-json\/wp\/v2\/post-noticias"}],"about":[{"href":"https:\/\/prensalibre-com-develop.go-vip.co\/guatevision\/wp-json\/wp\/v2\/types\/post-noticias"}],"author":[{"embeddable":true,"href":"https:\/\/prensalibre-com-develop.go-vip.co\/guatevision\/wp-json\/wp\/v2\/users\/71"}],"version-history":[{"count":0,"href":"https:\/\/prensalibre-com-develop.go-vip.co\/guatevision\/wp-json\/wp\/v2\/post-noticias\/229048\/revisions"}],"wp:featuredmedia":[{"embeddable":true,"href":"https:\/\/prensalibre-com-develop.go-vip.co\/guatevision\/wp-json\/wp\/v2\/media\/135151"}],"wp:attachment":[{"href":"https:\/\/prensalibre-com-develop.go-vip.co\/guatevision\/wp-json\/wp\/v2\/media?parent=229048"}],"wp:term":[{"taxonomy":"etiqueta","embeddable":true,"href":"https:\/\/prensalibre-com-develop.go-vip.co\/guatevision\/wp-json\/wp\/v2\/etiqueta?post=229048"}],"curies":[{"name":"wp","href":"https:\/\/api.w.org\/{rel}","templated":true}]}}