{"id":231991,"date":"2018-10-09T20:00:37","date_gmt":"2018-10-10T02:00:37","guid":{"rendered":"https:\/\/prensalibre-com-develop.go-vip.co\/guatevision\/?post_type=post-noticias&#038;p=231991"},"modified":"2018-10-09T15:38:14","modified_gmt":"2018-10-09T21:38:14","slug":"concacaf-anuncia-sedes","status":"publish","type":"post-noticias","link":"https:\/\/prensalibre-com-develop.go-vip.co\/guatevision\/noticias\/deportes\/concacaf-anuncia-sedes","title":{"rendered":"Concacaf anuncia sedes y fechas de Copa Oro 2019, con final en Chicago"},"content":{"rendered":"<p>Concacaf anunci\u00f3 este martes las fechas y las sedes donde jugar\u00e1n los cabezas de serie de la pr\u00f3xima Copa Oro 2019, que arrancar\u00e1 el pr\u00f3ximo 15 de junio y cuya final tendr\u00e1 lugar el 7 de julio en el Soldier Field de Chicago.<\/p>\n\n<p>Los cuartos de final se jugar\u00e1n en Houston y en Filadelfia mientras que las semifinales se disputar\u00e1n en Glendale (Arizona) y en Nashville (Tennessee).<\/p>\n<p>La Copa Oro, que se disputa cada dos a\u00f1os, contar\u00e1 por primera vez en su historia con la participaci\u00f3n de 16 selecciones y, aunque la mayor parte del torneo se jugar\u00e1 en Estados Unidos, tambi\u00e9n habr\u00e1 encuentros fuera, en lugares a\u00fan por determinar.<\/p>\n<p>As\u00ed, M\u00e9xico, situada en el Grupo A, dar\u00e1 el pistoletazo de salida al torneo el d\u00eda 15 de junio en el Rose Bowl de Pasadena, en las afueras de Los \u00c1ngeles, mientras Costa Rica ser\u00e1 el cabeza de serie del Grupo B, Honduras del C y Estados Unidos, del D.<\/p>\n<p>Los cuartos de final se jugar\u00e1n en Houston y en Filadelfia mientras que las semifinales se disputar\u00e1n en Glendale (Arizona) y en Nashville (Tenessee).<\/p>\n<p>De momento solo hay seis equipos clasificados: los cuatro cabezas de serie, m\u00e1s Panam\u00e1 y Trinidad y Tobago, por lo que los grupos completos y el calendario definitivo se dar\u00e1n a conocer despu\u00e9s de los \u00faltimos encuentros de la Clasificatoria de la Liga de Naciones de la Concacaf, en marzo de 2019.<\/p>\n<p>&nbsp;<\/p>\n<p>\u00a9 Agence France-Presse<\/p>\n","protected":false},"excerpt":{"rendered":"<p>La Copa Oro, que se disputa cada dos a\u00f1os, contar\u00e1 por primera vez en su historia con la participaci\u00f3n de 16 selecciones y, aunque la mayor parte del torneo se jugar\u00e1 en Estados Unidos, tambi\u00e9n habr\u00e1 encuentros fuera, en lugares a\u00fan por determinar.<\/p>\n","protected":false},"author":71,"featured_media":231994,"template":"","etiqueta":[29344,20675,27632,30867],"class_list":["post-231991","post-noticias","type-post-noticias","status-publish","has-post-thumbnail","hentry","categoria-post-noticias-deportes","etiqueta-chicago","etiqueta-concacaf","etiqueta-copa-oro","etiqueta-soldier-field"],"yoast_head":"<!-- This site is optimized with the Yoast SEO plugin v23.9 - https:\/\/yoast.com\/wordpress\/plugins\/seo\/ -->\n<title>Concacaf anuncia sedes y fechas de Copa Oro 2019, con final en Chicago<\/title>\n<meta name=\"description\" content=\"Concacaf anunci\u00f3 este martes las fechas y las sedes donde jugar\u00e1n los cabezas de serie de la pr\u00f3xima Copa Oro 2019, que arrancar\u00e1 el pr\u00f3ximo 15 de junio\" \/>\n<meta name=\"robots\" content=\"index, follow, max-snippet:-1, max-image-preview:large, max-video-preview:-1\" \/>\n<link rel=\"canonical\" href=\"https:\/\/prensalibre-com-develop.go-vip.co\/guatevision\/noticias\/deportes\/concacaf-anuncia-sedes\" \/>\n<meta property=\"og:locale\" content=\"es_ES\" \/>\n<meta property=\"og:type\" content=\"article\" \/>\n<meta property=\"og:title\" content=\"Concacaf anuncia sedes y fechas de Copa Oro 2019, con final en Chicago\" \/>\n<meta property=\"og:description\" content=\"Concacaf anunci\u00f3 este martes las fechas y las sedes donde jugar\u00e1n los cabezas de serie de la pr\u00f3xima Copa Oro 2019, que arrancar\u00e1 el pr\u00f3ximo 15 de junio\" \/>\n<meta property=\"og:url\" content=\"https:\/\/prensalibre-com-develop.go-vip.co\/guatevision\/noticias\/deportes\/concacaf-anuncia-sedes\" \/>\n<meta property=\"og:site_name\" content=\"Guatevision\" \/>\n<meta property=\"article:modified_time\" content=\"2018-10-09T21:38:14+00:00\" \/>\n<meta property=\"og:image\" content=\"https:\/\/prensalibre-com-develop.go-vip.co\/guatevision\/wp-content\/uploads\/sites\/2\/2018\/10\/DpGLcSZUwAAGBOn.jpg?quality=82\" \/>\n\t<meta property=\"og:image:width\" content=\"770\" \/>\n\t<meta property=\"og:image:height\" content=\"460\" \/>\n\t<meta property=\"og:image:type\" content=\"image\/jpeg\" \/>\n<meta name=\"twitter:card\" content=\"summary_large_image\" \/>\n<meta name=\"twitter:label1\" content=\"Est. reading time\" \/>\n\t<meta name=\"twitter:data1\" content=\"1 minute\" \/>\n<script type=\"application\/ld+json\" class=\"yoast-schema-graph\">{\"@context\":\"https:\/\/schema.org\",\"@graph\":[{\"@type\":\"WebPage\",\"@id\":\"https:\/\/prensalibre-com-develop.go-vip.co\/guatevision\/noticias\/deportes\/concacaf-anuncia-sedes\",\"url\":\"https:\/\/prensalibre-com-develop.go-vip.co\/guatevision\/noticias\/deportes\/concacaf-anuncia-sedes\",\"name\":\"Concacaf anuncia sedes y fechas de Copa Oro 2019, con final en Chicago\",\"isPartOf\":{\"@id\":\"https:\/\/prensalibre-com-develop.go-vip.co\/guatevision\/#website\"},\"primaryImageOfPage\":{\"@id\":\"https:\/\/prensalibre-com-develop.go-vip.co\/guatevision\/noticias\/deportes\/concacaf-anuncia-sedes#primaryimage\"},\"image\":{\"@id\":\"https:\/\/prensalibre-com-develop.go-vip.co\/guatevision\/noticias\/deportes\/concacaf-anuncia-sedes#primaryimage\"},\"thumbnailUrl\":\"https:\/\/prensalibre-com-develop.go-vip.co\/guatevision\/wp-content\/uploads\/sites\/2\/2018\/10\/DpGLcSZUwAAGBOn.jpg?quality=82\",\"datePublished\":\"2018-10-10T02:00:37+00:00\",\"dateModified\":\"2018-10-09T21:38:14+00:00\",\"description\":\"Concacaf anunci\u00f3 este martes las fechas y las sedes donde jugar\u00e1n los cabezas de serie de la pr\u00f3xima Copa Oro 2019, que arrancar\u00e1 el pr\u00f3ximo 15 de junio\",\"inLanguage\":\"es-GT\",\"potentialAction\":[{\"@type\":\"ReadAction\",\"target\":[\"https:\/\/prensalibre-com-develop.go-vip.co\/guatevision\/noticias\/deportes\/concacaf-anuncia-sedes\"]}]},{\"@type\":\"ImageObject\",\"inLanguage\":\"es-GT\",\"@id\":\"https:\/\/prensalibre-com-develop.go-vip.co\/guatevision\/noticias\/deportes\/concacaf-anuncia-sedes#primaryimage\",\"url\":\"https:\/\/prensalibre-com-develop.go-vip.co\/guatevision\/wp-content\/uploads\/sites\/2\/2018\/10\/DpGLcSZUwAAGBOn.jpg?quality=82\",\"contentUrl\":\"https:\/\/prensalibre-com-develop.go-vip.co\/guatevision\/wp-content\/uploads\/sites\/2\/2018\/10\/DpGLcSZUwAAGBOn.jpg?quality=82\",\"width\":770,\"height\":460,\"caption\":\"Concacaf Copa Oro\"},{\"@type\":\"WebSite\",\"@id\":\"https:\/\/prensalibre-com-develop.go-vip.co\/guatevision\/#website\",\"url\":\"https:\/\/prensalibre-com-develop.go-vip.co\/guatevision\/\",\"name\":\"Guatevision\",\"description\":\"\u00a1Enciende Lo Bueno!\",\"publisher\":{\"@id\":\"https:\/\/prensalibre-com-develop.go-vip.co\/guatevision\/#organization\"},\"potentialAction\":[{\"@type\":\"SearchAction\",\"target\":{\"@type\":\"EntryPoint\",\"urlTemplate\":\"https:\/\/prensalibre-com-develop.go-vip.co\/guatevision\/?s={search_term_string}\"},\"query-input\":{\"@type\":\"PropertyValueSpecification\",\"valueRequired\":true,\"valueName\":\"search_term_string\"}}],\"inLanguage\":\"es-GT\"},{\"@type\":\"Organization\",\"@id\":\"https:\/\/prensalibre-com-develop.go-vip.co\/guatevision\/#organization\",\"name\":\"Guatevision\",\"url\":\"https:\/\/prensalibre-com-develop.go-vip.co\/guatevision\/\",\"logo\":{\"@type\":\"ImageObject\",\"inLanguage\":\"es-GT\",\"@id\":\"https:\/\/prensalibre-com-develop.go-vip.co\/guatevision\/#\/schema\/logo\/image\/\",\"url\":\"https:\/\/prensalibre-com-develop.go-vip.co\/guatevision\/wp-content\/uploads\/sites\/2\/2026\/04\/Diseno-sin-titulo.png?quality=82\",\"contentUrl\":\"https:\/\/prensalibre-com-develop.go-vip.co\/guatevision\/wp-content\/uploads\/sites\/2\/2026\/04\/Diseno-sin-titulo.png?quality=82\",\"width\":1000,\"height\":600,\"caption\":\"Guatevision\"},\"image\":{\"@id\":\"https:\/\/prensalibre-com-develop.go-vip.co\/guatevision\/#\/schema\/logo\/image\/\"}}]}<\/script>\n<!-- \/ Yoast SEO plugin. -->","yoast_head_json":{"title":"Concacaf anuncia sedes y fechas de Copa Oro 2019, con final en Chicago","description":"Concacaf anunci\u00f3 este martes las fechas y las sedes donde jugar\u00e1n los cabezas de serie de la pr\u00f3xima Copa Oro 2019, que arrancar\u00e1 el pr\u00f3ximo 15 de junio","robots":{"index":"index","follow":"follow","max-snippet":"max-snippet:-1","max-image-preview":"max-image-preview:large","max-video-preview":"max-video-preview:-1"},"canonical":"https:\/\/prensalibre-com-develop.go-vip.co\/guatevision\/noticias\/deportes\/concacaf-anuncia-sedes","og_locale":"es_ES","og_type":"article","og_title":"Concacaf anuncia sedes y fechas de Copa Oro 2019, con final en Chicago","og_description":"Concacaf anunci\u00f3 este martes las fechas y las sedes donde jugar\u00e1n los cabezas de serie de la pr\u00f3xima Copa Oro 2019, que arrancar\u00e1 el pr\u00f3ximo 15 de junio","og_url":"https:\/\/prensalibre-com-develop.go-vip.co\/guatevision\/noticias\/deportes\/concacaf-anuncia-sedes","og_site_name":"Guatevision","article_modified_time":"2018-10-09T21:38:14+00:00","og_image":[{"width":770,"height":460,"url":"https:\/\/prensalibre-com-develop.go-vip.co\/guatevision\/wp-content\/uploads\/sites\/2\/2018\/10\/DpGLcSZUwAAGBOn.jpg?quality=82","type":"image\/jpeg"}],"twitter_card":"summary_large_image","twitter_misc":{"Est. reading time":"1 minute"},"schema":{"@context":"https:\/\/schema.org","@graph":[{"@type":"WebPage","@id":"https:\/\/prensalibre-com-develop.go-vip.co\/guatevision\/noticias\/deportes\/concacaf-anuncia-sedes","url":"https:\/\/prensalibre-com-develop.go-vip.co\/guatevision\/noticias\/deportes\/concacaf-anuncia-sedes","name":"Concacaf anuncia sedes y fechas de Copa Oro 2019, con final en Chicago","isPartOf":{"@id":"https:\/\/prensalibre-com-develop.go-vip.co\/guatevision\/#website"},"primaryImageOfPage":{"@id":"https:\/\/prensalibre-com-develop.go-vip.co\/guatevision\/noticias\/deportes\/concacaf-anuncia-sedes#primaryimage"},"image":{"@id":"https:\/\/prensalibre-com-develop.go-vip.co\/guatevision\/noticias\/deportes\/concacaf-anuncia-sedes#primaryimage"},"thumbnailUrl":"https:\/\/prensalibre-com-develop.go-vip.co\/guatevision\/wp-content\/uploads\/sites\/2\/2018\/10\/DpGLcSZUwAAGBOn.jpg?quality=82","datePublished":"2018-10-10T02:00:37+00:00","dateModified":"2018-10-09T21:38:14+00:00","description":"Concacaf anunci\u00f3 este martes las fechas y las sedes donde jugar\u00e1n los cabezas de serie de la pr\u00f3xima Copa Oro 2019, que arrancar\u00e1 el pr\u00f3ximo 15 de junio","inLanguage":"es-GT","potentialAction":[{"@type":"ReadAction","target":["https:\/\/prensalibre-com-develop.go-vip.co\/guatevision\/noticias\/deportes\/concacaf-anuncia-sedes"]}]},{"@type":"ImageObject","inLanguage":"es-GT","@id":"https:\/\/prensalibre-com-develop.go-vip.co\/guatevision\/noticias\/deportes\/concacaf-anuncia-sedes#primaryimage","url":"https:\/\/prensalibre-com-develop.go-vip.co\/guatevision\/wp-content\/uploads\/sites\/2\/2018\/10\/DpGLcSZUwAAGBOn.jpg?quality=82","contentUrl":"https:\/\/prensalibre-com-develop.go-vip.co\/guatevision\/wp-content\/uploads\/sites\/2\/2018\/10\/DpGLcSZUwAAGBOn.jpg?quality=82","width":770,"height":460,"caption":"Concacaf Copa Oro"},{"@type":"WebSite","@id":"https:\/\/prensalibre-com-develop.go-vip.co\/guatevision\/#website","url":"https:\/\/prensalibre-com-develop.go-vip.co\/guatevision\/","name":"Guatevision","description":"\u00a1Enciende Lo Bueno!","publisher":{"@id":"https:\/\/prensalibre-com-develop.go-vip.co\/guatevision\/#organization"},"potentialAction":[{"@type":"SearchAction","target":{"@type":"EntryPoint","urlTemplate":"https:\/\/prensalibre-com-develop.go-vip.co\/guatevision\/?s={search_term_string}"},"query-input":{"@type":"PropertyValueSpecification","valueRequired":true,"valueName":"search_term_string"}}],"inLanguage":"es-GT"},{"@type":"Organization","@id":"https:\/\/prensalibre-com-develop.go-vip.co\/guatevision\/#organization","name":"Guatevision","url":"https:\/\/prensalibre-com-develop.go-vip.co\/guatevision\/","logo":{"@type":"ImageObject","inLanguage":"es-GT","@id":"https:\/\/prensalibre-com-develop.go-vip.co\/guatevision\/#\/schema\/logo\/image\/","url":"https:\/\/prensalibre-com-develop.go-vip.co\/guatevision\/wp-content\/uploads\/sites\/2\/2026\/04\/Diseno-sin-titulo.png?quality=82","contentUrl":"https:\/\/prensalibre-com-develop.go-vip.co\/guatevision\/wp-content\/uploads\/sites\/2\/2026\/04\/Diseno-sin-titulo.png?quality=82","width":1000,"height":600,"caption":"Guatevision"},"image":{"@id":"https:\/\/prensalibre-com-develop.go-vip.co\/guatevision\/#\/schema\/logo\/image\/"}}]}},"jetpack_sharing_enabled":true,"_links":{"self":[{"href":"https:\/\/prensalibre-com-develop.go-vip.co\/guatevision\/wp-json\/wp\/v2\/post-noticias\/231991","targetHints":{"allow":["GET"]}}],"collection":[{"href":"https:\/\/prensalibre-com-develop.go-vip.co\/guatevision\/wp-json\/wp\/v2\/post-noticias"}],"about":[{"href":"https:\/\/prensalibre-com-develop.go-vip.co\/guatevision\/wp-json\/wp\/v2\/types\/post-noticias"}],"author":[{"embeddable":true,"href":"https:\/\/prensalibre-com-develop.go-vip.co\/guatevision\/wp-json\/wp\/v2\/users\/71"}],"version-history":[{"count":0,"href":"https:\/\/prensalibre-com-develop.go-vip.co\/guatevision\/wp-json\/wp\/v2\/post-noticias\/231991\/revisions"}],"wp:featuredmedia":[{"embeddable":true,"href":"https:\/\/prensalibre-com-develop.go-vip.co\/guatevision\/wp-json\/wp\/v2\/media\/231994"}],"wp:attachment":[{"href":"https:\/\/prensalibre-com-develop.go-vip.co\/guatevision\/wp-json\/wp\/v2\/media?parent=231991"}],"wp:term":[{"taxonomy":"etiqueta","embeddable":true,"href":"https:\/\/prensalibre-com-develop.go-vip.co\/guatevision\/wp-json\/wp\/v2\/etiqueta?post=231991"}],"curies":[{"name":"wp","href":"https:\/\/api.w.org\/{rel}","templated":true}]}}