{"id":234270,"date":"2018-10-17T20:00:53","date_gmt":"2018-10-18T02:00:53","guid":{"rendered":"https:\/\/prensalibre-com-develop.go-vip.co\/guatevision\/?post_type=post-noticias&#038;p=234270"},"modified":"2018-10-17T16:05:45","modified_gmt":"2018-10-17T22:05:45","slug":"copa-davis-una-nueva-era","status":"publish","type":"post-noticias","link":"https:\/\/prensalibre-com-develop.go-vip.co\/guatevision\/noticias\/deportes\/copa-davis-una-nueva-era","title":{"rendered":"Copa Davis, una nueva era; lastrada por las reticencias de jugadores"},"content":{"rendered":"<p>Copa Davis en su nuevo formato, fue presentada este mi\u00e9rcoles por la estrella del f\u00fatbol Gerard Piqu\u00e9, que echar\u00e1 a andar en 2019 con el lastre de las reticencias expresadas por algunas de las principales raquetas como Novak Djokovic o Roger Federer.<\/p>\n\n<p>La nueva Copa Davis, impulsada por Piqu\u00e9 a trav\u00e9s de su fondo de inversi\u00f3n Kosmos, en colaboraci\u00f3n con la Federaci\u00f3n Internacional de Tenis (ITF), se concentrar\u00e1 en una fase final de 18 naciones.<\/p>\n<p>En esta fase participar\u00e1n los cuatro semifinalistas de las edici\u00f3n 2018 (Espa\u00f1a, Francia, Croacia y Estados Unidos) junto a Gran Breta\u00f1a y Argentina, que han recibido una invitaci\u00f3n.<\/p>\n<p>Las otras doce selecciones participantes saldr\u00e1n de una primera ronda clasificatoria disputada con el formato tradicional de en casa-fuera, pero reducido a dos d\u00edas y con partidos al mejor de tres sets entre el viernes 1 y s\u00e1bado 2 de febrero, el fin de semana siguiente al Abierto de Australia (15-27 enero).<\/p>\n<p>Tras el sorteo celebrado en septiembre, Brasil recibir\u00e1 a B\u00e9lgica y Colombia a Suecia, mientras que Chile tendr\u00e1 que viajar a Austria.<\/p>\n<p>El resto de enfrentamientos son Suiza-Rusia, Uzbekist\u00e1n-Serbia, Australia-Bosnia, India-Italia, Alemania-Hungr\u00eda, China-Jap\u00f3n y Rep\u00fablica Checa-Holanda. Canad\u00e1 y Kazajist\u00e1n conocer\u00e1n sus rivales m\u00e1s adelante.<\/p>\n<p>&nbsp;<\/p>\n<h3>&#8211; &#8216;No habr\u00e1 nunca fechas perfectas&#8217; &#8211;<\/h3>\n<p>La fase final se disputar\u00e1 del 18 al 24 de noviembre de 2019 en superficie dura en la Caja M\u00e1gica madrile\u00f1a, sede del torneo Masters 1000 de la capital espa\u00f1ola.<\/p>\n<p>Pero, estas fechas se sit\u00faan al t\u00e9rmino de una siempre apretada temporada para las jugadores, lo que ha suscitado las reservas de algunas de las mejores raquetas del mundo como Novak Djokovic (N.2), Roger Federer (N.4) o el joven Alexander Zverev (N.5).<\/p>\n<p>&#8220;Estamos trabajando con la ATP para tratar de llegar a un acuerdo de fechas, aunque no habr\u00e1 nunca fechas perfectas&#8221;, dijo Piqu\u00e9.<\/p>\n<p>Y es que la fase final se situar\u00eda, adem\u00e1s, demasiado cerca de la nueva World Team Cup, que la ATP, organizadora del circuito masculino, quiere poner en marcha a partir de enero de 2020 en Australia.<\/p>\n<p>&#8220;Entre las dos, dar\u00eda prioridad a la World Team Cup ya que es una competici\u00f3n ATP&#8221;, aseguraba recientemente Djokovic.<\/p>\n<p>El n\u00famero dos del mundo &#8220;no ha dicho que no va a jugar&#8221;, dijo este mi\u00e9rcoles Piqu\u00e9, que aprovech\u00f3 un viaje la pasada semana a Shanghai para entrevistarse con el serbio, principal referencia del Consejo de Jugadores de la ATP.<\/p>\n<p>&#8220;La reuni\u00f3n fue muy bien. Hay que seguir hablando pero estoy seguro de que podremos llegar a un acuerdo&#8221;, dijo Piqu\u00e9.<\/p>\n<p>&nbsp;<\/p>\n<h3>&#8211; &#8216;Confianza&#8217; &#8211;<\/h3>\n<p>&#8220;Tengo mucha confianza en que llegaremos a buen puerto en las negociaciones que tenemos con la ATP y con los jugadores, sobre todo Djokovic, para que puedan estar&#8221;, a\u00f1adi\u00f3 el futbolista espa\u00f1ol<\/p>\n<p>Piqu\u00e9 destac\u00f3 que Rafa Nadal &#8220;si no est\u00e1 lesionado, va a estar&#8221; en la nueva competici\u00f3n, e intent\u00f3 en varias ocasiones poner el foco en que se trata de una competici\u00f3n por equipos, frente a la preocupaci\u00f3n por la presencia o no de grandes jugadores.<\/p>\n<p>&#8220;En el cuadro (de la fase final) habr\u00e1 &#8216;top&#8217; que no se van clasificar (porque no lo har\u00e1n sus equipos), queremos centrarnos en los equipos&#8221;, asegur\u00f3 el futbolista espa\u00f1ol, acompa\u00f1ado en la presentaci\u00f3n de la nueva Copa Davis por el jefe de operaciones de la ITF, Kelly Fairweather, la alcaldesa de Madrid, Manuela Carmena, y el presidente regional madrile\u00f1o, Angel Garrido.<\/p>\n<p>&#8220;Tenemos que enfocar m\u00e1s que en un tema individual en un tema de selecciones&#8221;, insisti\u00f3 Piqu\u00e9.<\/p>\n<p>&#8220;Es un d\u00eda importante para el tenis y para la Copa Davis&#8221;, asegur\u00f3, por su parte Fairweather, para el que &#8220;por primera vez en su historia la final de la Copa Davis tendr\u00e1 lugar en una semana que ser\u00e1 un festival de tenis&#8221;.<\/p>\n<p>&nbsp;<\/p>\n<p>\u00a9 Agence France-Presse<\/p>\n","protected":false},"excerpt":{"rendered":"<p>En esta fase participar\u00e1n los cuatro semifinalistas de las edici\u00f3n 2018 (Espa\u00f1a, Francia, Croacia y Estados Unidos) junto a Gran Breta\u00f1a y Argentina, que han recibido una invitaci\u00f3n.<\/p>\n","protected":false},"author":71,"featured_media":234276,"template":"","etiqueta":[20992,21100,21498,21334],"class_list":["post-234270","post-noticias","type-post-noticias","status-publish","has-post-thumbnail","hentry","categoria-post-noticias-deportes","etiqueta-copa-davis","etiqueta-gerard-pique","etiqueta-novak-djokovic","etiqueta-roger-federer"],"yoast_head":"<!-- This site is optimized with the Yoast SEO plugin v23.9 - https:\/\/yoast.com\/wordpress\/plugins\/seo\/ -->\n<title>Copa Davis, una nueva era; lastrada por las reticencias de jugadores<\/title>\n<meta name=\"description\" content=\"Copa Davis en su nuevo formato, fue presentada este mi\u00e9rcoles por la estrella del f\u00fatbol Gerard Piqu\u00e9, que echar\u00e1 a andar en 2019\" \/>\n<meta name=\"robots\" content=\"index, follow, max-snippet:-1, max-image-preview:large, max-video-preview:-1\" \/>\n<link rel=\"canonical\" href=\"https:\/\/prensalibre-com-develop.go-vip.co\/guatevision\/noticias\/deportes\/copa-davis-una-nueva-era\" \/>\n<meta property=\"og:locale\" content=\"es_ES\" \/>\n<meta property=\"og:type\" content=\"article\" \/>\n<meta property=\"og:title\" content=\"Copa Davis, una nueva era; lastrada por las reticencias de jugadores\" \/>\n<meta property=\"og:description\" content=\"Copa Davis en su nuevo formato, fue presentada este mi\u00e9rcoles por la estrella del f\u00fatbol Gerard Piqu\u00e9, que echar\u00e1 a andar en 2019\" \/>\n<meta property=\"og:url\" content=\"https:\/\/prensalibre-com-develop.go-vip.co\/guatevision\/noticias\/deportes\/copa-davis-una-nueva-era\" \/>\n<meta property=\"og:site_name\" content=\"Guatevision\" \/>\n<meta property=\"article:modified_time\" content=\"2018-10-17T22:05:45+00:00\" \/>\n<meta property=\"og:image\" content=\"https:\/\/prensalibre-com-develop.go-vip.co\/guatevision\/wp-content\/uploads\/sites\/2\/2018\/10\/Copa-Davis-Pique\u0301.jpg?quality=82\" \/>\n\t<meta property=\"og:image:width\" content=\"768\" \/>\n\t<meta property=\"og:image:height\" content=\"511\" \/>\n\t<meta property=\"og:image:type\" content=\"image\/jpeg\" \/>\n<meta name=\"twitter:card\" content=\"summary_large_image\" \/>\n<meta name=\"twitter:label1\" content=\"Est. reading time\" \/>\n\t<meta name=\"twitter:data1\" content=\"3 minutes\" \/>\n<script type=\"application\/ld+json\" class=\"yoast-schema-graph\">{\"@context\":\"https:\/\/schema.org\",\"@graph\":[{\"@type\":\"WebPage\",\"@id\":\"https:\/\/prensalibre-com-develop.go-vip.co\/guatevision\/noticias\/deportes\/copa-davis-una-nueva-era\",\"url\":\"https:\/\/prensalibre-com-develop.go-vip.co\/guatevision\/noticias\/deportes\/copa-davis-una-nueva-era\",\"name\":\"Copa Davis, una nueva era; lastrada por las reticencias de jugadores\",\"isPartOf\":{\"@id\":\"https:\/\/prensalibre-com-develop.go-vip.co\/guatevision\/#website\"},\"primaryImageOfPage\":{\"@id\":\"https:\/\/prensalibre-com-develop.go-vip.co\/guatevision\/noticias\/deportes\/copa-davis-una-nueva-era#primaryimage\"},\"image\":{\"@id\":\"https:\/\/prensalibre-com-develop.go-vip.co\/guatevision\/noticias\/deportes\/copa-davis-una-nueva-era#primaryimage\"},\"thumbnailUrl\":\"https:\/\/prensalibre-com-develop.go-vip.co\/guatevision\/wp-content\/uploads\/sites\/2\/2018\/10\/Copa-Davis-Pique\u0301.jpg?quality=82\",\"datePublished\":\"2018-10-18T02:00:53+00:00\",\"dateModified\":\"2018-10-17T22:05:45+00:00\",\"description\":\"Copa Davis en su nuevo formato, fue presentada este mi\u00e9rcoles por la estrella del f\u00fatbol Gerard Piqu\u00e9, que echar\u00e1 a andar en 2019\",\"inLanguage\":\"es-GT\",\"potentialAction\":[{\"@type\":\"ReadAction\",\"target\":[\"https:\/\/prensalibre-com-develop.go-vip.co\/guatevision\/noticias\/deportes\/copa-davis-una-nueva-era\"]}]},{\"@type\":\"ImageObject\",\"inLanguage\":\"es-GT\",\"@id\":\"https:\/\/prensalibre-com-develop.go-vip.co\/guatevision\/noticias\/deportes\/copa-davis-una-nueva-era#primaryimage\",\"url\":\"https:\/\/prensalibre-com-develop.go-vip.co\/guatevision\/wp-content\/uploads\/sites\/2\/2018\/10\/Copa-Davis-Pique\u0301.jpg?quality=82\",\"contentUrl\":\"https:\/\/prensalibre-com-develop.go-vip.co\/guatevision\/wp-content\/uploads\/sites\/2\/2018\/10\/Copa-Davis-Pique\u0301.jpg?quality=82\",\"width\":768,\"height\":511,\"caption\":\"Spain's defender Gerard Pique attends the presentation of the city of Madrid as hosts of the new Davis Cup for the next two years, on October 17, 2018 in Madrid. (Photo by GABRIEL BOUYS \/ AFP) \/ \u0093The erroneous mention[s] appearing in the metadata of this photo by GABRIEL BOUYS has been modified in AFP systems in the following manner: [Spain's defender Gerard Pique] instead of [Spain's defender Gerard Piquet]. Please immediately remove the erroneous mention[s] from all your online services and delete it (them) from your servers. If you have been authorized by AFP to distribute it (them) to third parties, please ensure that the same actions are carried out by them. Failure to promptly comply with these instructions will entail liability on your part for any continued or post notification usage. Therefore we thank you very much for all your attention and prompt action. We are sorry for the inconvenience this notification may cause and remain at your disposal for any further information you may require.\u0094\"},{\"@type\":\"WebSite\",\"@id\":\"https:\/\/prensalibre-com-develop.go-vip.co\/guatevision\/#website\",\"url\":\"https:\/\/prensalibre-com-develop.go-vip.co\/guatevision\/\",\"name\":\"Guatevision\",\"description\":\"\u00a1Enciende Lo Bueno!\",\"publisher\":{\"@id\":\"https:\/\/prensalibre-com-develop.go-vip.co\/guatevision\/#organization\"},\"potentialAction\":[{\"@type\":\"SearchAction\",\"target\":{\"@type\":\"EntryPoint\",\"urlTemplate\":\"https:\/\/prensalibre-com-develop.go-vip.co\/guatevision\/?s={search_term_string}\"},\"query-input\":{\"@type\":\"PropertyValueSpecification\",\"valueRequired\":true,\"valueName\":\"search_term_string\"}}],\"inLanguage\":\"es-GT\"},{\"@type\":\"Organization\",\"@id\":\"https:\/\/prensalibre-com-develop.go-vip.co\/guatevision\/#organization\",\"name\":\"Guatevision\",\"url\":\"https:\/\/prensalibre-com-develop.go-vip.co\/guatevision\/\",\"logo\":{\"@type\":\"ImageObject\",\"inLanguage\":\"es-GT\",\"@id\":\"https:\/\/prensalibre-com-develop.go-vip.co\/guatevision\/#\/schema\/logo\/image\/\",\"url\":\"https:\/\/prensalibre-com-develop.go-vip.co\/guatevision\/wp-content\/uploads\/sites\/2\/2026\/04\/Diseno-sin-titulo.png?quality=82\",\"contentUrl\":\"https:\/\/prensalibre-com-develop.go-vip.co\/guatevision\/wp-content\/uploads\/sites\/2\/2026\/04\/Diseno-sin-titulo.png?quality=82\",\"width\":1000,\"height\":600,\"caption\":\"Guatevision\"},\"image\":{\"@id\":\"https:\/\/prensalibre-com-develop.go-vip.co\/guatevision\/#\/schema\/logo\/image\/\"}}]}<\/script>\n<!-- \/ Yoast SEO plugin. -->","yoast_head_json":{"title":"Copa Davis, una nueva era; lastrada por las reticencias de jugadores","description":"Copa Davis en su nuevo formato, fue presentada este mi\u00e9rcoles por la estrella del f\u00fatbol Gerard Piqu\u00e9, que echar\u00e1 a andar en 2019","robots":{"index":"index","follow":"follow","max-snippet":"max-snippet:-1","max-image-preview":"max-image-preview:large","max-video-preview":"max-video-preview:-1"},"canonical":"https:\/\/prensalibre-com-develop.go-vip.co\/guatevision\/noticias\/deportes\/copa-davis-una-nueva-era","og_locale":"es_ES","og_type":"article","og_title":"Copa Davis, una nueva era; lastrada por las reticencias de jugadores","og_description":"Copa Davis en su nuevo formato, fue presentada este mi\u00e9rcoles por la estrella del f\u00fatbol Gerard Piqu\u00e9, que echar\u00e1 a andar en 2019","og_url":"https:\/\/prensalibre-com-develop.go-vip.co\/guatevision\/noticias\/deportes\/copa-davis-una-nueva-era","og_site_name":"Guatevision","article_modified_time":"2018-10-17T22:05:45+00:00","og_image":[{"width":768,"height":511,"url":"https:\/\/prensalibre-com-develop.go-vip.co\/guatevision\/wp-content\/uploads\/sites\/2\/2018\/10\/Copa-Davis-Pique\u0301.jpg?quality=82","type":"image\/jpeg"}],"twitter_card":"summary_large_image","twitter_misc":{"Est. reading time":"3 minutes"},"schema":{"@context":"https:\/\/schema.org","@graph":[{"@type":"WebPage","@id":"https:\/\/prensalibre-com-develop.go-vip.co\/guatevision\/noticias\/deportes\/copa-davis-una-nueva-era","url":"https:\/\/prensalibre-com-develop.go-vip.co\/guatevision\/noticias\/deportes\/copa-davis-una-nueva-era","name":"Copa Davis, una nueva era; lastrada por las reticencias de jugadores","isPartOf":{"@id":"https:\/\/prensalibre-com-develop.go-vip.co\/guatevision\/#website"},"primaryImageOfPage":{"@id":"https:\/\/prensalibre-com-develop.go-vip.co\/guatevision\/noticias\/deportes\/copa-davis-una-nueva-era#primaryimage"},"image":{"@id":"https:\/\/prensalibre-com-develop.go-vip.co\/guatevision\/noticias\/deportes\/copa-davis-una-nueva-era#primaryimage"},"thumbnailUrl":"https:\/\/prensalibre-com-develop.go-vip.co\/guatevision\/wp-content\/uploads\/sites\/2\/2018\/10\/Copa-Davis-Pique\u0301.jpg?quality=82","datePublished":"2018-10-18T02:00:53+00:00","dateModified":"2018-10-17T22:05:45+00:00","description":"Copa Davis en su nuevo formato, fue presentada este mi\u00e9rcoles por la estrella del f\u00fatbol Gerard Piqu\u00e9, que echar\u00e1 a andar en 2019","inLanguage":"es-GT","potentialAction":[{"@type":"ReadAction","target":["https:\/\/prensalibre-com-develop.go-vip.co\/guatevision\/noticias\/deportes\/copa-davis-una-nueva-era"]}]},{"@type":"ImageObject","inLanguage":"es-GT","@id":"https:\/\/prensalibre-com-develop.go-vip.co\/guatevision\/noticias\/deportes\/copa-davis-una-nueva-era#primaryimage","url":"https:\/\/prensalibre-com-develop.go-vip.co\/guatevision\/wp-content\/uploads\/sites\/2\/2018\/10\/Copa-Davis-Pique\u0301.jpg?quality=82","contentUrl":"https:\/\/prensalibre-com-develop.go-vip.co\/guatevision\/wp-content\/uploads\/sites\/2\/2018\/10\/Copa-Davis-Pique\u0301.jpg?quality=82","width":768,"height":511,"caption":"Spain's defender Gerard Pique attends the presentation of the city of Madrid as hosts of the new Davis Cup for the next two years, on October 17, 2018 in Madrid. (Photo by GABRIEL BOUYS \/ AFP) \/ \u0093The erroneous mention[s] appearing in the metadata of this photo by GABRIEL BOUYS has been modified in AFP systems in the following manner: [Spain's defender Gerard Pique] instead of [Spain's defender Gerard Piquet]. Please immediately remove the erroneous mention[s] from all your online services and delete it (them) from your servers. If you have been authorized by AFP to distribute it (them) to third parties, please ensure that the same actions are carried out by them. Failure to promptly comply with these instructions will entail liability on your part for any continued or post notification usage. Therefore we thank you very much for all your attention and prompt action. We are sorry for the inconvenience this notification may cause and remain at your disposal for any further information you may require.\u0094"},{"@type":"WebSite","@id":"https:\/\/prensalibre-com-develop.go-vip.co\/guatevision\/#website","url":"https:\/\/prensalibre-com-develop.go-vip.co\/guatevision\/","name":"Guatevision","description":"\u00a1Enciende Lo Bueno!","publisher":{"@id":"https:\/\/prensalibre-com-develop.go-vip.co\/guatevision\/#organization"},"potentialAction":[{"@type":"SearchAction","target":{"@type":"EntryPoint","urlTemplate":"https:\/\/prensalibre-com-develop.go-vip.co\/guatevision\/?s={search_term_string}"},"query-input":{"@type":"PropertyValueSpecification","valueRequired":true,"valueName":"search_term_string"}}],"inLanguage":"es-GT"},{"@type":"Organization","@id":"https:\/\/prensalibre-com-develop.go-vip.co\/guatevision\/#organization","name":"Guatevision","url":"https:\/\/prensalibre-com-develop.go-vip.co\/guatevision\/","logo":{"@type":"ImageObject","inLanguage":"es-GT","@id":"https:\/\/prensalibre-com-develop.go-vip.co\/guatevision\/#\/schema\/logo\/image\/","url":"https:\/\/prensalibre-com-develop.go-vip.co\/guatevision\/wp-content\/uploads\/sites\/2\/2026\/04\/Diseno-sin-titulo.png?quality=82","contentUrl":"https:\/\/prensalibre-com-develop.go-vip.co\/guatevision\/wp-content\/uploads\/sites\/2\/2026\/04\/Diseno-sin-titulo.png?quality=82","width":1000,"height":600,"caption":"Guatevision"},"image":{"@id":"https:\/\/prensalibre-com-develop.go-vip.co\/guatevision\/#\/schema\/logo\/image\/"}}]}},"jetpack_sharing_enabled":true,"_links":{"self":[{"href":"https:\/\/prensalibre-com-develop.go-vip.co\/guatevision\/wp-json\/wp\/v2\/post-noticias\/234270","targetHints":{"allow":["GET"]}}],"collection":[{"href":"https:\/\/prensalibre-com-develop.go-vip.co\/guatevision\/wp-json\/wp\/v2\/post-noticias"}],"about":[{"href":"https:\/\/prensalibre-com-develop.go-vip.co\/guatevision\/wp-json\/wp\/v2\/types\/post-noticias"}],"author":[{"embeddable":true,"href":"https:\/\/prensalibre-com-develop.go-vip.co\/guatevision\/wp-json\/wp\/v2\/users\/71"}],"version-history":[{"count":0,"href":"https:\/\/prensalibre-com-develop.go-vip.co\/guatevision\/wp-json\/wp\/v2\/post-noticias\/234270\/revisions"}],"wp:featuredmedia":[{"embeddable":true,"href":"https:\/\/prensalibre-com-develop.go-vip.co\/guatevision\/wp-json\/wp\/v2\/media\/234276"}],"wp:attachment":[{"href":"https:\/\/prensalibre-com-develop.go-vip.co\/guatevision\/wp-json\/wp\/v2\/media?parent=234270"}],"wp:term":[{"taxonomy":"etiqueta","embeddable":true,"href":"https:\/\/prensalibre-com-develop.go-vip.co\/guatevision\/wp-json\/wp\/v2\/etiqueta?post=234270"}],"curies":[{"name":"wp","href":"https:\/\/api.w.org\/{rel}","templated":true}]}}