{"id":242234,"date":"2018-11-21T12:43:33","date_gmt":"2018-11-21T18:43:33","guid":{"rendered":"https:\/\/prensalibre-com-develop.go-vip.co\/guatevision\/?post_type=post-noticias&#038;p=242234"},"modified":"2018-11-21T12:43:35","modified_gmt":"2018-11-21T18:43:35","slug":"el-anillo-de-compromiso-objetiviza-a-la-mujer","status":"publish","type":"post-noticias","link":"https:\/\/prensalibre-com-develop.go-vip.co\/guatevision\/noticias\/bbc\/el-anillo-de-compromiso-objetiviza-a-la-mujer","title":{"rendered":"&#8220;El anillo de compromiso objetiviza a la mujer&#8221;"},"content":{"rendered":"<p><strong><span class=\"byline__name\">Matilde Suesc\u00fan<\/span><\/strong><br \/>\n<strong><span class=\"byline__name\">*<\/span><span class=\"byline__title\">BBC &#8211; 100 Mujeres<\/span><\/strong><\/p>\n<p class=\"story-body__introduction\"><strong>La actriz y periodista colombiana Matilde Suesc\u00fan, autora del blog feminista &#8220;Sin pelos en la lengua&#8221;, escribi\u00f3 en abril de este a\u00f1o la que asegura que es su columna m\u00e1s pol\u00e9mica hasta la fecha:\u00a0<a class=\"story-body__link-external\" href=\"http:\/\/blogs.eltiempo.com\/sin-pelos-en-la-lengua\/2018\/04\/02\/no-quiero-anillo\/\" target=\"_blank\" rel=\"noopener\">&#8220;Por qu\u00e9 no quiero un anillo&#8221;<\/a>. BBC Mundo convers\u00f3 con ella sobre una cuesti\u00f3n que considera &#8220;necesaria y relevante&#8221; porque &#8220;objetiviza a la mujer&#8221;. Este es su testimonio.<\/strong><\/p>\n\n<figure class=\"media-landscape no-caption body-width\"><span class=\"image-and-copyright-container\"><img loading=\"lazy\" decoding=\"async\" class=\"responsive-image__img js-image-replace\" src=\"https:\/\/ichef.bbci.co.uk\/news\/624\/cpsprodpb\/4B60\/production\/_103569291_464x2_line.jpg\" alt=\"Rayita\" width=\"464\" height=\"2\" data-highest-encountered-width=\"624\" \/><\/span><\/figure>\n<p>No soy una mujer casada. Pero estuve casada dos veces y<strong>\u00a0nunca tuve ni quise tener un anillo de compromiso.<\/strong><\/p>\n<p>Si mis exparejas me hubieran pedido la mano creo que me habr\u00eda entrado la risa. Aunque no creo que hubieran llegado a ese punto porque hubo una conversaci\u00f3n previa. Fue una decisi\u00f3n mutua en ambos casos y ellos compart\u00edan mi punto de vista sobre los anillos de compromiso.<\/p>\n<p>Llevar un anillo de compromiso va en contra del feminismo y en contra de ser mujer. El anillo es un s\u00edmbolo de una cantidad de cosas que son completamente contrarias al ideal de la mujer independiente y aut\u00f3noma capaz de resolverse su propia vida. Es\u00a0<strong>un s\u00edmbolo de pertenencia<\/strong>\u00a0a otra persona.<\/p>\n<ul class=\"story-body__unordered-list\">\n<li class=\"story-body__list-item\"><a class=\"story-body__link\" href=\"https:\/\/www.bbc.com\/mundo\/noticias-45411571\" target=\"_blank\" rel=\"noopener\">La verdad sobre las feministas que &#8220;quemaron&#8221; sus sostenes hace 50 a\u00f1os (y qu\u00e9 botar\u00edas hoy al Basurero de la Libertad)<\/a><\/li>\n<\/ul>\n<figure class=\"media-landscape has-caption full-width\">\n<p><figure style=\"width: 976px\" class=\"wp-caption aligncenter\"><img loading=\"lazy\" decoding=\"async\" class=\"responsive-image__img js-image-replace\" src=\"https:\/\/ichef.bbci.co.uk\/news\/624\/cpsprodpb\/12F55\/production\/_103935677_img_8717-2.jpg\" alt=\"Matilde Suesc\u00fan\" width=\"976\" height=\"549\" data-highest-encountered-width=\"624\" \/><figcaption class=\"wp-caption-text\">MATILDE SUESC\u00daN \/\u00a0Matilde naci\u00f3 en Colombia pero se mud\u00f3 hace a\u00f1os a Estados Unidos hace a\u00f1os. Viajar es una de sus pasiones.<\/figcaption><\/figure><\/figure>\n<p>Es tambi\u00e9n una manera de mostrar el nivel socioecon\u00f3mico de la persona. Cuanto m\u00e1s grande el diamante, mayor valor se le da a la mujer que lo lleva. Eso me parece grave porque significa objetivizar a la mujer, darle un valor en pesos. Y el valor de la mujer va mucho m\u00e1s all\u00e1 de lo econ\u00f3mico.<\/p>\n<p><strong>La argolla de matrimonio me molesta menos<\/strong>\u00a0porque se la pone la mujer y el hombre, no es tan ostentosa ni suele ser s\u00edmbolo de dinero y poder.<\/p>\n<p>Muchas de mis amigas no est\u00e1n de acuerdo conmigo. Creo que todas mis amigas en Estados Unidos tienen un anillo de diamantes. Alardean y lo muestran en Facebook y en las fiestas. Se burlan de m\u00ed por mis historias. Les parece que estoy loca.<\/p>\n<p>Incluso mi hija se burla de m\u00ed. Ella sue\u00f1a con un anillo, lo cual me parece chistoso. Lo acepto porque trato de entenderla y entender que hace parte del contexto cultural donde creci\u00f3, pero\u00a0<strong>no estoy de acuerdo con esa mentalidad.<\/strong><\/p>\n<figure class=\"media-landscape no-caption full-width\"><span class=\"image-and-copyright-container\"><img loading=\"lazy\" decoding=\"async\" class=\"responsive-image__img js-image-replace\" src=\"https:\/\/ichef.bbci.co.uk\/news\/624\/cpsprodpb\/3FC4\/production\/_104042361_datapic-anillo_compromiso_mundo-0g82r-nc.png\" alt=\"datos dinero anillo\" width=\"624\" height=\"377\" data-highest-encountered-width=\"624\" \/><\/span><\/figure>\n<p>Yo nac\u00ed en Colombia, pero me mud\u00e9 a Estados Unidos hace a\u00f1os. Mi hija naci\u00f3 y vive en Estados Unidos, en donde la anhelada &#8220;roca&#8221; se ha convertido en\u00a0<strong>una cuesti\u00f3n de estatus<\/strong>. Y esa tradici\u00f3n estadounidense se est\u00e1 imponiendo cada vez m\u00e1s en Colombia y en otros pa\u00edses.<\/p>\n<h2 class=\"story-body__crosshead\">&#8220;Rol pasivo&#8221;<\/h2>\n<p>Mi primer matrimonio fue en Estados Unidos. \u00c9l era actor y nos casamos en Los \u00c1ngeles. Yo era muy joven y nos divorciamos relativamente pronto, a los dos o tres a\u00f1os.<\/p>\n<p>Mis segundas nupcias fueron en Colombia, con el padre de mis hijos. Pensamos que,\u00a0<strong>por el tema de los papeles<\/strong>, era todo m\u00e1s f\u00e1cil si nos cas\u00e1bamos. Fue una decisi\u00f3n con implicaciones pr\u00e1cticas.<\/p>\n<figure class=\"media-landscape has-caption full-width\">\n<p><figure style=\"width: 549px\" class=\"wp-caption aligncenter\"><img loading=\"lazy\" decoding=\"async\" class=\"responsive-image__img js-image-replace\" src=\"https:\/\/ichef.bbci.co.uk\/news\/624\/cpsprodpb\/6C05\/production\/_103935672_img_6465-2.jpg\" alt=\"Matilde Suesc\u00fan\" width=\"549\" height=\"549\" data-highest-encountered-width=\"624\" \/><figcaption class=\"wp-caption-text\">MATILDE SUESC\u00daN \/\u00a0A Matilde no le gustan las pedidas de manos.<\/figcaption><\/figure><\/figure>\n<p>Casarse con alguien no es solo una cuesti\u00f3n de romanticismo. Es un acuerdo mutuo. Tiene implicaciones econ\u00f3micas y legales&#8230; y una cantidad de cosas que mucha gente ni siquiera se plantea.<\/p>\n<p>Adem\u00e1s, tampoco estoy de acuerdo con el ritual tradicional de pedida de mano. Pedirle la mano a una mujer es ponerla en\u00a0<strong>un rol pasivo<\/strong>, en una situaci\u00f3n de inferioridad.<\/p>\n<p>Muchas veces, la mujer est\u00e1 en un lugar p\u00fablico -como un restaurante o un estadio de f\u00fatbol- y entonces se ve obligada a decir que s\u00ed. Recuerdo un concierto de Carlos Vives en Miami en el que hubo una pedida de mano sobre el escenario. Ella no pudo negarse.<\/p>\n<h2 class=\"story-body__crosshead\">&#8220;Un pr\u00edncipe azul&#8221;<\/h2>\n<p>Me molesta todo el ritual, toda la pantomima que algunos consideran rom\u00e1ntica y que a m\u00ed me parece absurda: que el hombre se arrodille y le pida la mano a la mujer y que ella acepte, en un acto que suele ser sorpresivo y algo estrafalario.<\/p>\n<p>Me parece\u00a0<strong>la cosa m\u00e1s tonta del mundo<\/strong>. La mujer deber\u00eda tambi\u00e9n proponerle matrimonio al hombre con libertad, y tener voz y voto en esa decisi\u00f3n. Y normalmente no sucede as\u00ed.<\/p>\n<p><img loading=\"lazy\" decoding=\"async\" class=\"alignnone size-full wp-image-242339\" src=\"https:\/\/prensalibre-com-develop.go-vip.co\/guatevision\/wp-content\/uploads\/2018\/11\/Captura-de-pantalla-2018-11-21-a-las-12.18.54-p.m..png\" alt=\"La actriz y periodista colombiana Matilde Suesc\u00fan, autora del blog feminista &quot;Sin pelos en la lengua&quot;, escribi\u00f3 en abril de este a\u00f1o la que asegura que es su columna m\u00e1s pol\u00e9mica hasta la fecha: &quot;Por qu\u00e9 no quiero un anillo&quot;. BBC Mundo convers\u00f3 con ella sobre una cuesti\u00f3n que considera &quot;necesaria y relevante&quot; porque &quot;objetiviza a la mujer&quot;. Este es su testimonio. No soy una mujer casada. Pero estuve casada dos veces y nunca tuve ni quise tener un anillo de compromiso. Si mis exparejas me hubieran pedido la mano creo que me habr\u00eda entrado la risa. Aunque no creo que hubieran llegado a ese punto porque hubo una conversaci\u00f3n previa. Fue una decisi\u00f3n mutua en ambos casos y ellos compart\u00edan mi punto de vista sobre los anillos de compromiso. Llevar un anillo de compromiso va en contra del feminismo y en contra de ser mujer. El anillo es un s\u00edmbolo de una cantidad de cosas que son completamente contrarias al ideal de la mujer independiente y aut\u00f3noma capaz de resolverse su propia vida. Es un s\u00edmbolo de pertenencia a otra persona. La verdad sobre las feministas que &quot;quemaron&quot; sus sostenes hace 50 a\u00f1os (y qu\u00e9 botar\u00edas hoy al Basurero de la Libertad) Derechos de autor de la imagenMATILDE SUESC\u00daN Image caption Matilde naci\u00f3 en Colmbia pero se mud\u00f3 hace a\u00f1os a Estados Unidos hace a\u00f1os. Viajar es una de sus pasiones. Es tambi\u00e9n una manera de mostrar el nivel socioecon\u00f3mico de la persona. Cuanto m\u00e1s grande el diamante, mayor valor se le da a la mujer que lo lleva. Eso me parece grave porque significa objetivizar a la mujer, darle un valor en pesos. Y el valor de la mujer va mucho m\u00e1s all\u00e1 de lo econ\u00f3mico. Saltar las recomendaciones Quiz\u00e1s tambi\u00e9n te interese &quot;Con frecuencia amamos lo que nos hace da\u00f1o, esa es una de las grandes contradicciones del ser humano&quot; \u00c1ngeles Mastretta: &quot;\u00bfC\u00f3mo es posible sobrevivir a la idea de que hay un chamaco capaz de disolver en \u00e1cido a otros? \u00bfC\u00f3mo vives con eso, c\u00f3mo lo cuentas?&quot; &quot;Yo s\u00e9 que no tengo hijas, tengo enemigas&quot;: las madres que les tienen miedo a sus hijos Manuel Vilas: \u201cHay cosas que no se pueden contar a nadie, ni siquiera a ti mismo\u201d Fin de las recomendaciones La argolla de matrimonio me molesta menos porque se la pone la mujer y el hombre, no es tan ostentosa ni suele ser s\u00edmbolo de dinero y poder. Muchas de mis amigas no est\u00e1n de acuerdo conmigo. Creo que todas mis amigas en Estados Unidos tienen un anillo de diamantes. Alardean y lo muestran en Facebook y en las fiestas. Se burlan de m\u00ed por mis historias. Les parece que estoy loca. Incluso mi hija se burla de m\u00ed. Ella sue\u00f1a con un anillo, lo cual me parece chistoso. Lo acepto porque trato de entenderla y entender que hace parte del contexto cultural donde creci\u00f3, pero no estoy de acuerdo con esa mentalidad. Yo nac\u00ed en Colombia, pero me mud\u00e9 a Estados Unidos hace a\u00f1os. Mi hija naci\u00f3 y vive en Estados Unidos, en donde la anhelada &quot;roca&quot; se ha convertido en una cuesti\u00f3n de estatus. Y esa tradici\u00f3n estadounidense se est\u00e1 imponiendo cada vez m\u00e1s en Colombia y en otros pa\u00edses. &quot;Rol pasivo&quot; Mi primer matrimonio fue en Estados Unidos. \u00c9l era actor y nos casamos en Los \u00c1ngeles. Yo era muy joven y nos divorciamos relativamente pronto, a los dos o tres a\u00f1os. Mis segundas nupcias fueron en Colombia, con el padre de mis hijos. Pensamos que, por el tema de los papeles, era todo m\u00e1s f\u00e1cil si nos cas\u00e1bamos. Fue una decisi\u00f3n con implicaciones pr\u00e1cticas. Derechos de autor de la imagenMATILDE SUESC\u00daN Image caption A Matilde no le gustan las pedidas de manos. Casarse con alguien no es solo una cuesti\u00f3n de romanticismo. Es un acuerdo mutuo. Tiene implicaciones econ\u00f3micas y legales... y una cantidad de cosas que mucha gente ni siquiera se plantea. Adem\u00e1s, tampoco estoy de acuerdo con el ritual tradicional de pedida de mano. Pedirle la mano a una mujer es ponerla en un rol pasivo, en una situaci\u00f3n de inferioridad. Muchas veces, la mujer est\u00e1 en un lugar p\u00fablico -como un restaurante o un estadio de f\u00fatbol- y entonces se ve obligada a decir que s\u00ed. Recuerdo un concierto de Carlos Vives en Miami en el que hubo una pedida de mano sobre el escenario. Ella no pudo negarse. &quot;Un pr\u00edncipe azul&quot; Me molesta todo el ritual, toda la pantomima que algunos consideran rom\u00e1ntica y que a m\u00ed me parece absurda: que el hombre se arrodille y le pida la mano a la mujer y que ella acepte, en un acto que suele ser sorpresivo y algo estrafalario. Me parece la cosa m\u00e1s tonta del mundo. La mujer deber\u00eda tambi\u00e9n proponerle matrimonio al hombre con libertad, y tener voz y voto en esa decisi\u00f3n. Y normalmente no sucede as\u00ed. A las ni\u00f1as se les ense\u00f1a a que vean el matrimonio como una meta, como lo mejor que les puede pasar en la vida Me preocupa la manera en que la que la sociedad educa a las mujeres para que sue\u00f1en desde chiquitas qui\u00e9n les va a dar el anillo y cu\u00e1n grande va a ser. A las ni\u00f1as deber\u00edan ense\u00f1arles mejor a ser independientes, a estudiar y desarrollarse, a buscar la felicidad por s\u00ed mismas. Pero se les ense\u00f1a a que vean el matrimonio como una meta, como lo mejor que les puede pasar en la vida, como si su objetivo o su salvaci\u00f3n fuera conseguir un hombre que tenga el suficiente dinero para comprarle una roca enorme de diamantes, pon\u00e9rsela en el dedo y demostrarle al mundo que le pertenece. Derechos de autor de la imagenGETTY IMAGES Image caption &quot;La pedida de mano pone a la mujer en un rol pasivo&quot;, dice Matilde. Muchas mam\u00e1s cr\u00edan a sus hijas as\u00ed. Esas ni\u00f1as crecen con esta ilusi\u00f3n del anillo y con la idea de que en el momento en el que se casen la vida les va a cambiar y un hombre les resolver\u00e1 todos sus problemas. Yo tuve mucha suerte de que mi mam\u00e1 me educara de manera muy diferente. Ella nunca llev\u00f3 un anillo de compromiso y fue cabeza de familia desde que se divorci\u00f3 de mi pap\u00e1, cuando yo ten\u00eda 4 a\u00f1os. Fue una mujer adelantada a su \u00e9poca. Algunos me acusan de feminista radical y de querer acabar con el romanticismo. Pero eso no es cierto. El romanticismo es una celebraci\u00f3n de la vida y una celebraci\u00f3n del otro. Yo quiero que la persona con quien yo est\u00e9 me quiera y me celebre por lo que soy yo y por las ideas y sue\u00f1os que tengo. No necesito un anillo de diamantes para eso. Derechos de autor de la imagenCORTES\u00cdA DE MATILDE SUESC\u00daN Image caption Matilde se ha casado dos veces y actualmente vive con su pareja. S\u00ed me parece rom\u00e1ntico casarse, por ejemplo, a mi edad porque ya no suele hacerse por formar una familia o por tener hijos, sino por un sentimiento profundo de lealtad y amor hacia la otra persona. El papel no es garant\u00eda de nada, pero tomar esa decisi\u00f3n y hacer ese compromiso a estas alturas de la vida me parece lo m\u00e1s rom\u00e1ntico que se puede hacer. Tambi\u00e9n me parece rom\u00e1ntico cancelar planes para ir a cenar un viernes a \u00faltima hora porque estamos cansados y preferimos quedarnos en casa, tomar una copa de vino, darnos un masaje y ver una pel\u00edcula abrazados. Me considero una mujer rom\u00e1ntica. Lo que no me parece rom\u00e1ntico es esperar que venga un pr\u00edncipe azul con el anillo. Yo no le veo el romanticismo a eso. *Este es un extracto de la conversaci\u00f3n que Matilde Suesc\u00fan mantuvo con la periodista de BBC News Mundo Luc\u00eda Blasco. Este art\u00edculo forma parte de la temporada de 100 Mujeres #100Women que cada a\u00f1o organiza la BBC.\" width=\"647\" height=\"248\" srcset=\"https:\/\/prensalibre-com-develop.go-vip.co\/guatevision\/wp-content\/uploads\/sites\/2\/2018\/11\/Captura-de-pantalla-2018-11-21-a-las-12.18.54-p.m..png 647w, https:\/\/prensalibre-com-develop.go-vip.co\/guatevision\/wp-content\/uploads\/sites\/2\/2018\/11\/Captura-de-pantalla-2018-11-21-a-las-12.18.54-p.m..png?resize=300,115 300w, https:\/\/prensalibre-com-develop.go-vip.co\/guatevision\/wp-content\/uploads\/sites\/2\/2018\/11\/Captura-de-pantalla-2018-11-21-a-las-12.18.54-p.m..png?resize=150,57 150w\" sizes=\"auto, (max-width: 647px) 100vw, 647px\" \/><\/p>\n<p>Me preocupa la manera en que la que la sociedad educa a las mujeres para que sue\u00f1en desde chiquitas qui\u00e9n les va a dar el anillo y cu\u00e1n grande va a ser. A las ni\u00f1as deber\u00edan ense\u00f1arles mejor a ser independientes, a estudiar y desarrollarse, a buscar la felicidad por s\u00ed mismas.<\/p>\n<p>Pero se les ense\u00f1a a que vean\u00a0<strong>el matrimonio como una meta<\/strong>, como lo mejor que les puede pasar en la vida, como si su objetivo o su salvaci\u00f3n fuera conseguir un hombre que tenga el suficiente dinero para comprarle una roca enorme de diamantes, pon\u00e9rsela en el dedo y demostrarle al mundo que le pertenece.<\/p>\n<figure class=\"media-landscape has-caption full-width\">\n<p><figure style=\"width: 976px\" class=\"wp-caption aligncenter\"><img loading=\"lazy\" decoding=\"async\" class=\"responsive-image__img js-image-replace\" src=\"https:\/\/ichef.bbci.co.uk\/news\/624\/cpsprodpb\/E3E2\/production\/_103783385_gettyimages-895859916.jpg\" alt=\"pedida\" width=\"976\" height=\"549\" data-highest-encountered-width=\"624\" \/><figcaption class=\"wp-caption-text\">GETTY IMAGES \/\u00a0&#8220;La pedida de mano pone a la mujer en un rol pasivo&#8221;, dice Matilde.<\/figcaption><\/figure><\/figure>\n<p>Muchas mam\u00e1s cr\u00edan a sus hijas as\u00ed. Esas ni\u00f1as crecen con esta ilusi\u00f3n del anillo y con la idea de que en el momento en el que se casen la vida les va a cambiar y un hombre les resolver\u00e1 todos sus problemas.<\/p>\n<p>Yo tuve mucha suerte de que mi mam\u00e1 me educara de manera muy diferente. Ella nunca llev\u00f3 un anillo de compromiso y fue cabeza de familia desde que se divorci\u00f3 de mi pap\u00e1, cuando yo ten\u00eda 4 a\u00f1os. Fue una mujer\u00a0<strong>adelantada a su \u00e9poca.<\/strong><\/p>\n<p>Algunos me acusan de feminista radical y de querer acabar con el romanticismo. Pero eso no es cierto.<\/p>\n<p>El romanticismo es una celebraci\u00f3n de la vida y una celebraci\u00f3n del otro. Yo quiero que la persona con quien yo est\u00e9 me quiera y me celebre por lo que soy yo y por las ideas y sue\u00f1os que tengo. No necesito un anillo de diamantes para eso.<\/p>\n<figure class=\"media-landscape has-caption full-width\">\n<p><figure style=\"width: 976px\" class=\"wp-caption aligncenter\"><img loading=\"lazy\" decoding=\"async\" class=\"responsive-image__img js-image-replace\" src=\"https:\/\/ichef.bbci.co.uk\/news\/624\/cpsprodpb\/95C2\/production\/_103783383_img_1198-2.jpg\" alt=\"Matilde Suesc\u00fan\" width=\"976\" height=\"549\" data-highest-encountered-width=\"624\" \/><figcaption class=\"wp-caption-text\">CORTES\u00cdA DE MATILDE SUESC\u00daN \/\u00a0Matilde se ha casado dos veces y actualmente vive con su pareja.<\/figcaption><\/figure><\/figure>\n<p>S\u00ed me parece rom\u00e1ntico casarse, por ejemplo, a mi edad porque ya no suele hacerse por formar una familia o por tener hijos, sino por un sentimiento profundo de lealtad y amor hacia la otra persona.<\/p>\n<p>El papel no es garant\u00eda de nada, pero tomar esa decisi\u00f3n y hacer ese compromiso a estas alturas de la vida\u00a0<strong>me parece lo m\u00e1s rom\u00e1ntico<\/strong>\u00a0que se puede hacer.<\/p>\n<p>Tambi\u00e9n me parece rom\u00e1ntico cancelar planes para ir a cenar un viernes a \u00faltima hora porque estamos cansados y preferimos quedarnos en casa, tomar una copa de vino, darnos un masaje y ver una pel\u00edcula abrazados.<\/p>\n<p>Me considero una mujer rom\u00e1ntica. Lo que no me parece rom\u00e1ntico es esperar que venga un pr\u00edncipe azul con el anillo. Yo no le veo el romanticismo a eso.<\/p>\n<figure class=\"media-landscape no-caption body-width\"><span class=\"image-and-copyright-container\"><img loading=\"lazy\" decoding=\"async\" class=\"responsive-image__img js-image-replace\" src=\"https:\/\/ichef.bbci.co.uk\/news\/624\/cpsprodpb\/11741\/production\/_98298417_line.jpg\" alt=\"L\u00ednea\" width=\"464\" height=\"2\" data-highest-encountered-width=\"624\" \/><\/span><\/figure>\n<p><i>*Este es un extracto de la conversaci\u00f3n que Matilde Suesc\u00fan mantuvo con la periodista de BBC News Mundo Luc\u00eda Blasco.<\/i><\/p>\n<figure class=\"media-landscape no-caption body-width\"><span class=\"image-and-copyright-container\"><img loading=\"lazy\" decoding=\"async\" class=\"responsive-image__img js-image-replace\" src=\"https:\/\/ichef.bbci.co.uk\/news\/624\/cpsprodpb\/11741\/production\/_98298417_line.jpg\" alt=\"L\u00ednea\" width=\"464\" height=\"2\" data-highest-encountered-width=\"624\" \/><\/span><\/figure>\n<figure class=\"media-landscape no-caption full-width\"><span class=\"image-and-copyright-container\"><img loading=\"lazy\" decoding=\"async\" class=\"responsive-image__img js-image-replace\" src=\"https:\/\/ichef.bbci.co.uk\/news\/624\/cpsprodpb\/125C\/production\/_98300740_100_women_mundo.jpg\" alt=\"Logo de 100 Mujeres\" width=\"976\" height=\"549\" data-highest-encountered-width=\"624\" \/><\/span><\/figure>\n<p><i>Este art\u00edculo forma parte de la temporada de 100 Mujeres #100Women que\u00a0<\/i><i>cada a\u00f1o\u00a0<\/i><i>organiza la BBC.<\/i><\/p>\n","protected":false},"excerpt":{"rendered":"<p>Matilde es autora de un blog feminista y considera que el anillo de compromiso es contrario al ideal de mujer independiente.<\/p>\n","protected":false},"author":111,"featured_media":242352,"template":"","etiqueta":[32909,25165],"class_list":["post-242234","post-noticias","type-post-noticias","status-publish","has-post-thumbnail","hentry","categoria-post-noticias-bbc","etiqueta-anillo-de-compromiso","etiqueta-compromiso"],"yoast_head":"<!-- This site is optimized with the Yoast SEO plugin v23.9 - https:\/\/yoast.com\/wordpress\/plugins\/seo\/ -->\n<title>&quot;El anillo de compromiso objetiviza a la mujer&quot;<\/title>\n<meta name=\"description\" content=\"Mi primer matrimonio fue en Estados Unidos. \u00c9l era actor y nos casamos en Los \u00c1ngeles. Yo era muy joven y nos divorciamos relativamente pronto, a los dos o tres a\u00f1os.\" \/>\n<meta name=\"robots\" content=\"index, follow, max-snippet:-1, max-image-preview:large, max-video-preview:-1\" \/>\n<link rel=\"canonical\" href=\"https:\/\/prensalibre-com-develop.go-vip.co\/guatevision\/noticias\/bbc\/el-anillo-de-compromiso-objetiviza-a-la-mujer\" \/>\n<meta property=\"og:locale\" content=\"es_ES\" \/>\n<meta property=\"og:type\" content=\"article\" \/>\n<meta property=\"og:title\" content=\"&quot;El anillo de compromiso objetiviza a la mujer&quot;\" \/>\n<meta property=\"og:description\" content=\"Mi primer matrimonio fue en Estados Unidos. \u00c9l era actor y nos casamos en Los \u00c1ngeles. Yo era muy joven y nos divorciamos relativamente pronto, a los dos o tres a\u00f1os.\" \/>\n<meta property=\"og:url\" content=\"https:\/\/prensalibre-com-develop.go-vip.co\/guatevision\/noticias\/bbc\/el-anillo-de-compromiso-objetiviza-a-la-mujer\" \/>\n<meta property=\"og:site_name\" content=\"Guatevision\" \/>\n<meta property=\"article:modified_time\" content=\"2018-11-21T18:43:35+00:00\" \/>\n<meta property=\"og:image\" content=\"https:\/\/prensalibre-com-develop.go-vip.co\/guatevision\/wp-content\/uploads\/sites\/2\/2018\/11\/103714686_026f2a15-14fd-4b0c-a5e7-9300254dc3b5-2.jpg?quality=82\" \/>\n\t<meta property=\"og:image:width\" content=\"660\" \/>\n\t<meta property=\"og:image:height\" content=\"371\" \/>\n\t<meta property=\"og:image:type\" content=\"image\/jpeg\" \/>\n<meta name=\"twitter:card\" content=\"summary_large_image\" \/>\n<meta name=\"twitter:label1\" content=\"Est. reading time\" \/>\n\t<meta name=\"twitter:data1\" content=\"6 minutes\" \/>\n<script type=\"application\/ld+json\" class=\"yoast-schema-graph\">{\"@context\":\"https:\/\/schema.org\",\"@graph\":[{\"@type\":\"WebPage\",\"@id\":\"https:\/\/prensalibre-com-develop.go-vip.co\/guatevision\/noticias\/bbc\/el-anillo-de-compromiso-objetiviza-a-la-mujer\",\"url\":\"https:\/\/prensalibre-com-develop.go-vip.co\/guatevision\/noticias\/bbc\/el-anillo-de-compromiso-objetiviza-a-la-mujer\",\"name\":\"\\\"El anillo de compromiso objetiviza a la mujer\\\"\",\"isPartOf\":{\"@id\":\"https:\/\/prensalibre-com-develop.go-vip.co\/guatevision\/#website\"},\"primaryImageOfPage\":{\"@id\":\"https:\/\/prensalibre-com-develop.go-vip.co\/guatevision\/noticias\/bbc\/el-anillo-de-compromiso-objetiviza-a-la-mujer#primaryimage\"},\"image\":{\"@id\":\"https:\/\/prensalibre-com-develop.go-vip.co\/guatevision\/noticias\/bbc\/el-anillo-de-compromiso-objetiviza-a-la-mujer#primaryimage\"},\"thumbnailUrl\":\"https:\/\/prensalibre-com-develop.go-vip.co\/guatevision\/wp-content\/uploads\/sites\/2\/2018\/11\/103714686_026f2a15-14fd-4b0c-a5e7-9300254dc3b5-2.jpg?quality=82\",\"datePublished\":\"2018-11-21T18:43:33+00:00\",\"dateModified\":\"2018-11-21T18:43:35+00:00\",\"description\":\"Mi primer matrimonio fue en Estados Unidos. \u00c9l era actor y nos casamos en Los \u00c1ngeles. Yo era muy joven y nos divorciamos relativamente pronto, a los dos o tres a\u00f1os.\",\"inLanguage\":\"es-GT\",\"potentialAction\":[{\"@type\":\"ReadAction\",\"target\":[\"https:\/\/prensalibre-com-develop.go-vip.co\/guatevision\/noticias\/bbc\/el-anillo-de-compromiso-objetiviza-a-la-mujer\"]}]},{\"@type\":\"ImageObject\",\"inLanguage\":\"es-GT\",\"@id\":\"https:\/\/prensalibre-com-develop.go-vip.co\/guatevision\/noticias\/bbc\/el-anillo-de-compromiso-objetiviza-a-la-mujer#primaryimage\",\"url\":\"https:\/\/prensalibre-com-develop.go-vip.co\/guatevision\/wp-content\/uploads\/sites\/2\/2018\/11\/103714686_026f2a15-14fd-4b0c-a5e7-9300254dc3b5-2.jpg?quality=82\",\"contentUrl\":\"https:\/\/prensalibre-com-develop.go-vip.co\/guatevision\/wp-content\/uploads\/sites\/2\/2018\/11\/103714686_026f2a15-14fd-4b0c-a5e7-9300254dc3b5-2.jpg?quality=82\",\"width\":660,\"height\":371,\"caption\":\"\\\"El anillo de compromiso objetiviza a la mujer\\\"\"},{\"@type\":\"WebSite\",\"@id\":\"https:\/\/prensalibre-com-develop.go-vip.co\/guatevision\/#website\",\"url\":\"https:\/\/prensalibre-com-develop.go-vip.co\/guatevision\/\",\"name\":\"Guatevision\",\"description\":\"\u00a1Enciende Lo Bueno!\",\"publisher\":{\"@id\":\"https:\/\/prensalibre-com-develop.go-vip.co\/guatevision\/#organization\"},\"potentialAction\":[{\"@type\":\"SearchAction\",\"target\":{\"@type\":\"EntryPoint\",\"urlTemplate\":\"https:\/\/prensalibre-com-develop.go-vip.co\/guatevision\/?s={search_term_string}\"},\"query-input\":{\"@type\":\"PropertyValueSpecification\",\"valueRequired\":true,\"valueName\":\"search_term_string\"}}],\"inLanguage\":\"es-GT\"},{\"@type\":\"Organization\",\"@id\":\"https:\/\/prensalibre-com-develop.go-vip.co\/guatevision\/#organization\",\"name\":\"Guatevision\",\"url\":\"https:\/\/prensalibre-com-develop.go-vip.co\/guatevision\/\",\"logo\":{\"@type\":\"ImageObject\",\"inLanguage\":\"es-GT\",\"@id\":\"https:\/\/prensalibre-com-develop.go-vip.co\/guatevision\/#\/schema\/logo\/image\/\",\"url\":\"https:\/\/prensalibre-com-develop.go-vip.co\/guatevision\/wp-content\/uploads\/sites\/2\/2026\/04\/Diseno-sin-titulo.png?quality=82\",\"contentUrl\":\"https:\/\/prensalibre-com-develop.go-vip.co\/guatevision\/wp-content\/uploads\/sites\/2\/2026\/04\/Diseno-sin-titulo.png?quality=82\",\"width\":1000,\"height\":600,\"caption\":\"Guatevision\"},\"image\":{\"@id\":\"https:\/\/prensalibre-com-develop.go-vip.co\/guatevision\/#\/schema\/logo\/image\/\"}}]}<\/script>\n<!-- \/ Yoast SEO plugin. -->","yoast_head_json":{"title":"\"El anillo de compromiso objetiviza a la mujer\"","description":"Mi primer matrimonio fue en Estados Unidos. \u00c9l era actor y nos casamos en Los \u00c1ngeles. Yo era muy joven y nos divorciamos relativamente pronto, a los dos o tres a\u00f1os.","robots":{"index":"index","follow":"follow","max-snippet":"max-snippet:-1","max-image-preview":"max-image-preview:large","max-video-preview":"max-video-preview:-1"},"canonical":"https:\/\/prensalibre-com-develop.go-vip.co\/guatevision\/noticias\/bbc\/el-anillo-de-compromiso-objetiviza-a-la-mujer","og_locale":"es_ES","og_type":"article","og_title":"\"El anillo de compromiso objetiviza a la mujer\"","og_description":"Mi primer matrimonio fue en Estados Unidos. \u00c9l era actor y nos casamos en Los \u00c1ngeles. Yo era muy joven y nos divorciamos relativamente pronto, a los dos o tres a\u00f1os.","og_url":"https:\/\/prensalibre-com-develop.go-vip.co\/guatevision\/noticias\/bbc\/el-anillo-de-compromiso-objetiviza-a-la-mujer","og_site_name":"Guatevision","article_modified_time":"2018-11-21T18:43:35+00:00","og_image":[{"width":660,"height":371,"url":"https:\/\/prensalibre-com-develop.go-vip.co\/guatevision\/wp-content\/uploads\/sites\/2\/2018\/11\/103714686_026f2a15-14fd-4b0c-a5e7-9300254dc3b5-2.jpg?quality=82","type":"image\/jpeg"}],"twitter_card":"summary_large_image","twitter_misc":{"Est. reading time":"6 minutes"},"schema":{"@context":"https:\/\/schema.org","@graph":[{"@type":"WebPage","@id":"https:\/\/prensalibre-com-develop.go-vip.co\/guatevision\/noticias\/bbc\/el-anillo-de-compromiso-objetiviza-a-la-mujer","url":"https:\/\/prensalibre-com-develop.go-vip.co\/guatevision\/noticias\/bbc\/el-anillo-de-compromiso-objetiviza-a-la-mujer","name":"\"El anillo de compromiso objetiviza a la mujer\"","isPartOf":{"@id":"https:\/\/prensalibre-com-develop.go-vip.co\/guatevision\/#website"},"primaryImageOfPage":{"@id":"https:\/\/prensalibre-com-develop.go-vip.co\/guatevision\/noticias\/bbc\/el-anillo-de-compromiso-objetiviza-a-la-mujer#primaryimage"},"image":{"@id":"https:\/\/prensalibre-com-develop.go-vip.co\/guatevision\/noticias\/bbc\/el-anillo-de-compromiso-objetiviza-a-la-mujer#primaryimage"},"thumbnailUrl":"https:\/\/prensalibre-com-develop.go-vip.co\/guatevision\/wp-content\/uploads\/sites\/2\/2018\/11\/103714686_026f2a15-14fd-4b0c-a5e7-9300254dc3b5-2.jpg?quality=82","datePublished":"2018-11-21T18:43:33+00:00","dateModified":"2018-11-21T18:43:35+00:00","description":"Mi primer matrimonio fue en Estados Unidos. \u00c9l era actor y nos casamos en Los \u00c1ngeles. Yo era muy joven y nos divorciamos relativamente pronto, a los dos o tres a\u00f1os.","inLanguage":"es-GT","potentialAction":[{"@type":"ReadAction","target":["https:\/\/prensalibre-com-develop.go-vip.co\/guatevision\/noticias\/bbc\/el-anillo-de-compromiso-objetiviza-a-la-mujer"]}]},{"@type":"ImageObject","inLanguage":"es-GT","@id":"https:\/\/prensalibre-com-develop.go-vip.co\/guatevision\/noticias\/bbc\/el-anillo-de-compromiso-objetiviza-a-la-mujer#primaryimage","url":"https:\/\/prensalibre-com-develop.go-vip.co\/guatevision\/wp-content\/uploads\/sites\/2\/2018\/11\/103714686_026f2a15-14fd-4b0c-a5e7-9300254dc3b5-2.jpg?quality=82","contentUrl":"https:\/\/prensalibre-com-develop.go-vip.co\/guatevision\/wp-content\/uploads\/sites\/2\/2018\/11\/103714686_026f2a15-14fd-4b0c-a5e7-9300254dc3b5-2.jpg?quality=82","width":660,"height":371,"caption":"\"El anillo de compromiso objetiviza a la mujer\""},{"@type":"WebSite","@id":"https:\/\/prensalibre-com-develop.go-vip.co\/guatevision\/#website","url":"https:\/\/prensalibre-com-develop.go-vip.co\/guatevision\/","name":"Guatevision","description":"\u00a1Enciende Lo Bueno!","publisher":{"@id":"https:\/\/prensalibre-com-develop.go-vip.co\/guatevision\/#organization"},"potentialAction":[{"@type":"SearchAction","target":{"@type":"EntryPoint","urlTemplate":"https:\/\/prensalibre-com-develop.go-vip.co\/guatevision\/?s={search_term_string}"},"query-input":{"@type":"PropertyValueSpecification","valueRequired":true,"valueName":"search_term_string"}}],"inLanguage":"es-GT"},{"@type":"Organization","@id":"https:\/\/prensalibre-com-develop.go-vip.co\/guatevision\/#organization","name":"Guatevision","url":"https:\/\/prensalibre-com-develop.go-vip.co\/guatevision\/","logo":{"@type":"ImageObject","inLanguage":"es-GT","@id":"https:\/\/prensalibre-com-develop.go-vip.co\/guatevision\/#\/schema\/logo\/image\/","url":"https:\/\/prensalibre-com-develop.go-vip.co\/guatevision\/wp-content\/uploads\/sites\/2\/2026\/04\/Diseno-sin-titulo.png?quality=82","contentUrl":"https:\/\/prensalibre-com-develop.go-vip.co\/guatevision\/wp-content\/uploads\/sites\/2\/2026\/04\/Diseno-sin-titulo.png?quality=82","width":1000,"height":600,"caption":"Guatevision"},"image":{"@id":"https:\/\/prensalibre-com-develop.go-vip.co\/guatevision\/#\/schema\/logo\/image\/"}}]}},"jetpack_sharing_enabled":true,"_links":{"self":[{"href":"https:\/\/prensalibre-com-develop.go-vip.co\/guatevision\/wp-json\/wp\/v2\/post-noticias\/242234","targetHints":{"allow":["GET"]}}],"collection":[{"href":"https:\/\/prensalibre-com-develop.go-vip.co\/guatevision\/wp-json\/wp\/v2\/post-noticias"}],"about":[{"href":"https:\/\/prensalibre-com-develop.go-vip.co\/guatevision\/wp-json\/wp\/v2\/types\/post-noticias"}],"author":[{"embeddable":true,"href":"https:\/\/prensalibre-com-develop.go-vip.co\/guatevision\/wp-json\/wp\/v2\/users\/111"}],"version-history":[{"count":0,"href":"https:\/\/prensalibre-com-develop.go-vip.co\/guatevision\/wp-json\/wp\/v2\/post-noticias\/242234\/revisions"}],"wp:featuredmedia":[{"embeddable":true,"href":"https:\/\/prensalibre-com-develop.go-vip.co\/guatevision\/wp-json\/wp\/v2\/media\/242352"}],"wp:attachment":[{"href":"https:\/\/prensalibre-com-develop.go-vip.co\/guatevision\/wp-json\/wp\/v2\/media?parent=242234"}],"wp:term":[{"taxonomy":"etiqueta","embeddable":true,"href":"https:\/\/prensalibre-com-develop.go-vip.co\/guatevision\/wp-json\/wp\/v2\/etiqueta?post=242234"}],"curies":[{"name":"wp","href":"https:\/\/api.w.org\/{rel}","templated":true}]}}