{"id":242549,"date":"2018-11-23T20:30:32","date_gmt":"2018-11-24T02:30:32","guid":{"rendered":"https:\/\/prensalibre-com-develop.go-vip.co\/guatevision\/?post_type=post-noticias&#038;p=242549"},"modified":"2018-11-22T06:42:24","modified_gmt":"2018-11-22T12:42:24","slug":"monumental-de-buenos-aires","status":"publish","type":"post-noticias","link":"https:\/\/prensalibre-com-develop.go-vip.co\/guatevision\/noticias\/deportes\/monumental-de-buenos-aires","title":{"rendered":"Monumental de Buenos Aires, una historia de glorias y tragedias"},"content":{"rendered":"<p>El estadio Monumental, el m\u00e1s grande de Argentina, que albergar\u00e1 el s\u00e1bado la hist\u00f3rica final de la Copa Libertadores de Am\u00e9rica entre su due\u00f1o de casa, River Plate, y el archirrival Boca Juniors, encierra una historia de glorias y tragedias.<\/p>\n\n<p>Fue el escenario donde Argentina levant\u00f3 su primera Copa Mundial en 1978, ante la mirada de los m\u00e1s altos jerarcas de la sangrienta dictadura (1976-1983) en sus tribunas, una herida que siempre permaneci\u00f3 abierta.<\/p>\n<p>Tambi\u00e9n fue all\u00ed donde 1968 ocurri\u00f3 una cat\u00e1strofe que termin\u00f3 con la vida de 71 personas y dej\u00f3 113 heridos, la mayor\u00eda j\u00f3venes.<\/p>\n<p>La tristemente c\u00e9lebre &#8216;tragedia de la puerta 12&#8217; se produjo al t\u00e9rmino de un cl\u00e1sico de River frente a Boca, cuando en el desalojo del Monumental cientos de personas cayeron aplastadas mientras pugnaban por salir en una escalera oscura y estrecha.<\/p>\n<p>El hecho no tuvo detenidos ni hall\u00f3 culpables y qued\u00f3 en la historia del f\u00fatbol como una tragedia absurda.<\/p>\n<p>Las versiones, nunca comprobadas, dicen que los torniquetes met\u00e1licos que controlaban el ingreso en la puerta 12 del estadio no hab\u00edan sido retirados para el final del partido que termin\u00f3 0-0.<\/p>\n<p>Otros afirman que la puerta estaba cerrada y por \u00faltimo hay quienes sostienen que la polic\u00eda hab\u00eda montado un sorpresivo operativo a la salida para arrestar a quienes hab\u00edan entonado durante el partido la Marcha Peronista, canto partidario prohibido en plena dictadura del general Juan Carlos Ongan\u00eda.<\/p>\n<p>El Monumental lleg\u00f3 a tener una capacidad de 76.000 espectadores, aunque a lo largo de su historia la habilitaci\u00f3n de p\u00fablico ha variado y es actualmente de unos 63.000.<\/p>\n<p>&nbsp;<\/p>\n<h3>&#8211; Gritos y goles &#8211;<\/h3>\n<p>A pocas cuadras del Monumental se levanta la exEscuela de Mec\u00e1nica de la Armada (ESMA), donde funcion\u00f3 la mayor c\u00e1rcel clandestina durante la \u00faltima dictadura y desde donde se escuchaban los gritos de la muchedumbre en el estadio.<\/p>\n<p>Por la ESMA pasaron unos 5.000 presos pol\u00edticos, y desde all\u00ed la mayor\u00eda parti\u00f3 en los llamados vuelos de la muerte de los que prisioneros narcotizados eran arrojados al R\u00edo de la Plata.<\/p>\n<p>A\u00f1os despu\u00e9s, exdetenidos relataron el contraste de sentimientos que les produjo escuchar desde aquella prisi\u00f3n el festejo de los goles en el Monumental durante el Mundial de f\u00fatbol de 1978.<\/p>\n<p>&#8220;&#8230;Todos escuchamos el Mundial de alguna manera, ve\u00edamos la TV, escuch\u00e1bamos lo que se pod\u00eda, pero adem\u00e1s o\u00edamos los gritos de River, desde la ESMA se o\u00edan los gritos de River&#8221;, record\u00f3 hace unos a\u00f1os Alicia Milia de Pirles, secuestrada en la ESMA durante un a\u00f1o y medio.<\/p>\n<p>Reci\u00e9n en 1997, 14 a\u00f1os despu\u00e9s del restablecimiento de la democracia, el club River Plate dio de baja como miembros honorarios a Rafael Videla, Emilio Massera y Ra\u00fal Agosti, todos hinchas &#8216;millonarios&#8217; y exjerarcas de la dictadura fallecidos a\u00f1os despu\u00e9s.<\/p>\n<p>&nbsp;<\/p>\n<h3>&#8211; Tambi\u00e9n rock &#8216;n&#8217; roll &#8211;<\/h3>\n<p>A partir de fines de la d\u00e9cada de 1980, el Monumental se convirti\u00f3 \u00a0en el escenario favorito de las grandes estrellas del rock &#8216;n&#8217; roll que comenzaron a llegar a Argentina en grandes cantidades.<\/p>\n<p>Fue quiz\u00e1s el recital de Amnesty en octubre de 1988 el que dio el putnapi\u00e9 inicial con la presencia de Sting, Peter Gabriel, Bruce Springteen, Tracy Chapman entre otros.<\/p>\n<p>A partir de entonces los m\u00e1s grandes artistas del rock y el pop pisaron el Monumental: Madonna, los Rolling Stones, Paul McCartney, U2, Michael Jackson y los Guns &#8216;n&#8217; Roses y Roger Waters, entre decenas de bandas y m\u00fasicos.<\/p>\n<p>Tambi\u00e9n fue en el Monumental, en marzo de 1998, cuando los Rolling Stones y Bob Dylan se juntaron en un escenario 35 a\u00f1os despu\u00e9s de haber empezado sus carreras para cantar el cl\u00e1sico de Dylan &#8220;like a Rolling Stone&#8221;.<\/p>\n<p>&nbsp;<\/p>\n<h3>&#8211; Herradura y millones &#8211;<\/h3>\n<p>Levantado sobre terrenos ganados al R\u00edo de la Plata, desde su inauguraci\u00f3n en 1938 el estadio se mantuvo con una tribuna inconclusa debido a falta de presupuesto. De ah\u00ed que durante mucho tiempo tuvo la curiosa forma de una herradura, nombre con el que se lo conoc\u00eda popularmente.<\/p>\n<p>Reci\u00e9n en 1957 con la venta al italiano Juventus del jugador Enrique S\u00edvori, \u00eddolo de River Plate, el club consigui\u00f3 construir la \u00faltima tribuna y &#8216;cerrar&#8217; el hemiciclo.<\/p>\n<p>Aquella operaci\u00f3n, por una cifra exorbitante para la \u00e9poca, le vali\u00f3 tambi\u00e9n el mote de club &#8216;millonario&#8217;, como todav\u00eda se lo conoce.<\/p>\n<p>En sus tribunas la hinchada &#8216;millonaria&#8217; celebr\u00f3 triunfos memorables, el \u00faltimo de ellos su tercera Copa Libertadores en 2015, y tambi\u00e9n llor\u00f3 su peor humillaci\u00f3n, cuando descendi\u00f3 por primera vez a la segunda divisi\u00f3n el 26 de junio de 2011.<\/p>\n<p>Sus archirrivales de Boca le achacan la supuesta &#8216;frialdad&#8217; que le da la lejan\u00eda del p\u00fablico con los jugadores en la cancha, distancia que contrasta con la cercan\u00eda en La\u00a0Bombonera.<\/p>\n<p>&nbsp;<\/p>\n<p>\u00a9 Agence France-Presse<\/p>\n","protected":false},"excerpt":{"rendered":"<p>Fue el escenario donde Argentina levant\u00f3 su primera Copa Mundial en 1978, ante la mirada de los m\u00e1s altos jerarcas de la sangrienta dictadura (1976-1983) en sus tribunas, una herida que siempre permaneci\u00f3 abierta.<\/p>\n","protected":false},"author":71,"featured_media":242550,"template":"","etiqueta":[20405,21344,21343,32953,21339],"class_list":["post-242549","post-noticias","type-post-noticias","status-publish","has-post-thumbnail","hentry","categoria-post-noticias-deportes","etiqueta-argentina","etiqueta-boca-juniors","etiqueta-copa-libertadores","etiqueta-monumental","etiqueta-river-plate"],"yoast_head":"<!-- This site is optimized with the Yoast SEO plugin v23.9 - https:\/\/yoast.com\/wordpress\/plugins\/seo\/ -->\n<title>Monumental de Buenos Aires, una historia de glorias y tragedias<\/title>\n<meta name=\"description\" content=\"El Monumental, el m\u00e1s grande de Argentina, que albergar\u00e1 el s\u00e1bado la hist\u00f3rica final de la Copa Libertadores encierra una historia de glorias y tragedias.\" \/>\n<meta name=\"robots\" content=\"index, follow, max-snippet:-1, max-image-preview:large, max-video-preview:-1\" \/>\n<link rel=\"canonical\" href=\"https:\/\/prensalibre-com-develop.go-vip.co\/guatevision\/noticias\/deportes\/monumental-de-buenos-aires\" \/>\n<meta property=\"og:locale\" content=\"es_ES\" \/>\n<meta property=\"og:type\" content=\"article\" \/>\n<meta property=\"og:title\" content=\"Monumental de Buenos Aires, una historia de glorias y tragedias\" \/>\n<meta property=\"og:description\" content=\"El Monumental, el m\u00e1s grande de Argentina, que albergar\u00e1 el s\u00e1bado la hist\u00f3rica final de la Copa Libertadores encierra una historia de glorias y tragedias.\" \/>\n<meta property=\"og:url\" content=\"https:\/\/prensalibre-com-develop.go-vip.co\/guatevision\/noticias\/deportes\/monumental-de-buenos-aires\" \/>\n<meta property=\"og:site_name\" content=\"Guatevision\" \/>\n<meta property=\"article:modified_time\" content=\"2018-11-22T12:42:24+00:00\" \/>\n<meta property=\"og:image\" content=\"https:\/\/prensalibre-com-develop.go-vip.co\/guatevision\/wp-content\/uploads\/sites\/2\/2018\/11\/Monumental.jpg?quality=82\" \/>\n\t<meta property=\"og:image:width\" content=\"768\" \/>\n\t<meta property=\"og:image:height\" content=\"477\" \/>\n\t<meta property=\"og:image:type\" content=\"image\/jpeg\" \/>\n<meta name=\"twitter:card\" content=\"summary_large_image\" \/>\n<meta name=\"twitter:label1\" content=\"Est. reading time\" \/>\n\t<meta name=\"twitter:data1\" content=\"4 minutes\" \/>\n<script type=\"application\/ld+json\" class=\"yoast-schema-graph\">{\"@context\":\"https:\/\/schema.org\",\"@graph\":[{\"@type\":\"WebPage\",\"@id\":\"https:\/\/prensalibre-com-develop.go-vip.co\/guatevision\/noticias\/deportes\/monumental-de-buenos-aires\",\"url\":\"https:\/\/prensalibre-com-develop.go-vip.co\/guatevision\/noticias\/deportes\/monumental-de-buenos-aires\",\"name\":\"Monumental de Buenos Aires, una historia de glorias y tragedias\",\"isPartOf\":{\"@id\":\"https:\/\/prensalibre-com-develop.go-vip.co\/guatevision\/#website\"},\"primaryImageOfPage\":{\"@id\":\"https:\/\/prensalibre-com-develop.go-vip.co\/guatevision\/noticias\/deportes\/monumental-de-buenos-aires#primaryimage\"},\"image\":{\"@id\":\"https:\/\/prensalibre-com-develop.go-vip.co\/guatevision\/noticias\/deportes\/monumental-de-buenos-aires#primaryimage\"},\"thumbnailUrl\":\"https:\/\/prensalibre-com-develop.go-vip.co\/guatevision\/wp-content\/uploads\/sites\/2\/2018\/11\/Monumental.jpg?quality=82\",\"datePublished\":\"2018-11-24T02:30:32+00:00\",\"dateModified\":\"2018-11-22T12:42:24+00:00\",\"description\":\"El Monumental, el m\u00e1s grande de Argentina, que albergar\u00e1 el s\u00e1bado la hist\u00f3rica final de la Copa Libertadores encierra una historia de glorias y tragedias.\",\"inLanguage\":\"es-GT\",\"potentialAction\":[{\"@type\":\"ReadAction\",\"target\":[\"https:\/\/prensalibre-com-develop.go-vip.co\/guatevision\/noticias\/deportes\/monumental-de-buenos-aires\"]}]},{\"@type\":\"ImageObject\",\"inLanguage\":\"es-GT\",\"@id\":\"https:\/\/prensalibre-com-develop.go-vip.co\/guatevision\/noticias\/deportes\/monumental-de-buenos-aires#primaryimage\",\"url\":\"https:\/\/prensalibre-com-develop.go-vip.co\/guatevision\/wp-content\/uploads\/sites\/2\/2018\/11\/Monumental.jpg?quality=82\",\"contentUrl\":\"https:\/\/prensalibre-com-develop.go-vip.co\/guatevision\/wp-content\/uploads\/sites\/2\/2018\/11\/Monumental.jpg?quality=82\",\"width\":768,\"height\":477,\"caption\":\"(FILES) This file photo taken on April 13, 2011 shows a view of Antonio Vespucio Liberti stadium better known as \\\"Monumental\\\" in Buenos Aires. - The historic Copa Libertadores all-Argentine \\\"superclasico\\\" final football match between Rivel Plate and Boca Juniors will take place on November 24 at River's Monumental ground. (Photo by Juan MABROMATA \/ AFP)\"},{\"@type\":\"WebSite\",\"@id\":\"https:\/\/prensalibre-com-develop.go-vip.co\/guatevision\/#website\",\"url\":\"https:\/\/prensalibre-com-develop.go-vip.co\/guatevision\/\",\"name\":\"Guatevision\",\"description\":\"\u00a1Enciende Lo Bueno!\",\"publisher\":{\"@id\":\"https:\/\/prensalibre-com-develop.go-vip.co\/guatevision\/#organization\"},\"potentialAction\":[{\"@type\":\"SearchAction\",\"target\":{\"@type\":\"EntryPoint\",\"urlTemplate\":\"https:\/\/prensalibre-com-develop.go-vip.co\/guatevision\/?s={search_term_string}\"},\"query-input\":{\"@type\":\"PropertyValueSpecification\",\"valueRequired\":true,\"valueName\":\"search_term_string\"}}],\"inLanguage\":\"es-GT\"},{\"@type\":\"Organization\",\"@id\":\"https:\/\/prensalibre-com-develop.go-vip.co\/guatevision\/#organization\",\"name\":\"Guatevision\",\"url\":\"https:\/\/prensalibre-com-develop.go-vip.co\/guatevision\/\",\"logo\":{\"@type\":\"ImageObject\",\"inLanguage\":\"es-GT\",\"@id\":\"https:\/\/prensalibre-com-develop.go-vip.co\/guatevision\/#\/schema\/logo\/image\/\",\"url\":\"https:\/\/prensalibre-com-develop.go-vip.co\/guatevision\/wp-content\/uploads\/sites\/2\/2026\/04\/Diseno-sin-titulo.png?quality=82\",\"contentUrl\":\"https:\/\/prensalibre-com-develop.go-vip.co\/guatevision\/wp-content\/uploads\/sites\/2\/2026\/04\/Diseno-sin-titulo.png?quality=82\",\"width\":1000,\"height\":600,\"caption\":\"Guatevision\"},\"image\":{\"@id\":\"https:\/\/prensalibre-com-develop.go-vip.co\/guatevision\/#\/schema\/logo\/image\/\"}}]}<\/script>\n<!-- \/ Yoast SEO plugin. -->","yoast_head_json":{"title":"Monumental de Buenos Aires, una historia de glorias y tragedias","description":"El Monumental, el m\u00e1s grande de Argentina, que albergar\u00e1 el s\u00e1bado la hist\u00f3rica final de la Copa Libertadores encierra una historia de glorias y tragedias.","robots":{"index":"index","follow":"follow","max-snippet":"max-snippet:-1","max-image-preview":"max-image-preview:large","max-video-preview":"max-video-preview:-1"},"canonical":"https:\/\/prensalibre-com-develop.go-vip.co\/guatevision\/noticias\/deportes\/monumental-de-buenos-aires","og_locale":"es_ES","og_type":"article","og_title":"Monumental de Buenos Aires, una historia de glorias y tragedias","og_description":"El Monumental, el m\u00e1s grande de Argentina, que albergar\u00e1 el s\u00e1bado la hist\u00f3rica final de la Copa Libertadores encierra una historia de glorias y tragedias.","og_url":"https:\/\/prensalibre-com-develop.go-vip.co\/guatevision\/noticias\/deportes\/monumental-de-buenos-aires","og_site_name":"Guatevision","article_modified_time":"2018-11-22T12:42:24+00:00","og_image":[{"width":768,"height":477,"url":"https:\/\/prensalibre-com-develop.go-vip.co\/guatevision\/wp-content\/uploads\/sites\/2\/2018\/11\/Monumental.jpg?quality=82","type":"image\/jpeg"}],"twitter_card":"summary_large_image","twitter_misc":{"Est. reading time":"4 minutes"},"schema":{"@context":"https:\/\/schema.org","@graph":[{"@type":"WebPage","@id":"https:\/\/prensalibre-com-develop.go-vip.co\/guatevision\/noticias\/deportes\/monumental-de-buenos-aires","url":"https:\/\/prensalibre-com-develop.go-vip.co\/guatevision\/noticias\/deportes\/monumental-de-buenos-aires","name":"Monumental de Buenos Aires, una historia de glorias y tragedias","isPartOf":{"@id":"https:\/\/prensalibre-com-develop.go-vip.co\/guatevision\/#website"},"primaryImageOfPage":{"@id":"https:\/\/prensalibre-com-develop.go-vip.co\/guatevision\/noticias\/deportes\/monumental-de-buenos-aires#primaryimage"},"image":{"@id":"https:\/\/prensalibre-com-develop.go-vip.co\/guatevision\/noticias\/deportes\/monumental-de-buenos-aires#primaryimage"},"thumbnailUrl":"https:\/\/prensalibre-com-develop.go-vip.co\/guatevision\/wp-content\/uploads\/sites\/2\/2018\/11\/Monumental.jpg?quality=82","datePublished":"2018-11-24T02:30:32+00:00","dateModified":"2018-11-22T12:42:24+00:00","description":"El Monumental, el m\u00e1s grande de Argentina, que albergar\u00e1 el s\u00e1bado la hist\u00f3rica final de la Copa Libertadores encierra una historia de glorias y tragedias.","inLanguage":"es-GT","potentialAction":[{"@type":"ReadAction","target":["https:\/\/prensalibre-com-develop.go-vip.co\/guatevision\/noticias\/deportes\/monumental-de-buenos-aires"]}]},{"@type":"ImageObject","inLanguage":"es-GT","@id":"https:\/\/prensalibre-com-develop.go-vip.co\/guatevision\/noticias\/deportes\/monumental-de-buenos-aires#primaryimage","url":"https:\/\/prensalibre-com-develop.go-vip.co\/guatevision\/wp-content\/uploads\/sites\/2\/2018\/11\/Monumental.jpg?quality=82","contentUrl":"https:\/\/prensalibre-com-develop.go-vip.co\/guatevision\/wp-content\/uploads\/sites\/2\/2018\/11\/Monumental.jpg?quality=82","width":768,"height":477,"caption":"(FILES) This file photo taken on April 13, 2011 shows a view of Antonio Vespucio Liberti stadium better known as \"Monumental\" in Buenos Aires. - The historic Copa Libertadores all-Argentine \"superclasico\" final football match between Rivel Plate and Boca Juniors will take place on November 24 at River's Monumental ground. (Photo by Juan MABROMATA \/ AFP)"},{"@type":"WebSite","@id":"https:\/\/prensalibre-com-develop.go-vip.co\/guatevision\/#website","url":"https:\/\/prensalibre-com-develop.go-vip.co\/guatevision\/","name":"Guatevision","description":"\u00a1Enciende Lo Bueno!","publisher":{"@id":"https:\/\/prensalibre-com-develop.go-vip.co\/guatevision\/#organization"},"potentialAction":[{"@type":"SearchAction","target":{"@type":"EntryPoint","urlTemplate":"https:\/\/prensalibre-com-develop.go-vip.co\/guatevision\/?s={search_term_string}"},"query-input":{"@type":"PropertyValueSpecification","valueRequired":true,"valueName":"search_term_string"}}],"inLanguage":"es-GT"},{"@type":"Organization","@id":"https:\/\/prensalibre-com-develop.go-vip.co\/guatevision\/#organization","name":"Guatevision","url":"https:\/\/prensalibre-com-develop.go-vip.co\/guatevision\/","logo":{"@type":"ImageObject","inLanguage":"es-GT","@id":"https:\/\/prensalibre-com-develop.go-vip.co\/guatevision\/#\/schema\/logo\/image\/","url":"https:\/\/prensalibre-com-develop.go-vip.co\/guatevision\/wp-content\/uploads\/sites\/2\/2026\/04\/Diseno-sin-titulo.png?quality=82","contentUrl":"https:\/\/prensalibre-com-develop.go-vip.co\/guatevision\/wp-content\/uploads\/sites\/2\/2026\/04\/Diseno-sin-titulo.png?quality=82","width":1000,"height":600,"caption":"Guatevision"},"image":{"@id":"https:\/\/prensalibre-com-develop.go-vip.co\/guatevision\/#\/schema\/logo\/image\/"}}]}},"jetpack_sharing_enabled":true,"_links":{"self":[{"href":"https:\/\/prensalibre-com-develop.go-vip.co\/guatevision\/wp-json\/wp\/v2\/post-noticias\/242549","targetHints":{"allow":["GET"]}}],"collection":[{"href":"https:\/\/prensalibre-com-develop.go-vip.co\/guatevision\/wp-json\/wp\/v2\/post-noticias"}],"about":[{"href":"https:\/\/prensalibre-com-develop.go-vip.co\/guatevision\/wp-json\/wp\/v2\/types\/post-noticias"}],"author":[{"embeddable":true,"href":"https:\/\/prensalibre-com-develop.go-vip.co\/guatevision\/wp-json\/wp\/v2\/users\/71"}],"version-history":[{"count":0,"href":"https:\/\/prensalibre-com-develop.go-vip.co\/guatevision\/wp-json\/wp\/v2\/post-noticias\/242549\/revisions"}],"wp:featuredmedia":[{"embeddable":true,"href":"https:\/\/prensalibre-com-develop.go-vip.co\/guatevision\/wp-json\/wp\/v2\/media\/242550"}],"wp:attachment":[{"href":"https:\/\/prensalibre-com-develop.go-vip.co\/guatevision\/wp-json\/wp\/v2\/media?parent=242549"}],"wp:term":[{"taxonomy":"etiqueta","embeddable":true,"href":"https:\/\/prensalibre-com-develop.go-vip.co\/guatevision\/wp-json\/wp\/v2\/etiqueta?post=242549"}],"curies":[{"name":"wp","href":"https:\/\/api.w.org\/{rel}","templated":true}]}}