{"id":243233,"date":"2018-11-26T11:30:46","date_gmt":"2018-11-26T17:30:46","guid":{"rendered":"https:\/\/prensalibre-com-develop.go-vip.co\/guatevision\/?post_type=post-noticias&#038;p=243233"},"modified":"2018-11-26T11:47:49","modified_gmt":"2018-11-26T17:47:49","slug":"luis-suarez-dos-semanas-baja","status":"publish","type":"post-noticias","link":"https:\/\/prensalibre-com-develop.go-vip.co\/guatevision\/noticias\/deportes\/luis-suarez-dos-semanas-baja","title":{"rendered":"Luis Su\u00e1rez estar\u00e1 unas dos semanas de baja por molestias en la rodilla"},"content":{"rendered":"<p>Luis Su\u00e1rez\u00a0delantero uruguayo del Barcelona estar\u00e1 unas dos semanas de baja por unas &#8220;molestias en la rodilla derecha&#8221;, por lo que no estar\u00e1 el mi\u00e9rcoles contra el PSV Eindhoven en Liga de Campeones.<\/p>\n\n<p>Su\u00e1rez &#8220;seguir\u00e1 terapia biol\u00f3gica con c\u00e9lulas madre como tratamiento de las molestias en la rodilla derecha y estar\u00e1 unas dos semanas de baja&#8221;, inform\u00f3 este lunes el Bar\u00e7a en un comunicado.<\/p>\n<p>El delantero charr\u00faa no podr\u00e1 estar ante el PSV Eindhoven en el partido de la Liga de Campeones el mi\u00e9rcoles, a la espera de ver c\u00f3mo llega para el \u00faltimo partido de la fase de grupos del torneo continental contra el Tottenham, el pr\u00f3ximo 11 de diciembre.<\/p>\n<p>Su\u00e1rez ya hab\u00eda aprovechado el par\u00f3n de selecciones en octubre pasado para tratarse esa misma rodilla.<\/p>\n<p>Al igual que el delantero uruguayo, tampoco estar\u00e1n disponibles el portero holand\u00e9s Jasper Cillessen y el brasile\u00f1o Arthur para el partido en Eindhoven, al que el Bar\u00e7a llega con la clasificaci\u00f3n para octavos de final de la &#8216;Champions&#8217; asegurada.<\/p>\n<p>Arthur &#8220;tiene una sobrecarga en los aductores y es baja para el pr\u00f3ximo partido&#8221;, explic\u00f3 el Bar\u00e7a.<\/p>\n<p>Cillessen, por su parte, &#8220;tiene una peque\u00f1a rotura en el recto de la pierna derecha&#8221; que se produjo el s\u00e1bado pasado durante el calentamiento antes del partido de Liga contra el Atl\u00e9tico de Madrid (1-1).<\/p>\n<p>El holand\u00e9s estar\u00e1 &#8220;entre dos y tres semanas de baja&#8221;, precis\u00f3 el Bar\u00e7a.<\/p>\n<p>Su\u00e1rez, Cillessen y Arthur se unen a una enfermer\u00eda azulgrana muy llena, en la que tambi\u00e9n est\u00e1n Sergi Roberto, el belga Thomas Vermaelen o el brasile\u00f1o Rafinha, que se perder\u00e1 el resto de la temporada tras sufrir una rotura del ligamento cruzado anterior de la rodilla izquierda.<\/p>\n<p>&nbsp;<\/p>\n<p>\u00a9 Agence France-Presse<\/p>\n","protected":false},"excerpt":{"rendered":"<p>Su\u00e1rez, Cillessen y Arthur se unen a una enfermer\u00eda azulgrana muy llena, en la que tambi\u00e9n est\u00e1n Sergi Roberto, el belga Thomas Vermaelen o el brasile\u00f1o Rafinha, que se perder\u00e1 el resto de la temporada tras sufrir una rotura del ligamento cruzado anterior de la rodilla izquierda.<\/p>\n","protected":false},"author":71,"featured_media":143804,"template":"","etiqueta":[21101,33057,21233,28658,33059,33058],"class_list":["post-243233","post-noticias","type-post-noticias","status-publish","has-post-thumbnail","hentry","categoria-post-noticias-deportes","etiqueta-barcelona","etiqueta-jasper-cillessen","etiqueta-luis-suarez","etiqueta-psv-eindhoven","etiqueta-rafinha","etiqueta-thomas-vermaelen"],"yoast_head":"<!-- This site is optimized with the Yoast SEO plugin v23.9 - https:\/\/yoast.com\/wordpress\/plugins\/seo\/ -->\n<title>Luis Su\u00e1rez estar\u00e1 unas dos semanas de baja por molestias en la rodilla<\/title>\n<meta name=\"description\" content=\"\u00a0Luis Su\u00e1rez\u00a0estar\u00e1 unas dos semanas de baja por unas &quot;molestias en la rodilla derecha&quot;, por lo que no estar\u00e1 el mi\u00e9rcoles contra el PSV Eindhoven\" \/>\n<meta name=\"robots\" content=\"index, follow, max-snippet:-1, max-image-preview:large, max-video-preview:-1\" \/>\n<link rel=\"canonical\" href=\"https:\/\/prensalibre-com-develop.go-vip.co\/guatevision\/noticias\/deportes\/luis-suarez-dos-semanas-baja\" \/>\n<meta property=\"og:locale\" content=\"es_ES\" \/>\n<meta property=\"og:type\" content=\"article\" \/>\n<meta property=\"og:title\" content=\"Luis Su\u00e1rez estar\u00e1 unas dos semanas de baja por molestias en la rodilla\" \/>\n<meta property=\"og:description\" content=\"\u00a0Luis Su\u00e1rez\u00a0estar\u00e1 unas dos semanas de baja por unas &quot;molestias en la rodilla derecha&quot;, por lo que no estar\u00e1 el mi\u00e9rcoles contra el PSV Eindhoven\" \/>\n<meta property=\"og:url\" content=\"https:\/\/prensalibre-com-develop.go-vip.co\/guatevision\/noticias\/deportes\/luis-suarez-dos-semanas-baja\" \/>\n<meta property=\"og:site_name\" content=\"Guatevision\" \/>\n<meta property=\"article:modified_time\" content=\"2018-11-26T17:47:49+00:00\" \/>\n<meta property=\"og:image\" content=\"https:\/\/prensalibre-com-develop.go-vip.co\/guatevision\/wp-content\/uploads\/sites\/2\/2018\/01\/Messi-Luis-Sua\u0301rez-Barcelona.png?quality=82\" \/>\n\t<meta property=\"og:image:width\" content=\"600\" \/>\n\t<meta property=\"og:image:height\" content=\"371\" \/>\n\t<meta property=\"og:image:type\" content=\"image\/png\" \/>\n<meta name=\"twitter:card\" content=\"summary_large_image\" \/>\n<meta name=\"twitter:label1\" content=\"Est. reading time\" \/>\n\t<meta name=\"twitter:data1\" content=\"2 minutes\" \/>\n<script type=\"application\/ld+json\" class=\"yoast-schema-graph\">{\"@context\":\"https:\/\/schema.org\",\"@graph\":[{\"@type\":\"WebPage\",\"@id\":\"https:\/\/prensalibre-com-develop.go-vip.co\/guatevision\/noticias\/deportes\/luis-suarez-dos-semanas-baja\",\"url\":\"https:\/\/prensalibre-com-develop.go-vip.co\/guatevision\/noticias\/deportes\/luis-suarez-dos-semanas-baja\",\"name\":\"Luis Su\u00e1rez estar\u00e1 unas dos semanas de baja por molestias en la rodilla\",\"isPartOf\":{\"@id\":\"https:\/\/prensalibre-com-develop.go-vip.co\/guatevision\/#website\"},\"primaryImageOfPage\":{\"@id\":\"https:\/\/prensalibre-com-develop.go-vip.co\/guatevision\/noticias\/deportes\/luis-suarez-dos-semanas-baja#primaryimage\"},\"image\":{\"@id\":\"https:\/\/prensalibre-com-develop.go-vip.co\/guatevision\/noticias\/deportes\/luis-suarez-dos-semanas-baja#primaryimage\"},\"thumbnailUrl\":\"https:\/\/prensalibre-com-develop.go-vip.co\/guatevision\/wp-content\/uploads\/sites\/2\/2018\/01\/Messi-Luis-Sua\u0301rez-Barcelona.png?quality=82\",\"datePublished\":\"2018-11-26T17:30:46+00:00\",\"dateModified\":\"2018-11-26T17:47:49+00:00\",\"description\":\"\u00a0Luis Su\u00e1rez\u00a0estar\u00e1 unas dos semanas de baja por unas \\\"molestias en la rodilla derecha\\\", por lo que no estar\u00e1 el mi\u00e9rcoles contra el PSV Eindhoven\",\"inLanguage\":\"es-GT\",\"potentialAction\":[{\"@type\":\"ReadAction\",\"target\":[\"https:\/\/prensalibre-com-develop.go-vip.co\/guatevision\/noticias\/deportes\/luis-suarez-dos-semanas-baja\"]}]},{\"@type\":\"ImageObject\",\"inLanguage\":\"es-GT\",\"@id\":\"https:\/\/prensalibre-com-develop.go-vip.co\/guatevision\/noticias\/deportes\/luis-suarez-dos-semanas-baja#primaryimage\",\"url\":\"https:\/\/prensalibre-com-develop.go-vip.co\/guatevision\/wp-content\/uploads\/sites\/2\/2018\/01\/Messi-Luis-Sua\u0301rez-Barcelona.png?quality=82\",\"contentUrl\":\"https:\/\/prensalibre-com-develop.go-vip.co\/guatevision\/wp-content\/uploads\/sites\/2\/2018\/01\/Messi-Luis-Sua\u0301rez-Barcelona.png?quality=82\",\"width\":600,\"height\":371,\"caption\":\"Barcelona's Uruguayan forward Luis Suarez (C) celebrates a goal with Barcelona's Portuguese midfielder Andre Gomes (R) and Barcelona's Spanish defender Jordi Alba during the Spanish league football match between Real Sociedad and FC Barcelona at the Anoeta stadium in San Sebastian on January 14, 2018. ANDER GILLENEA \/ AFP\"},{\"@type\":\"WebSite\",\"@id\":\"https:\/\/prensalibre-com-develop.go-vip.co\/guatevision\/#website\",\"url\":\"https:\/\/prensalibre-com-develop.go-vip.co\/guatevision\/\",\"name\":\"Guatevision\",\"description\":\"\u00a1Enciende Lo Bueno!\",\"publisher\":{\"@id\":\"https:\/\/prensalibre-com-develop.go-vip.co\/guatevision\/#organization\"},\"potentialAction\":[{\"@type\":\"SearchAction\",\"target\":{\"@type\":\"EntryPoint\",\"urlTemplate\":\"https:\/\/prensalibre-com-develop.go-vip.co\/guatevision\/?s={search_term_string}\"},\"query-input\":{\"@type\":\"PropertyValueSpecification\",\"valueRequired\":true,\"valueName\":\"search_term_string\"}}],\"inLanguage\":\"es-GT\"},{\"@type\":\"Organization\",\"@id\":\"https:\/\/prensalibre-com-develop.go-vip.co\/guatevision\/#organization\",\"name\":\"Guatevision\",\"url\":\"https:\/\/prensalibre-com-develop.go-vip.co\/guatevision\/\",\"logo\":{\"@type\":\"ImageObject\",\"inLanguage\":\"es-GT\",\"@id\":\"https:\/\/prensalibre-com-develop.go-vip.co\/guatevision\/#\/schema\/logo\/image\/\",\"url\":\"https:\/\/prensalibre-com-develop.go-vip.co\/guatevision\/wp-content\/uploads\/sites\/2\/2026\/04\/Diseno-sin-titulo.png?quality=82\",\"contentUrl\":\"https:\/\/prensalibre-com-develop.go-vip.co\/guatevision\/wp-content\/uploads\/sites\/2\/2026\/04\/Diseno-sin-titulo.png?quality=82\",\"width\":1000,\"height\":600,\"caption\":\"Guatevision\"},\"image\":{\"@id\":\"https:\/\/prensalibre-com-develop.go-vip.co\/guatevision\/#\/schema\/logo\/image\/\"}}]}<\/script>\n<!-- \/ Yoast SEO plugin. -->","yoast_head_json":{"title":"Luis Su\u00e1rez estar\u00e1 unas dos semanas de baja por molestias en la rodilla","description":"\u00a0Luis Su\u00e1rez\u00a0estar\u00e1 unas dos semanas de baja por unas \"molestias en la rodilla derecha\", por lo que no estar\u00e1 el mi\u00e9rcoles contra el PSV Eindhoven","robots":{"index":"index","follow":"follow","max-snippet":"max-snippet:-1","max-image-preview":"max-image-preview:large","max-video-preview":"max-video-preview:-1"},"canonical":"https:\/\/prensalibre-com-develop.go-vip.co\/guatevision\/noticias\/deportes\/luis-suarez-dos-semanas-baja","og_locale":"es_ES","og_type":"article","og_title":"Luis Su\u00e1rez estar\u00e1 unas dos semanas de baja por molestias en la rodilla","og_description":"\u00a0Luis Su\u00e1rez\u00a0estar\u00e1 unas dos semanas de baja por unas \"molestias en la rodilla derecha\", por lo que no estar\u00e1 el mi\u00e9rcoles contra el PSV Eindhoven","og_url":"https:\/\/prensalibre-com-develop.go-vip.co\/guatevision\/noticias\/deportes\/luis-suarez-dos-semanas-baja","og_site_name":"Guatevision","article_modified_time":"2018-11-26T17:47:49+00:00","og_image":[{"width":600,"height":371,"url":"https:\/\/prensalibre-com-develop.go-vip.co\/guatevision\/wp-content\/uploads\/sites\/2\/2018\/01\/Messi-Luis-Sua\u0301rez-Barcelona.png?quality=82","type":"image\/png"}],"twitter_card":"summary_large_image","twitter_misc":{"Est. reading time":"2 minutes"},"schema":{"@context":"https:\/\/schema.org","@graph":[{"@type":"WebPage","@id":"https:\/\/prensalibre-com-develop.go-vip.co\/guatevision\/noticias\/deportes\/luis-suarez-dos-semanas-baja","url":"https:\/\/prensalibre-com-develop.go-vip.co\/guatevision\/noticias\/deportes\/luis-suarez-dos-semanas-baja","name":"Luis Su\u00e1rez estar\u00e1 unas dos semanas de baja por molestias en la rodilla","isPartOf":{"@id":"https:\/\/prensalibre-com-develop.go-vip.co\/guatevision\/#website"},"primaryImageOfPage":{"@id":"https:\/\/prensalibre-com-develop.go-vip.co\/guatevision\/noticias\/deportes\/luis-suarez-dos-semanas-baja#primaryimage"},"image":{"@id":"https:\/\/prensalibre-com-develop.go-vip.co\/guatevision\/noticias\/deportes\/luis-suarez-dos-semanas-baja#primaryimage"},"thumbnailUrl":"https:\/\/prensalibre-com-develop.go-vip.co\/guatevision\/wp-content\/uploads\/sites\/2\/2018\/01\/Messi-Luis-Sua\u0301rez-Barcelona.png?quality=82","datePublished":"2018-11-26T17:30:46+00:00","dateModified":"2018-11-26T17:47:49+00:00","description":"\u00a0Luis Su\u00e1rez\u00a0estar\u00e1 unas dos semanas de baja por unas \"molestias en la rodilla derecha\", por lo que no estar\u00e1 el mi\u00e9rcoles contra el PSV Eindhoven","inLanguage":"es-GT","potentialAction":[{"@type":"ReadAction","target":["https:\/\/prensalibre-com-develop.go-vip.co\/guatevision\/noticias\/deportes\/luis-suarez-dos-semanas-baja"]}]},{"@type":"ImageObject","inLanguage":"es-GT","@id":"https:\/\/prensalibre-com-develop.go-vip.co\/guatevision\/noticias\/deportes\/luis-suarez-dos-semanas-baja#primaryimage","url":"https:\/\/prensalibre-com-develop.go-vip.co\/guatevision\/wp-content\/uploads\/sites\/2\/2018\/01\/Messi-Luis-Sua\u0301rez-Barcelona.png?quality=82","contentUrl":"https:\/\/prensalibre-com-develop.go-vip.co\/guatevision\/wp-content\/uploads\/sites\/2\/2018\/01\/Messi-Luis-Sua\u0301rez-Barcelona.png?quality=82","width":600,"height":371,"caption":"Barcelona's Uruguayan forward Luis Suarez (C) celebrates a goal with Barcelona's Portuguese midfielder Andre Gomes (R) and Barcelona's Spanish defender Jordi Alba during the Spanish league football match between Real Sociedad and FC Barcelona at the Anoeta stadium in San Sebastian on January 14, 2018. ANDER GILLENEA \/ AFP"},{"@type":"WebSite","@id":"https:\/\/prensalibre-com-develop.go-vip.co\/guatevision\/#website","url":"https:\/\/prensalibre-com-develop.go-vip.co\/guatevision\/","name":"Guatevision","description":"\u00a1Enciende Lo Bueno!","publisher":{"@id":"https:\/\/prensalibre-com-develop.go-vip.co\/guatevision\/#organization"},"potentialAction":[{"@type":"SearchAction","target":{"@type":"EntryPoint","urlTemplate":"https:\/\/prensalibre-com-develop.go-vip.co\/guatevision\/?s={search_term_string}"},"query-input":{"@type":"PropertyValueSpecification","valueRequired":true,"valueName":"search_term_string"}}],"inLanguage":"es-GT"},{"@type":"Organization","@id":"https:\/\/prensalibre-com-develop.go-vip.co\/guatevision\/#organization","name":"Guatevision","url":"https:\/\/prensalibre-com-develop.go-vip.co\/guatevision\/","logo":{"@type":"ImageObject","inLanguage":"es-GT","@id":"https:\/\/prensalibre-com-develop.go-vip.co\/guatevision\/#\/schema\/logo\/image\/","url":"https:\/\/prensalibre-com-develop.go-vip.co\/guatevision\/wp-content\/uploads\/sites\/2\/2026\/04\/Diseno-sin-titulo.png?quality=82","contentUrl":"https:\/\/prensalibre-com-develop.go-vip.co\/guatevision\/wp-content\/uploads\/sites\/2\/2026\/04\/Diseno-sin-titulo.png?quality=82","width":1000,"height":600,"caption":"Guatevision"},"image":{"@id":"https:\/\/prensalibre-com-develop.go-vip.co\/guatevision\/#\/schema\/logo\/image\/"}}]}},"jetpack_sharing_enabled":true,"_links":{"self":[{"href":"https:\/\/prensalibre-com-develop.go-vip.co\/guatevision\/wp-json\/wp\/v2\/post-noticias\/243233","targetHints":{"allow":["GET"]}}],"collection":[{"href":"https:\/\/prensalibre-com-develop.go-vip.co\/guatevision\/wp-json\/wp\/v2\/post-noticias"}],"about":[{"href":"https:\/\/prensalibre-com-develop.go-vip.co\/guatevision\/wp-json\/wp\/v2\/types\/post-noticias"}],"author":[{"embeddable":true,"href":"https:\/\/prensalibre-com-develop.go-vip.co\/guatevision\/wp-json\/wp\/v2\/users\/71"}],"version-history":[{"count":0,"href":"https:\/\/prensalibre-com-develop.go-vip.co\/guatevision\/wp-json\/wp\/v2\/post-noticias\/243233\/revisions"}],"wp:featuredmedia":[{"embeddable":true,"href":"https:\/\/prensalibre-com-develop.go-vip.co\/guatevision\/wp-json\/wp\/v2\/media\/143804"}],"wp:attachment":[{"href":"https:\/\/prensalibre-com-develop.go-vip.co\/guatevision\/wp-json\/wp\/v2\/media?parent=243233"}],"wp:term":[{"taxonomy":"etiqueta","embeddable":true,"href":"https:\/\/prensalibre-com-develop.go-vip.co\/guatevision\/wp-json\/wp\/v2\/etiqueta?post=243233"}],"curies":[{"name":"wp","href":"https:\/\/api.w.org\/{rel}","templated":true}]}}