{"id":244165,"date":"2018-12-01T08:10:55","date_gmt":"2018-12-01T14:10:55","guid":{"rendered":"https:\/\/prensalibre-com-develop.go-vip.co\/guatevision\/?post_type=post-noticias&#038;p=244165"},"modified":"2018-11-30T11:17:49","modified_gmt":"2018-11-30T17:17:49","slug":"bayern-munich-preve","status":"publish","type":"post-noticias","link":"https:\/\/prensalibre-com-develop.go-vip.co\/guatevision\/noticias\/deportes\/bayern-munich-preve","title":{"rendered":"Bayern M\u00fanich prev\u00e9 un gran lavado de cara en 2019"},"content":{"rendered":"<p>Bayern de M\u00fanich y su generaci\u00f3n dorada llega lentamente a su final, pero los dirigentes del club, tomados por sorpresa por los malos resultados de este inicio de temporada, parecen querer apretar el paso para preparar una gran revoluci\u00f3n de la plantilla la temporada que viene.<\/p>\n\n<p>&#8220;El Bayern ser\u00e1 muy activo&#8221; en el mercado de traspasos del pr\u00f3ximo verano, anunci\u00f3 el impulsivo presidente, Uli Hoeness, decidido a golpear fuerte mientras el equipo,\u00a0en plena crisis, ocupa la quinta plaza de la Bundesliga, nueve puntos por detr\u00e1s del l\u00edder, el Borussia Dortmund, antes de ir a Bremen el s\u00e1bado.<\/p>\n<p>El caso urgente es el del entrenador. Niko Kovac, casi condenado la semana pasada, todav\u00eda tiene una oportunidad de salvar la cabeza si da continuidad a la convincente victoria del martes contra el Benfica (5-1) en Liga de Campeones.<\/p>\n<p>Pero los pilares del vestuario, ganadores de la Champions de 2013 y seis veces consecutivas campeones de Alemania, no est\u00e1n seguros de continuar la pr\u00f3xima temporada.<\/p>\n<p>&#8220;Depende de c\u00f3mo jueguen&#8221;, declar\u00f3 Hoeness sin rodeos. &#8220;Estar\u00e1n bajo presi\u00f3n los pr\u00f3ximos tres o cuatro meses. Entonces veremos qui\u00e9n puede todav\u00eda ser utilizado&#8221;.<\/p>\n<p>&#8220;Cuando jugamos en Liga de Campeones o contra los supuestos grandes equipos de la Bundesliga, veo que mi equipo puede hacerlo. Pero cuando jugamos contra los peque\u00f1os, creemos que vendr\u00e1 solo&#8221;, dijo Kovac el martes, despu\u00e9s de la clasificaci\u00f3n a octavos de final de la &#8216;Champions&#8217;.<\/p>\n<p>&nbsp;<\/p>\n<h3>&#8211; Adi\u00f3s a &#8216;Robbery&#8217; &#8211;<\/h3>\n<p>&#8220;No har\u00eda da\u00f1o m\u00e1s competencia&#8221;, juzg\u00f3 la revista alemana Kicker, que considera que &#8220;las eventuales incorporaciones deber\u00e1n aportar presencia f\u00edsica, ritmo, voluntad, ganas y sed de victoria&#8221;, todas esas cualidades que han faltado desde hace dos meses.<\/p>\n<p>La prensa alemana se entretiene evaluando las opciones de unos y otros de continuar la temporada que viene: en el grupo de los que se marchan se encuentran, casi seguro, Franck Rib\u00e9ry (35 a\u00f1os) y Arjen Robben (34), dos leyendas del club capaces todav\u00eda de haza\u00f1as como demostr\u00f3 el holand\u00e9s el martes con su doblete, pero claramente en declive por la edad.<\/p>\n<p>El segundo grupo est\u00e1 integrado por treinta\u00f1eros o casi, como los campeones del mundo alemanes de 2014 Thomas M\u00fcller, Mats Hummels y J\u00e9r\u00f4me Boateng o Javi Mart\u00ednez y David Alaba, algo m\u00e1s joven (26 a\u00f1os).<\/p>\n<p>&nbsp;<\/p>\n<h3>&#8211; \u00bfPavard, De Jong, Fekir? &#8211;<\/h3>\n<p>El caso del colombiano James Rodr\u00edguez, cedido por el Real Madrid, ser\u00e1 examinado por separado: no se cuestionan las actuaciones del sudamericano, sino su adaptaci\u00f3n y su capacidad de aceptar la competencia impuesta por Kovac.<\/p>\n<p>En el tercer grupo aparecen las j\u00f3venes esperanzas del club, los que deben conquistar los t\u00edtulos del futuro: los franceses Corentin Tolisso y Kingsley Coman, el polivalente Joshua Kimmich o los tambi\u00e9n internacionales alemanes Leon Goretzka y Serge Gnabry.<\/p>\n<p>El cuarto grupo es &#8220;virtual&#8221;, alimentado por los rumores. Los medios alemanes afirman que Benjamin Pavard, el campe\u00f3n del mundo del Stuttgart, ya ha llegado a un acuerdo para unirse al conjunto b\u00e1varo, aunque no hay nada confirmado oficialmente. El montante de la operaci\u00f3n ser\u00eda de 35 millones de euros.<\/p>\n<p>Seg\u00fan el peri\u00f3dico germano Bild, que hace referencia a &#8220;conversaciones en el mundo de los agentes de jugadores&#8221;, los ojeadores del Bayern est\u00e1n interesados tambi\u00e9n en varios j\u00f3venes talentos del continente: los superdotados del Ajax Frenkie de Jong y Matthijs de Ligt, Nabil Fekir del Lyon, Nicolas P\u00e9p\u00e9 del Lille y otras promesas de la Bundesliga, alemanas o extranjeras.<\/p>\n<p>De acuerdo con Bild y Kicker, Hoeness tiene 200 millones de euros para gastar. Y podr\u00eda fichar desde la ventana de enero para dar un est\u00edmulo al equipo.<\/p>\n<p>&nbsp;<\/p>\n<p>\u00a9 Agence France-Presse<\/p>\n","protected":false},"excerpt":{"rendered":"<p>De acuerdo con Bild y Kicker, Hoeness tiene 200 millones de euros para gastar. Y podr\u00eda fichar desde la ventana de enero para dar un est\u00edmulo al equipo.<\/p>\n","protected":false},"author":71,"featured_media":171654,"template":"","etiqueta":[21237,33214,33213],"class_list":["post-244165","post-noticias","type-post-noticias","status-publish","has-post-thumbnail","hentry","categoria-post-noticias-deportes","etiqueta-bayern-de-munich","etiqueta-bu","etiqueta-niko-kovac"],"yoast_head":"<!-- This site is optimized with the Yoast SEO plugin v23.9 - https:\/\/yoast.com\/wordpress\/plugins\/seo\/ -->\n<title>Bayern M\u00fanich prev\u00e9 un gran lavado de cara en 2019<\/title>\n<meta name=\"description\" content=\"Bayern de M\u00fanich y su generaci\u00f3n dorada llega lentamente a su final, pero los dirigentes del club, tomados por sorpresa por los malos resultados\" \/>\n<meta name=\"robots\" content=\"index, follow, max-snippet:-1, max-image-preview:large, max-video-preview:-1\" \/>\n<link rel=\"canonical\" href=\"https:\/\/prensalibre-com-develop.go-vip.co\/guatevision\/noticias\/deportes\/bayern-munich-preve\" \/>\n<meta property=\"og:locale\" content=\"es_ES\" \/>\n<meta property=\"og:type\" content=\"article\" \/>\n<meta property=\"og:title\" content=\"Bayern M\u00fanich prev\u00e9 un gran lavado de cara en 2019\" \/>\n<meta property=\"og:description\" content=\"Bayern de M\u00fanich y su generaci\u00f3n dorada llega lentamente a su final, pero los dirigentes del club, tomados por sorpresa por los malos resultados\" \/>\n<meta property=\"og:url\" content=\"https:\/\/prensalibre-com-develop.go-vip.co\/guatevision\/noticias\/deportes\/bayern-munich-preve\" \/>\n<meta property=\"og:site_name\" content=\"Guatevision\" \/>\n<meta property=\"article:modified_time\" content=\"2018-11-30T17:17:49+00:00\" \/>\n<meta property=\"og:image\" content=\"https:\/\/prensalibre-com-develop.go-vip.co\/guatevision\/wp-content\/uploads\/sites\/2\/2018\/04\/Bayern-Champions.jpg?quality=82\" \/>\n\t<meta property=\"og:image:width\" content=\"768\" \/>\n\t<meta property=\"og:image:height\" content=\"511\" \/>\n\t<meta property=\"og:image:type\" content=\"image\/jpeg\" \/>\n<meta name=\"twitter:card\" content=\"summary_large_image\" \/>\n<meta name=\"twitter:label1\" content=\"Est. reading time\" \/>\n\t<meta name=\"twitter:data1\" content=\"3 minutes\" \/>\n<script type=\"application\/ld+json\" class=\"yoast-schema-graph\">{\"@context\":\"https:\/\/schema.org\",\"@graph\":[{\"@type\":\"WebPage\",\"@id\":\"https:\/\/prensalibre-com-develop.go-vip.co\/guatevision\/noticias\/deportes\/bayern-munich-preve\",\"url\":\"https:\/\/prensalibre-com-develop.go-vip.co\/guatevision\/noticias\/deportes\/bayern-munich-preve\",\"name\":\"Bayern M\u00fanich prev\u00e9 un gran lavado de cara en 2019\",\"isPartOf\":{\"@id\":\"https:\/\/prensalibre-com-develop.go-vip.co\/guatevision\/#website\"},\"primaryImageOfPage\":{\"@id\":\"https:\/\/prensalibre-com-develop.go-vip.co\/guatevision\/noticias\/deportes\/bayern-munich-preve#primaryimage\"},\"image\":{\"@id\":\"https:\/\/prensalibre-com-develop.go-vip.co\/guatevision\/noticias\/deportes\/bayern-munich-preve#primaryimage\"},\"thumbnailUrl\":\"https:\/\/prensalibre-com-develop.go-vip.co\/guatevision\/wp-content\/uploads\/sites\/2\/2018\/04\/Bayern-Champions.jpg?quality=82\",\"datePublished\":\"2018-12-01T14:10:55+00:00\",\"dateModified\":\"2018-11-30T17:17:49+00:00\",\"description\":\"Bayern de M\u00fanich y su generaci\u00f3n dorada llega lentamente a su final, pero los dirigentes del club, tomados por sorpresa por los malos resultados\",\"inLanguage\":\"es-GT\",\"potentialAction\":[{\"@type\":\"ReadAction\",\"target\":[\"https:\/\/prensalibre-com-develop.go-vip.co\/guatevision\/noticias\/deportes\/bayern-munich-preve\"]}]},{\"@type\":\"ImageObject\",\"inLanguage\":\"es-GT\",\"@id\":\"https:\/\/prensalibre-com-develop.go-vip.co\/guatevision\/noticias\/deportes\/bayern-munich-preve#primaryimage\",\"url\":\"https:\/\/prensalibre-com-develop.go-vip.co\/guatevision\/wp-content\/uploads\/sites\/2\/2018\/04\/Bayern-Champions.jpg?quality=82\",\"contentUrl\":\"https:\/\/prensalibre-com-develop.go-vip.co\/guatevision\/wp-content\/uploads\/sites\/2\/2018\/04\/Bayern-Champions.jpg?quality=82\",\"width\":768,\"height\":511,\"caption\":\"Bayern Munich's players celebrate at the end of the UEFA Champions League quarter-final second leg football match between FC Bayern Munich and Sevilla FC on April 11, 2018 in Munich, southern Germany. Bayern Munich reached the Champions League semi-finals for the seventh time in nine seasons as Wednesday's goalless draw at home to Sevilla sent the German side through 2-1 on aggregate. \/ AFP PHOTO \/ Odd ANDERSEN\"},{\"@type\":\"WebSite\",\"@id\":\"https:\/\/prensalibre-com-develop.go-vip.co\/guatevision\/#website\",\"url\":\"https:\/\/prensalibre-com-develop.go-vip.co\/guatevision\/\",\"name\":\"Guatevision\",\"description\":\"\u00a1Enciende Lo Bueno!\",\"publisher\":{\"@id\":\"https:\/\/prensalibre-com-develop.go-vip.co\/guatevision\/#organization\"},\"potentialAction\":[{\"@type\":\"SearchAction\",\"target\":{\"@type\":\"EntryPoint\",\"urlTemplate\":\"https:\/\/prensalibre-com-develop.go-vip.co\/guatevision\/?s={search_term_string}\"},\"query-input\":{\"@type\":\"PropertyValueSpecification\",\"valueRequired\":true,\"valueName\":\"search_term_string\"}}],\"inLanguage\":\"es-GT\"},{\"@type\":\"Organization\",\"@id\":\"https:\/\/prensalibre-com-develop.go-vip.co\/guatevision\/#organization\",\"name\":\"Guatevision\",\"url\":\"https:\/\/prensalibre-com-develop.go-vip.co\/guatevision\/\",\"logo\":{\"@type\":\"ImageObject\",\"inLanguage\":\"es-GT\",\"@id\":\"https:\/\/prensalibre-com-develop.go-vip.co\/guatevision\/#\/schema\/logo\/image\/\",\"url\":\"https:\/\/prensalibre-com-develop.go-vip.co\/guatevision\/wp-content\/uploads\/sites\/2\/2026\/04\/Diseno-sin-titulo.png?quality=82\",\"contentUrl\":\"https:\/\/prensalibre-com-develop.go-vip.co\/guatevision\/wp-content\/uploads\/sites\/2\/2026\/04\/Diseno-sin-titulo.png?quality=82\",\"width\":1000,\"height\":600,\"caption\":\"Guatevision\"},\"image\":{\"@id\":\"https:\/\/prensalibre-com-develop.go-vip.co\/guatevision\/#\/schema\/logo\/image\/\"}}]}<\/script>\n<!-- \/ Yoast SEO plugin. -->","yoast_head_json":{"title":"Bayern M\u00fanich prev\u00e9 un gran lavado de cara en 2019","description":"Bayern de M\u00fanich y su generaci\u00f3n dorada llega lentamente a su final, pero los dirigentes del club, tomados por sorpresa por los malos resultados","robots":{"index":"index","follow":"follow","max-snippet":"max-snippet:-1","max-image-preview":"max-image-preview:large","max-video-preview":"max-video-preview:-1"},"canonical":"https:\/\/prensalibre-com-develop.go-vip.co\/guatevision\/noticias\/deportes\/bayern-munich-preve","og_locale":"es_ES","og_type":"article","og_title":"Bayern M\u00fanich prev\u00e9 un gran lavado de cara en 2019","og_description":"Bayern de M\u00fanich y su generaci\u00f3n dorada llega lentamente a su final, pero los dirigentes del club, tomados por sorpresa por los malos resultados","og_url":"https:\/\/prensalibre-com-develop.go-vip.co\/guatevision\/noticias\/deportes\/bayern-munich-preve","og_site_name":"Guatevision","article_modified_time":"2018-11-30T17:17:49+00:00","og_image":[{"width":768,"height":511,"url":"https:\/\/prensalibre-com-develop.go-vip.co\/guatevision\/wp-content\/uploads\/sites\/2\/2018\/04\/Bayern-Champions.jpg?quality=82","type":"image\/jpeg"}],"twitter_card":"summary_large_image","twitter_misc":{"Est. reading time":"3 minutes"},"schema":{"@context":"https:\/\/schema.org","@graph":[{"@type":"WebPage","@id":"https:\/\/prensalibre-com-develop.go-vip.co\/guatevision\/noticias\/deportes\/bayern-munich-preve","url":"https:\/\/prensalibre-com-develop.go-vip.co\/guatevision\/noticias\/deportes\/bayern-munich-preve","name":"Bayern M\u00fanich prev\u00e9 un gran lavado de cara en 2019","isPartOf":{"@id":"https:\/\/prensalibre-com-develop.go-vip.co\/guatevision\/#website"},"primaryImageOfPage":{"@id":"https:\/\/prensalibre-com-develop.go-vip.co\/guatevision\/noticias\/deportes\/bayern-munich-preve#primaryimage"},"image":{"@id":"https:\/\/prensalibre-com-develop.go-vip.co\/guatevision\/noticias\/deportes\/bayern-munich-preve#primaryimage"},"thumbnailUrl":"https:\/\/prensalibre-com-develop.go-vip.co\/guatevision\/wp-content\/uploads\/sites\/2\/2018\/04\/Bayern-Champions.jpg?quality=82","datePublished":"2018-12-01T14:10:55+00:00","dateModified":"2018-11-30T17:17:49+00:00","description":"Bayern de M\u00fanich y su generaci\u00f3n dorada llega lentamente a su final, pero los dirigentes del club, tomados por sorpresa por los malos resultados","inLanguage":"es-GT","potentialAction":[{"@type":"ReadAction","target":["https:\/\/prensalibre-com-develop.go-vip.co\/guatevision\/noticias\/deportes\/bayern-munich-preve"]}]},{"@type":"ImageObject","inLanguage":"es-GT","@id":"https:\/\/prensalibre-com-develop.go-vip.co\/guatevision\/noticias\/deportes\/bayern-munich-preve#primaryimage","url":"https:\/\/prensalibre-com-develop.go-vip.co\/guatevision\/wp-content\/uploads\/sites\/2\/2018\/04\/Bayern-Champions.jpg?quality=82","contentUrl":"https:\/\/prensalibre-com-develop.go-vip.co\/guatevision\/wp-content\/uploads\/sites\/2\/2018\/04\/Bayern-Champions.jpg?quality=82","width":768,"height":511,"caption":"Bayern Munich's players celebrate at the end of the UEFA Champions League quarter-final second leg football match between FC Bayern Munich and Sevilla FC on April 11, 2018 in Munich, southern Germany. Bayern Munich reached the Champions League semi-finals for the seventh time in nine seasons as Wednesday's goalless draw at home to Sevilla sent the German side through 2-1 on aggregate. \/ AFP PHOTO \/ Odd ANDERSEN"},{"@type":"WebSite","@id":"https:\/\/prensalibre-com-develop.go-vip.co\/guatevision\/#website","url":"https:\/\/prensalibre-com-develop.go-vip.co\/guatevision\/","name":"Guatevision","description":"\u00a1Enciende Lo Bueno!","publisher":{"@id":"https:\/\/prensalibre-com-develop.go-vip.co\/guatevision\/#organization"},"potentialAction":[{"@type":"SearchAction","target":{"@type":"EntryPoint","urlTemplate":"https:\/\/prensalibre-com-develop.go-vip.co\/guatevision\/?s={search_term_string}"},"query-input":{"@type":"PropertyValueSpecification","valueRequired":true,"valueName":"search_term_string"}}],"inLanguage":"es-GT"},{"@type":"Organization","@id":"https:\/\/prensalibre-com-develop.go-vip.co\/guatevision\/#organization","name":"Guatevision","url":"https:\/\/prensalibre-com-develop.go-vip.co\/guatevision\/","logo":{"@type":"ImageObject","inLanguage":"es-GT","@id":"https:\/\/prensalibre-com-develop.go-vip.co\/guatevision\/#\/schema\/logo\/image\/","url":"https:\/\/prensalibre-com-develop.go-vip.co\/guatevision\/wp-content\/uploads\/sites\/2\/2026\/04\/Diseno-sin-titulo.png?quality=82","contentUrl":"https:\/\/prensalibre-com-develop.go-vip.co\/guatevision\/wp-content\/uploads\/sites\/2\/2026\/04\/Diseno-sin-titulo.png?quality=82","width":1000,"height":600,"caption":"Guatevision"},"image":{"@id":"https:\/\/prensalibre-com-develop.go-vip.co\/guatevision\/#\/schema\/logo\/image\/"}}]}},"jetpack_sharing_enabled":true,"_links":{"self":[{"href":"https:\/\/prensalibre-com-develop.go-vip.co\/guatevision\/wp-json\/wp\/v2\/post-noticias\/244165","targetHints":{"allow":["GET"]}}],"collection":[{"href":"https:\/\/prensalibre-com-develop.go-vip.co\/guatevision\/wp-json\/wp\/v2\/post-noticias"}],"about":[{"href":"https:\/\/prensalibre-com-develop.go-vip.co\/guatevision\/wp-json\/wp\/v2\/types\/post-noticias"}],"author":[{"embeddable":true,"href":"https:\/\/prensalibre-com-develop.go-vip.co\/guatevision\/wp-json\/wp\/v2\/users\/71"}],"version-history":[{"count":0,"href":"https:\/\/prensalibre-com-develop.go-vip.co\/guatevision\/wp-json\/wp\/v2\/post-noticias\/244165\/revisions"}],"wp:featuredmedia":[{"embeddable":true,"href":"https:\/\/prensalibre-com-develop.go-vip.co\/guatevision\/wp-json\/wp\/v2\/media\/171654"}],"wp:attachment":[{"href":"https:\/\/prensalibre-com-develop.go-vip.co\/guatevision\/wp-json\/wp\/v2\/media?parent=244165"}],"wp:term":[{"taxonomy":"etiqueta","embeddable":true,"href":"https:\/\/prensalibre-com-develop.go-vip.co\/guatevision\/wp-json\/wp\/v2\/etiqueta?post=244165"}],"curies":[{"name":"wp","href":"https:\/\/api.w.org\/{rel}","templated":true}]}}