{"id":245193,"date":"2018-12-05T10:30:14","date_gmt":"2018-12-05T16:30:14","guid":{"rendered":"https:\/\/prensalibre-com-develop.go-vip.co\/guatevision\/?post_type=post-noticias&#038;p=245193"},"modified":"2018-12-05T10:24:42","modified_gmt":"2018-12-05T16:24:42","slug":"river-plate-parte-a-madrid","status":"publish","type":"post-noticias","link":"https:\/\/prensalibre-com-develop.go-vip.co\/guatevision\/noticias\/deportes\/river-plate-parte-a-madrid","title":{"rendered":"River Plate parte a Madrid para final de la Copa Libertadores"},"content":{"rendered":"<p>River Plate fue despedido este mi\u00e9rcoles por un peque\u00f1o grupo de hinchas en el estadio Monumental, en Buenos Aires, antes de emprender su viaje a Madrid, donde el domingo disputar\u00e1 con su archirrival Boca Juniors la postergada final de la Copa Libertadores de 2018.<\/p>\n\n<p>Los aficionados se acercaron con banderas y camisetas de River a animar a su equipo en las afueras del Monumental, desde donde parti\u00f3 el plantel en dos autobuses hacia el aeropuerto de Ezeiza.<\/p>\n<p>El vuelo charter partir\u00e1 a Madrid a las 14H00 locales (17H00 GMT).<\/p>\n<p>Antes del viaje, River realiz\u00f3 un entrenamiento, con entrada en calor y ejercicios f\u00edsico t\u00e9cnicos en cancha reducida. El jueves har\u00e1n otro a las 18H00 locales en las instalaciones del Real Madrid, en Valdebebas, inform\u00f3 el club.<\/p>\n<p>La salida de River sigue a la de los jugadores de Boca, quienes partieron en la madrugada de este mi\u00e9rcoles despu\u00e9s de recibir una entusiasta y masiva despedida de sus hinchas en los alrededores del estadio La Bombonera.<\/p>\n<p>River y Boca disputan una in\u00e9dita final de la Copa Libertadores que se ha visto llena de tropiezos, con los partidos reprogramados varias veces, tanto por medidas de seguridad previo a la celebraci\u00f3n de la cumbre del G20 en Buenos Aires el pasado fin de semana, como por lluvia.<\/p>\n<p>Pero el inconveniente m\u00e1s grave se present\u00f3 el pasado 24 de noviembre, cuando deb\u00eda disputarse el partido de vuelta en el Monumental y un grupo de &#8216;barras bravas&#8217; de River atac\u00f3 a pedradas al autob\u00fas que trasladaba a los jugadores de Boca.<\/p>\n<p>Varios futbolistas resultaron lesionados y el partido fue suspendido en tres ocasiones hasta que la Conmebol decidi\u00f3 que se juegue el pr\u00f3ximo domingo en el estadio Santiago Bernabeu, de Madrid, pese al rechazo de ambos clubes.<\/p>\n<p>El partido de ida de la final, jugado en la Bombonera el 11 de noviembre, termin\u00f3 con un empate 2-2 y sin que se produjeran incidentes.<\/p>\n<p>nn\/ma<\/p>\n<p>\u00a9 Agence France-Presse<\/p>\n","protected":false},"excerpt":{"rendered":"<p>El partido de ida de la final, jugado en la Bombonera el 11 de noviembre, termin\u00f3 con un empate 2-2 y sin que se produjeran incidentes.<\/p>\n","protected":false},"author":71,"featured_media":245194,"template":"","etiqueta":[21344,21343,32953,21339],"class_list":["post-245193","post-noticias","type-post-noticias","status-publish","has-post-thumbnail","hentry","categoria-post-noticias-deportes","etiqueta-boca-juniors","etiqueta-copa-libertadores","etiqueta-monumental","etiqueta-river-plate"],"yoast_head":"<!-- This site is optimized with the Yoast SEO plugin v23.9 - https:\/\/yoast.com\/wordpress\/plugins\/seo\/ -->\n<title>River Plate parte a Madrid para final de la Copa Libertadores<\/title>\n<meta name=\"description\" content=\"River Plate fue despedido este mi\u00e9rcoles por un peque\u00f1o grupo de hinchas en el estadio Monumental, antes de emprender su viaje a Madrid\" \/>\n<meta name=\"robots\" content=\"index, follow, max-snippet:-1, max-image-preview:large, max-video-preview:-1\" \/>\n<link rel=\"canonical\" href=\"https:\/\/prensalibre-com-develop.go-vip.co\/guatevision\/noticias\/deportes\/river-plate-parte-a-madrid\" \/>\n<meta property=\"og:locale\" content=\"es_ES\" \/>\n<meta property=\"og:type\" content=\"article\" \/>\n<meta property=\"og:title\" content=\"River Plate parte a Madrid para final de la Copa Libertadores\" \/>\n<meta property=\"og:description\" content=\"River Plate fue despedido este mi\u00e9rcoles por un peque\u00f1o grupo de hinchas en el estadio Monumental, antes de emprender su viaje a Madrid\" \/>\n<meta property=\"og:url\" content=\"https:\/\/prensalibre-com-develop.go-vip.co\/guatevision\/noticias\/deportes\/river-plate-parte-a-madrid\" \/>\n<meta property=\"og:site_name\" content=\"Guatevision\" \/>\n<meta property=\"article:modified_time\" content=\"2018-12-05T16:24:42+00:00\" \/>\n<meta property=\"og:image\" content=\"https:\/\/prensalibre-com-develop.go-vip.co\/guatevision\/wp-content\/uploads\/sites\/2\/2018\/12\/River-Plate.jpg?quality=82\" \/>\n\t<meta property=\"og:image:width\" content=\"768\" \/>\n\t<meta property=\"og:image:height\" content=\"512\" \/>\n\t<meta property=\"og:image:type\" content=\"image\/jpeg\" \/>\n<meta name=\"twitter:card\" content=\"summary_large_image\" \/>\n<meta name=\"twitter:label1\" content=\"Est. reading time\" \/>\n\t<meta name=\"twitter:data1\" content=\"2 minutes\" \/>\n<script type=\"application\/ld+json\" class=\"yoast-schema-graph\">{\"@context\":\"https:\/\/schema.org\",\"@graph\":[{\"@type\":\"WebPage\",\"@id\":\"https:\/\/prensalibre-com-develop.go-vip.co\/guatevision\/noticias\/deportes\/river-plate-parte-a-madrid\",\"url\":\"https:\/\/prensalibre-com-develop.go-vip.co\/guatevision\/noticias\/deportes\/river-plate-parte-a-madrid\",\"name\":\"River Plate parte a Madrid para final de la Copa Libertadores\",\"isPartOf\":{\"@id\":\"https:\/\/prensalibre-com-develop.go-vip.co\/guatevision\/#website\"},\"primaryImageOfPage\":{\"@id\":\"https:\/\/prensalibre-com-develop.go-vip.co\/guatevision\/noticias\/deportes\/river-plate-parte-a-madrid#primaryimage\"},\"image\":{\"@id\":\"https:\/\/prensalibre-com-develop.go-vip.co\/guatevision\/noticias\/deportes\/river-plate-parte-a-madrid#primaryimage\"},\"thumbnailUrl\":\"https:\/\/prensalibre-com-develop.go-vip.co\/guatevision\/wp-content\/uploads\/sites\/2\/2018\/12\/River-Plate.jpg?quality=82\",\"datePublished\":\"2018-12-05T16:30:14+00:00\",\"dateModified\":\"2018-12-05T16:24:42+00:00\",\"description\":\"River Plate fue despedido este mi\u00e9rcoles por un peque\u00f1o grupo de hinchas en el estadio Monumental, antes de emprender su viaje a Madrid\",\"inLanguage\":\"es-GT\",\"potentialAction\":[{\"@type\":\"ReadAction\",\"target\":[\"https:\/\/prensalibre-com-develop.go-vip.co\/guatevision\/noticias\/deportes\/river-plate-parte-a-madrid\"]}]},{\"@type\":\"ImageObject\",\"inLanguage\":\"es-GT\",\"@id\":\"https:\/\/prensalibre-com-develop.go-vip.co\/guatevision\/noticias\/deportes\/river-plate-parte-a-madrid#primaryimage\",\"url\":\"https:\/\/prensalibre-com-develop.go-vip.co\/guatevision\/wp-content\/uploads\/sites\/2\/2018\/12\/River-Plate.jpg?quality=82\",\"contentUrl\":\"https:\/\/prensalibre-com-develop.go-vip.co\/guatevision\/wp-content\/uploads\/sites\/2\/2018\/12\/River-Plate.jpg?quality=82\",\"width\":768,\"height\":512,\"caption\":\"Supporters take pictures as a bus transporting Argentina's River Plate football team leaves the Monumental stadium heading for Ezeiza Internationa airport in Buenos Aires, on December 5, 2018. - River Plate's players will fly in a charter to Madrid, where they will face Boca Juniors in the Copa Libertadores second leg final match at Santiago Bernabeu stadium on December 9. (Photo by JUAN MABROMATA \/ AFP)\"},{\"@type\":\"WebSite\",\"@id\":\"https:\/\/prensalibre-com-develop.go-vip.co\/guatevision\/#website\",\"url\":\"https:\/\/prensalibre-com-develop.go-vip.co\/guatevision\/\",\"name\":\"Guatevision\",\"description\":\"\u00a1Enciende Lo Bueno!\",\"publisher\":{\"@id\":\"https:\/\/prensalibre-com-develop.go-vip.co\/guatevision\/#organization\"},\"potentialAction\":[{\"@type\":\"SearchAction\",\"target\":{\"@type\":\"EntryPoint\",\"urlTemplate\":\"https:\/\/prensalibre-com-develop.go-vip.co\/guatevision\/?s={search_term_string}\"},\"query-input\":{\"@type\":\"PropertyValueSpecification\",\"valueRequired\":true,\"valueName\":\"search_term_string\"}}],\"inLanguage\":\"es-GT\"},{\"@type\":\"Organization\",\"@id\":\"https:\/\/prensalibre-com-develop.go-vip.co\/guatevision\/#organization\",\"name\":\"Guatevision\",\"url\":\"https:\/\/prensalibre-com-develop.go-vip.co\/guatevision\/\",\"logo\":{\"@type\":\"ImageObject\",\"inLanguage\":\"es-GT\",\"@id\":\"https:\/\/prensalibre-com-develop.go-vip.co\/guatevision\/#\/schema\/logo\/image\/\",\"url\":\"https:\/\/prensalibre-com-develop.go-vip.co\/guatevision\/wp-content\/uploads\/sites\/2\/2026\/04\/Diseno-sin-titulo.png?quality=82\",\"contentUrl\":\"https:\/\/prensalibre-com-develop.go-vip.co\/guatevision\/wp-content\/uploads\/sites\/2\/2026\/04\/Diseno-sin-titulo.png?quality=82\",\"width\":1000,\"height\":600,\"caption\":\"Guatevision\"},\"image\":{\"@id\":\"https:\/\/prensalibre-com-develop.go-vip.co\/guatevision\/#\/schema\/logo\/image\/\"}}]}<\/script>\n<!-- \/ Yoast SEO plugin. -->","yoast_head_json":{"title":"River Plate parte a Madrid para final de la Copa Libertadores","description":"River Plate fue despedido este mi\u00e9rcoles por un peque\u00f1o grupo de hinchas en el estadio Monumental, antes de emprender su viaje a Madrid","robots":{"index":"index","follow":"follow","max-snippet":"max-snippet:-1","max-image-preview":"max-image-preview:large","max-video-preview":"max-video-preview:-1"},"canonical":"https:\/\/prensalibre-com-develop.go-vip.co\/guatevision\/noticias\/deportes\/river-plate-parte-a-madrid","og_locale":"es_ES","og_type":"article","og_title":"River Plate parte a Madrid para final de la Copa Libertadores","og_description":"River Plate fue despedido este mi\u00e9rcoles por un peque\u00f1o grupo de hinchas en el estadio Monumental, antes de emprender su viaje a Madrid","og_url":"https:\/\/prensalibre-com-develop.go-vip.co\/guatevision\/noticias\/deportes\/river-plate-parte-a-madrid","og_site_name":"Guatevision","article_modified_time":"2018-12-05T16:24:42+00:00","og_image":[{"width":768,"height":512,"url":"https:\/\/prensalibre-com-develop.go-vip.co\/guatevision\/wp-content\/uploads\/sites\/2\/2018\/12\/River-Plate.jpg?quality=82","type":"image\/jpeg"}],"twitter_card":"summary_large_image","twitter_misc":{"Est. reading time":"2 minutes"},"schema":{"@context":"https:\/\/schema.org","@graph":[{"@type":"WebPage","@id":"https:\/\/prensalibre-com-develop.go-vip.co\/guatevision\/noticias\/deportes\/river-plate-parte-a-madrid","url":"https:\/\/prensalibre-com-develop.go-vip.co\/guatevision\/noticias\/deportes\/river-plate-parte-a-madrid","name":"River Plate parte a Madrid para final de la Copa Libertadores","isPartOf":{"@id":"https:\/\/prensalibre-com-develop.go-vip.co\/guatevision\/#website"},"primaryImageOfPage":{"@id":"https:\/\/prensalibre-com-develop.go-vip.co\/guatevision\/noticias\/deportes\/river-plate-parte-a-madrid#primaryimage"},"image":{"@id":"https:\/\/prensalibre-com-develop.go-vip.co\/guatevision\/noticias\/deportes\/river-plate-parte-a-madrid#primaryimage"},"thumbnailUrl":"https:\/\/prensalibre-com-develop.go-vip.co\/guatevision\/wp-content\/uploads\/sites\/2\/2018\/12\/River-Plate.jpg?quality=82","datePublished":"2018-12-05T16:30:14+00:00","dateModified":"2018-12-05T16:24:42+00:00","description":"River Plate fue despedido este mi\u00e9rcoles por un peque\u00f1o grupo de hinchas en el estadio Monumental, antes de emprender su viaje a Madrid","inLanguage":"es-GT","potentialAction":[{"@type":"ReadAction","target":["https:\/\/prensalibre-com-develop.go-vip.co\/guatevision\/noticias\/deportes\/river-plate-parte-a-madrid"]}]},{"@type":"ImageObject","inLanguage":"es-GT","@id":"https:\/\/prensalibre-com-develop.go-vip.co\/guatevision\/noticias\/deportes\/river-plate-parte-a-madrid#primaryimage","url":"https:\/\/prensalibre-com-develop.go-vip.co\/guatevision\/wp-content\/uploads\/sites\/2\/2018\/12\/River-Plate.jpg?quality=82","contentUrl":"https:\/\/prensalibre-com-develop.go-vip.co\/guatevision\/wp-content\/uploads\/sites\/2\/2018\/12\/River-Plate.jpg?quality=82","width":768,"height":512,"caption":"Supporters take pictures as a bus transporting Argentina's River Plate football team leaves the Monumental stadium heading for Ezeiza Internationa airport in Buenos Aires, on December 5, 2018. - River Plate's players will fly in a charter to Madrid, where they will face Boca Juniors in the Copa Libertadores second leg final match at Santiago Bernabeu stadium on December 9. (Photo by JUAN MABROMATA \/ AFP)"},{"@type":"WebSite","@id":"https:\/\/prensalibre-com-develop.go-vip.co\/guatevision\/#website","url":"https:\/\/prensalibre-com-develop.go-vip.co\/guatevision\/","name":"Guatevision","description":"\u00a1Enciende Lo Bueno!","publisher":{"@id":"https:\/\/prensalibre-com-develop.go-vip.co\/guatevision\/#organization"},"potentialAction":[{"@type":"SearchAction","target":{"@type":"EntryPoint","urlTemplate":"https:\/\/prensalibre-com-develop.go-vip.co\/guatevision\/?s={search_term_string}"},"query-input":{"@type":"PropertyValueSpecification","valueRequired":true,"valueName":"search_term_string"}}],"inLanguage":"es-GT"},{"@type":"Organization","@id":"https:\/\/prensalibre-com-develop.go-vip.co\/guatevision\/#organization","name":"Guatevision","url":"https:\/\/prensalibre-com-develop.go-vip.co\/guatevision\/","logo":{"@type":"ImageObject","inLanguage":"es-GT","@id":"https:\/\/prensalibre-com-develop.go-vip.co\/guatevision\/#\/schema\/logo\/image\/","url":"https:\/\/prensalibre-com-develop.go-vip.co\/guatevision\/wp-content\/uploads\/sites\/2\/2026\/04\/Diseno-sin-titulo.png?quality=82","contentUrl":"https:\/\/prensalibre-com-develop.go-vip.co\/guatevision\/wp-content\/uploads\/sites\/2\/2026\/04\/Diseno-sin-titulo.png?quality=82","width":1000,"height":600,"caption":"Guatevision"},"image":{"@id":"https:\/\/prensalibre-com-develop.go-vip.co\/guatevision\/#\/schema\/logo\/image\/"}}]}},"jetpack_sharing_enabled":true,"_links":{"self":[{"href":"https:\/\/prensalibre-com-develop.go-vip.co\/guatevision\/wp-json\/wp\/v2\/post-noticias\/245193","targetHints":{"allow":["GET"]}}],"collection":[{"href":"https:\/\/prensalibre-com-develop.go-vip.co\/guatevision\/wp-json\/wp\/v2\/post-noticias"}],"about":[{"href":"https:\/\/prensalibre-com-develop.go-vip.co\/guatevision\/wp-json\/wp\/v2\/types\/post-noticias"}],"author":[{"embeddable":true,"href":"https:\/\/prensalibre-com-develop.go-vip.co\/guatevision\/wp-json\/wp\/v2\/users\/71"}],"version-history":[{"count":0,"href":"https:\/\/prensalibre-com-develop.go-vip.co\/guatevision\/wp-json\/wp\/v2\/post-noticias\/245193\/revisions"}],"wp:featuredmedia":[{"embeddable":true,"href":"https:\/\/prensalibre-com-develop.go-vip.co\/guatevision\/wp-json\/wp\/v2\/media\/245194"}],"wp:attachment":[{"href":"https:\/\/prensalibre-com-develop.go-vip.co\/guatevision\/wp-json\/wp\/v2\/media?parent=245193"}],"wp:term":[{"taxonomy":"etiqueta","embeddable":true,"href":"https:\/\/prensalibre-com-develop.go-vip.co\/guatevision\/wp-json\/wp\/v2\/etiqueta?post=245193"}],"curies":[{"name":"wp","href":"https:\/\/api.w.org\/{rel}","templated":true}]}}