{"id":249206,"date":"2018-12-29T12:00:37","date_gmt":"2018-12-29T18:00:37","guid":{"rendered":"https:\/\/prensalibre-com-develop.go-vip.co\/guatevision\/?post_type=post-noticias&#038;p=249206"},"modified":"2018-12-29T09:59:35","modified_gmt":"2018-12-29T15:59:35","slug":"cuadrado-fue-operado","status":"publish","type":"post-noticias","link":"https:\/\/prensalibre-com-develop.go-vip.co\/guatevision\/noticias\/deportes\/cuadrado-fue-operado","title":{"rendered":"Juan Cuadrado fue operado de su rodilla izquierda"},"content":{"rendered":"<p>Juan Guillermo Cuadrado, de la Juventus, se someti\u00f3 a una artroscopia en la rodilla izquierda por lesiones en el menisco externo y el cart\u00edlago, anunci\u00f3 este viernes su club turin\u00e9s.<\/p>\n\n<p>La operaci\u00f3n tuvo lugar en Barcelona y en ella estuvo el responsable sanitario del campe\u00f3n de Italia, el doctor Claudio Rigo.<\/p>\n<p>Cuadrado, de 30 a\u00f1os, se hab\u00eda lesionado en Berna, en un partido ante el Young Boys en la Liga de Campeones, el pasado 12 de diciembre. Desde entonces hab\u00eda estado intentando recuperarse, pero finalmente se decidi\u00f3 la intervenci\u00f3n quir\u00fargica.<\/p>\n<p>&#8220;Gracias a Dios, la cirug\u00eda sali\u00f3 bien. Ahora a trabajar, para hacer una buena recuperaci\u00f3n y volver m\u00e1s fuerte. Estoy convencido de que a los que amamos a Dios todas las cosas nos ayudan a bien&#8221;, escribi\u00f3 el jugador colombiano en su perfil de Instagram, acompa\u00f1ando una fotograf\u00eda suya con las manos levantadas y mirando hacia el cielo.<\/p>\n<p>La &#8216;Juve&#8217;, l\u00edder destacada de la liga italiana con nueve puntos sobre el N\u00e1poles, no precis\u00f3 la duraci\u00f3n de la baja de Cuadrado, pero la prensa italiana la estima en unos tres meses.<\/p>\n<p>Si ese plazo de confirma, el colombiano no podr\u00eda jugar en los octavos de final de la Liga de Campeones ante el Atl\u00e9tico de Madrid.<\/p>\n<p>Sin ser titular indiscutible, Cuadrado es un elemento destacado del plantel de Massimiliano Allegri.<\/p>\n<p>&nbsp;<\/p>\n<p>\u00a9 Agence France-Presse<\/p>\n","protected":false},"excerpt":{"rendered":"<p>Sin ser titular indiscutible, Cuadrado es un elemento destacado del plantel de Massimiliano Allegri.<\/p>\n","protected":false},"author":71,"featured_media":249208,"template":"","etiqueta":[20547,488,33874,33873,20567,21613],"class_list":["post-249206","post-noticias","type-post-noticias","status-publish","has-post-thumbnail","hentry","categoria-post-noticias-deportes","etiqueta-colombia","etiqueta-futbol","etiqueta-juan-cuadrado","etiqueta-juan-guillermo-cuadrado","etiqueta-juventus","etiqueta-serie-a"],"yoast_head":"<!-- This site is optimized with the Yoast SEO plugin v23.9 - https:\/\/yoast.com\/wordpress\/plugins\/seo\/ -->\n<title>Cuadrado fue operado de su rodilla izquierda y ser\u00e1 baja<\/title>\n<meta name=\"description\" content=\"Juan Guillermo Cuadrado, de la Juventus, se someti\u00f3 a una artroscopia en la rodilla izquierda por lesiones en el menisco externo y el cart\u00edlago\" \/>\n<meta name=\"robots\" content=\"index, follow, max-snippet:-1, max-image-preview:large, max-video-preview:-1\" \/>\n<link rel=\"canonical\" href=\"https:\/\/prensalibre-com-develop.go-vip.co\/guatevision\/noticias\/deportes\/cuadrado-fue-operado\" \/>\n<meta property=\"og:locale\" content=\"es_ES\" \/>\n<meta property=\"og:type\" content=\"article\" \/>\n<meta property=\"og:title\" content=\"Cuadrado fue operado de su rodilla izquierda y ser\u00e1 baja\" \/>\n<meta property=\"og:description\" content=\"Juan Guillermo Cuadrado, de la Juventus, se someti\u00f3 a una artroscopia en la rodilla izquierda por lesiones en el menisco externo y el cart\u00edlago\" \/>\n<meta property=\"og:url\" content=\"https:\/\/prensalibre-com-develop.go-vip.co\/guatevision\/noticias\/deportes\/cuadrado-fue-operado\" \/>\n<meta property=\"og:site_name\" content=\"Guatevision\" \/>\n<meta property=\"article:modified_time\" content=\"2018-12-29T15:59:35+00:00\" \/>\n<meta property=\"og:image\" content=\"https:\/\/prensalibre-com-develop.go-vip.co\/guatevision\/wp-content\/uploads\/sites\/2\/2018\/12\/DrHt61HX4AAIfKW.jpg?quality=82\" \/>\n\t<meta property=\"og:image:width\" content=\"640\" \/>\n\t<meta property=\"og:image:height\" content=\"355\" \/>\n\t<meta property=\"og:image:type\" content=\"image\/jpeg\" \/>\n<meta name=\"twitter:card\" content=\"summary_large_image\" \/>\n<meta name=\"twitter:label1\" content=\"Est. reading time\" \/>\n\t<meta name=\"twitter:data1\" content=\"1 minute\" \/>\n<script type=\"application\/ld+json\" class=\"yoast-schema-graph\">{\"@context\":\"https:\/\/schema.org\",\"@graph\":[{\"@type\":\"WebPage\",\"@id\":\"https:\/\/prensalibre-com-develop.go-vip.co\/guatevision\/noticias\/deportes\/cuadrado-fue-operado\",\"url\":\"https:\/\/prensalibre-com-develop.go-vip.co\/guatevision\/noticias\/deportes\/cuadrado-fue-operado\",\"name\":\"Cuadrado fue operado de su rodilla izquierda y ser\u00e1 baja\",\"isPartOf\":{\"@id\":\"https:\/\/prensalibre-com-develop.go-vip.co\/guatevision\/#website\"},\"primaryImageOfPage\":{\"@id\":\"https:\/\/prensalibre-com-develop.go-vip.co\/guatevision\/noticias\/deportes\/cuadrado-fue-operado#primaryimage\"},\"image\":{\"@id\":\"https:\/\/prensalibre-com-develop.go-vip.co\/guatevision\/noticias\/deportes\/cuadrado-fue-operado#primaryimage\"},\"thumbnailUrl\":\"https:\/\/prensalibre-com-develop.go-vip.co\/guatevision\/wp-content\/uploads\/sites\/2\/2018\/12\/DrHt61HX4AAIfKW.jpg?quality=82\",\"datePublished\":\"2018-12-29T18:00:37+00:00\",\"dateModified\":\"2018-12-29T15:59:35+00:00\",\"description\":\"Juan Guillermo Cuadrado, de la Juventus, se someti\u00f3 a una artroscopia en la rodilla izquierda por lesiones en el menisco externo y el cart\u00edlago\",\"inLanguage\":\"es-GT\",\"potentialAction\":[{\"@type\":\"ReadAction\",\"target\":[\"https:\/\/prensalibre-com-develop.go-vip.co\/guatevision\/noticias\/deportes\/cuadrado-fue-operado\"]}]},{\"@type\":\"ImageObject\",\"inLanguage\":\"es-GT\",\"@id\":\"https:\/\/prensalibre-com-develop.go-vip.co\/guatevision\/noticias\/deportes\/cuadrado-fue-operado#primaryimage\",\"url\":\"https:\/\/prensalibre-com-develop.go-vip.co\/guatevision\/wp-content\/uploads\/sites\/2\/2018\/12\/DrHt61HX4AAIfKW.jpg?quality=82\",\"contentUrl\":\"https:\/\/prensalibre-com-develop.go-vip.co\/guatevision\/wp-content\/uploads\/sites\/2\/2018\/12\/DrHt61HX4AAIfKW.jpg?quality=82\",\"width\":640,\"height\":355,\"caption\":\"Juan Cuadrado Juventus\"},{\"@type\":\"WebSite\",\"@id\":\"https:\/\/prensalibre-com-develop.go-vip.co\/guatevision\/#website\",\"url\":\"https:\/\/prensalibre-com-develop.go-vip.co\/guatevision\/\",\"name\":\"Guatevision\",\"description\":\"\u00a1Enciende Lo Bueno!\",\"publisher\":{\"@id\":\"https:\/\/prensalibre-com-develop.go-vip.co\/guatevision\/#organization\"},\"potentialAction\":[{\"@type\":\"SearchAction\",\"target\":{\"@type\":\"EntryPoint\",\"urlTemplate\":\"https:\/\/prensalibre-com-develop.go-vip.co\/guatevision\/?s={search_term_string}\"},\"query-input\":{\"@type\":\"PropertyValueSpecification\",\"valueRequired\":true,\"valueName\":\"search_term_string\"}}],\"inLanguage\":\"es-GT\"},{\"@type\":\"Organization\",\"@id\":\"https:\/\/prensalibre-com-develop.go-vip.co\/guatevision\/#organization\",\"name\":\"Guatevision\",\"url\":\"https:\/\/prensalibre-com-develop.go-vip.co\/guatevision\/\",\"logo\":{\"@type\":\"ImageObject\",\"inLanguage\":\"es-GT\",\"@id\":\"https:\/\/prensalibre-com-develop.go-vip.co\/guatevision\/#\/schema\/logo\/image\/\",\"url\":\"https:\/\/prensalibre-com-develop.go-vip.co\/guatevision\/wp-content\/uploads\/sites\/2\/2026\/04\/Diseno-sin-titulo.png?quality=82\",\"contentUrl\":\"https:\/\/prensalibre-com-develop.go-vip.co\/guatevision\/wp-content\/uploads\/sites\/2\/2026\/04\/Diseno-sin-titulo.png?quality=82\",\"width\":1000,\"height\":600,\"caption\":\"Guatevision\"},\"image\":{\"@id\":\"https:\/\/prensalibre-com-develop.go-vip.co\/guatevision\/#\/schema\/logo\/image\/\"}}]}<\/script>\n<!-- \/ Yoast SEO plugin. -->","yoast_head_json":{"title":"Cuadrado fue operado de su rodilla izquierda y ser\u00e1 baja","description":"Juan Guillermo Cuadrado, de la Juventus, se someti\u00f3 a una artroscopia en la rodilla izquierda por lesiones en el menisco externo y el cart\u00edlago","robots":{"index":"index","follow":"follow","max-snippet":"max-snippet:-1","max-image-preview":"max-image-preview:large","max-video-preview":"max-video-preview:-1"},"canonical":"https:\/\/prensalibre-com-develop.go-vip.co\/guatevision\/noticias\/deportes\/cuadrado-fue-operado","og_locale":"es_ES","og_type":"article","og_title":"Cuadrado fue operado de su rodilla izquierda y ser\u00e1 baja","og_description":"Juan Guillermo Cuadrado, de la Juventus, se someti\u00f3 a una artroscopia en la rodilla izquierda por lesiones en el menisco externo y el cart\u00edlago","og_url":"https:\/\/prensalibre-com-develop.go-vip.co\/guatevision\/noticias\/deportes\/cuadrado-fue-operado","og_site_name":"Guatevision","article_modified_time":"2018-12-29T15:59:35+00:00","og_image":[{"width":640,"height":355,"url":"https:\/\/prensalibre-com-develop.go-vip.co\/guatevision\/wp-content\/uploads\/sites\/2\/2018\/12\/DrHt61HX4AAIfKW.jpg?quality=82","type":"image\/jpeg"}],"twitter_card":"summary_large_image","twitter_misc":{"Est. reading time":"1 minute"},"schema":{"@context":"https:\/\/schema.org","@graph":[{"@type":"WebPage","@id":"https:\/\/prensalibre-com-develop.go-vip.co\/guatevision\/noticias\/deportes\/cuadrado-fue-operado","url":"https:\/\/prensalibre-com-develop.go-vip.co\/guatevision\/noticias\/deportes\/cuadrado-fue-operado","name":"Cuadrado fue operado de su rodilla izquierda y ser\u00e1 baja","isPartOf":{"@id":"https:\/\/prensalibre-com-develop.go-vip.co\/guatevision\/#website"},"primaryImageOfPage":{"@id":"https:\/\/prensalibre-com-develop.go-vip.co\/guatevision\/noticias\/deportes\/cuadrado-fue-operado#primaryimage"},"image":{"@id":"https:\/\/prensalibre-com-develop.go-vip.co\/guatevision\/noticias\/deportes\/cuadrado-fue-operado#primaryimage"},"thumbnailUrl":"https:\/\/prensalibre-com-develop.go-vip.co\/guatevision\/wp-content\/uploads\/sites\/2\/2018\/12\/DrHt61HX4AAIfKW.jpg?quality=82","datePublished":"2018-12-29T18:00:37+00:00","dateModified":"2018-12-29T15:59:35+00:00","description":"Juan Guillermo Cuadrado, de la Juventus, se someti\u00f3 a una artroscopia en la rodilla izquierda por lesiones en el menisco externo y el cart\u00edlago","inLanguage":"es-GT","potentialAction":[{"@type":"ReadAction","target":["https:\/\/prensalibre-com-develop.go-vip.co\/guatevision\/noticias\/deportes\/cuadrado-fue-operado"]}]},{"@type":"ImageObject","inLanguage":"es-GT","@id":"https:\/\/prensalibre-com-develop.go-vip.co\/guatevision\/noticias\/deportes\/cuadrado-fue-operado#primaryimage","url":"https:\/\/prensalibre-com-develop.go-vip.co\/guatevision\/wp-content\/uploads\/sites\/2\/2018\/12\/DrHt61HX4AAIfKW.jpg?quality=82","contentUrl":"https:\/\/prensalibre-com-develop.go-vip.co\/guatevision\/wp-content\/uploads\/sites\/2\/2018\/12\/DrHt61HX4AAIfKW.jpg?quality=82","width":640,"height":355,"caption":"Juan Cuadrado Juventus"},{"@type":"WebSite","@id":"https:\/\/prensalibre-com-develop.go-vip.co\/guatevision\/#website","url":"https:\/\/prensalibre-com-develop.go-vip.co\/guatevision\/","name":"Guatevision","description":"\u00a1Enciende Lo Bueno!","publisher":{"@id":"https:\/\/prensalibre-com-develop.go-vip.co\/guatevision\/#organization"},"potentialAction":[{"@type":"SearchAction","target":{"@type":"EntryPoint","urlTemplate":"https:\/\/prensalibre-com-develop.go-vip.co\/guatevision\/?s={search_term_string}"},"query-input":{"@type":"PropertyValueSpecification","valueRequired":true,"valueName":"search_term_string"}}],"inLanguage":"es-GT"},{"@type":"Organization","@id":"https:\/\/prensalibre-com-develop.go-vip.co\/guatevision\/#organization","name":"Guatevision","url":"https:\/\/prensalibre-com-develop.go-vip.co\/guatevision\/","logo":{"@type":"ImageObject","inLanguage":"es-GT","@id":"https:\/\/prensalibre-com-develop.go-vip.co\/guatevision\/#\/schema\/logo\/image\/","url":"https:\/\/prensalibre-com-develop.go-vip.co\/guatevision\/wp-content\/uploads\/sites\/2\/2026\/04\/Diseno-sin-titulo.png?quality=82","contentUrl":"https:\/\/prensalibre-com-develop.go-vip.co\/guatevision\/wp-content\/uploads\/sites\/2\/2026\/04\/Diseno-sin-titulo.png?quality=82","width":1000,"height":600,"caption":"Guatevision"},"image":{"@id":"https:\/\/prensalibre-com-develop.go-vip.co\/guatevision\/#\/schema\/logo\/image\/"}}]}},"jetpack_sharing_enabled":true,"_links":{"self":[{"href":"https:\/\/prensalibre-com-develop.go-vip.co\/guatevision\/wp-json\/wp\/v2\/post-noticias\/249206","targetHints":{"allow":["GET"]}}],"collection":[{"href":"https:\/\/prensalibre-com-develop.go-vip.co\/guatevision\/wp-json\/wp\/v2\/post-noticias"}],"about":[{"href":"https:\/\/prensalibre-com-develop.go-vip.co\/guatevision\/wp-json\/wp\/v2\/types\/post-noticias"}],"author":[{"embeddable":true,"href":"https:\/\/prensalibre-com-develop.go-vip.co\/guatevision\/wp-json\/wp\/v2\/users\/71"}],"version-history":[{"count":0,"href":"https:\/\/prensalibre-com-develop.go-vip.co\/guatevision\/wp-json\/wp\/v2\/post-noticias\/249206\/revisions"}],"wp:featuredmedia":[{"embeddable":true,"href":"https:\/\/prensalibre-com-develop.go-vip.co\/guatevision\/wp-json\/wp\/v2\/media\/249208"}],"wp:attachment":[{"href":"https:\/\/prensalibre-com-develop.go-vip.co\/guatevision\/wp-json\/wp\/v2\/media?parent=249206"}],"wp:term":[{"taxonomy":"etiqueta","embeddable":true,"href":"https:\/\/prensalibre-com-develop.go-vip.co\/guatevision\/wp-json\/wp\/v2\/etiqueta?post=249206"}],"curies":[{"name":"wp","href":"https:\/\/api.w.org\/{rel}","templated":true}]}}