{"id":251445,"date":"2019-01-13T09:00:17","date_gmt":"2019-01-13T15:00:17","guid":{"rendered":"https:\/\/prensalibre-com-develop.go-vip.co\/guatevision\/?post_type=post-noticias&#038;p=251445"},"modified":"2019-01-12T16:34:58","modified_gmt":"2019-01-12T22:34:58","slug":"federer-y-nadal-abren","status":"publish","type":"post-noticias","link":"https:\/\/prensalibre-com-develop.go-vip.co\/guatevision\/noticias\/deportes\/federer-y-nadal-abren","title":{"rendered":"Federer y Nadal abren el baile en Australia"},"content":{"rendered":"<p>Federer, vigente doble campe\u00f3n, y Rafael Nadal, su hist\u00f3rico rival, son las principales atracciones de la primera jornada del Abierto de Australia, este lunes en Melbourne.<\/p>\n\n<p>Ya en la noche, en la Rod Laver Arena, Federer iniciar\u00e1 el camino hacia su s\u00e9ptimo t\u00edtulo, un r\u00e9cord, ante el uzbeko Denis Istomin (99\u00ba).<\/p>\n<p>Nadal, ganador en Australia en 2009, jugar\u00e1 antes, frente al australiano James Duckworth, que se beneficia de una invitaci\u00f3n (238\u00ba).<\/p>\n<p>Tambi\u00e9n ser\u00e1 muy seguida la primera ronda del escoc\u00e9s Andy Murray, que el jueves anunci\u00f3 que dejar\u00e1 el tenis a lo largo de la presente temporada debido a sus dolores en la cadera. Se enfrentar\u00e1 a un jugador en forma, el espa\u00f1ol Roberto Bautista (23\u00ba), que acaba de ganar en Doha.<\/p>\n<p>En categor\u00eda femenina la vigente campeona, la danesa Caroline Wozniacki, se enfrenta a la belga Alison Van Uytvanck, mientras que la rusa Maria Sharapova juega ante la brit\u00e1nica Harriet Dart.<\/p>\n<p>&nbsp;<\/p>\n<h3>Principales partidos de la primera jornada del Abierto de Australia<\/h3>\n<p>&nbsp;<\/p>\n<p>&nbsp;<\/p>\n<p>. Rod Laver Arena<\/p>\n<p>Maria Sharapova (RUS\/N.30) &#8211; Harriet Dart (GBR\/Q)<\/p>\n<p>James Duckworth (AUS) &#8211; Rafael Nadal (ESP\/N.2)<\/p>\n<p>Polona Hercog (SLO) &#8211; Angelique Kerber (GER\/N.2)<\/p>\n<p>(no antes de las 08h00 GMT)<\/p>\n<p>Alison Van Uytvanck (BEL) &#8211; Caroline Wozniacki (DEN\/N.3)<\/p>\n<p>Denis Istomin (UZB) &#8211; Roger Federer (SUI\/N.3)<\/p>\n<p>&nbsp;<\/p>\n<p>. Margaret Court Arena<\/p>\n<p>Julia Goerges (GER\/N.14) &#8211; Danielle Collins (USA)<\/p>\n<p>Sloane Stephens (USA\/N.5) &#8211; Taylor Townsend (USA)<\/p>\n<p>(no antes de las 04h00 GMT)<\/p>\n<p>Alex De Mi\u00f1aur (AUS\/N.27) &#8211; Pedro Sousa (POR)<\/p>\n<p>(no antes de las 08h00 GMT)<\/p>\n<p>Ashleigh Barty (AUS\/N.15) &#8211; Luksika Kumkhum (THA)<\/p>\n<p>Marin Cilic (CRO\/N.6) &#8211; Bernard Tomic (AUS)<\/p>\n<p>&nbsp;<\/p>\n<p>. Melbourne Arena<\/p>\n<p>Kevin Anderson (RSA\/N.5) &#8211; Adrian Mannarino (FRA)<\/p>\n<p>Maria Sakkari (GRE) &#8211; Jelena Ostapenko (LAT\/N.22)<\/p>\n<p>Kyle Edmund (GBR\/N.13) &#8211; Tomas Berdych (CZE)<\/p>\n<p>(no antes de las 07h00 GMT)<\/p>\n<p>Roberto Bautista (ESP\/N.22) &#8211; Andy Murray (GBR)<\/p>\n<p>(no antes de las 08h00 GMT)<\/p>\n<p>Petra Kvitova (CZE\/N.8) &#8211; Magdalena Rybarikova (SVK)<\/p>\n<p>&nbsp;<\/p>\n<p>. 1573 Arena<\/p>\n<p>Jessika Ponchet (FRA\/Q) &#8211; Caroline Garcia (FRA\/N.19)<\/p>\n<p>Grigor Dimitrov (BUL\/N.20) &#8211; Janko Tipsarevic (SRB)<\/p>\n<p>Alison Riske (USA) &#8211; Kiki Bertens (NED\/N.9)<\/p>\n<p>&nbsp;<\/p>\n<p>. Court N.3<\/p>\n<p>Anna Kalinskaya (RUS\/Q) &#8211; Aryna Sabalenka (BLR\/N.11)<\/p>\n<p>Stefanos Tsitsipas (GRE\/N.14) &#8211; Matteo Berrettini (ITA)<\/p>\n<p>&nbsp;<\/p>\n<p>. Court N.7<\/p>\n<p>Peter Gojowczyk (GER) &#8211; Karen Khachanov (RUS\/N.10)<\/p>\n<p>&nbsp;<\/p>\n<p>. Court N.8<\/p>\n<p>Donna Vekic (CRO\/N.29) &#8211; Kristina Mladenovic (FRA)<\/p>\n<p>Reilly Opelka (USA) &#8211; John Isner (USA\/N.9)<\/p>\n<p>Ga\u00ebl Monfils (FRA\/N.30) &#8211; Damir Dzumhur (BIH)<\/p>\n<p>&nbsp;<\/p>\n<p>&nbsp;<\/p>\n<p>&nbsp;<\/p>\n<p>\u00a9 Agence France-Presse<\/p>\n","protected":false},"excerpt":{"rendered":"<p>Nadal, ganador en Australia en 2009, jugar\u00e1 antes, frente al australiano James Duckworth, que se beneficia de una invitaci\u00f3n (238\u00ba).<\/p>\n","protected":false},"author":71,"featured_media":124524,"template":"","etiqueta":[33367,20351,20991,21334,20353],"class_list":["post-251445","post-noticias","type-post-noticias","status-publish","has-post-thumbnail","hentry","categoria-post-noticias-deportes","etiqueta-abierto-australia","etiqueta-atp","etiqueta-rafael-nadal","etiqueta-roger-federer","etiqueta-tenis"],"yoast_head":"<!-- This site is optimized with the Yoast SEO plugin v23.9 - https:\/\/yoast.com\/wordpress\/plugins\/seo\/ -->\n<title>Federer y Nadal abren el baile en el Abierto de Australia<\/title>\n<meta name=\"description\" content=\"Federer, vigente doble campe\u00f3n, y Rafael Nadal, su hist\u00f3rico rival, son las principales atracciones de la primera jornada del Abierto de Australia\" \/>\n<meta name=\"robots\" content=\"index, follow, max-snippet:-1, max-image-preview:large, max-video-preview:-1\" \/>\n<link rel=\"canonical\" href=\"https:\/\/prensalibre-com-develop.go-vip.co\/guatevision\/noticias\/deportes\/federer-y-nadal-abren\" \/>\n<meta property=\"og:locale\" content=\"es_ES\" \/>\n<meta property=\"og:type\" content=\"article\" \/>\n<meta property=\"og:title\" content=\"Federer y Nadal abren el baile en el Abierto de Australia\" \/>\n<meta property=\"og:description\" content=\"Federer, vigente doble campe\u00f3n, y Rafael Nadal, su hist\u00f3rico rival, son las principales atracciones de la primera jornada del Abierto de Australia\" \/>\n<meta property=\"og:url\" content=\"https:\/\/prensalibre-com-develop.go-vip.co\/guatevision\/noticias\/deportes\/federer-y-nadal-abren\" \/>\n<meta property=\"og:site_name\" content=\"Guatevision\" \/>\n<meta property=\"article:modified_time\" content=\"2019-01-12T22:34:58+00:00\" \/>\n<meta property=\"og:image\" content=\"https:\/\/prensalibre-com-develop.go-vip.co\/guatevision\/wp-content\/uploads\/sites\/2\/2017\/10\/Federer-Shangai.png?quality=82\" \/>\n\t<meta property=\"og:image:width\" content=\"660\" \/>\n\t<meta property=\"og:image:height\" content=\"371\" \/>\n\t<meta property=\"og:image:type\" content=\"image\/png\" \/>\n<meta name=\"twitter:card\" content=\"summary_large_image\" \/>\n<meta name=\"twitter:label1\" content=\"Est. reading time\" \/>\n\t<meta name=\"twitter:data1\" content=\"2 minutes\" \/>\n<script type=\"application\/ld+json\" class=\"yoast-schema-graph\">{\"@context\":\"https:\/\/schema.org\",\"@graph\":[{\"@type\":\"WebPage\",\"@id\":\"https:\/\/prensalibre-com-develop.go-vip.co\/guatevision\/noticias\/deportes\/federer-y-nadal-abren\",\"url\":\"https:\/\/prensalibre-com-develop.go-vip.co\/guatevision\/noticias\/deportes\/federer-y-nadal-abren\",\"name\":\"Federer y Nadal abren el baile en el Abierto de Australia\",\"isPartOf\":{\"@id\":\"https:\/\/prensalibre-com-develop.go-vip.co\/guatevision\/#website\"},\"primaryImageOfPage\":{\"@id\":\"https:\/\/prensalibre-com-develop.go-vip.co\/guatevision\/noticias\/deportes\/federer-y-nadal-abren#primaryimage\"},\"image\":{\"@id\":\"https:\/\/prensalibre-com-develop.go-vip.co\/guatevision\/noticias\/deportes\/federer-y-nadal-abren#primaryimage\"},\"thumbnailUrl\":\"https:\/\/prensalibre-com-develop.go-vip.co\/guatevision\/wp-content\/uploads\/sites\/2\/2017\/10\/Federer-Shangai.png?quality=82\",\"datePublished\":\"2019-01-13T15:00:17+00:00\",\"dateModified\":\"2019-01-12T22:34:58+00:00\",\"description\":\"Federer, vigente doble campe\u00f3n, y Rafael Nadal, su hist\u00f3rico rival, son las principales atracciones de la primera jornada del Abierto de Australia\",\"inLanguage\":\"es-GT\",\"potentialAction\":[{\"@type\":\"ReadAction\",\"target\":[\"https:\/\/prensalibre-com-develop.go-vip.co\/guatevision\/noticias\/deportes\/federer-y-nadal-abren\"]}]},{\"@type\":\"ImageObject\",\"inLanguage\":\"es-GT\",\"@id\":\"https:\/\/prensalibre-com-develop.go-vip.co\/guatevision\/noticias\/deportes\/federer-y-nadal-abren#primaryimage\",\"url\":\"https:\/\/prensalibre-com-develop.go-vip.co\/guatevision\/wp-content\/uploads\/sites\/2\/2017\/10\/Federer-Shangai.png?quality=82\",\"contentUrl\":\"https:\/\/prensalibre-com-develop.go-vip.co\/guatevision\/wp-content\/uploads\/sites\/2\/2017\/10\/Federer-Shangai.png?quality=82\",\"width\":660,\"height\":371,\"caption\":\"Foto: AFP\"},{\"@type\":\"WebSite\",\"@id\":\"https:\/\/prensalibre-com-develop.go-vip.co\/guatevision\/#website\",\"url\":\"https:\/\/prensalibre-com-develop.go-vip.co\/guatevision\/\",\"name\":\"Guatevision\",\"description\":\"\u00a1Enciende Lo Bueno!\",\"publisher\":{\"@id\":\"https:\/\/prensalibre-com-develop.go-vip.co\/guatevision\/#organization\"},\"potentialAction\":[{\"@type\":\"SearchAction\",\"target\":{\"@type\":\"EntryPoint\",\"urlTemplate\":\"https:\/\/prensalibre-com-develop.go-vip.co\/guatevision\/?s={search_term_string}\"},\"query-input\":{\"@type\":\"PropertyValueSpecification\",\"valueRequired\":true,\"valueName\":\"search_term_string\"}}],\"inLanguage\":\"es-GT\"},{\"@type\":\"Organization\",\"@id\":\"https:\/\/prensalibre-com-develop.go-vip.co\/guatevision\/#organization\",\"name\":\"Guatevision\",\"url\":\"https:\/\/prensalibre-com-develop.go-vip.co\/guatevision\/\",\"logo\":{\"@type\":\"ImageObject\",\"inLanguage\":\"es-GT\",\"@id\":\"https:\/\/prensalibre-com-develop.go-vip.co\/guatevision\/#\/schema\/logo\/image\/\",\"url\":\"https:\/\/prensalibre-com-develop.go-vip.co\/guatevision\/wp-content\/uploads\/sites\/2\/2026\/04\/Diseno-sin-titulo.png?quality=82\",\"contentUrl\":\"https:\/\/prensalibre-com-develop.go-vip.co\/guatevision\/wp-content\/uploads\/sites\/2\/2026\/04\/Diseno-sin-titulo.png?quality=82\",\"width\":1000,\"height\":600,\"caption\":\"Guatevision\"},\"image\":{\"@id\":\"https:\/\/prensalibre-com-develop.go-vip.co\/guatevision\/#\/schema\/logo\/image\/\"}}]}<\/script>\n<!-- \/ Yoast SEO plugin. -->","yoast_head_json":{"title":"Federer y Nadal abren el baile en el Abierto de Australia","description":"Federer, vigente doble campe\u00f3n, y Rafael Nadal, su hist\u00f3rico rival, son las principales atracciones de la primera jornada del Abierto de Australia","robots":{"index":"index","follow":"follow","max-snippet":"max-snippet:-1","max-image-preview":"max-image-preview:large","max-video-preview":"max-video-preview:-1"},"canonical":"https:\/\/prensalibre-com-develop.go-vip.co\/guatevision\/noticias\/deportes\/federer-y-nadal-abren","og_locale":"es_ES","og_type":"article","og_title":"Federer y Nadal abren el baile en el Abierto de Australia","og_description":"Federer, vigente doble campe\u00f3n, y Rafael Nadal, su hist\u00f3rico rival, son las principales atracciones de la primera jornada del Abierto de Australia","og_url":"https:\/\/prensalibre-com-develop.go-vip.co\/guatevision\/noticias\/deportes\/federer-y-nadal-abren","og_site_name":"Guatevision","article_modified_time":"2019-01-12T22:34:58+00:00","og_image":[{"width":660,"height":371,"url":"https:\/\/prensalibre-com-develop.go-vip.co\/guatevision\/wp-content\/uploads\/sites\/2\/2017\/10\/Federer-Shangai.png?quality=82","type":"image\/png"}],"twitter_card":"summary_large_image","twitter_misc":{"Est. reading time":"2 minutes"},"schema":{"@context":"https:\/\/schema.org","@graph":[{"@type":"WebPage","@id":"https:\/\/prensalibre-com-develop.go-vip.co\/guatevision\/noticias\/deportes\/federer-y-nadal-abren","url":"https:\/\/prensalibre-com-develop.go-vip.co\/guatevision\/noticias\/deportes\/federer-y-nadal-abren","name":"Federer y Nadal abren el baile en el Abierto de Australia","isPartOf":{"@id":"https:\/\/prensalibre-com-develop.go-vip.co\/guatevision\/#website"},"primaryImageOfPage":{"@id":"https:\/\/prensalibre-com-develop.go-vip.co\/guatevision\/noticias\/deportes\/federer-y-nadal-abren#primaryimage"},"image":{"@id":"https:\/\/prensalibre-com-develop.go-vip.co\/guatevision\/noticias\/deportes\/federer-y-nadal-abren#primaryimage"},"thumbnailUrl":"https:\/\/prensalibre-com-develop.go-vip.co\/guatevision\/wp-content\/uploads\/sites\/2\/2017\/10\/Federer-Shangai.png?quality=82","datePublished":"2019-01-13T15:00:17+00:00","dateModified":"2019-01-12T22:34:58+00:00","description":"Federer, vigente doble campe\u00f3n, y Rafael Nadal, su hist\u00f3rico rival, son las principales atracciones de la primera jornada del Abierto de Australia","inLanguage":"es-GT","potentialAction":[{"@type":"ReadAction","target":["https:\/\/prensalibre-com-develop.go-vip.co\/guatevision\/noticias\/deportes\/federer-y-nadal-abren"]}]},{"@type":"ImageObject","inLanguage":"es-GT","@id":"https:\/\/prensalibre-com-develop.go-vip.co\/guatevision\/noticias\/deportes\/federer-y-nadal-abren#primaryimage","url":"https:\/\/prensalibre-com-develop.go-vip.co\/guatevision\/wp-content\/uploads\/sites\/2\/2017\/10\/Federer-Shangai.png?quality=82","contentUrl":"https:\/\/prensalibre-com-develop.go-vip.co\/guatevision\/wp-content\/uploads\/sites\/2\/2017\/10\/Federer-Shangai.png?quality=82","width":660,"height":371,"caption":"Foto: AFP"},{"@type":"WebSite","@id":"https:\/\/prensalibre-com-develop.go-vip.co\/guatevision\/#website","url":"https:\/\/prensalibre-com-develop.go-vip.co\/guatevision\/","name":"Guatevision","description":"\u00a1Enciende Lo Bueno!","publisher":{"@id":"https:\/\/prensalibre-com-develop.go-vip.co\/guatevision\/#organization"},"potentialAction":[{"@type":"SearchAction","target":{"@type":"EntryPoint","urlTemplate":"https:\/\/prensalibre-com-develop.go-vip.co\/guatevision\/?s={search_term_string}"},"query-input":{"@type":"PropertyValueSpecification","valueRequired":true,"valueName":"search_term_string"}}],"inLanguage":"es-GT"},{"@type":"Organization","@id":"https:\/\/prensalibre-com-develop.go-vip.co\/guatevision\/#organization","name":"Guatevision","url":"https:\/\/prensalibre-com-develop.go-vip.co\/guatevision\/","logo":{"@type":"ImageObject","inLanguage":"es-GT","@id":"https:\/\/prensalibre-com-develop.go-vip.co\/guatevision\/#\/schema\/logo\/image\/","url":"https:\/\/prensalibre-com-develop.go-vip.co\/guatevision\/wp-content\/uploads\/sites\/2\/2026\/04\/Diseno-sin-titulo.png?quality=82","contentUrl":"https:\/\/prensalibre-com-develop.go-vip.co\/guatevision\/wp-content\/uploads\/sites\/2\/2026\/04\/Diseno-sin-titulo.png?quality=82","width":1000,"height":600,"caption":"Guatevision"},"image":{"@id":"https:\/\/prensalibre-com-develop.go-vip.co\/guatevision\/#\/schema\/logo\/image\/"}}]}},"jetpack_sharing_enabled":true,"_links":{"self":[{"href":"https:\/\/prensalibre-com-develop.go-vip.co\/guatevision\/wp-json\/wp\/v2\/post-noticias\/251445","targetHints":{"allow":["GET"]}}],"collection":[{"href":"https:\/\/prensalibre-com-develop.go-vip.co\/guatevision\/wp-json\/wp\/v2\/post-noticias"}],"about":[{"href":"https:\/\/prensalibre-com-develop.go-vip.co\/guatevision\/wp-json\/wp\/v2\/types\/post-noticias"}],"author":[{"embeddable":true,"href":"https:\/\/prensalibre-com-develop.go-vip.co\/guatevision\/wp-json\/wp\/v2\/users\/71"}],"version-history":[{"count":0,"href":"https:\/\/prensalibre-com-develop.go-vip.co\/guatevision\/wp-json\/wp\/v2\/post-noticias\/251445\/revisions"}],"wp:featuredmedia":[{"embeddable":true,"href":"https:\/\/prensalibre-com-develop.go-vip.co\/guatevision\/wp-json\/wp\/v2\/media\/124524"}],"wp:attachment":[{"href":"https:\/\/prensalibre-com-develop.go-vip.co\/guatevision\/wp-json\/wp\/v2\/media?parent=251445"}],"wp:term":[{"taxonomy":"etiqueta","embeddable":true,"href":"https:\/\/prensalibre-com-develop.go-vip.co\/guatevision\/wp-json\/wp\/v2\/etiqueta?post=251445"}],"curies":[{"name":"wp","href":"https:\/\/api.w.org\/{rel}","templated":true}]}}