{"id":252172,"date":"2019-01-17T19:00:08","date_gmt":"2019-01-18T01:00:08","guid":{"rendered":"https:\/\/prensalibre-com-develop.go-vip.co\/guatevision\/?post_type=post-noticias&#038;p=252172"},"modified":"2019-01-17T15:17:03","modified_gmt":"2019-01-17T21:17:03","slug":"presidente-de-fifa","status":"publish","type":"post-noticias","link":"https:\/\/prensalibre-com-develop.go-vip.co\/guatevision\/noticias\/deportes\/presidente-de-fifa","title":{"rendered":"Presidente de FIFA felicita al campe\u00f3n Guastatoya"},"content":{"rendered":"<p>El Presidente de la FIFA Gianni Infantino expres\u00f3 su felicitaci\u00f3n al bicampe\u00f3n Guastatoya por su segundo campeonato alcanzado.<\/p>\n\n<p>&#8220;Enhorabuena al CD Guastatoya&#8221;, titula el comunicado enviado a la Federaci\u00f3n Nacional de F\u00fatbol de Guatemala el 16 de enero.<\/p>\n<blockquote class=\"twitter-tweet\" data-width=\"500\" data-dnt=\"true\">\n<p lang=\"es\" dir=\"ltr\"><a href=\"https:\/\/twitter.com\/hashtag\/Clausura2019?src=hash&amp;ref_src=twsrc%5Etfw\">#Clausura2019<\/a> el bicampe\u00f3n <a href=\"https:\/\/twitter.com\/CD_Guastatoya?ref_src=twsrc%5Etfw\">@CD_Guastatoya<\/a> ha recibido la felicitaci\u00f3n del Presidente de la <a href=\"https:\/\/twitter.com\/fifacom_es?ref_src=twsrc%5Etfw\">@fifacom_es<\/a> el italiano Gianni Infantino <a href=\"https:\/\/t.co\/2Drq4UkhJd\">pic.twitter.com\/2Drq4UkhJd<\/a><\/p>\n<p>&mdash; Luis L\u00f3pez (@luilopezgt) <a href=\"https:\/\/twitter.com\/luilopezgt\/status\/1086003846915280896?ref_src=twsrc%5Etfw\">January 17, 2019<\/a><\/p><\/blockquote>\n<p><script async src=\"https:\/\/platform.twitter.com\/widgets.js\" charset=\"utf-8\"><\/script><\/p>\n<p>&nbsp;<\/p>\n<blockquote><p>&#8220;CD Guastatoya se ha alzado en Guatemala con el t\u00edtulo del Torneo Apertura 2018.<\/p>\n<p>Me es sumamente grato hacerle llegar mi enhorabuena al CD Guastatoya con motivo de su segundo t\u00edtulo consecutivo&#8221; inicia el comunicado.<\/p><\/blockquote>\n<p>Adem\u00e1s extienden la felicitaci\u00f3n a los jugadores, cuerpo t\u00e9cnico, junta directiva y a los aficionados.<\/p>\n<p>As\u00ed mismo cierra su misiva con el inter\u00e9s de volver a visitar el pais.<\/p>\n<h5>Adem\u00e1s te puede interesar:<\/h5>\n<h5><a href=\"https:\/\/prensalibre-com-develop.go-vip.co\/guatevision\/noticias\/deportes\/keylor-navas-jugaria-ante-guatemala\/\">Keylor Navas jugar\u00eda ante Guatemala para la fecha FIFA de marzo<\/a><\/h5>\n<p>&nbsp;<\/p>\n<h3>Hist\u00f3rico &#8220;pecho amarillo&#8221;.<\/h3>\n<p>Guastatoya se convirti\u00f3 en el primer equipo departamental en alcanzar un bicampeonato en el f\u00fatbol guatemalteco.<\/p>\n<p>Amarini Villatoro tambien alcanz\u00f3 una hist\u00f3rica marca, primer entrenador guatemalteco en lograr un bicampeonato en torneos cortos.<\/p>\n<p>El mismo lo alcanz\u00f3 al empatar a un gol ante Comunicaciones en el partido de vuelta y haber ganado la ida 1-2 en la capital.<\/p>\n","protected":false},"excerpt":{"rendered":"<p>Guastatoya se convirti\u00f3 en el primer equipo departamental en alcanzar un bicampeonato en el f\u00fatbol guatemalteco.<\/p>\n","protected":false},"author":71,"featured_media":88042,"template":"","etiqueta":[33218,67,562,20410,23276],"class_list":["post-252172","post-noticias","type-post-noticias","status-publish","has-post-thumbnail","hentry","categoria-post-noticias-deportes","etiqueta-apertura-2018","etiqueta-futbol-guatemala","etiqueta-gianni-infantino","etiqueta-guastatoya","etiqueta-liga-nacional-futbol-guatemala"],"yoast_head":"<!-- This site is optimized with the Yoast SEO plugin v23.9 - https:\/\/yoast.com\/wordpress\/plugins\/seo\/ -->\n<title>Presidente de FIFA felicita al campe\u00f3n Guastatoya<\/title>\n<meta name=\"description\" content=\"El Presidente de la FIFA Gianni Infantino expres\u00f3 su felicitaci\u00f3n al bicampe\u00f3n Guastatoya por su segundo campeonato alcanzado.\" \/>\n<meta name=\"robots\" content=\"index, follow, max-snippet:-1, max-image-preview:large, max-video-preview:-1\" \/>\n<link rel=\"canonical\" href=\"https:\/\/prensalibre-com-develop.go-vip.co\/guatevision\/noticias\/deportes\/presidente-de-fifa\" \/>\n<meta property=\"og:locale\" content=\"es_ES\" \/>\n<meta property=\"og:type\" content=\"article\" \/>\n<meta property=\"og:title\" content=\"Presidente de FIFA felicita al campe\u00f3n Guastatoya\" \/>\n<meta property=\"og:description\" content=\"El Presidente de la FIFA Gianni Infantino expres\u00f3 su felicitaci\u00f3n al bicampe\u00f3n Guastatoya por su segundo campeonato alcanzado.\" \/>\n<meta property=\"og:url\" content=\"https:\/\/prensalibre-com-develop.go-vip.co\/guatevision\/noticias\/deportes\/presidente-de-fifa\" \/>\n<meta property=\"og:site_name\" content=\"Guatevision\" \/>\n<meta property=\"article:modified_time\" content=\"2019-01-17T21:17:03+00:00\" \/>\n<meta property=\"og:image\" content=\"https:\/\/prensalibre-com-develop.go-vip.co\/guatevision\/wp-content\/uploads\/sites\/2\/2017\/06\/FIFA-Gianni-Infantino-2017-Rusia.png?quality=82\" \/>\n\t<meta property=\"og:image:width\" content=\"660\" \/>\n\t<meta property=\"og:image:height\" content=\"371\" \/>\n\t<meta property=\"og:image:type\" content=\"image\/png\" \/>\n<meta name=\"twitter:card\" content=\"summary_large_image\" \/>\n<meta name=\"twitter:label1\" content=\"Est. reading time\" \/>\n\t<meta name=\"twitter:data1\" content=\"1 minute\" \/>\n<script type=\"application\/ld+json\" class=\"yoast-schema-graph\">{\"@context\":\"https:\/\/schema.org\",\"@graph\":[{\"@type\":\"WebPage\",\"@id\":\"https:\/\/prensalibre-com-develop.go-vip.co\/guatevision\/noticias\/deportes\/presidente-de-fifa\",\"url\":\"https:\/\/prensalibre-com-develop.go-vip.co\/guatevision\/noticias\/deportes\/presidente-de-fifa\",\"name\":\"Presidente de FIFA felicita al campe\u00f3n Guastatoya\",\"isPartOf\":{\"@id\":\"https:\/\/prensalibre-com-develop.go-vip.co\/guatevision\/#website\"},\"primaryImageOfPage\":{\"@id\":\"https:\/\/prensalibre-com-develop.go-vip.co\/guatevision\/noticias\/deportes\/presidente-de-fifa#primaryimage\"},\"image\":{\"@id\":\"https:\/\/prensalibre-com-develop.go-vip.co\/guatevision\/noticias\/deportes\/presidente-de-fifa#primaryimage\"},\"thumbnailUrl\":\"https:\/\/prensalibre-com-develop.go-vip.co\/guatevision\/wp-content\/uploads\/sites\/2\/2017\/06\/FIFA-Gianni-Infantino-2017-Rusia.png\",\"datePublished\":\"2019-01-18T01:00:08+00:00\",\"dateModified\":\"2019-01-17T21:17:03+00:00\",\"description\":\"El Presidente de la FIFA Gianni Infantino expres\u00f3 su felicitaci\u00f3n al bicampe\u00f3n Guastatoya por su segundo campeonato alcanzado.\",\"inLanguage\":\"es-GT\",\"potentialAction\":[{\"@type\":\"ReadAction\",\"target\":[\"https:\/\/prensalibre-com-develop.go-vip.co\/guatevision\/noticias\/deportes\/presidente-de-fifa\"]}]},{\"@type\":\"ImageObject\",\"inLanguage\":\"es-GT\",\"@id\":\"https:\/\/prensalibre-com-develop.go-vip.co\/guatevision\/noticias\/deportes\/presidente-de-fifa#primaryimage\",\"url\":\"https:\/\/prensalibre-com-develop.go-vip.co\/guatevision\/wp-content\/uploads\/sites\/2\/2017\/06\/FIFA-Gianni-Infantino-2017-Rusia.png\",\"contentUrl\":\"https:\/\/prensalibre-com-develop.go-vip.co\/guatevision\/wp-content\/uploads\/sites\/2\/2017\/06\/FIFA-Gianni-Infantino-2017-Rusia.png\",\"width\":660,\"height\":371,\"caption\":\"Foto: AFP\"},{\"@type\":\"WebSite\",\"@id\":\"https:\/\/prensalibre-com-develop.go-vip.co\/guatevision\/#website\",\"url\":\"https:\/\/prensalibre-com-develop.go-vip.co\/guatevision\/\",\"name\":\"Guatevision\",\"description\":\"\u00a1Enciende Lo Bueno!\",\"publisher\":{\"@id\":\"https:\/\/prensalibre-com-develop.go-vip.co\/guatevision\/#organization\"},\"potentialAction\":[{\"@type\":\"SearchAction\",\"target\":{\"@type\":\"EntryPoint\",\"urlTemplate\":\"https:\/\/prensalibre-com-develop.go-vip.co\/guatevision\/?s={search_term_string}\"},\"query-input\":{\"@type\":\"PropertyValueSpecification\",\"valueRequired\":true,\"valueName\":\"search_term_string\"}}],\"inLanguage\":\"es-GT\"},{\"@type\":\"Organization\",\"@id\":\"https:\/\/prensalibre-com-develop.go-vip.co\/guatevision\/#organization\",\"name\":\"Guatevision\",\"url\":\"https:\/\/prensalibre-com-develop.go-vip.co\/guatevision\/\",\"logo\":{\"@type\":\"ImageObject\",\"inLanguage\":\"es-GT\",\"@id\":\"https:\/\/prensalibre-com-develop.go-vip.co\/guatevision\/#\/schema\/logo\/image\/\",\"url\":\"https:\/\/prensalibre-com-develop.go-vip.co\/guatevision\/wp-content\/uploads\/sites\/2\/2026\/04\/Diseno-sin-titulo.png\",\"contentUrl\":\"https:\/\/prensalibre-com-develop.go-vip.co\/guatevision\/wp-content\/uploads\/sites\/2\/2026\/04\/Diseno-sin-titulo.png\",\"width\":1000,\"height\":600,\"caption\":\"Guatevision\"},\"image\":{\"@id\":\"https:\/\/prensalibre-com-develop.go-vip.co\/guatevision\/#\/schema\/logo\/image\/\"}}]}<\/script>\n<!-- \/ Yoast SEO plugin. -->","yoast_head_json":{"title":"Presidente de FIFA felicita al campe\u00f3n Guastatoya","description":"El Presidente de la FIFA Gianni Infantino expres\u00f3 su felicitaci\u00f3n al bicampe\u00f3n Guastatoya por su segundo campeonato alcanzado.","robots":{"index":"index","follow":"follow","max-snippet":"max-snippet:-1","max-image-preview":"max-image-preview:large","max-video-preview":"max-video-preview:-1"},"canonical":"https:\/\/prensalibre-com-develop.go-vip.co\/guatevision\/noticias\/deportes\/presidente-de-fifa","og_locale":"es_ES","og_type":"article","og_title":"Presidente de FIFA felicita al campe\u00f3n Guastatoya","og_description":"El Presidente de la FIFA Gianni Infantino expres\u00f3 su felicitaci\u00f3n al bicampe\u00f3n Guastatoya por su segundo campeonato alcanzado.","og_url":"https:\/\/prensalibre-com-develop.go-vip.co\/guatevision\/noticias\/deportes\/presidente-de-fifa","og_site_name":"Guatevision","article_modified_time":"2019-01-17T21:17:03+00:00","og_image":[{"width":660,"height":371,"url":"https:\/\/prensalibre-com-develop.go-vip.co\/guatevision\/wp-content\/uploads\/sites\/2\/2017\/06\/FIFA-Gianni-Infantino-2017-Rusia.png?quality=82","type":"image\/png"}],"twitter_card":"summary_large_image","twitter_misc":{"Est. reading time":"1 minute"},"schema":{"@context":"https:\/\/schema.org","@graph":[{"@type":"WebPage","@id":"https:\/\/prensalibre-com-develop.go-vip.co\/guatevision\/noticias\/deportes\/presidente-de-fifa","url":"https:\/\/prensalibre-com-develop.go-vip.co\/guatevision\/noticias\/deportes\/presidente-de-fifa","name":"Presidente de FIFA felicita al campe\u00f3n Guastatoya","isPartOf":{"@id":"https:\/\/prensalibre-com-develop.go-vip.co\/guatevision\/#website"},"primaryImageOfPage":{"@id":"https:\/\/prensalibre-com-develop.go-vip.co\/guatevision\/noticias\/deportes\/presidente-de-fifa#primaryimage"},"image":{"@id":"https:\/\/prensalibre-com-develop.go-vip.co\/guatevision\/noticias\/deportes\/presidente-de-fifa#primaryimage"},"thumbnailUrl":"https:\/\/prensalibre-com-develop.go-vip.co\/guatevision\/wp-content\/uploads\/sites\/2\/2017\/06\/FIFA-Gianni-Infantino-2017-Rusia.png","datePublished":"2019-01-18T01:00:08+00:00","dateModified":"2019-01-17T21:17:03+00:00","description":"El Presidente de la FIFA Gianni Infantino expres\u00f3 su felicitaci\u00f3n al bicampe\u00f3n Guastatoya por su segundo campeonato alcanzado.","inLanguage":"es-GT","potentialAction":[{"@type":"ReadAction","target":["https:\/\/prensalibre-com-develop.go-vip.co\/guatevision\/noticias\/deportes\/presidente-de-fifa"]}]},{"@type":"ImageObject","inLanguage":"es-GT","@id":"https:\/\/prensalibre-com-develop.go-vip.co\/guatevision\/noticias\/deportes\/presidente-de-fifa#primaryimage","url":"https:\/\/prensalibre-com-develop.go-vip.co\/guatevision\/wp-content\/uploads\/sites\/2\/2017\/06\/FIFA-Gianni-Infantino-2017-Rusia.png","contentUrl":"https:\/\/prensalibre-com-develop.go-vip.co\/guatevision\/wp-content\/uploads\/sites\/2\/2017\/06\/FIFA-Gianni-Infantino-2017-Rusia.png","width":660,"height":371,"caption":"Foto: AFP"},{"@type":"WebSite","@id":"https:\/\/prensalibre-com-develop.go-vip.co\/guatevision\/#website","url":"https:\/\/prensalibre-com-develop.go-vip.co\/guatevision\/","name":"Guatevision","description":"\u00a1Enciende Lo Bueno!","publisher":{"@id":"https:\/\/prensalibre-com-develop.go-vip.co\/guatevision\/#organization"},"potentialAction":[{"@type":"SearchAction","target":{"@type":"EntryPoint","urlTemplate":"https:\/\/prensalibre-com-develop.go-vip.co\/guatevision\/?s={search_term_string}"},"query-input":{"@type":"PropertyValueSpecification","valueRequired":true,"valueName":"search_term_string"}}],"inLanguage":"es-GT"},{"@type":"Organization","@id":"https:\/\/prensalibre-com-develop.go-vip.co\/guatevision\/#organization","name":"Guatevision","url":"https:\/\/prensalibre-com-develop.go-vip.co\/guatevision\/","logo":{"@type":"ImageObject","inLanguage":"es-GT","@id":"https:\/\/prensalibre-com-develop.go-vip.co\/guatevision\/#\/schema\/logo\/image\/","url":"https:\/\/prensalibre-com-develop.go-vip.co\/guatevision\/wp-content\/uploads\/sites\/2\/2026\/04\/Diseno-sin-titulo.png","contentUrl":"https:\/\/prensalibre-com-develop.go-vip.co\/guatevision\/wp-content\/uploads\/sites\/2\/2026\/04\/Diseno-sin-titulo.png","width":1000,"height":600,"caption":"Guatevision"},"image":{"@id":"https:\/\/prensalibre-com-develop.go-vip.co\/guatevision\/#\/schema\/logo\/image\/"}}]}},"jetpack_sharing_enabled":true,"_links":{"self":[{"href":"https:\/\/prensalibre-com-develop.go-vip.co\/guatevision\/wp-json\/wp\/v2\/post-noticias\/252172","targetHints":{"allow":["GET"]}}],"collection":[{"href":"https:\/\/prensalibre-com-develop.go-vip.co\/guatevision\/wp-json\/wp\/v2\/post-noticias"}],"about":[{"href":"https:\/\/prensalibre-com-develop.go-vip.co\/guatevision\/wp-json\/wp\/v2\/types\/post-noticias"}],"author":[{"embeddable":true,"href":"https:\/\/prensalibre-com-develop.go-vip.co\/guatevision\/wp-json\/wp\/v2\/users\/71"}],"version-history":[{"count":0,"href":"https:\/\/prensalibre-com-develop.go-vip.co\/guatevision\/wp-json\/wp\/v2\/post-noticias\/252172\/revisions"}],"wp:featuredmedia":[{"embeddable":true,"href":"https:\/\/prensalibre-com-develop.go-vip.co\/guatevision\/wp-json\/wp\/v2\/media\/88042"}],"wp:attachment":[{"href":"https:\/\/prensalibre-com-develop.go-vip.co\/guatevision\/wp-json\/wp\/v2\/media?parent=252172"}],"wp:term":[{"taxonomy":"etiqueta","embeddable":true,"href":"https:\/\/prensalibre-com-develop.go-vip.co\/guatevision\/wp-json\/wp\/v2\/etiqueta?post=252172"}],"curies":[{"name":"wp","href":"https:\/\/api.w.org\/{rel}","templated":true}]}}