{"id":252183,"date":"2019-01-17T20:10:47","date_gmt":"2019-01-18T02:10:47","guid":{"rendered":"https:\/\/prensalibre-com-develop.go-vip.co\/guatevision\/?post_type=post-noticias&#038;p=252183"},"modified":"2019-01-17T19:17:38","modified_gmt":"2019-01-18T01:17:38","slug":"sub12-de-los-cremas","status":"publish","type":"post-noticias","link":"https:\/\/prensalibre-com-develop.go-vip.co\/guatevision\/noticias\/deportes\/sub12-de-los-cremas","title":{"rendered":"Sub12 de los cremas, avanza al playoff en clasificatorio del IberCup en Brasil"},"content":{"rendered":"<p>La Sub12 de Comunicaciones avanz\u00f3 al playoff plata, de la ronda eliminatoria de la IberCup que se est\u00e1 disputando en Porto Alegre, Brasil<\/p>\n\n<p>Con doblete de Jos\u00e9 M\u00e9ndez (46&#8242; y 50&#8242;) y Joshua Padilla (20&#8242;) vencieron al EF Super Craque brasile\u00f1o y avanzaron como mejor segundo lugar.<\/p>\n<p>&#8220;Los Cremitas&#8221; debutaron el lunes en el torneo con victoria m\u00ednima ante EFG MZ Futebol, la anotaci\u00f3n de M\u00e9ndez.<\/p>\n<p>Lamentablemente el segundo partido cayeron por goleada de 7-0 ante la Sub12 de Gremio; pero aun pod\u00edan visar su boleto.<\/p>\n<p>Con la victoria ante el EF Super Craque visaron su boleto como mejor segundo lugar del grupo.<\/p>\n<p>&nbsp;<\/p>\n<h3>Sub12 Crema al PlayOff (plata)<\/h3>\n<p>Ocho grupos comprende el torneo, en diferentes categor\u00edas, donde los primeros lugares clasifican al Playoff oro.<\/p>\n<p>El campe\u00f3n gana el \u00fanico boleto para participa en el IberCup Word Final del 2019.<\/p>\n<p>Mientras Comunicaciones como mejor segundo lugar jugar\u00e1n el PlayOff 2 o de plata y autom\u00e1ticamente clasificaron a los octavos de final.<\/p>\n<p>Ac\u00e1 esperan rival de la llave de 16vos entre los brasile\u00f1os Atl\u00e9tico Ga\u00facho y EC JuventudDE, el juego se realizar\u00e1 a las 2 de la tarde.<\/p>\n<p>Solo el primer lugar o campe\u00f3n, clasifica al IberCup de Sao Paulo a disputarse en el 2019<\/p>\n<p>Finalmente los terceros lugares juegan el PlayOff bronce, que otorga una plaza para el IberCup de Barcelona del pr\u00f3ximo a\u00f1o.<\/p>\n<p>&nbsp;<\/p>\n<h3>La Sub10 cerca.<\/h3>\n<p>Mientras la Sub10 tambi\u00e9n cerr\u00f3 la jornada del jueves con una ajustada victoria 3-2 sobre la Escuela Fut Bola Bola tambien, brasile\u00f1a.<\/p>\n<p>Los m\u00e1s peque\u00f1os de los Cremas, aun les resta un partido para conocer si avanzan tambien en su categor\u00eda.<\/p>\n<p>IberCup es el mayor torneo internacional de f\u00fatbol base en el mundo, donde participan las mejores academias de diferentes lugares del planeta.<\/p>\n<p>En la categor\u00eda donde participa la Sub12 de los Cremas, participan m\u00e1s de cien equipos de varios paises.<\/p>\n<p>&nbsp;<\/p>\n","protected":false},"excerpt":{"rendered":"<p>IberCup es el mayor torneo internacional de f\u00fatbol base en el mundo, donde participan las mejores academias de diferentes lugares del planeta.<\/p>\n","protected":false},"author":71,"featured_media":252279,"template":"","etiqueta":[20343,34420,34416,34418,34419,34417,34415],"class_list":["post-252183","post-noticias","type-post-noticias","status-publish","has-post-thumbnail","hentry","categoria-post-noticias-deportes","etiqueta-comunicaciones","etiqueta-ef-super-craque","etiqueta-ibercup","etiqueta-jose-mendez","etiqueta-joshua-padilla","etiqueta-porto-alegre","etiqueta-sub12"],"yoast_head":"<!-- This site is optimized with the Yoast SEO plugin v23.9 - https:\/\/yoast.com\/wordpress\/plugins\/seo\/ -->\n<title>Sub12 de los cremas, avanza al playoff en clasificatorio del IberCup<\/title>\n<meta name=\"description\" content=\"Las infantiles de Comunicaciones avanzaron a las rondas finales del Torneo IberCup que se est\u00e1 disputando en Porto Alegre, Brasil\" \/>\n<meta name=\"robots\" content=\"index, follow, max-snippet:-1, max-image-preview:large, max-video-preview:-1\" \/>\n<link rel=\"canonical\" href=\"https:\/\/prensalibre-com-develop.go-vip.co\/guatevision\/noticias\/deportes\/sub12-de-los-cremas\" \/>\n<meta property=\"og:locale\" content=\"es_ES\" \/>\n<meta property=\"og:type\" content=\"article\" \/>\n<meta property=\"og:title\" content=\"Sub12 de los cremas, avanza al playoff en clasificatorio del IberCup\" \/>\n<meta property=\"og:description\" content=\"Las infantiles de Comunicaciones avanzaron a las rondas finales del Torneo IberCup que se est\u00e1 disputando en Porto Alegre, Brasil\" \/>\n<meta property=\"og:url\" content=\"https:\/\/prensalibre-com-develop.go-vip.co\/guatevision\/noticias\/deportes\/sub12-de-los-cremas\" \/>\n<meta property=\"og:site_name\" content=\"Guatevision\" \/>\n<meta property=\"article:modified_time\" content=\"2019-01-18T01:17:38+00:00\" \/>\n<meta name=\"twitter:card\" content=\"summary_large_image\" \/>\n<meta name=\"twitter:image\" content=\"https:\/\/prensalibre-com-develop.go-vip.co\/guatevision\/wp-content\/uploads\/sites\/2\/2019\/01\/Captura-de-pantalla-2019-01-17-a-las-19.09.16.png?quality=82\" \/>\n<meta name=\"twitter:label1\" content=\"Est. reading time\" \/>\n\t<meta name=\"twitter:data1\" content=\"2 minutes\" \/>\n<script type=\"application\/ld+json\" class=\"yoast-schema-graph\">{\"@context\":\"https:\/\/schema.org\",\"@graph\":[{\"@type\":\"WebPage\",\"@id\":\"https:\/\/prensalibre-com-develop.go-vip.co\/guatevision\/noticias\/deportes\/sub12-de-los-cremas\",\"url\":\"https:\/\/prensalibre-com-develop.go-vip.co\/guatevision\/noticias\/deportes\/sub12-de-los-cremas\",\"name\":\"Sub12 de los cremas, avanza al playoff en clasificatorio del IberCup\",\"isPartOf\":{\"@id\":\"https:\/\/prensalibre-com-develop.go-vip.co\/guatevision\/#website\"},\"primaryImageOfPage\":{\"@id\":\"https:\/\/prensalibre-com-develop.go-vip.co\/guatevision\/noticias\/deportes\/sub12-de-los-cremas#primaryimage\"},\"image\":{\"@id\":\"https:\/\/prensalibre-com-develop.go-vip.co\/guatevision\/noticias\/deportes\/sub12-de-los-cremas#primaryimage\"},\"thumbnailUrl\":\"https:\/\/prensalibre-com-develop.go-vip.co\/guatevision\/wp-content\/uploads\/sites\/2\/2019\/01\/Captura-de-pantalla-2019-01-17-a-las-19.09.16.png?quality=82\",\"datePublished\":\"2019-01-18T02:10:47+00:00\",\"dateModified\":\"2019-01-18T01:17:38+00:00\",\"description\":\"Las infantiles de Comunicaciones avanzaron a las rondas finales del Torneo IberCup que se est\u00e1 disputando en Porto Alegre, Brasil\",\"inLanguage\":\"es-GT\",\"potentialAction\":[{\"@type\":\"ReadAction\",\"target\":[\"https:\/\/prensalibre-com-develop.go-vip.co\/guatevision\/noticias\/deportes\/sub12-de-los-cremas\"]}]},{\"@type\":\"ImageObject\",\"inLanguage\":\"es-GT\",\"@id\":\"https:\/\/prensalibre-com-develop.go-vip.co\/guatevision\/noticias\/deportes\/sub12-de-los-cremas#primaryimage\",\"url\":\"https:\/\/prensalibre-com-develop.go-vip.co\/guatevision\/wp-content\/uploads\/sites\/2\/2019\/01\/Captura-de-pantalla-2019-01-17-a-las-19.09.16.png?quality=82\",\"contentUrl\":\"https:\/\/prensalibre-com-develop.go-vip.co\/guatevision\/wp-content\/uploads\/sites\/2\/2019\/01\/Captura-de-pantalla-2019-01-17-a-las-19.09.16.png?quality=82\",\"width\":1482,\"height\":1058,\"caption\":\"Sub12 Comunicaciones\"},{\"@type\":\"WebSite\",\"@id\":\"https:\/\/prensalibre-com-develop.go-vip.co\/guatevision\/#website\",\"url\":\"https:\/\/prensalibre-com-develop.go-vip.co\/guatevision\/\",\"name\":\"Guatevision\",\"description\":\"\u00a1Enciende Lo Bueno!\",\"publisher\":{\"@id\":\"https:\/\/prensalibre-com-develop.go-vip.co\/guatevision\/#organization\"},\"potentialAction\":[{\"@type\":\"SearchAction\",\"target\":{\"@type\":\"EntryPoint\",\"urlTemplate\":\"https:\/\/prensalibre-com-develop.go-vip.co\/guatevision\/?s={search_term_string}\"},\"query-input\":{\"@type\":\"PropertyValueSpecification\",\"valueRequired\":true,\"valueName\":\"search_term_string\"}}],\"inLanguage\":\"es-GT\"},{\"@type\":\"Organization\",\"@id\":\"https:\/\/prensalibre-com-develop.go-vip.co\/guatevision\/#organization\",\"name\":\"Guatevision\",\"url\":\"https:\/\/prensalibre-com-develop.go-vip.co\/guatevision\/\",\"logo\":{\"@type\":\"ImageObject\",\"inLanguage\":\"es-GT\",\"@id\":\"https:\/\/prensalibre-com-develop.go-vip.co\/guatevision\/#\/schema\/logo\/image\/\",\"url\":\"https:\/\/prensalibre-com-develop.go-vip.co\/guatevision\/wp-content\/uploads\/sites\/2\/2026\/04\/Diseno-sin-titulo.png?quality=82\",\"contentUrl\":\"https:\/\/prensalibre-com-develop.go-vip.co\/guatevision\/wp-content\/uploads\/sites\/2\/2026\/04\/Diseno-sin-titulo.png?quality=82\",\"width\":1000,\"height\":600,\"caption\":\"Guatevision\"},\"image\":{\"@id\":\"https:\/\/prensalibre-com-develop.go-vip.co\/guatevision\/#\/schema\/logo\/image\/\"}}]}<\/script>\n<!-- \/ Yoast SEO plugin. -->","yoast_head_json":{"title":"Sub12 de los cremas, avanza al playoff en clasificatorio del IberCup","description":"Las infantiles de Comunicaciones avanzaron a las rondas finales del Torneo IberCup que se est\u00e1 disputando en Porto Alegre, Brasil","robots":{"index":"index","follow":"follow","max-snippet":"max-snippet:-1","max-image-preview":"max-image-preview:large","max-video-preview":"max-video-preview:-1"},"canonical":"https:\/\/prensalibre-com-develop.go-vip.co\/guatevision\/noticias\/deportes\/sub12-de-los-cremas","og_locale":"es_ES","og_type":"article","og_title":"Sub12 de los cremas, avanza al playoff en clasificatorio del IberCup","og_description":"Las infantiles de Comunicaciones avanzaron a las rondas finales del Torneo IberCup que se est\u00e1 disputando en Porto Alegre, Brasil","og_url":"https:\/\/prensalibre-com-develop.go-vip.co\/guatevision\/noticias\/deportes\/sub12-de-los-cremas","og_site_name":"Guatevision","article_modified_time":"2019-01-18T01:17:38+00:00","twitter_card":"summary_large_image","twitter_image":"https:\/\/prensalibre-com-develop.go-vip.co\/guatevision\/wp-content\/uploads\/sites\/2\/2019\/01\/Captura-de-pantalla-2019-01-17-a-las-19.09.16.png?quality=82","twitter_misc":{"Est. reading time":"2 minutes"},"schema":{"@context":"https:\/\/schema.org","@graph":[{"@type":"WebPage","@id":"https:\/\/prensalibre-com-develop.go-vip.co\/guatevision\/noticias\/deportes\/sub12-de-los-cremas","url":"https:\/\/prensalibre-com-develop.go-vip.co\/guatevision\/noticias\/deportes\/sub12-de-los-cremas","name":"Sub12 de los cremas, avanza al playoff en clasificatorio del IberCup","isPartOf":{"@id":"https:\/\/prensalibre-com-develop.go-vip.co\/guatevision\/#website"},"primaryImageOfPage":{"@id":"https:\/\/prensalibre-com-develop.go-vip.co\/guatevision\/noticias\/deportes\/sub12-de-los-cremas#primaryimage"},"image":{"@id":"https:\/\/prensalibre-com-develop.go-vip.co\/guatevision\/noticias\/deportes\/sub12-de-los-cremas#primaryimage"},"thumbnailUrl":"https:\/\/prensalibre-com-develop.go-vip.co\/guatevision\/wp-content\/uploads\/sites\/2\/2019\/01\/Captura-de-pantalla-2019-01-17-a-las-19.09.16.png?quality=82","datePublished":"2019-01-18T02:10:47+00:00","dateModified":"2019-01-18T01:17:38+00:00","description":"Las infantiles de Comunicaciones avanzaron a las rondas finales del Torneo IberCup que se est\u00e1 disputando en Porto Alegre, Brasil","inLanguage":"es-GT","potentialAction":[{"@type":"ReadAction","target":["https:\/\/prensalibre-com-develop.go-vip.co\/guatevision\/noticias\/deportes\/sub12-de-los-cremas"]}]},{"@type":"ImageObject","inLanguage":"es-GT","@id":"https:\/\/prensalibre-com-develop.go-vip.co\/guatevision\/noticias\/deportes\/sub12-de-los-cremas#primaryimage","url":"https:\/\/prensalibre-com-develop.go-vip.co\/guatevision\/wp-content\/uploads\/sites\/2\/2019\/01\/Captura-de-pantalla-2019-01-17-a-las-19.09.16.png?quality=82","contentUrl":"https:\/\/prensalibre-com-develop.go-vip.co\/guatevision\/wp-content\/uploads\/sites\/2\/2019\/01\/Captura-de-pantalla-2019-01-17-a-las-19.09.16.png?quality=82","width":1482,"height":1058,"caption":"Sub12 Comunicaciones"},{"@type":"WebSite","@id":"https:\/\/prensalibre-com-develop.go-vip.co\/guatevision\/#website","url":"https:\/\/prensalibre-com-develop.go-vip.co\/guatevision\/","name":"Guatevision","description":"\u00a1Enciende Lo Bueno!","publisher":{"@id":"https:\/\/prensalibre-com-develop.go-vip.co\/guatevision\/#organization"},"potentialAction":[{"@type":"SearchAction","target":{"@type":"EntryPoint","urlTemplate":"https:\/\/prensalibre-com-develop.go-vip.co\/guatevision\/?s={search_term_string}"},"query-input":{"@type":"PropertyValueSpecification","valueRequired":true,"valueName":"search_term_string"}}],"inLanguage":"es-GT"},{"@type":"Organization","@id":"https:\/\/prensalibre-com-develop.go-vip.co\/guatevision\/#organization","name":"Guatevision","url":"https:\/\/prensalibre-com-develop.go-vip.co\/guatevision\/","logo":{"@type":"ImageObject","inLanguage":"es-GT","@id":"https:\/\/prensalibre-com-develop.go-vip.co\/guatevision\/#\/schema\/logo\/image\/","url":"https:\/\/prensalibre-com-develop.go-vip.co\/guatevision\/wp-content\/uploads\/sites\/2\/2026\/04\/Diseno-sin-titulo.png?quality=82","contentUrl":"https:\/\/prensalibre-com-develop.go-vip.co\/guatevision\/wp-content\/uploads\/sites\/2\/2026\/04\/Diseno-sin-titulo.png?quality=82","width":1000,"height":600,"caption":"Guatevision"},"image":{"@id":"https:\/\/prensalibre-com-develop.go-vip.co\/guatevision\/#\/schema\/logo\/image\/"}}]}},"jetpack_sharing_enabled":true,"_links":{"self":[{"href":"https:\/\/prensalibre-com-develop.go-vip.co\/guatevision\/wp-json\/wp\/v2\/post-noticias\/252183","targetHints":{"allow":["GET"]}}],"collection":[{"href":"https:\/\/prensalibre-com-develop.go-vip.co\/guatevision\/wp-json\/wp\/v2\/post-noticias"}],"about":[{"href":"https:\/\/prensalibre-com-develop.go-vip.co\/guatevision\/wp-json\/wp\/v2\/types\/post-noticias"}],"author":[{"embeddable":true,"href":"https:\/\/prensalibre-com-develop.go-vip.co\/guatevision\/wp-json\/wp\/v2\/users\/71"}],"version-history":[{"count":0,"href":"https:\/\/prensalibre-com-develop.go-vip.co\/guatevision\/wp-json\/wp\/v2\/post-noticias\/252183\/revisions"}],"wp:featuredmedia":[{"embeddable":true,"href":"https:\/\/prensalibre-com-develop.go-vip.co\/guatevision\/wp-json\/wp\/v2\/media\/252279"}],"wp:attachment":[{"href":"https:\/\/prensalibre-com-develop.go-vip.co\/guatevision\/wp-json\/wp\/v2\/media?parent=252183"}],"wp:term":[{"taxonomy":"etiqueta","embeddable":true,"href":"https:\/\/prensalibre-com-develop.go-vip.co\/guatevision\/wp-json\/wp\/v2\/etiqueta?post=252183"}],"curies":[{"name":"wp","href":"https:\/\/api.w.org\/{rel}","templated":true}]}}