{"id":253609,"date":"2019-01-25T06:00:52","date_gmt":"2019-01-25T12:00:52","guid":{"rendered":"https:\/\/prensalibre-com-develop.go-vip.co\/guatevision\/?post_type=post-noticias&#038;p=253609"},"modified":"2019-01-24T16:13:10","modified_gmt":"2019-01-24T22:13:10","slug":"cristiano-podria-perder","status":"publish","type":"post-noticias","link":"https:\/\/prensalibre-com-develop.go-vip.co\/guatevision\/noticias\/deportes\/cristiano-podria-perder","title":{"rendered":"Cristiano podr\u00eda perder sus condecoraciones en Portugal tras su condena por fraude fiscal"},"content":{"rendered":"<p>Portugal analizar\u00e1 la decisi\u00f3n de la justicia espa\u00f1ola que conden\u00f3 el martes a Cristiano Ronaldo por fraude fiscal para decidir si le retira o no las condecoraciones que le ha otorgado, afirm\u00f3 este jueves el presidente portugu\u00e9s.<\/p>\n\n<p>&#8220;La ley es muy simple. Los cancilleres de las \u00f3rdenes nacionales son los encargados de comprobar si hay o no situaciones que pueden suponer la p\u00e9rdida de una condecoraci\u00f3n&#8221;, explic\u00f3 el presidente portugu\u00e9s Marcelo Rebelo de Sousa a la prensa.<\/p>\n<p>&#8220;Hay que dejar a los que tienen por ley el poder de decidir que lo hagan y que se aseguren de si la ley se aplica o no en este caso&#8221;, a\u00f1adi\u00f3.<\/p>\n<p>El servicio de prensa de la presidencia portuguesa precis\u00f3, por su parte, que hay que esperar a recibir &#8220;la versi\u00f3n aut\u00e9ntica de la decisi\u00f3n final de las autoridades espa\u00f1olas&#8221; antes de pronunciarse eventualmente sobre la situaci\u00f3n del jugador, que en 2014 fue condecorado con la medalla de gran oficial de la Orden del Infante Dom Henri y la Gran Cruz de la Orden del M\u00e9rito en 2016 por haber contribuido a dar a conocer Portugal en el mundo.<\/p>\n<p>Cristiano Ronaldo fue condenado el martes por la justicia espa\u00f1ola a dos a\u00f1os de c\u00e1rcel, que no tendr\u00e1 que cumplir, y a una pesada multa por cometer fraude fiscal mientras jugaba con el Real Madrid.<\/p>\n<p>La pena de 24 meses de prisi\u00f3n fue sustituida por una multa de 365.000 euros.<\/p>\n<p>&nbsp;<\/p>\n<h3>No en todos lados contra Cristiano<\/h3>\n<p>En Madeira, isla portuguesa en el archipi\u00e9lago del mismo nombre de la que es originario, las autoridades han asegurado que le mantendr\u00e1n las distinciones concedidas.<\/p>\n<p>&#8220;Aqu\u00ed en Madeira, Cristiano Ronaldo siempre ha sido considerado una persona de bien (&#8230;). No es un criminal&#8221;, declar\u00f3 Miguel Albuquerque, presidente de esta regi\u00f3n aut\u00f3noma.<\/p>\n<p>&#8220;Es el portugu\u00e9s m\u00e1s prestigioso del mundo&#8221;, afirm\u00f3, a\u00f1adiendo que la condena recibida en Espa\u00f1a es consecuencia &#8220;de la interpretaci\u00f3n de una cuesti\u00f3n fiscal&#8221;.<\/p>\n<p>Cristiano Ronaldo recibi\u00f3 en diciembre de 2014 la medalla al M\u00e9rito de Madeira, la m\u00e1s alta condecoraci\u00f3n de la isla, antes de inaugurar una estatua de bronce con su efigie en su ciudad natal de Funchal.<\/p>\n<p>&nbsp;<\/p>\n<p>\u00a9 Agence France-Presse<\/p>\n","protected":false},"excerpt":{"rendered":"<p>En el 2014 Cristiano fue condecorado con la medalla de gran oficial de la Orden del Infante Dom Henri y la Gran Cruz de la Orden del M\u00e9rito en 2016 por haber contribuido a dar a conocer Portugal en el mundo.<\/p>\n","protected":false},"author":71,"featured_media":200756,"template":"","etiqueta":[20869,24373,20561,21338],"class_list":["post-253609","post-noticias","type-post-noticias","status-publish","has-post-thumbnail","hentry","categoria-post-noticias-deportes","etiqueta-cristiano-ronaldo","etiqueta-fraude-fiscal","etiqueta-portugal","etiqueta-real-madrid"],"yoast_head":"<!-- This site is optimized with the Yoast SEO plugin v23.9 - https:\/\/yoast.com\/wordpress\/plugins\/seo\/ -->\n<title>Cristiano podr\u00eda perder sus condecoraciones en Portugal<\/title>\n<meta name=\"description\" content=\"Portugal analizar\u00e1 la decisi\u00f3n de la justicia espa\u00f1ola que conden\u00f3 a Cristiano Ronaldo por fraude fiscal para decidir si le retira o no las condecoraciones\" \/>\n<meta name=\"robots\" content=\"index, follow, max-snippet:-1, max-image-preview:large, max-video-preview:-1\" \/>\n<link rel=\"canonical\" href=\"https:\/\/prensalibre-com-develop.go-vip.co\/guatevision\/noticias\/deportes\/cristiano-podria-perder\" \/>\n<meta property=\"og:locale\" content=\"es_ES\" \/>\n<meta property=\"og:type\" content=\"article\" \/>\n<meta property=\"og:title\" content=\"Cristiano podr\u00eda perder sus condecoraciones en Portugal\" \/>\n<meta property=\"og:description\" content=\"Portugal analizar\u00e1 la decisi\u00f3n de la justicia espa\u00f1ola que conden\u00f3 a Cristiano Ronaldo por fraude fiscal para decidir si le retira o no las condecoraciones\" \/>\n<meta property=\"og:url\" content=\"https:\/\/prensalibre-com-develop.go-vip.co\/guatevision\/noticias\/deportes\/cristiano-podria-perder\" \/>\n<meta property=\"og:site_name\" content=\"Guatevision\" \/>\n<meta property=\"article:modified_time\" content=\"2019-01-24T22:13:10+00:00\" \/>\n<meta property=\"og:image\" content=\"https:\/\/prensalibre-com-develop.go-vip.co\/guatevision\/wp-content\/uploads\/sites\/2\/2018\/07\/cr1.jpg?quality=82\" \/>\n\t<meta property=\"og:image:width\" content=\"624\" \/>\n\t<meta property=\"og:image:height\" content=\"351\" \/>\n\t<meta property=\"og:image:type\" content=\"image\/jpeg\" \/>\n<meta name=\"twitter:card\" content=\"summary_large_image\" \/>\n<meta name=\"twitter:label1\" content=\"Est. reading time\" \/>\n\t<meta name=\"twitter:data1\" content=\"2 minutes\" \/>\n<script type=\"application\/ld+json\" class=\"yoast-schema-graph\">{\"@context\":\"https:\/\/schema.org\",\"@graph\":[{\"@type\":\"WebPage\",\"@id\":\"https:\/\/prensalibre-com-develop.go-vip.co\/guatevision\/noticias\/deportes\/cristiano-podria-perder\",\"url\":\"https:\/\/prensalibre-com-develop.go-vip.co\/guatevision\/noticias\/deportes\/cristiano-podria-perder\",\"name\":\"Cristiano podr\u00eda perder sus condecoraciones en Portugal\",\"isPartOf\":{\"@id\":\"https:\/\/prensalibre-com-develop.go-vip.co\/guatevision\/#website\"},\"primaryImageOfPage\":{\"@id\":\"https:\/\/prensalibre-com-develop.go-vip.co\/guatevision\/noticias\/deportes\/cristiano-podria-perder#primaryimage\"},\"image\":{\"@id\":\"https:\/\/prensalibre-com-develop.go-vip.co\/guatevision\/noticias\/deportes\/cristiano-podria-perder#primaryimage\"},\"thumbnailUrl\":\"https:\/\/prensalibre-com-develop.go-vip.co\/guatevision\/wp-content\/uploads\/sites\/2\/2018\/07\/cr1.jpg?quality=82\",\"datePublished\":\"2019-01-25T12:00:52+00:00\",\"dateModified\":\"2019-01-24T22:13:10+00:00\",\"description\":\"Portugal analizar\u00e1 la decisi\u00f3n de la justicia espa\u00f1ola que conden\u00f3 a Cristiano Ronaldo por fraude fiscal para decidir si le retira o no las condecoraciones\",\"inLanguage\":\"es-GT\",\"potentialAction\":[{\"@type\":\"ReadAction\",\"target\":[\"https:\/\/prensalibre-com-develop.go-vip.co\/guatevision\/noticias\/deportes\/cristiano-podria-perder\"]}]},{\"@type\":\"ImageObject\",\"inLanguage\":\"es-GT\",\"@id\":\"https:\/\/prensalibre-com-develop.go-vip.co\/guatevision\/noticias\/deportes\/cristiano-podria-perder#primaryimage\",\"url\":\"https:\/\/prensalibre-com-develop.go-vip.co\/guatevision\/wp-content\/uploads\/sites\/2\/2018\/07\/cr1.jpg?quality=82\",\"contentUrl\":\"https:\/\/prensalibre-com-develop.go-vip.co\/guatevision\/wp-content\/uploads\/sites\/2\/2018\/07\/cr1.jpg?quality=82\",\"width\":624,\"height\":351,\"caption\":\"Despu\u00e9s de la eliminaci\u00f3n de Portugal en octavos de final del Mundial, Cristiano Ronaldo viaj\u00f3 a Grecia para sus vacaciones. GETTY IMAGES\"},{\"@type\":\"WebSite\",\"@id\":\"https:\/\/prensalibre-com-develop.go-vip.co\/guatevision\/#website\",\"url\":\"https:\/\/prensalibre-com-develop.go-vip.co\/guatevision\/\",\"name\":\"Guatevision\",\"description\":\"\u00a1Enciende Lo Bueno!\",\"publisher\":{\"@id\":\"https:\/\/prensalibre-com-develop.go-vip.co\/guatevision\/#organization\"},\"potentialAction\":[{\"@type\":\"SearchAction\",\"target\":{\"@type\":\"EntryPoint\",\"urlTemplate\":\"https:\/\/prensalibre-com-develop.go-vip.co\/guatevision\/?s={search_term_string}\"},\"query-input\":{\"@type\":\"PropertyValueSpecification\",\"valueRequired\":true,\"valueName\":\"search_term_string\"}}],\"inLanguage\":\"es-GT\"},{\"@type\":\"Organization\",\"@id\":\"https:\/\/prensalibre-com-develop.go-vip.co\/guatevision\/#organization\",\"name\":\"Guatevision\",\"url\":\"https:\/\/prensalibre-com-develop.go-vip.co\/guatevision\/\",\"logo\":{\"@type\":\"ImageObject\",\"inLanguage\":\"es-GT\",\"@id\":\"https:\/\/prensalibre-com-develop.go-vip.co\/guatevision\/#\/schema\/logo\/image\/\",\"url\":\"https:\/\/prensalibre-com-develop.go-vip.co\/guatevision\/wp-content\/uploads\/sites\/2\/2026\/04\/Diseno-sin-titulo.png?quality=82\",\"contentUrl\":\"https:\/\/prensalibre-com-develop.go-vip.co\/guatevision\/wp-content\/uploads\/sites\/2\/2026\/04\/Diseno-sin-titulo.png?quality=82\",\"width\":1000,\"height\":600,\"caption\":\"Guatevision\"},\"image\":{\"@id\":\"https:\/\/prensalibre-com-develop.go-vip.co\/guatevision\/#\/schema\/logo\/image\/\"}}]}<\/script>\n<!-- \/ Yoast SEO plugin. -->","yoast_head_json":{"title":"Cristiano podr\u00eda perder sus condecoraciones en Portugal","description":"Portugal analizar\u00e1 la decisi\u00f3n de la justicia espa\u00f1ola que conden\u00f3 a Cristiano Ronaldo por fraude fiscal para decidir si le retira o no las condecoraciones","robots":{"index":"index","follow":"follow","max-snippet":"max-snippet:-1","max-image-preview":"max-image-preview:large","max-video-preview":"max-video-preview:-1"},"canonical":"https:\/\/prensalibre-com-develop.go-vip.co\/guatevision\/noticias\/deportes\/cristiano-podria-perder","og_locale":"es_ES","og_type":"article","og_title":"Cristiano podr\u00eda perder sus condecoraciones en Portugal","og_description":"Portugal analizar\u00e1 la decisi\u00f3n de la justicia espa\u00f1ola que conden\u00f3 a Cristiano Ronaldo por fraude fiscal para decidir si le retira o no las condecoraciones","og_url":"https:\/\/prensalibre-com-develop.go-vip.co\/guatevision\/noticias\/deportes\/cristiano-podria-perder","og_site_name":"Guatevision","article_modified_time":"2019-01-24T22:13:10+00:00","og_image":[{"width":624,"height":351,"url":"https:\/\/prensalibre-com-develop.go-vip.co\/guatevision\/wp-content\/uploads\/sites\/2\/2018\/07\/cr1.jpg?quality=82","type":"image\/jpeg"}],"twitter_card":"summary_large_image","twitter_misc":{"Est. reading time":"2 minutes"},"schema":{"@context":"https:\/\/schema.org","@graph":[{"@type":"WebPage","@id":"https:\/\/prensalibre-com-develop.go-vip.co\/guatevision\/noticias\/deportes\/cristiano-podria-perder","url":"https:\/\/prensalibre-com-develop.go-vip.co\/guatevision\/noticias\/deportes\/cristiano-podria-perder","name":"Cristiano podr\u00eda perder sus condecoraciones en Portugal","isPartOf":{"@id":"https:\/\/prensalibre-com-develop.go-vip.co\/guatevision\/#website"},"primaryImageOfPage":{"@id":"https:\/\/prensalibre-com-develop.go-vip.co\/guatevision\/noticias\/deportes\/cristiano-podria-perder#primaryimage"},"image":{"@id":"https:\/\/prensalibre-com-develop.go-vip.co\/guatevision\/noticias\/deportes\/cristiano-podria-perder#primaryimage"},"thumbnailUrl":"https:\/\/prensalibre-com-develop.go-vip.co\/guatevision\/wp-content\/uploads\/sites\/2\/2018\/07\/cr1.jpg?quality=82","datePublished":"2019-01-25T12:00:52+00:00","dateModified":"2019-01-24T22:13:10+00:00","description":"Portugal analizar\u00e1 la decisi\u00f3n de la justicia espa\u00f1ola que conden\u00f3 a Cristiano Ronaldo por fraude fiscal para decidir si le retira o no las condecoraciones","inLanguage":"es-GT","potentialAction":[{"@type":"ReadAction","target":["https:\/\/prensalibre-com-develop.go-vip.co\/guatevision\/noticias\/deportes\/cristiano-podria-perder"]}]},{"@type":"ImageObject","inLanguage":"es-GT","@id":"https:\/\/prensalibre-com-develop.go-vip.co\/guatevision\/noticias\/deportes\/cristiano-podria-perder#primaryimage","url":"https:\/\/prensalibre-com-develop.go-vip.co\/guatevision\/wp-content\/uploads\/sites\/2\/2018\/07\/cr1.jpg?quality=82","contentUrl":"https:\/\/prensalibre-com-develop.go-vip.co\/guatevision\/wp-content\/uploads\/sites\/2\/2018\/07\/cr1.jpg?quality=82","width":624,"height":351,"caption":"Despu\u00e9s de la eliminaci\u00f3n de Portugal en octavos de final del Mundial, Cristiano Ronaldo viaj\u00f3 a Grecia para sus vacaciones. GETTY IMAGES"},{"@type":"WebSite","@id":"https:\/\/prensalibre-com-develop.go-vip.co\/guatevision\/#website","url":"https:\/\/prensalibre-com-develop.go-vip.co\/guatevision\/","name":"Guatevision","description":"\u00a1Enciende Lo Bueno!","publisher":{"@id":"https:\/\/prensalibre-com-develop.go-vip.co\/guatevision\/#organization"},"potentialAction":[{"@type":"SearchAction","target":{"@type":"EntryPoint","urlTemplate":"https:\/\/prensalibre-com-develop.go-vip.co\/guatevision\/?s={search_term_string}"},"query-input":{"@type":"PropertyValueSpecification","valueRequired":true,"valueName":"search_term_string"}}],"inLanguage":"es-GT"},{"@type":"Organization","@id":"https:\/\/prensalibre-com-develop.go-vip.co\/guatevision\/#organization","name":"Guatevision","url":"https:\/\/prensalibre-com-develop.go-vip.co\/guatevision\/","logo":{"@type":"ImageObject","inLanguage":"es-GT","@id":"https:\/\/prensalibre-com-develop.go-vip.co\/guatevision\/#\/schema\/logo\/image\/","url":"https:\/\/prensalibre-com-develop.go-vip.co\/guatevision\/wp-content\/uploads\/sites\/2\/2026\/04\/Diseno-sin-titulo.png?quality=82","contentUrl":"https:\/\/prensalibre-com-develop.go-vip.co\/guatevision\/wp-content\/uploads\/sites\/2\/2026\/04\/Diseno-sin-titulo.png?quality=82","width":1000,"height":600,"caption":"Guatevision"},"image":{"@id":"https:\/\/prensalibre-com-develop.go-vip.co\/guatevision\/#\/schema\/logo\/image\/"}}]}},"jetpack_sharing_enabled":true,"_links":{"self":[{"href":"https:\/\/prensalibre-com-develop.go-vip.co\/guatevision\/wp-json\/wp\/v2\/post-noticias\/253609","targetHints":{"allow":["GET"]}}],"collection":[{"href":"https:\/\/prensalibre-com-develop.go-vip.co\/guatevision\/wp-json\/wp\/v2\/post-noticias"}],"about":[{"href":"https:\/\/prensalibre-com-develop.go-vip.co\/guatevision\/wp-json\/wp\/v2\/types\/post-noticias"}],"author":[{"embeddable":true,"href":"https:\/\/prensalibre-com-develop.go-vip.co\/guatevision\/wp-json\/wp\/v2\/users\/71"}],"version-history":[{"count":0,"href":"https:\/\/prensalibre-com-develop.go-vip.co\/guatevision\/wp-json\/wp\/v2\/post-noticias\/253609\/revisions"}],"wp:featuredmedia":[{"embeddable":true,"href":"https:\/\/prensalibre-com-develop.go-vip.co\/guatevision\/wp-json\/wp\/v2\/media\/200756"}],"wp:attachment":[{"href":"https:\/\/prensalibre-com-develop.go-vip.co\/guatevision\/wp-json\/wp\/v2\/media?parent=253609"}],"wp:term":[{"taxonomy":"etiqueta","embeddable":true,"href":"https:\/\/prensalibre-com-develop.go-vip.co\/guatevision\/wp-json\/wp\/v2\/etiqueta?post=253609"}],"curies":[{"name":"wp","href":"https:\/\/api.w.org\/{rel}","templated":true}]}}