{"id":254491,"date":"2019-01-29T11:20:51","date_gmt":"2019-01-29T17:20:51","guid":{"rendered":"https:\/\/prensalibre-com-develop.go-vip.co\/guatevision\/?post_type=post-noticias&#038;p=254491"},"modified":"2019-01-29T07:45:11","modified_gmt":"2019-01-29T13:45:11","slug":"malacateco-ya-podra-alinear","status":"publish","type":"post-noticias","link":"https:\/\/prensalibre-com-develop.go-vip.co\/guatevision\/noticias\/deportes\/malacateco-ya-podra-alinear","title":{"rendered":"Malacateco ya podr\u00e1 alinear a sus nuevos refuerzos extranjeros"},"content":{"rendered":"<p>Malacateco ya podr\u00e1 contar con sus nuevos refuerzos extranjeros para el Torneo Clausura 2019, seg\u00fan confirm\u00f3 la Liga Nacional.<\/p>\n\n<p>El defensa colombiano\u00a0Orlando Osorio y el delantero uruguayo Enzo Herrera ya podr\u00e1n ante Guastatoya este mi\u00e9rcoles en la fecha 4.<\/p>\n<p>Osorio con 29 a\u00f1os y 1.82 se desempe\u00f1a como defensa central y Malacateco ser\u00e1 su primer club extranjero,\u00a0 viene del Real Cartagena en el ascenso.<\/p>\n<p>Enzo Gerardo Herrera Morales de 26 a\u00f1os, centrodelantero llega procedente del Villa Teresa del ascenso uruguayo.<\/p>\n<p>Aunque tambien ha jugado en otros clubes de su pa\u00eds como Liverpool, Rentistas, Cerro Largo, Central, Tanque Sisley entre otros.<\/p>\n<blockquote class=\"twitter-tweet\" data-width=\"500\" data-dnt=\"true\">\n<p lang=\"es\" dir=\"ltr\">Ya llegaron los pases internacionales de Orlando Osorio y Enzo Herrera y ya quedaron formalmente inscritos con el club y podr\u00e1n debutar este mi\u00e9rcoles ante Guastatoya <a href=\"https:\/\/twitter.com\/hashtag\/TodosSomosToros?src=hash&amp;ref_src=twsrc%5Etfw\">#TodosSomosToros<\/a> <a href=\"https:\/\/t.co\/zEmNuK699I\">pic.twitter.com\/zEmNuK699I<\/a><\/p>\n<p>&mdash; Los Toros (@DMalacatecoToro) <a href=\"https:\/\/twitter.com\/DMalacatecoToro\/status\/1089995743975346176?ref_src=twsrc%5Etfw\">January 28, 2019<\/a><\/p><\/blockquote>\n<p><script async src=\"https:\/\/platform.twitter.com\/widgets.js\" charset=\"utf-8\"><\/script><\/p>\n<h3>Malacateco a sumar.<\/h3>\n<p>Luego de dominar a placer el domingo a Sanarate, los dirigidos por Ronald Gonz\u00e1lez terminaron perdiendo por lo m\u00ednimo.<\/p>\n<p>El equipo ya no regres\u00f3 a la frontera, sino que se qued\u00f3 en Guastatoya donde trabaj\u00f3 esta semana previo al partido.<\/p>\n<p>Lamentablemente, Edward Santel\u00edz es baja por suspensi\u00f3n, luego de salir expulsado ante los sanaratecos.<\/p>\n<div class=\"jetpack-video-wrapper\"><iframe loading=\"lazy\" title=\"Video Expulsi\u00f3n: Edward Santel\u00edz (Malacateco) 2019 Clausura Jornada 03\" width=\"500\" height=\"281\" src=\"https:\/\/www.youtube.com\/embed\/UKw-XlaWIhw?feature=oembed\" frameborder=\"0\" allow=\"accelerometer; autoplay; clipboard-write; encrypted-media; gyroscope; picture-in-picture; web-share\" referrerpolicy=\"strict-origin-when-cross-origin\" allowfullscreen><\/iframe><\/div>\n<p>&nbsp;<\/p>\n<p>Actualmente los fronterizos se ubican en el d\u00e9cimo lugar del\u00a0 torneo con 3 puntos, producto de una victoria y dos derrotas.<\/p>\n<p>El fin de semana, ser\u00e1n locales y recibir\u00e1n la visita de Comunicaciones, un rival que representa adem\u00e1s un buen ingreso de taquilla.<\/p>\n<p>&nbsp;<\/p>\n<p>&nbsp;<\/p>\n<p>&nbsp;<\/p>\n","protected":false},"excerpt":{"rendered":"<p>Malacateco viene de perder el domingo ante Sanarate FC, lamentablemente Edward Santel\u00edz sali\u00f3 expulsado y es baja para enfrentar al campe\u00f3n Guastatoya este mi\u00e9rcoles<\/p>\n","protected":false},"author":71,"featured_media":254493,"template":"","etiqueta":[20344,28806,67,20410,20768],"class_list":["post-254491","post-noticias","type-post-noticias","status-publish","has-post-thumbnail","hentry","categoria-post-noticias-deportes","etiqueta-clausura","etiqueta-edward-santeliz","etiqueta-futbol-guatemala","etiqueta-guastatoya","etiqueta-malacateco"],"yoast_head":"<!-- This site is optimized with the Yoast SEO plugin v23.9 - https:\/\/yoast.com\/wordpress\/plugins\/seo\/ -->\n<title>Malacateco ya podr\u00e1 alinear a sus nuevos refuerzos extranjeros<\/title>\n<meta name=\"description\" content=\"Malacateco ya podr\u00e1 contar con sus nuevos refuerzos extranjeros para el Torneo Clausura 2019, seg\u00fan confirm\u00f3 la Liga Nacional.\" \/>\n<meta name=\"robots\" content=\"index, follow, max-snippet:-1, max-image-preview:large, max-video-preview:-1\" \/>\n<link rel=\"canonical\" href=\"https:\/\/prensalibre-com-develop.go-vip.co\/guatevision\/noticias\/deportes\/malacateco-ya-podra-alinear\" \/>\n<meta property=\"og:locale\" content=\"es_ES\" \/>\n<meta property=\"og:type\" content=\"article\" \/>\n<meta property=\"og:title\" content=\"Malacateco ya podr\u00e1 alinear a sus nuevos refuerzos extranjeros\" \/>\n<meta property=\"og:description\" content=\"Malacateco ya podr\u00e1 contar con sus nuevos refuerzos extranjeros para el Torneo Clausura 2019, seg\u00fan confirm\u00f3 la Liga Nacional.\" \/>\n<meta property=\"og:url\" content=\"https:\/\/prensalibre-com-develop.go-vip.co\/guatevision\/noticias\/deportes\/malacateco-ya-podra-alinear\" \/>\n<meta property=\"og:site_name\" content=\"Guatevision\" \/>\n<meta property=\"article:modified_time\" content=\"2019-01-29T13:45:11+00:00\" \/>\n<meta property=\"og:image\" content=\"https:\/\/prensalibre-com-develop.go-vip.co\/guatevision\/wp-content\/uploads\/sites\/2\/2019\/01\/4dc1ac73-b72c-44ca-9d96-53e92d6920db.jpeg?quality=82\" \/>\n\t<meta property=\"og:image:width\" content=\"1280\" \/>\n\t<meta property=\"og:image:height\" content=\"720\" \/>\n\t<meta property=\"og:image:type\" content=\"image\/jpeg\" \/>\n<meta name=\"twitter:card\" content=\"summary_large_image\" \/>\n<meta name=\"twitter:label1\" content=\"Est. reading time\" \/>\n\t<meta name=\"twitter:data1\" content=\"1 minute\" \/>\n<script type=\"application\/ld+json\" class=\"yoast-schema-graph\">{\"@context\":\"https:\/\/schema.org\",\"@graph\":[{\"@type\":\"WebPage\",\"@id\":\"https:\/\/prensalibre-com-develop.go-vip.co\/guatevision\/noticias\/deportes\/malacateco-ya-podra-alinear\",\"url\":\"https:\/\/prensalibre-com-develop.go-vip.co\/guatevision\/noticias\/deportes\/malacateco-ya-podra-alinear\",\"name\":\"Malacateco ya podr\u00e1 alinear a sus nuevos refuerzos extranjeros\",\"isPartOf\":{\"@id\":\"https:\/\/prensalibre-com-develop.go-vip.co\/guatevision\/#website\"},\"primaryImageOfPage\":{\"@id\":\"https:\/\/prensalibre-com-develop.go-vip.co\/guatevision\/noticias\/deportes\/malacateco-ya-podra-alinear#primaryimage\"},\"image\":{\"@id\":\"https:\/\/prensalibre-com-develop.go-vip.co\/guatevision\/noticias\/deportes\/malacateco-ya-podra-alinear#primaryimage\"},\"thumbnailUrl\":\"https:\/\/prensalibre-com-develop.go-vip.co\/guatevision\/wp-content\/uploads\/sites\/2\/2019\/01\/4dc1ac73-b72c-44ca-9d96-53e92d6920db.jpeg?quality=82\",\"datePublished\":\"2019-01-29T17:20:51+00:00\",\"dateModified\":\"2019-01-29T13:45:11+00:00\",\"description\":\"Malacateco ya podr\u00e1 contar con sus nuevos refuerzos extranjeros para el Torneo Clausura 2019, seg\u00fan confirm\u00f3 la Liga Nacional.\",\"inLanguage\":\"es-GT\",\"potentialAction\":[{\"@type\":\"ReadAction\",\"target\":[\"https:\/\/prensalibre-com-develop.go-vip.co\/guatevision\/noticias\/deportes\/malacateco-ya-podra-alinear\"]}]},{\"@type\":\"ImageObject\",\"inLanguage\":\"es-GT\",\"@id\":\"https:\/\/prensalibre-com-develop.go-vip.co\/guatevision\/noticias\/deportes\/malacateco-ya-podra-alinear#primaryimage\",\"url\":\"https:\/\/prensalibre-com-develop.go-vip.co\/guatevision\/wp-content\/uploads\/sites\/2\/2019\/01\/4dc1ac73-b72c-44ca-9d96-53e92d6920db.jpeg?quality=82\",\"contentUrl\":\"https:\/\/prensalibre-com-develop.go-vip.co\/guatevision\/wp-content\/uploads\/sites\/2\/2019\/01\/4dc1ac73-b72c-44ca-9d96-53e92d6920db.jpeg?quality=82\",\"width\":1280,\"height\":720,\"caption\":\"Malacateco Clausura\"},{\"@type\":\"WebSite\",\"@id\":\"https:\/\/prensalibre-com-develop.go-vip.co\/guatevision\/#website\",\"url\":\"https:\/\/prensalibre-com-develop.go-vip.co\/guatevision\/\",\"name\":\"Guatevision\",\"description\":\"\u00a1Enciende Lo Bueno!\",\"publisher\":{\"@id\":\"https:\/\/prensalibre-com-develop.go-vip.co\/guatevision\/#organization\"},\"potentialAction\":[{\"@type\":\"SearchAction\",\"target\":{\"@type\":\"EntryPoint\",\"urlTemplate\":\"https:\/\/prensalibre-com-develop.go-vip.co\/guatevision\/?s={search_term_string}\"},\"query-input\":{\"@type\":\"PropertyValueSpecification\",\"valueRequired\":true,\"valueName\":\"search_term_string\"}}],\"inLanguage\":\"es-GT\"},{\"@type\":\"Organization\",\"@id\":\"https:\/\/prensalibre-com-develop.go-vip.co\/guatevision\/#organization\",\"name\":\"Guatevision\",\"url\":\"https:\/\/prensalibre-com-develop.go-vip.co\/guatevision\/\",\"logo\":{\"@type\":\"ImageObject\",\"inLanguage\":\"es-GT\",\"@id\":\"https:\/\/prensalibre-com-develop.go-vip.co\/guatevision\/#\/schema\/logo\/image\/\",\"url\":\"https:\/\/prensalibre-com-develop.go-vip.co\/guatevision\/wp-content\/uploads\/sites\/2\/2026\/04\/Diseno-sin-titulo.png?quality=82\",\"contentUrl\":\"https:\/\/prensalibre-com-develop.go-vip.co\/guatevision\/wp-content\/uploads\/sites\/2\/2026\/04\/Diseno-sin-titulo.png?quality=82\",\"width\":1000,\"height\":600,\"caption\":\"Guatevision\"},\"image\":{\"@id\":\"https:\/\/prensalibre-com-develop.go-vip.co\/guatevision\/#\/schema\/logo\/image\/\"}}]}<\/script>\n<!-- \/ Yoast SEO plugin. -->","yoast_head_json":{"title":"Malacateco ya podr\u00e1 alinear a sus nuevos refuerzos extranjeros","description":"Malacateco ya podr\u00e1 contar con sus nuevos refuerzos extranjeros para el Torneo Clausura 2019, seg\u00fan confirm\u00f3 la Liga Nacional.","robots":{"index":"index","follow":"follow","max-snippet":"max-snippet:-1","max-image-preview":"max-image-preview:large","max-video-preview":"max-video-preview:-1"},"canonical":"https:\/\/prensalibre-com-develop.go-vip.co\/guatevision\/noticias\/deportes\/malacateco-ya-podra-alinear","og_locale":"es_ES","og_type":"article","og_title":"Malacateco ya podr\u00e1 alinear a sus nuevos refuerzos extranjeros","og_description":"Malacateco ya podr\u00e1 contar con sus nuevos refuerzos extranjeros para el Torneo Clausura 2019, seg\u00fan confirm\u00f3 la Liga Nacional.","og_url":"https:\/\/prensalibre-com-develop.go-vip.co\/guatevision\/noticias\/deportes\/malacateco-ya-podra-alinear","og_site_name":"Guatevision","article_modified_time":"2019-01-29T13:45:11+00:00","og_image":[{"width":1280,"height":720,"url":"https:\/\/prensalibre-com-develop.go-vip.co\/guatevision\/wp-content\/uploads\/sites\/2\/2019\/01\/4dc1ac73-b72c-44ca-9d96-53e92d6920db.jpeg?quality=82","type":"image\/jpeg"}],"twitter_card":"summary_large_image","twitter_misc":{"Est. reading time":"1 minute"},"schema":{"@context":"https:\/\/schema.org","@graph":[{"@type":"WebPage","@id":"https:\/\/prensalibre-com-develop.go-vip.co\/guatevision\/noticias\/deportes\/malacateco-ya-podra-alinear","url":"https:\/\/prensalibre-com-develop.go-vip.co\/guatevision\/noticias\/deportes\/malacateco-ya-podra-alinear","name":"Malacateco ya podr\u00e1 alinear a sus nuevos refuerzos extranjeros","isPartOf":{"@id":"https:\/\/prensalibre-com-develop.go-vip.co\/guatevision\/#website"},"primaryImageOfPage":{"@id":"https:\/\/prensalibre-com-develop.go-vip.co\/guatevision\/noticias\/deportes\/malacateco-ya-podra-alinear#primaryimage"},"image":{"@id":"https:\/\/prensalibre-com-develop.go-vip.co\/guatevision\/noticias\/deportes\/malacateco-ya-podra-alinear#primaryimage"},"thumbnailUrl":"https:\/\/prensalibre-com-develop.go-vip.co\/guatevision\/wp-content\/uploads\/sites\/2\/2019\/01\/4dc1ac73-b72c-44ca-9d96-53e92d6920db.jpeg?quality=82","datePublished":"2019-01-29T17:20:51+00:00","dateModified":"2019-01-29T13:45:11+00:00","description":"Malacateco ya podr\u00e1 contar con sus nuevos refuerzos extranjeros para el Torneo Clausura 2019, seg\u00fan confirm\u00f3 la Liga Nacional.","inLanguage":"es-GT","potentialAction":[{"@type":"ReadAction","target":["https:\/\/prensalibre-com-develop.go-vip.co\/guatevision\/noticias\/deportes\/malacateco-ya-podra-alinear"]}]},{"@type":"ImageObject","inLanguage":"es-GT","@id":"https:\/\/prensalibre-com-develop.go-vip.co\/guatevision\/noticias\/deportes\/malacateco-ya-podra-alinear#primaryimage","url":"https:\/\/prensalibre-com-develop.go-vip.co\/guatevision\/wp-content\/uploads\/sites\/2\/2019\/01\/4dc1ac73-b72c-44ca-9d96-53e92d6920db.jpeg?quality=82","contentUrl":"https:\/\/prensalibre-com-develop.go-vip.co\/guatevision\/wp-content\/uploads\/sites\/2\/2019\/01\/4dc1ac73-b72c-44ca-9d96-53e92d6920db.jpeg?quality=82","width":1280,"height":720,"caption":"Malacateco Clausura"},{"@type":"WebSite","@id":"https:\/\/prensalibre-com-develop.go-vip.co\/guatevision\/#website","url":"https:\/\/prensalibre-com-develop.go-vip.co\/guatevision\/","name":"Guatevision","description":"\u00a1Enciende Lo Bueno!","publisher":{"@id":"https:\/\/prensalibre-com-develop.go-vip.co\/guatevision\/#organization"},"potentialAction":[{"@type":"SearchAction","target":{"@type":"EntryPoint","urlTemplate":"https:\/\/prensalibre-com-develop.go-vip.co\/guatevision\/?s={search_term_string}"},"query-input":{"@type":"PropertyValueSpecification","valueRequired":true,"valueName":"search_term_string"}}],"inLanguage":"es-GT"},{"@type":"Organization","@id":"https:\/\/prensalibre-com-develop.go-vip.co\/guatevision\/#organization","name":"Guatevision","url":"https:\/\/prensalibre-com-develop.go-vip.co\/guatevision\/","logo":{"@type":"ImageObject","inLanguage":"es-GT","@id":"https:\/\/prensalibre-com-develop.go-vip.co\/guatevision\/#\/schema\/logo\/image\/","url":"https:\/\/prensalibre-com-develop.go-vip.co\/guatevision\/wp-content\/uploads\/sites\/2\/2026\/04\/Diseno-sin-titulo.png?quality=82","contentUrl":"https:\/\/prensalibre-com-develop.go-vip.co\/guatevision\/wp-content\/uploads\/sites\/2\/2026\/04\/Diseno-sin-titulo.png?quality=82","width":1000,"height":600,"caption":"Guatevision"},"image":{"@id":"https:\/\/prensalibre-com-develop.go-vip.co\/guatevision\/#\/schema\/logo\/image\/"}}]}},"jetpack_sharing_enabled":true,"_links":{"self":[{"href":"https:\/\/prensalibre-com-develop.go-vip.co\/guatevision\/wp-json\/wp\/v2\/post-noticias\/254491","targetHints":{"allow":["GET"]}}],"collection":[{"href":"https:\/\/prensalibre-com-develop.go-vip.co\/guatevision\/wp-json\/wp\/v2\/post-noticias"}],"about":[{"href":"https:\/\/prensalibre-com-develop.go-vip.co\/guatevision\/wp-json\/wp\/v2\/types\/post-noticias"}],"author":[{"embeddable":true,"href":"https:\/\/prensalibre-com-develop.go-vip.co\/guatevision\/wp-json\/wp\/v2\/users\/71"}],"version-history":[{"count":0,"href":"https:\/\/prensalibre-com-develop.go-vip.co\/guatevision\/wp-json\/wp\/v2\/post-noticias\/254491\/revisions"}],"wp:featuredmedia":[{"embeddable":true,"href":"https:\/\/prensalibre-com-develop.go-vip.co\/guatevision\/wp-json\/wp\/v2\/media\/254493"}],"wp:attachment":[{"href":"https:\/\/prensalibre-com-develop.go-vip.co\/guatevision\/wp-json\/wp\/v2\/media?parent=254491"}],"wp:term":[{"taxonomy":"etiqueta","embeddable":true,"href":"https:\/\/prensalibre-com-develop.go-vip.co\/guatevision\/wp-json\/wp\/v2\/etiqueta?post=254491"}],"curies":[{"name":"wp","href":"https:\/\/api.w.org\/{rel}","templated":true}]}}