{"id":257958,"date":"2019-02-15T14:00:36","date_gmt":"2019-02-15T20:00:36","guid":{"rendered":"https:\/\/prensalibre-com-develop.go-vip.co\/guatevision\/?post_type=post-noticias&#038;p=257958"},"modified":"2019-02-15T15:00:40","modified_gmt":"2019-02-15T21:00:40","slug":"keylor-navas-encabezara","status":"publish","type":"post-noticias","link":"https:\/\/prensalibre-com-develop.go-vip.co\/guatevision\/noticias\/deportes\/keylor-navas-encabezara","title":{"rendered":"Keylor Navas ha aceptado jugar contra Guatemala"},"content":{"rendered":"<p>Keylor Navas portero y figura del Real Madrid encabezar\u00e1 la n\u00f3mina de jugadores estelares que presentar\u00e1 Costa\u00a0 Rica para sus amistosos de la fecha FIFA del mes de marzo.<\/p>\n\n<p>Junto a Navas estar\u00edan participan Bryan Ruiz del Santos de Brasil y Joel Campbell del Le\u00f3n de M\u00e9xico, seg\u00fan confirm\u00f3 el propio t\u00e9cnico de la tricolor tica.<\/p>\n<p>El Diario La Naci\u00f3n de Costa Rica confirm\u00f3 que los jugadores sostuvieron comunicaci\u00f3n telef\u00f3nica con el entrenador Gustavo Matosas y los tres aceptaron.<\/p>\n<p>As\u00ed mismo estar\u00edan participando en el segundo juego del 26, ante Jamaica; el cual se disputar\u00e1 en la capital costarricense.<\/p>\n<p>&nbsp;<\/p>\n<h3>Keylor la figura.<\/h3>\n<p>En Guatemala ha existido gran expectativa por la inclusi\u00f3n de Navas en el amistoso contra la Bicolor, especialmente en la gran cantidad de seguidores del Real Madrid<\/p>\n<p>Sobre todo por el significado que presenta haber ganando tres Ligas de Campeones de Europa con el\u00a0 equipo espa\u00f1ol.<\/p>\n<p>&nbsp;<\/p>\n<h5>Contenido relacionado:<\/h5>\n<h5><a href=\"https:\/\/prensalibre-com-develop.go-vip.co\/guatevision\/noticias\/deportes\/carlos-ruiz-ya-le-anoto\/\">Carlos Ru\u00edz y los tres goles que le anot\u00f3 a Keylor Navas [VIDEO]<\/a><\/h5>\n<p>&nbsp;<\/p>\n<h3>Guatemala y su preparaci\u00f3n.<\/h3>\n<p>El bicolor hasta el momento ha confirmado dos amistosos para el 2019, ante El Salvador y Costa Rica respectivamente.<\/p>\n<p>Ante los &#8220;guanacos&#8221; el mismo tendr\u00e1 lugar el mi\u00e9rcoles 6 marzo en Los \u00c1ngeles, Californa Estados Unidos.<\/p>\n<p>As\u00ed mismo ante los &#8220;ticos&#8221; el viernes 22 a partir de las 7 de la noche en el Estadio Nacional Doroteo Guamuche Flores de la capital guatemalteca.<\/p>\n<p>&nbsp;<\/p>\n<p>&nbsp;<\/p>\n","protected":false},"excerpt":{"rendered":"<p>As\u00ed mismo estar\u00edan participando en el segundo juego del 26, ante Jamaica; el cual se disputar\u00e1 en la capital costarricense.<\/p>\n","protected":false},"author":71,"featured_media":247847,"template":"","etiqueta":[25156,127,108,32902,23149],"class_list":["post-257958","post-noticias","type-post-noticias","status-publish","has-post-thumbnail","hentry","categoria-post-noticias-deportes","etiqueta-bryan-ruiz","etiqueta-costa-rica","etiqueta-guatemala","etiqueta-joel-campbell","etiqueta-keylor-navas"],"yoast_head":"<!-- This site is optimized with the Yoast SEO plugin v23.9 - https:\/\/yoast.com\/wordpress\/plugins\/seo\/ -->\n<title>Keylor Navas encabezar\u00e1 la n\u00f3mina de lujo tica, ante Guatemala<\/title>\n<meta name=\"description\" content=\"Keylor Navas portero y figura del Real Madrid encabezar\u00e1 la n\u00f3mina de jugadores estelares que presentar\u00e1 Costa\u00a0 Rica para sus amistosos de mes de marzo.\" \/>\n<meta name=\"robots\" content=\"index, follow, max-snippet:-1, max-image-preview:large, max-video-preview:-1\" \/>\n<link rel=\"canonical\" href=\"https:\/\/prensalibre-com-develop.go-vip.co\/guatevision\/noticias\/deportes\/keylor-navas-encabezara\" \/>\n<meta property=\"og:locale\" content=\"es_ES\" \/>\n<meta property=\"og:type\" content=\"article\" \/>\n<meta property=\"og:title\" content=\"Keylor Navas encabezar\u00e1 la n\u00f3mina de lujo tica, ante Guatemala\" \/>\n<meta property=\"og:description\" content=\"Keylor Navas portero y figura del Real Madrid encabezar\u00e1 la n\u00f3mina de jugadores estelares que presentar\u00e1 Costa\u00a0 Rica para sus amistosos de mes de marzo.\" \/>\n<meta property=\"og:url\" content=\"https:\/\/prensalibre-com-develop.go-vip.co\/guatevision\/noticias\/deportes\/keylor-navas-encabezara\" \/>\n<meta property=\"og:site_name\" content=\"Guatevision\" \/>\n<meta property=\"article:modified_time\" content=\"2019-02-15T21:00:40+00:00\" \/>\n<meta property=\"og:image\" content=\"https:\/\/prensalibre-com-develop.go-vip.co\/guatevision\/wp-content\/uploads\/sites\/2\/2018\/12\/Keylor-Navas.jpg?quality=82\" \/>\n\t<meta property=\"og:image:width\" content=\"768\" \/>\n\t<meta property=\"og:image:height\" content=\"512\" \/>\n\t<meta property=\"og:image:type\" content=\"image\/jpeg\" \/>\n<meta name=\"twitter:card\" content=\"summary_large_image\" \/>\n<meta name=\"twitter:label1\" content=\"Est. reading time\" \/>\n\t<meta name=\"twitter:data1\" content=\"1 minute\" \/>\n<script type=\"application\/ld+json\" class=\"yoast-schema-graph\">{\"@context\":\"https:\/\/schema.org\",\"@graph\":[{\"@type\":\"WebPage\",\"@id\":\"https:\/\/prensalibre-com-develop.go-vip.co\/guatevision\/noticias\/deportes\/keylor-navas-encabezara\",\"url\":\"https:\/\/prensalibre-com-develop.go-vip.co\/guatevision\/noticias\/deportes\/keylor-navas-encabezara\",\"name\":\"Keylor Navas encabezar\u00e1 la n\u00f3mina de lujo tica, ante Guatemala\",\"isPartOf\":{\"@id\":\"https:\/\/prensalibre-com-develop.go-vip.co\/guatevision\/#website\"},\"primaryImageOfPage\":{\"@id\":\"https:\/\/prensalibre-com-develop.go-vip.co\/guatevision\/noticias\/deportes\/keylor-navas-encabezara#primaryimage\"},\"image\":{\"@id\":\"https:\/\/prensalibre-com-develop.go-vip.co\/guatevision\/noticias\/deportes\/keylor-navas-encabezara#primaryimage\"},\"thumbnailUrl\":\"https:\/\/prensalibre-com-develop.go-vip.co\/guatevision\/wp-content\/uploads\/sites\/2\/2018\/12\/Keylor-Navas.jpg?quality=82\",\"datePublished\":\"2019-02-15T20:00:36+00:00\",\"dateModified\":\"2019-02-15T21:00:40+00:00\",\"description\":\"Keylor Navas portero y figura del Real Madrid encabezar\u00e1 la n\u00f3mina de jugadores estelares que presentar\u00e1 Costa\u00a0 Rica para sus amistosos de mes de marzo.\",\"inLanguage\":\"es-GT\",\"potentialAction\":[{\"@type\":\"ReadAction\",\"target\":[\"https:\/\/prensalibre-com-develop.go-vip.co\/guatevision\/noticias\/deportes\/keylor-navas-encabezara\"]}]},{\"@type\":\"ImageObject\",\"inLanguage\":\"es-GT\",\"@id\":\"https:\/\/prensalibre-com-develop.go-vip.co\/guatevision\/noticias\/deportes\/keylor-navas-encabezara#primaryimage\",\"url\":\"https:\/\/prensalibre-com-develop.go-vip.co\/guatevision\/wp-content\/uploads\/sites\/2\/2018\/12\/Keylor-Navas.jpg?quality=82\",\"contentUrl\":\"https:\/\/prensalibre-com-develop.go-vip.co\/guatevision\/wp-content\/uploads\/sites\/2\/2018\/12\/Keylor-Navas.jpg?quality=82\",\"width\":768,\"height\":512,\"caption\":\"Real Madrid's Costa Rican goalkeeper Keylor Navas warms up before the Spanish League football match between Real Madrid and Rayo Vallecano at the Santiago Bernabeu stadium in Madrid on December 15, 2018. (Photo by GABRIEL BOUYS \/ AFP)\"},{\"@type\":\"WebSite\",\"@id\":\"https:\/\/prensalibre-com-develop.go-vip.co\/guatevision\/#website\",\"url\":\"https:\/\/prensalibre-com-develop.go-vip.co\/guatevision\/\",\"name\":\"Guatevision\",\"description\":\"\u00a1Enciende Lo Bueno!\",\"publisher\":{\"@id\":\"https:\/\/prensalibre-com-develop.go-vip.co\/guatevision\/#organization\"},\"potentialAction\":[{\"@type\":\"SearchAction\",\"target\":{\"@type\":\"EntryPoint\",\"urlTemplate\":\"https:\/\/prensalibre-com-develop.go-vip.co\/guatevision\/?s={search_term_string}\"},\"query-input\":{\"@type\":\"PropertyValueSpecification\",\"valueRequired\":true,\"valueName\":\"search_term_string\"}}],\"inLanguage\":\"es-GT\"},{\"@type\":\"Organization\",\"@id\":\"https:\/\/prensalibre-com-develop.go-vip.co\/guatevision\/#organization\",\"name\":\"Guatevision\",\"url\":\"https:\/\/prensalibre-com-develop.go-vip.co\/guatevision\/\",\"logo\":{\"@type\":\"ImageObject\",\"inLanguage\":\"es-GT\",\"@id\":\"https:\/\/prensalibre-com-develop.go-vip.co\/guatevision\/#\/schema\/logo\/image\/\",\"url\":\"https:\/\/prensalibre-com-develop.go-vip.co\/guatevision\/wp-content\/uploads\/sites\/2\/2026\/04\/Diseno-sin-titulo.png?quality=82\",\"contentUrl\":\"https:\/\/prensalibre-com-develop.go-vip.co\/guatevision\/wp-content\/uploads\/sites\/2\/2026\/04\/Diseno-sin-titulo.png?quality=82\",\"width\":1000,\"height\":600,\"caption\":\"Guatevision\"},\"image\":{\"@id\":\"https:\/\/prensalibre-com-develop.go-vip.co\/guatevision\/#\/schema\/logo\/image\/\"}}]}<\/script>\n<!-- \/ Yoast SEO plugin. -->","yoast_head_json":{"title":"Keylor Navas encabezar\u00e1 la n\u00f3mina de lujo tica, ante Guatemala","description":"Keylor Navas portero y figura del Real Madrid encabezar\u00e1 la n\u00f3mina de jugadores estelares que presentar\u00e1 Costa\u00a0 Rica para sus amistosos de mes de marzo.","robots":{"index":"index","follow":"follow","max-snippet":"max-snippet:-1","max-image-preview":"max-image-preview:large","max-video-preview":"max-video-preview:-1"},"canonical":"https:\/\/prensalibre-com-develop.go-vip.co\/guatevision\/noticias\/deportes\/keylor-navas-encabezara","og_locale":"es_ES","og_type":"article","og_title":"Keylor Navas encabezar\u00e1 la n\u00f3mina de lujo tica, ante Guatemala","og_description":"Keylor Navas portero y figura del Real Madrid encabezar\u00e1 la n\u00f3mina de jugadores estelares que presentar\u00e1 Costa\u00a0 Rica para sus amistosos de mes de marzo.","og_url":"https:\/\/prensalibre-com-develop.go-vip.co\/guatevision\/noticias\/deportes\/keylor-navas-encabezara","og_site_name":"Guatevision","article_modified_time":"2019-02-15T21:00:40+00:00","og_image":[{"width":768,"height":512,"url":"https:\/\/prensalibre-com-develop.go-vip.co\/guatevision\/wp-content\/uploads\/sites\/2\/2018\/12\/Keylor-Navas.jpg?quality=82","type":"image\/jpeg"}],"twitter_card":"summary_large_image","twitter_misc":{"Est. reading time":"1 minute"},"schema":{"@context":"https:\/\/schema.org","@graph":[{"@type":"WebPage","@id":"https:\/\/prensalibre-com-develop.go-vip.co\/guatevision\/noticias\/deportes\/keylor-navas-encabezara","url":"https:\/\/prensalibre-com-develop.go-vip.co\/guatevision\/noticias\/deportes\/keylor-navas-encabezara","name":"Keylor Navas encabezar\u00e1 la n\u00f3mina de lujo tica, ante Guatemala","isPartOf":{"@id":"https:\/\/prensalibre-com-develop.go-vip.co\/guatevision\/#website"},"primaryImageOfPage":{"@id":"https:\/\/prensalibre-com-develop.go-vip.co\/guatevision\/noticias\/deportes\/keylor-navas-encabezara#primaryimage"},"image":{"@id":"https:\/\/prensalibre-com-develop.go-vip.co\/guatevision\/noticias\/deportes\/keylor-navas-encabezara#primaryimage"},"thumbnailUrl":"https:\/\/prensalibre-com-develop.go-vip.co\/guatevision\/wp-content\/uploads\/sites\/2\/2018\/12\/Keylor-Navas.jpg?quality=82","datePublished":"2019-02-15T20:00:36+00:00","dateModified":"2019-02-15T21:00:40+00:00","description":"Keylor Navas portero y figura del Real Madrid encabezar\u00e1 la n\u00f3mina de jugadores estelares que presentar\u00e1 Costa\u00a0 Rica para sus amistosos de mes de marzo.","inLanguage":"es-GT","potentialAction":[{"@type":"ReadAction","target":["https:\/\/prensalibre-com-develop.go-vip.co\/guatevision\/noticias\/deportes\/keylor-navas-encabezara"]}]},{"@type":"ImageObject","inLanguage":"es-GT","@id":"https:\/\/prensalibre-com-develop.go-vip.co\/guatevision\/noticias\/deportes\/keylor-navas-encabezara#primaryimage","url":"https:\/\/prensalibre-com-develop.go-vip.co\/guatevision\/wp-content\/uploads\/sites\/2\/2018\/12\/Keylor-Navas.jpg?quality=82","contentUrl":"https:\/\/prensalibre-com-develop.go-vip.co\/guatevision\/wp-content\/uploads\/sites\/2\/2018\/12\/Keylor-Navas.jpg?quality=82","width":768,"height":512,"caption":"Real Madrid's Costa Rican goalkeeper Keylor Navas warms up before the Spanish League football match between Real Madrid and Rayo Vallecano at the Santiago Bernabeu stadium in Madrid on December 15, 2018. (Photo by GABRIEL BOUYS \/ AFP)"},{"@type":"WebSite","@id":"https:\/\/prensalibre-com-develop.go-vip.co\/guatevision\/#website","url":"https:\/\/prensalibre-com-develop.go-vip.co\/guatevision\/","name":"Guatevision","description":"\u00a1Enciende Lo Bueno!","publisher":{"@id":"https:\/\/prensalibre-com-develop.go-vip.co\/guatevision\/#organization"},"potentialAction":[{"@type":"SearchAction","target":{"@type":"EntryPoint","urlTemplate":"https:\/\/prensalibre-com-develop.go-vip.co\/guatevision\/?s={search_term_string}"},"query-input":{"@type":"PropertyValueSpecification","valueRequired":true,"valueName":"search_term_string"}}],"inLanguage":"es-GT"},{"@type":"Organization","@id":"https:\/\/prensalibre-com-develop.go-vip.co\/guatevision\/#organization","name":"Guatevision","url":"https:\/\/prensalibre-com-develop.go-vip.co\/guatevision\/","logo":{"@type":"ImageObject","inLanguage":"es-GT","@id":"https:\/\/prensalibre-com-develop.go-vip.co\/guatevision\/#\/schema\/logo\/image\/","url":"https:\/\/prensalibre-com-develop.go-vip.co\/guatevision\/wp-content\/uploads\/sites\/2\/2026\/04\/Diseno-sin-titulo.png?quality=82","contentUrl":"https:\/\/prensalibre-com-develop.go-vip.co\/guatevision\/wp-content\/uploads\/sites\/2\/2026\/04\/Diseno-sin-titulo.png?quality=82","width":1000,"height":600,"caption":"Guatevision"},"image":{"@id":"https:\/\/prensalibre-com-develop.go-vip.co\/guatevision\/#\/schema\/logo\/image\/"}}]}},"jetpack_sharing_enabled":true,"_links":{"self":[{"href":"https:\/\/prensalibre-com-develop.go-vip.co\/guatevision\/wp-json\/wp\/v2\/post-noticias\/257958","targetHints":{"allow":["GET"]}}],"collection":[{"href":"https:\/\/prensalibre-com-develop.go-vip.co\/guatevision\/wp-json\/wp\/v2\/post-noticias"}],"about":[{"href":"https:\/\/prensalibre-com-develop.go-vip.co\/guatevision\/wp-json\/wp\/v2\/types\/post-noticias"}],"author":[{"embeddable":true,"href":"https:\/\/prensalibre-com-develop.go-vip.co\/guatevision\/wp-json\/wp\/v2\/users\/71"}],"version-history":[{"count":0,"href":"https:\/\/prensalibre-com-develop.go-vip.co\/guatevision\/wp-json\/wp\/v2\/post-noticias\/257958\/revisions"}],"wp:featuredmedia":[{"embeddable":true,"href":"https:\/\/prensalibre-com-develop.go-vip.co\/guatevision\/wp-json\/wp\/v2\/media\/247847"}],"wp:attachment":[{"href":"https:\/\/prensalibre-com-develop.go-vip.co\/guatevision\/wp-json\/wp\/v2\/media?parent=257958"}],"wp:term":[{"taxonomy":"etiqueta","embeddable":true,"href":"https:\/\/prensalibre-com-develop.go-vip.co\/guatevision\/wp-json\/wp\/v2\/etiqueta?post=257958"}],"curies":[{"name":"wp","href":"https:\/\/api.w.org\/{rel}","templated":true}]}}