{"id":262604,"date":"2019-03-13T14:31:08","date_gmt":"2019-03-13T20:31:08","guid":{"rendered":"https:\/\/prensalibre-com-develop.go-vip.co\/guatevision\/?post_type=post-noticias&#038;p=262604"},"modified":"2019-03-13T15:49:43","modified_gmt":"2019-03-13T21:49:43","slug":"seleccion-concluye-primer","status":"publish","type":"post-noticias","link":"https:\/\/prensalibre-com-develop.go-vip.co\/guatevision\/noticias\/deportes\/seleccion-concluye-primer","title":{"rendered":"Selecci\u00f3n concluye primer microciclo de Amarini"},"content":{"rendered":"<p>Selecci\u00f3n mayor de f\u00fatbol finaliz\u00f3 el primer microciclo de trabajo al mando de Amarini Villatoro, t\u00e9cnico interino y responsable de dirigir el juego amistoso internacional de fecha FIFA del mes de marzo.<\/p>\n\n<p>Villatoro realiz\u00f3 f\u00fatbol done prob\u00f3 varias alineaciones y en alto porcentaje defini\u00f3 al equipo que me enfrentar\u00e1 a los costarricenses el pr\u00f3ximo viernes 22 de marzo.<\/p>\n<p>Manteniendo su propio esquema de trabajo que ha manejado con el bicampe\u00f3n Guastatoya, el cobanero apostar\u00e1 a m\u00e1s control de pelota de la media cancha para atr\u00e1s.<\/p>\n<p>As\u00ed mismo usando un solo jugador en la l\u00ednea del ataque y dos ofensivos por las bandas.<\/p>\n<p>Nichol\u00e1s Hagen portero de Municipal ser\u00e1 el portero titular, de existir un segundo juego Manuel Sosa o Jos\u00e9 Carlos Garc\u00eda podr\u00edan tener oportunidad.<\/p>\n<p>EN la zona defensiva, en el equipo A us\u00f3 a Carlos Gallardo, Manuel L\u00f3pez, Jos\u00e9 Pinto, as\u00ed mismo Eduardo Soto y Wilson Pineda por izquierda y derecha respectivamente.<\/p>\n<p>Los volantes, Jos\u00e9 Manuel Contreras, Alejandro Galindo, Rodrigo Saravia; as\u00ed mismo Jhon M\u00e9ndez y Jorge Vargas por las bandas.<\/p>\n<p>Rob\u00edn Betancourt fue el \u00fanico delantero que us\u00f3 en una pr\u00e1ctica de 30 minutos aproximadamente en la cancha principal del Proyecto Gol.<\/p>\n<p>&nbsp;<\/p>\n<h3>Selecci\u00f3n y los cambios<\/h3>\n<p>En el segundo periodo, comenzaron las variantes de Amarini, siendo la delantera donde Betancourt le cedi\u00f3 su lugar a Edi Guerra.<\/p>\n<p>As\u00ed mismo Carlos Alvarado reemplaz\u00f3 a Rodrigo Saravia en la media cancha para hacer pareja con Jos\u00e9 Manuel Contreras.<\/p>\n<p>Adem\u00e1s Luis Mart\u00ednez reemplaz\u00f3 a Alejandro Galindo; minutos despu\u00e9s, Saravia hizo pareja con Jorge Aparicio y Rafael Gonz\u00e1lez sustituy\u00f3 a Pinto en la defensa.<\/p>\n<p>Finalmente la bicolor termin\u00f3 jugando con Hagen, Gallardo, Manuel L\u00f3pez, Rafa Gonz\u00e1lez, Wilson Pineda y Eduardo Soto, as\u00ed mismo Aparicio, Saravia, Luis Mart\u00ednez, Jorge Vargas y Edi Guerra.<\/p>\n<p>&nbsp;<\/p>\n<p><strong>Variante<\/strong>.<\/p>\n<p>Seg\u00fan expuso Amarini, la n\u00f3mina para enfrentar a Costa Rica ser\u00e1 reducida a 20 jugadores; donde quedar\u00e1n al margen 6 y darle cabida al defensa Allen Yanes quien juega New York Red Bulls II de la USL<\/p>\n<p>Adem\u00e1s aun falta considerar la evoluci\u00f3n de los jugadores Stefano Cincotta y Jos\u00e9 &#8220;la to\u00f1a&#8221; M\u00e1rquez quienes han realizado un trabajo diferenciado este mi\u00e9rcoles.<\/p>\n<p>Guatemala se medir\u00e1 a Costa Rica en el primer amistoso oficial del 2019, el mismo se disputar\u00e1 el viernes 22 de marzo a partir de las 19:00 horas en el Estadio Nacional Doroteo Guamuche Flores.<\/p>\n","protected":false},"excerpt":{"rendered":"","protected":false},"author":71,"featured_media":262606,"template":"","etiqueta":[24323,127,31457,67,22662],"class_list":["post-262604","post-noticias","type-post-noticias","status-publish","has-post-thumbnail","hentry","categoria-post-noticias-deportes","etiqueta-amarini-villatoro","etiqueta-costa-rica","etiqueta-fecha-fifa","etiqueta-futbol-guatemala","etiqueta-seleccion-guatemala"],"yoast_head":"<!-- This site is optimized with the Yoast SEO plugin v23.9 - https:\/\/yoast.com\/wordpress\/plugins\/seo\/ -->\n<title>Selecci\u00f3n concluye primer microciclo de Amarini Villatoro<\/title>\n<meta name=\"description\" content=\"Selecci\u00f3n finaliz\u00f3 el primer microciclo de trabajo al mando de Amarini Villatoro, t\u00e9cnico interino y responsable de dirigir el juego de fecha FIFA\" \/>\n<meta name=\"robots\" content=\"index, follow, max-snippet:-1, max-image-preview:large, max-video-preview:-1\" \/>\n<link rel=\"canonical\" href=\"https:\/\/prensalibre-com-develop.go-vip.co\/guatevision\/noticias\/deportes\/seleccion-concluye-primer\" \/>\n<meta property=\"og:locale\" content=\"es_ES\" \/>\n<meta property=\"og:type\" content=\"article\" \/>\n<meta property=\"og:title\" content=\"Selecci\u00f3n concluye primer microciclo de Amarini Villatoro\" \/>\n<meta property=\"og:description\" content=\"Selecci\u00f3n finaliz\u00f3 el primer microciclo de trabajo al mando de Amarini Villatoro, t\u00e9cnico interino y responsable de dirigir el juego de fecha FIFA\" \/>\n<meta property=\"og:url\" content=\"https:\/\/prensalibre-com-develop.go-vip.co\/guatevision\/noticias\/deportes\/seleccion-concluye-primer\" \/>\n<meta property=\"og:site_name\" content=\"Guatevision\" \/>\n<meta property=\"article:modified_time\" content=\"2019-03-13T21:49:43+00:00\" \/>\n<meta property=\"og:image\" content=\"https:\/\/prensalibre-com-develop.go-vip.co\/guatevision\/wp-content\/uploads\/sites\/2\/2019\/03\/D1j07eqWoAAoTwK.jpg?quality=82\" \/>\n\t<meta property=\"og:image:width\" content=\"1200\" \/>\n\t<meta property=\"og:image:height\" content=\"800\" \/>\n\t<meta property=\"og:image:type\" content=\"image\/jpeg\" \/>\n<meta name=\"twitter:card\" content=\"summary_large_image\" \/>\n<meta name=\"twitter:label1\" content=\"Est. reading time\" \/>\n\t<meta name=\"twitter:data1\" content=\"2 minutes\" \/>\n<script type=\"application\/ld+json\" class=\"yoast-schema-graph\">{\"@context\":\"https:\/\/schema.org\",\"@graph\":[{\"@type\":\"WebPage\",\"@id\":\"https:\/\/prensalibre-com-develop.go-vip.co\/guatevision\/noticias\/deportes\/seleccion-concluye-primer\",\"url\":\"https:\/\/prensalibre-com-develop.go-vip.co\/guatevision\/noticias\/deportes\/seleccion-concluye-primer\",\"name\":\"Selecci\u00f3n concluye primer microciclo de Amarini Villatoro\",\"isPartOf\":{\"@id\":\"https:\/\/prensalibre-com-develop.go-vip.co\/guatevision\/#website\"},\"primaryImageOfPage\":{\"@id\":\"https:\/\/prensalibre-com-develop.go-vip.co\/guatevision\/noticias\/deportes\/seleccion-concluye-primer#primaryimage\"},\"image\":{\"@id\":\"https:\/\/prensalibre-com-develop.go-vip.co\/guatevision\/noticias\/deportes\/seleccion-concluye-primer#primaryimage\"},\"thumbnailUrl\":\"https:\/\/prensalibre-com-develop.go-vip.co\/guatevision\/wp-content\/uploads\/sites\/2\/2019\/03\/D1j07eqWoAAoTwK.jpg?quality=82\",\"datePublished\":\"2019-03-13T20:31:08+00:00\",\"dateModified\":\"2019-03-13T21:49:43+00:00\",\"description\":\"Selecci\u00f3n finaliz\u00f3 el primer microciclo de trabajo al mando de Amarini Villatoro, t\u00e9cnico interino y responsable de dirigir el juego de fecha FIFA\",\"inLanguage\":\"es-GT\",\"potentialAction\":[{\"@type\":\"ReadAction\",\"target\":[\"https:\/\/prensalibre-com-develop.go-vip.co\/guatevision\/noticias\/deportes\/seleccion-concluye-primer\"]}]},{\"@type\":\"ImageObject\",\"inLanguage\":\"es-GT\",\"@id\":\"https:\/\/prensalibre-com-develop.go-vip.co\/guatevision\/noticias\/deportes\/seleccion-concluye-primer#primaryimage\",\"url\":\"https:\/\/prensalibre-com-develop.go-vip.co\/guatevision\/wp-content\/uploads\/sites\/2\/2019\/03\/D1j07eqWoAAoTwK.jpg?quality=82\",\"contentUrl\":\"https:\/\/prensalibre-com-develop.go-vip.co\/guatevision\/wp-content\/uploads\/sites\/2\/2019\/03\/D1j07eqWoAAoTwK.jpg?quality=82\",\"width\":1200,\"height\":800,\"caption\":\"Foto: Fedefut\"},{\"@type\":\"WebSite\",\"@id\":\"https:\/\/prensalibre-com-develop.go-vip.co\/guatevision\/#website\",\"url\":\"https:\/\/prensalibre-com-develop.go-vip.co\/guatevision\/\",\"name\":\"Guatevision\",\"description\":\"\u00a1Enciende Lo Bueno!\",\"publisher\":{\"@id\":\"https:\/\/prensalibre-com-develop.go-vip.co\/guatevision\/#organization\"},\"potentialAction\":[{\"@type\":\"SearchAction\",\"target\":{\"@type\":\"EntryPoint\",\"urlTemplate\":\"https:\/\/prensalibre-com-develop.go-vip.co\/guatevision\/?s={search_term_string}\"},\"query-input\":{\"@type\":\"PropertyValueSpecification\",\"valueRequired\":true,\"valueName\":\"search_term_string\"}}],\"inLanguage\":\"es-GT\"},{\"@type\":\"Organization\",\"@id\":\"https:\/\/prensalibre-com-develop.go-vip.co\/guatevision\/#organization\",\"name\":\"Guatevision\",\"url\":\"https:\/\/prensalibre-com-develop.go-vip.co\/guatevision\/\",\"logo\":{\"@type\":\"ImageObject\",\"inLanguage\":\"es-GT\",\"@id\":\"https:\/\/prensalibre-com-develop.go-vip.co\/guatevision\/#\/schema\/logo\/image\/\",\"url\":\"https:\/\/prensalibre-com-develop.go-vip.co\/guatevision\/wp-content\/uploads\/sites\/2\/2026\/04\/Diseno-sin-titulo.png?quality=82\",\"contentUrl\":\"https:\/\/prensalibre-com-develop.go-vip.co\/guatevision\/wp-content\/uploads\/sites\/2\/2026\/04\/Diseno-sin-titulo.png?quality=82\",\"width\":1000,\"height\":600,\"caption\":\"Guatevision\"},\"image\":{\"@id\":\"https:\/\/prensalibre-com-develop.go-vip.co\/guatevision\/#\/schema\/logo\/image\/\"}}]}<\/script>\n<!-- \/ Yoast SEO plugin. -->","yoast_head_json":{"title":"Selecci\u00f3n concluye primer microciclo de Amarini Villatoro","description":"Selecci\u00f3n finaliz\u00f3 el primer microciclo de trabajo al mando de Amarini Villatoro, t\u00e9cnico interino y responsable de dirigir el juego de fecha FIFA","robots":{"index":"index","follow":"follow","max-snippet":"max-snippet:-1","max-image-preview":"max-image-preview:large","max-video-preview":"max-video-preview:-1"},"canonical":"https:\/\/prensalibre-com-develop.go-vip.co\/guatevision\/noticias\/deportes\/seleccion-concluye-primer","og_locale":"es_ES","og_type":"article","og_title":"Selecci\u00f3n concluye primer microciclo de Amarini Villatoro","og_description":"Selecci\u00f3n finaliz\u00f3 el primer microciclo de trabajo al mando de Amarini Villatoro, t\u00e9cnico interino y responsable de dirigir el juego de fecha FIFA","og_url":"https:\/\/prensalibre-com-develop.go-vip.co\/guatevision\/noticias\/deportes\/seleccion-concluye-primer","og_site_name":"Guatevision","article_modified_time":"2019-03-13T21:49:43+00:00","og_image":[{"width":1200,"height":800,"url":"https:\/\/prensalibre-com-develop.go-vip.co\/guatevision\/wp-content\/uploads\/sites\/2\/2019\/03\/D1j07eqWoAAoTwK.jpg?quality=82","type":"image\/jpeg"}],"twitter_card":"summary_large_image","twitter_misc":{"Est. reading time":"2 minutes"},"schema":{"@context":"https:\/\/schema.org","@graph":[{"@type":"WebPage","@id":"https:\/\/prensalibre-com-develop.go-vip.co\/guatevision\/noticias\/deportes\/seleccion-concluye-primer","url":"https:\/\/prensalibre-com-develop.go-vip.co\/guatevision\/noticias\/deportes\/seleccion-concluye-primer","name":"Selecci\u00f3n concluye primer microciclo de Amarini Villatoro","isPartOf":{"@id":"https:\/\/prensalibre-com-develop.go-vip.co\/guatevision\/#website"},"primaryImageOfPage":{"@id":"https:\/\/prensalibre-com-develop.go-vip.co\/guatevision\/noticias\/deportes\/seleccion-concluye-primer#primaryimage"},"image":{"@id":"https:\/\/prensalibre-com-develop.go-vip.co\/guatevision\/noticias\/deportes\/seleccion-concluye-primer#primaryimage"},"thumbnailUrl":"https:\/\/prensalibre-com-develop.go-vip.co\/guatevision\/wp-content\/uploads\/sites\/2\/2019\/03\/D1j07eqWoAAoTwK.jpg?quality=82","datePublished":"2019-03-13T20:31:08+00:00","dateModified":"2019-03-13T21:49:43+00:00","description":"Selecci\u00f3n finaliz\u00f3 el primer microciclo de trabajo al mando de Amarini Villatoro, t\u00e9cnico interino y responsable de dirigir el juego de fecha FIFA","inLanguage":"es-GT","potentialAction":[{"@type":"ReadAction","target":["https:\/\/prensalibre-com-develop.go-vip.co\/guatevision\/noticias\/deportes\/seleccion-concluye-primer"]}]},{"@type":"ImageObject","inLanguage":"es-GT","@id":"https:\/\/prensalibre-com-develop.go-vip.co\/guatevision\/noticias\/deportes\/seleccion-concluye-primer#primaryimage","url":"https:\/\/prensalibre-com-develop.go-vip.co\/guatevision\/wp-content\/uploads\/sites\/2\/2019\/03\/D1j07eqWoAAoTwK.jpg?quality=82","contentUrl":"https:\/\/prensalibre-com-develop.go-vip.co\/guatevision\/wp-content\/uploads\/sites\/2\/2019\/03\/D1j07eqWoAAoTwK.jpg?quality=82","width":1200,"height":800,"caption":"Foto: Fedefut"},{"@type":"WebSite","@id":"https:\/\/prensalibre-com-develop.go-vip.co\/guatevision\/#website","url":"https:\/\/prensalibre-com-develop.go-vip.co\/guatevision\/","name":"Guatevision","description":"\u00a1Enciende Lo Bueno!","publisher":{"@id":"https:\/\/prensalibre-com-develop.go-vip.co\/guatevision\/#organization"},"potentialAction":[{"@type":"SearchAction","target":{"@type":"EntryPoint","urlTemplate":"https:\/\/prensalibre-com-develop.go-vip.co\/guatevision\/?s={search_term_string}"},"query-input":{"@type":"PropertyValueSpecification","valueRequired":true,"valueName":"search_term_string"}}],"inLanguage":"es-GT"},{"@type":"Organization","@id":"https:\/\/prensalibre-com-develop.go-vip.co\/guatevision\/#organization","name":"Guatevision","url":"https:\/\/prensalibre-com-develop.go-vip.co\/guatevision\/","logo":{"@type":"ImageObject","inLanguage":"es-GT","@id":"https:\/\/prensalibre-com-develop.go-vip.co\/guatevision\/#\/schema\/logo\/image\/","url":"https:\/\/prensalibre-com-develop.go-vip.co\/guatevision\/wp-content\/uploads\/sites\/2\/2026\/04\/Diseno-sin-titulo.png?quality=82","contentUrl":"https:\/\/prensalibre-com-develop.go-vip.co\/guatevision\/wp-content\/uploads\/sites\/2\/2026\/04\/Diseno-sin-titulo.png?quality=82","width":1000,"height":600,"caption":"Guatevision"},"image":{"@id":"https:\/\/prensalibre-com-develop.go-vip.co\/guatevision\/#\/schema\/logo\/image\/"}}]}},"jetpack_sharing_enabled":true,"_links":{"self":[{"href":"https:\/\/prensalibre-com-develop.go-vip.co\/guatevision\/wp-json\/wp\/v2\/post-noticias\/262604","targetHints":{"allow":["GET"]}}],"collection":[{"href":"https:\/\/prensalibre-com-develop.go-vip.co\/guatevision\/wp-json\/wp\/v2\/post-noticias"}],"about":[{"href":"https:\/\/prensalibre-com-develop.go-vip.co\/guatevision\/wp-json\/wp\/v2\/types\/post-noticias"}],"author":[{"embeddable":true,"href":"https:\/\/prensalibre-com-develop.go-vip.co\/guatevision\/wp-json\/wp\/v2\/users\/71"}],"version-history":[{"count":0,"href":"https:\/\/prensalibre-com-develop.go-vip.co\/guatevision\/wp-json\/wp\/v2\/post-noticias\/262604\/revisions"}],"wp:featuredmedia":[{"embeddable":true,"href":"https:\/\/prensalibre-com-develop.go-vip.co\/guatevision\/wp-json\/wp\/v2\/media\/262606"}],"wp:attachment":[{"href":"https:\/\/prensalibre-com-develop.go-vip.co\/guatevision\/wp-json\/wp\/v2\/media?parent=262604"}],"wp:term":[{"taxonomy":"etiqueta","embeddable":true,"href":"https:\/\/prensalibre-com-develop.go-vip.co\/guatevision\/wp-json\/wp\/v2\/etiqueta?post=262604"}],"curies":[{"name":"wp","href":"https:\/\/api.w.org\/{rel}","templated":true}]}}