{"id":263685,"date":"2019-03-19T13:10:37","date_gmt":"2019-03-19T19:10:37","guid":{"rendered":"https:\/\/prensalibre-com-develop.go-vip.co\/guatevision\/?post_type=post-noticias&#038;p=263685"},"modified":"2019-03-19T15:33:40","modified_gmt":"2019-03-19T21:33:40","slug":"amarini-villatoro","status":"publish","type":"post-noticias","link":"https:\/\/prensalibre-com-develop.go-vip.co\/guatevision\/noticias\/deportes\/amarini-villatoro","title":{"rendered":"Amarini Villatoro empieza a afinar su equipo titular"},"content":{"rendered":"<p>Amarini Villatoro ha empezado a afinar el equipo titular que buscar\u00e1 un buen resultado en su debut al frente de la selecci\u00f3n mayor de f\u00fatbol este viernes ante Costa Rica.<\/p>\n\n<p>Para sorpresa de la prensa, solo se les permiti\u00f3 el acceso los primeros 15 minutos este martes; donde el cobanero realiz\u00f3 f\u00fatbol t\u00e1ctico.<\/p>\n<p>Aunque desde el lunes hab\u00eda manifestado que solo el d\u00eda mi\u00e9rcoles se realizar\u00eda la pr\u00e1ctica sin acceso a los medios de comunicaci\u00f3n.<\/p>\n<p>Aunque seg\u00fan se ha comenzado a conocer, Villatoro mantendr\u00e1 la base del proceso anterior y lo que le ha funcionado con el bicampe\u00f3n Guastatoya.<\/p>\n<blockquote class=\"twitter-tweet\" data-width=\"500\" data-dnt=\"true\">\n<p lang=\"es\" dir=\"ltr\"><a href=\"https:\/\/twitter.com\/hashtag\/VamosGuate?src=hash&amp;ref_src=twsrc%5Etfw\">#VamosGuate<\/a> | Aunque el t\u00e9cnico Amarini Villatoro hab\u00eda dicho que las pr\u00e1cticas de la Sele ser\u00edan a puerta cerrada a partir del mi\u00e9rcoles, este martes cambi\u00f3 su plan y permiti\u00f3 el ingreso de los medios, solo los primeros 15 minutos. <a href=\"https:\/\/t.co\/XEGRiFEZtu\">pic.twitter.com\/XEGRiFEZtu<\/a><\/p>\n<p>&mdash; Francisco S\u00e1nchez (@Fsanchez_power) <a href=\"https:\/\/twitter.com\/Fsanchez_power\/status\/1108041455099170816?ref_src=twsrc%5Etfw\">March 19, 2019<\/a><\/p><\/blockquote>\n<p><script async src=\"https:\/\/platform.twitter.com\/widgets.js\" charset=\"utf-8\"><\/script><\/p>\n<p>Nichol\u00e1s Hagen como ya se hab\u00eda adelantado por el mismo t\u00e9cnico ser\u00e1 el portero titular ante Costa Rica este viernes.<\/p>\n<p>Su zona defensiva se mantendr\u00e1 con 3 centrales en una l\u00ednea de cinco, Carlos Gallardo, Manuel L\u00f3pez y Jos\u00e9 Pinto, adem\u00e1s Allen Yanes y Estefano Cincotta.<\/p>\n<p>La media cancha sin lugar a dudas estar\u00e1 como titular y capit\u00e1n Jos\u00e9 Manuel Contreras, adem\u00e1s; Alejandro Galindo y Rodrigo Saravia.<\/p>\n<p>Finalmente complementando una hipot\u00e9tica primer alineaci\u00f3n ser\u00eda Edi Guerra y Luis Mart\u00ednez.<\/p>\n<p>&nbsp;<\/p>\n<h5>Tambien te puede interesar:<\/h5>\n<h5><a href=\"https:\/\/prensalibre-com-develop.go-vip.co\/guatevision\/noticias\/deportes\/lionel-messi-centra-la-atencion\/\">Lionel Messi centra la atenci\u00f3n en el primer entrenamiento de Argentina<\/a><\/h5>\n<p>&nbsp;<\/p>\n<h3>Costa Rica el primer ex\u00e1men de Amarini.<\/h3>\n<p>A pesar que el t\u00e9cnico campe\u00f3n solo dirigir\u00e1 interinamente este compromiso, Costa Rica encabezados por el mundialista y triple campe\u00f3n de Champions Keylor Navas presenta una base considerable.<\/p>\n<p>Nueve jugadores que participaron en la pasada Copa del Mundo de la FIFA disputada en Rusia en el 2018 ha sido llamados por el uruguayo Gustavo Matosas<\/p>\n<p>&nbsp;<\/p>\n<h3>Segundo fogueo<\/h3>\n<p>El juego contra los costarricenses se disputar\u00e1 este viernes 22 de marzo en el Estadio Nacional Doroteo Guamuche Flores a partir de las 19:00 horas.<\/p>\n<p>As\u00ed mismo el segundo juego confirmado por la FEderaci\u00f3n ser\u00e1 ante Nicaragua el martes 26 de marzo en Estados Unidos.<\/p>\n<p>Hay que considerar que los &#8220;nicas&#8221; tienen como prioridad este mes su clasificaci\u00f3n a la Copa de Oro ante Barbados, encuentro a disputarse ante el 24 en el Estadio Astro Turf Wildey<\/p>\n<p>&nbsp;<\/p>\n<h5>Foto: TodoDeportes Prensa Libre &#8211; Francisco Sanchez.<\/h5>\n","protected":false},"excerpt":{"rendered":"<p>Hasta el momento el segundo juego amistoso de la fecha FIFA no se ha confirmado por parte de la Federaci\u00f3n Nacional de F\u00fatbol<\/p>\n","protected":false},"author":71,"featured_media":263701,"template":"","etiqueta":[24323,31220,127,189,35950,192,20440,22662],"class_list":["post-263685","post-noticias","type-post-noticias","status-publish","has-post-thumbnail","hentry","categoria-post-noticias-deportes","etiqueta-amarini-villatoro","etiqueta-amistosos-fifa","etiqueta-costa-rica","etiqueta-fedefut","etiqueta-federacion-de-futbol-de-costa-rica","etiqueta-fifa","etiqueta-futbol-internacional","etiqueta-seleccion-guatemala"],"yoast_head":"<!-- This site is optimized with the Yoast SEO plugin v23.9 - https:\/\/yoast.com\/wordpress\/plugins\/seo\/ -->\n<title>Amarini Villatoro empieza a afinar su equipo titular<\/title>\n<meta name=\"description\" content=\"Amarini Villatoro ha empezado a afinar el equipo titular que buscar\u00e1 un buen resultado en su debut al frente de la selecci\u00f3n mayor ante Costa Rica.\" \/>\n<meta name=\"robots\" content=\"index, follow, max-snippet:-1, max-image-preview:large, max-video-preview:-1\" \/>\n<link rel=\"canonical\" href=\"https:\/\/prensalibre-com-develop.go-vip.co\/guatevision\/noticias\/deportes\/amarini-villatoro\" \/>\n<meta property=\"og:locale\" content=\"es_ES\" \/>\n<meta property=\"og:type\" content=\"article\" \/>\n<meta property=\"og:title\" content=\"Amarini Villatoro empieza a afinar su equipo titular\" \/>\n<meta property=\"og:description\" content=\"Amarini Villatoro ha empezado a afinar el equipo titular que buscar\u00e1 un buen resultado en su debut al frente de la selecci\u00f3n mayor ante Costa Rica.\" \/>\n<meta property=\"og:url\" content=\"https:\/\/prensalibre-com-develop.go-vip.co\/guatevision\/noticias\/deportes\/amarini-villatoro\" \/>\n<meta property=\"og:site_name\" content=\"Guatevision\" \/>\n<meta property=\"article:modified_time\" content=\"2019-03-19T21:33:40+00:00\" \/>\n<meta property=\"og:image\" content=\"https:\/\/prensalibre-com-develop.go-vip.co\/guatevision\/wp-content\/uploads\/sites\/2\/2019\/03\/Seleccio\u0301n1.jpg?quality=82\" \/>\n\t<meta property=\"og:image:width\" content=\"1200\" \/>\n\t<meta property=\"og:image:height\" content=\"800\" \/>\n\t<meta property=\"og:image:type\" content=\"image\/jpeg\" \/>\n<meta name=\"twitter:card\" content=\"summary_large_image\" \/>\n<meta name=\"twitter:label1\" content=\"Est. reading time\" \/>\n\t<meta name=\"twitter:data1\" content=\"2 minutes\" \/>\n<script type=\"application\/ld+json\" class=\"yoast-schema-graph\">{\"@context\":\"https:\/\/schema.org\",\"@graph\":[{\"@type\":\"WebPage\",\"@id\":\"https:\/\/prensalibre-com-develop.go-vip.co\/guatevision\/noticias\/deportes\/amarini-villatoro\",\"url\":\"https:\/\/prensalibre-com-develop.go-vip.co\/guatevision\/noticias\/deportes\/amarini-villatoro\",\"name\":\"Amarini Villatoro empieza a afinar su equipo titular\",\"isPartOf\":{\"@id\":\"https:\/\/prensalibre-com-develop.go-vip.co\/guatevision\/#website\"},\"primaryImageOfPage\":{\"@id\":\"https:\/\/prensalibre-com-develop.go-vip.co\/guatevision\/noticias\/deportes\/amarini-villatoro#primaryimage\"},\"image\":{\"@id\":\"https:\/\/prensalibre-com-develop.go-vip.co\/guatevision\/noticias\/deportes\/amarini-villatoro#primaryimage\"},\"thumbnailUrl\":\"https:\/\/prensalibre-com-develop.go-vip.co\/guatevision\/wp-content\/uploads\/sites\/2\/2019\/03\/Seleccio\u0301n1.jpg?quality=82\",\"datePublished\":\"2019-03-19T19:10:37+00:00\",\"dateModified\":\"2019-03-19T21:33:40+00:00\",\"description\":\"Amarini Villatoro ha empezado a afinar el equipo titular que buscar\u00e1 un buen resultado en su debut al frente de la selecci\u00f3n mayor ante Costa Rica.\",\"inLanguage\":\"es-GT\",\"potentialAction\":[{\"@type\":\"ReadAction\",\"target\":[\"https:\/\/prensalibre-com-develop.go-vip.co\/guatevision\/noticias\/deportes\/amarini-villatoro\"]}]},{\"@type\":\"ImageObject\",\"inLanguage\":\"es-GT\",\"@id\":\"https:\/\/prensalibre-com-develop.go-vip.co\/guatevision\/noticias\/deportes\/amarini-villatoro#primaryimage\",\"url\":\"https:\/\/prensalibre-com-develop.go-vip.co\/guatevision\/wp-content\/uploads\/sites\/2\/2019\/03\/Seleccio\u0301n1.jpg?quality=82\",\"contentUrl\":\"https:\/\/prensalibre-com-develop.go-vip.co\/guatevision\/wp-content\/uploads\/sites\/2\/2019\/03\/Seleccio\u0301n1.jpg?quality=82\",\"width\":1200,\"height\":800,\"caption\":\"Foto: Prensa Libre\"},{\"@type\":\"WebSite\",\"@id\":\"https:\/\/prensalibre-com-develop.go-vip.co\/guatevision\/#website\",\"url\":\"https:\/\/prensalibre-com-develop.go-vip.co\/guatevision\/\",\"name\":\"Guatevision\",\"description\":\"\u00a1Enciende Lo Bueno!\",\"publisher\":{\"@id\":\"https:\/\/prensalibre-com-develop.go-vip.co\/guatevision\/#organization\"},\"potentialAction\":[{\"@type\":\"SearchAction\",\"target\":{\"@type\":\"EntryPoint\",\"urlTemplate\":\"https:\/\/prensalibre-com-develop.go-vip.co\/guatevision\/?s={search_term_string}\"},\"query-input\":{\"@type\":\"PropertyValueSpecification\",\"valueRequired\":true,\"valueName\":\"search_term_string\"}}],\"inLanguage\":\"es-GT\"},{\"@type\":\"Organization\",\"@id\":\"https:\/\/prensalibre-com-develop.go-vip.co\/guatevision\/#organization\",\"name\":\"Guatevision\",\"url\":\"https:\/\/prensalibre-com-develop.go-vip.co\/guatevision\/\",\"logo\":{\"@type\":\"ImageObject\",\"inLanguage\":\"es-GT\",\"@id\":\"https:\/\/prensalibre-com-develop.go-vip.co\/guatevision\/#\/schema\/logo\/image\/\",\"url\":\"https:\/\/prensalibre-com-develop.go-vip.co\/guatevision\/wp-content\/uploads\/sites\/2\/2026\/04\/Diseno-sin-titulo.png?quality=82\",\"contentUrl\":\"https:\/\/prensalibre-com-develop.go-vip.co\/guatevision\/wp-content\/uploads\/sites\/2\/2026\/04\/Diseno-sin-titulo.png?quality=82\",\"width\":1000,\"height\":600,\"caption\":\"Guatevision\"},\"image\":{\"@id\":\"https:\/\/prensalibre-com-develop.go-vip.co\/guatevision\/#\/schema\/logo\/image\/\"}}]}<\/script>\n<!-- \/ Yoast SEO plugin. -->","yoast_head_json":{"title":"Amarini Villatoro empieza a afinar su equipo titular","description":"Amarini Villatoro ha empezado a afinar el equipo titular que buscar\u00e1 un buen resultado en su debut al frente de la selecci\u00f3n mayor ante Costa Rica.","robots":{"index":"index","follow":"follow","max-snippet":"max-snippet:-1","max-image-preview":"max-image-preview:large","max-video-preview":"max-video-preview:-1"},"canonical":"https:\/\/prensalibre-com-develop.go-vip.co\/guatevision\/noticias\/deportes\/amarini-villatoro","og_locale":"es_ES","og_type":"article","og_title":"Amarini Villatoro empieza a afinar su equipo titular","og_description":"Amarini Villatoro ha empezado a afinar el equipo titular que buscar\u00e1 un buen resultado en su debut al frente de la selecci\u00f3n mayor ante Costa Rica.","og_url":"https:\/\/prensalibre-com-develop.go-vip.co\/guatevision\/noticias\/deportes\/amarini-villatoro","og_site_name":"Guatevision","article_modified_time":"2019-03-19T21:33:40+00:00","og_image":[{"width":1200,"height":800,"url":"https:\/\/prensalibre-com-develop.go-vip.co\/guatevision\/wp-content\/uploads\/sites\/2\/2019\/03\/Seleccio\u0301n1.jpg?quality=82","type":"image\/jpeg"}],"twitter_card":"summary_large_image","twitter_misc":{"Est. reading time":"2 minutes"},"schema":{"@context":"https:\/\/schema.org","@graph":[{"@type":"WebPage","@id":"https:\/\/prensalibre-com-develop.go-vip.co\/guatevision\/noticias\/deportes\/amarini-villatoro","url":"https:\/\/prensalibre-com-develop.go-vip.co\/guatevision\/noticias\/deportes\/amarini-villatoro","name":"Amarini Villatoro empieza a afinar su equipo titular","isPartOf":{"@id":"https:\/\/prensalibre-com-develop.go-vip.co\/guatevision\/#website"},"primaryImageOfPage":{"@id":"https:\/\/prensalibre-com-develop.go-vip.co\/guatevision\/noticias\/deportes\/amarini-villatoro#primaryimage"},"image":{"@id":"https:\/\/prensalibre-com-develop.go-vip.co\/guatevision\/noticias\/deportes\/amarini-villatoro#primaryimage"},"thumbnailUrl":"https:\/\/prensalibre-com-develop.go-vip.co\/guatevision\/wp-content\/uploads\/sites\/2\/2019\/03\/Seleccio\u0301n1.jpg?quality=82","datePublished":"2019-03-19T19:10:37+00:00","dateModified":"2019-03-19T21:33:40+00:00","description":"Amarini Villatoro ha empezado a afinar el equipo titular que buscar\u00e1 un buen resultado en su debut al frente de la selecci\u00f3n mayor ante Costa Rica.","inLanguage":"es-GT","potentialAction":[{"@type":"ReadAction","target":["https:\/\/prensalibre-com-develop.go-vip.co\/guatevision\/noticias\/deportes\/amarini-villatoro"]}]},{"@type":"ImageObject","inLanguage":"es-GT","@id":"https:\/\/prensalibre-com-develop.go-vip.co\/guatevision\/noticias\/deportes\/amarini-villatoro#primaryimage","url":"https:\/\/prensalibre-com-develop.go-vip.co\/guatevision\/wp-content\/uploads\/sites\/2\/2019\/03\/Seleccio\u0301n1.jpg?quality=82","contentUrl":"https:\/\/prensalibre-com-develop.go-vip.co\/guatevision\/wp-content\/uploads\/sites\/2\/2019\/03\/Seleccio\u0301n1.jpg?quality=82","width":1200,"height":800,"caption":"Foto: Prensa Libre"},{"@type":"WebSite","@id":"https:\/\/prensalibre-com-develop.go-vip.co\/guatevision\/#website","url":"https:\/\/prensalibre-com-develop.go-vip.co\/guatevision\/","name":"Guatevision","description":"\u00a1Enciende Lo Bueno!","publisher":{"@id":"https:\/\/prensalibre-com-develop.go-vip.co\/guatevision\/#organization"},"potentialAction":[{"@type":"SearchAction","target":{"@type":"EntryPoint","urlTemplate":"https:\/\/prensalibre-com-develop.go-vip.co\/guatevision\/?s={search_term_string}"},"query-input":{"@type":"PropertyValueSpecification","valueRequired":true,"valueName":"search_term_string"}}],"inLanguage":"es-GT"},{"@type":"Organization","@id":"https:\/\/prensalibre-com-develop.go-vip.co\/guatevision\/#organization","name":"Guatevision","url":"https:\/\/prensalibre-com-develop.go-vip.co\/guatevision\/","logo":{"@type":"ImageObject","inLanguage":"es-GT","@id":"https:\/\/prensalibre-com-develop.go-vip.co\/guatevision\/#\/schema\/logo\/image\/","url":"https:\/\/prensalibre-com-develop.go-vip.co\/guatevision\/wp-content\/uploads\/sites\/2\/2026\/04\/Diseno-sin-titulo.png?quality=82","contentUrl":"https:\/\/prensalibre-com-develop.go-vip.co\/guatevision\/wp-content\/uploads\/sites\/2\/2026\/04\/Diseno-sin-titulo.png?quality=82","width":1000,"height":600,"caption":"Guatevision"},"image":{"@id":"https:\/\/prensalibre-com-develop.go-vip.co\/guatevision\/#\/schema\/logo\/image\/"}}]}},"jetpack_sharing_enabled":true,"_links":{"self":[{"href":"https:\/\/prensalibre-com-develop.go-vip.co\/guatevision\/wp-json\/wp\/v2\/post-noticias\/263685","targetHints":{"allow":["GET"]}}],"collection":[{"href":"https:\/\/prensalibre-com-develop.go-vip.co\/guatevision\/wp-json\/wp\/v2\/post-noticias"}],"about":[{"href":"https:\/\/prensalibre-com-develop.go-vip.co\/guatevision\/wp-json\/wp\/v2\/types\/post-noticias"}],"author":[{"embeddable":true,"href":"https:\/\/prensalibre-com-develop.go-vip.co\/guatevision\/wp-json\/wp\/v2\/users\/71"}],"version-history":[{"count":0,"href":"https:\/\/prensalibre-com-develop.go-vip.co\/guatevision\/wp-json\/wp\/v2\/post-noticias\/263685\/revisions"}],"wp:featuredmedia":[{"embeddable":true,"href":"https:\/\/prensalibre-com-develop.go-vip.co\/guatevision\/wp-json\/wp\/v2\/media\/263701"}],"wp:attachment":[{"href":"https:\/\/prensalibre-com-develop.go-vip.co\/guatevision\/wp-json\/wp\/v2\/media?parent=263685"}],"wp:term":[{"taxonomy":"etiqueta","embeddable":true,"href":"https:\/\/prensalibre-com-develop.go-vip.co\/guatevision\/wp-json\/wp\/v2\/etiqueta?post=263685"}],"curies":[{"name":"wp","href":"https:\/\/api.w.org\/{rel}","templated":true}]}}