{"id":263926,"date":"2019-03-20T10:57:16","date_gmt":"2019-03-20T16:57:16","guid":{"rendered":"https:\/\/prensalibre-com-develop.go-vip.co\/guatevision\/?post_type=post-noticias&#038;p=263926"},"modified":"2019-03-20T10:57:16","modified_gmt":"2019-03-20T16:57:16","slug":"seleccion-nacional-presenta","status":"publish","type":"post-noticias","link":"https:\/\/prensalibre-com-develop.go-vip.co\/guatevision\/noticias\/deportes\/seleccion-nacional-presenta","title":{"rendered":"Selecci\u00f3n Nacional presenta nuevo dise\u00f1o de camisola oficial"},"content":{"rendered":"<p>Selecci\u00f3n Nacional de F\u00fatbol y la marca Umbro presentaron el nuevo dise\u00f1o de su camisola oficial para los juegos de la ruta rumbo a la Copa Mundial de la FIFA Qatar 2022<\/p>\n\n<p>Dos nuevos dise\u00f1os salieron a la venta a partir de este mi\u00e9rcoles para los seguidores de la azul y blanco, en dos puntos de distribuci\u00f3n presentados por la misma federaci\u00f3n<\/p>\n<p>Con la presencia de todos los convocados para el juego ante Costa Rica, los jugadores lucieron la nueva vestimenta.<\/p>\n<p>&nbsp;<\/p>\n<h3>Detalles de la camisola.<\/h3>\n<p>Seg\u00fan el comunicado oficial de la Federaci\u00f3n y la firma Umbro, se inspiraron en los dise\u00f1o tradicional de la indumentaria que ha utilizado la bicolor, pero con algunas novedades.<\/p>\n<p>Colores entrelazados, el blanco da la sensaci\u00f3n de pureza y elegancia; adem\u00e1s con cuello en un azul brillante que contrasta perfectamente con el resto del cuerpo.<\/p>\n<p>As\u00ed mismo un azul moderno, tiene una variaci\u00f3n notable gracias a su combinaci\u00f3n de tonos azules con unas franjas diagonales fraccionadas para remarcar el dise\u00f1o moderno de forma sutil para mantenerla ya conocida diagonal que tanto caracteriza al equipo.<\/p>\n<p>&nbsp;<\/p>\n<blockquote class=\"twitter-tweet\" data-width=\"500\" data-dnt=\"true\">\n<p lang=\"es\" dir=\"ltr\"><a href=\"https:\/\/twitter.com\/hashtag\/VamosGuate?src=hash&amp;ref_src=twsrc%5Etfw\">#VamosGuate<\/a> | la nueva piel de la bicolor <a href=\"https:\/\/twitter.com\/tododeportes_pl?ref_src=twsrc%5Etfw\">@tododeportes_pl<\/a> <a href=\"https:\/\/twitter.com\/dxtvguatevision?ref_src=twsrc%5Etfw\">@dxtvguatevision<\/a> <a href=\"https:\/\/t.co\/Bn7pjf0feZ\">pic.twitter.com\/Bn7pjf0feZ<\/a><\/p>\n<p>&mdash; Luis L\u00f3pez (@luilopezgt) <a href=\"https:\/\/twitter.com\/luilopezgt\/status\/1108175436062904321?ref_src=twsrc%5Etfw\">March 20, 2019<\/a><\/p><\/blockquote>\n<p><script async src=\"https:\/\/platform.twitter.com\/widgets.js\" charset=\"utf-8\"><\/script><\/p>\n<p>&nbsp;<\/p>\n<h3>Precios de la camisola de la Selecci\u00f3n y puntos de venta.<\/h3>\n<p>El uniforme de local ser\u00e1 blanco, con la tradicional franja, y la de visitante, es azul. La camisola estar\u00e1 a la venta en Soccer Man\u00eda y Almacenes Siman siendo los precios:<\/p>\n<p>Q400 para hombre,<\/p>\n<p>Q290 para ni\u00f1os y<\/p>\n<p>Q350 para dama.<\/p>\n<p>&nbsp;<\/p>\n<p>Los jugadores de la Sele, que se enfrentar\u00e1n el pr\u00f3ximo viernes 22 de marzo ante Costa Rica, en el Doroteo Guamuch Flores, lucieron la nueva indumentaria del combinado nacional, de marca UMBRO.<\/p>\n","protected":false},"excerpt":{"rendered":"<p>Los jugadores de la Sele, que se enfrentar\u00e1n el pr\u00f3ximo viernes 22 de marzo ante Costa Rica, en el Doroteo Guamuch Flores, lucieron la nueva indumentaria del combinado nacional, de marca UMBRO.<\/p>\n","protected":false},"author":71,"featured_media":263970,"template":"","etiqueta":[488,24617,35975],"class_list":["post-263926","post-noticias","type-post-noticias","status-publish","has-post-thumbnail","hentry","categoria-post-noticias-deportes","etiqueta-futbol","etiqueta-seleccion-futbol-guatemala","etiqueta-umbro"],"yoast_head":"<!-- This site is optimized with the Yoast SEO plugin v23.9 - https:\/\/yoast.com\/wordpress\/plugins\/seo\/ -->\n<title>Selecci\u00f3n Nacional presenta nuevo dise\u00f1o de camisola oficial<\/title>\n<meta name=\"description\" content=\"Selecci\u00f3n Nacional de F\u00fatbol y la marca Umbro presentaron el nuevo dise\u00f1o de su camisola oficial para los juegos de la ruta rumbo al Mundial de Qatar 2022\" \/>\n<meta name=\"robots\" content=\"index, follow, max-snippet:-1, max-image-preview:large, max-video-preview:-1\" \/>\n<link rel=\"canonical\" href=\"https:\/\/prensalibre-com-develop.go-vip.co\/guatevision\/noticias\/deportes\/seleccion-nacional-presenta\" \/>\n<meta property=\"og:locale\" content=\"es_ES\" \/>\n<meta property=\"og:type\" content=\"article\" \/>\n<meta property=\"og:title\" content=\"Selecci\u00f3n Nacional presenta nuevo dise\u00f1o de camisola oficial\" \/>\n<meta property=\"og:description\" content=\"Selecci\u00f3n Nacional de F\u00fatbol y la marca Umbro presentaron el nuevo dise\u00f1o de su camisola oficial para los juegos de la ruta rumbo al Mundial de Qatar 2022\" \/>\n<meta property=\"og:url\" content=\"https:\/\/prensalibre-com-develop.go-vip.co\/guatevision\/noticias\/deportes\/seleccion-nacional-presenta\" \/>\n<meta property=\"og:site_name\" content=\"Guatevision\" \/>\n<meta property=\"og:image\" content=\"https:\/\/prensalibre-com-develop.go-vip.co\/guatevision\/wp-content\/uploads\/sites\/2\/2019\/03\/Seleccion-camisa.png?quality=82\" \/>\n\t<meta property=\"og:image:width\" content=\"1300\" \/>\n\t<meta property=\"og:image:height\" content=\"867\" \/>\n\t<meta property=\"og:image:type\" content=\"image\/png\" \/>\n<meta name=\"twitter:card\" content=\"summary_large_image\" \/>\n<meta name=\"twitter:label1\" content=\"Est. reading time\" \/>\n\t<meta name=\"twitter:data1\" content=\"1 minute\" \/>\n<script type=\"application\/ld+json\" class=\"yoast-schema-graph\">{\"@context\":\"https:\/\/schema.org\",\"@graph\":[{\"@type\":\"WebPage\",\"@id\":\"https:\/\/prensalibre-com-develop.go-vip.co\/guatevision\/noticias\/deportes\/seleccion-nacional-presenta\",\"url\":\"https:\/\/prensalibre-com-develop.go-vip.co\/guatevision\/noticias\/deportes\/seleccion-nacional-presenta\",\"name\":\"Selecci\u00f3n Nacional presenta nuevo dise\u00f1o de camisola oficial\",\"isPartOf\":{\"@id\":\"https:\/\/prensalibre-com-develop.go-vip.co\/guatevision\/#website\"},\"primaryImageOfPage\":{\"@id\":\"https:\/\/prensalibre-com-develop.go-vip.co\/guatevision\/noticias\/deportes\/seleccion-nacional-presenta#primaryimage\"},\"image\":{\"@id\":\"https:\/\/prensalibre-com-develop.go-vip.co\/guatevision\/noticias\/deportes\/seleccion-nacional-presenta#primaryimage\"},\"thumbnailUrl\":\"https:\/\/prensalibre-com-develop.go-vip.co\/guatevision\/wp-content\/uploads\/sites\/2\/2019\/03\/Seleccion-camisa.png?quality=82\",\"datePublished\":\"2019-03-20T16:57:16+00:00\",\"dateModified\":\"2019-03-20T16:57:16+00:00\",\"description\":\"Selecci\u00f3n Nacional de F\u00fatbol y la marca Umbro presentaron el nuevo dise\u00f1o de su camisola oficial para los juegos de la ruta rumbo al Mundial de Qatar 2022\",\"inLanguage\":\"es-GT\",\"potentialAction\":[{\"@type\":\"ReadAction\",\"target\":[\"https:\/\/prensalibre-com-develop.go-vip.co\/guatevision\/noticias\/deportes\/seleccion-nacional-presenta\"]}]},{\"@type\":\"ImageObject\",\"inLanguage\":\"es-GT\",\"@id\":\"https:\/\/prensalibre-com-develop.go-vip.co\/guatevision\/noticias\/deportes\/seleccion-nacional-presenta#primaryimage\",\"url\":\"https:\/\/prensalibre-com-develop.go-vip.co\/guatevision\/wp-content\/uploads\/sites\/2\/2019\/03\/Seleccion-camisa.png?quality=82\",\"contentUrl\":\"https:\/\/prensalibre-com-develop.go-vip.co\/guatevision\/wp-content\/uploads\/sites\/2\/2019\/03\/Seleccion-camisa.png?quality=82\",\"width\":1300,\"height\":867,\"caption\":\"Seleccion-camisa\"},{\"@type\":\"WebSite\",\"@id\":\"https:\/\/prensalibre-com-develop.go-vip.co\/guatevision\/#website\",\"url\":\"https:\/\/prensalibre-com-develop.go-vip.co\/guatevision\/\",\"name\":\"Guatevision\",\"description\":\"\u00a1Enciende Lo Bueno!\",\"publisher\":{\"@id\":\"https:\/\/prensalibre-com-develop.go-vip.co\/guatevision\/#organization\"},\"potentialAction\":[{\"@type\":\"SearchAction\",\"target\":{\"@type\":\"EntryPoint\",\"urlTemplate\":\"https:\/\/prensalibre-com-develop.go-vip.co\/guatevision\/?s={search_term_string}\"},\"query-input\":{\"@type\":\"PropertyValueSpecification\",\"valueRequired\":true,\"valueName\":\"search_term_string\"}}],\"inLanguage\":\"es-GT\"},{\"@type\":\"Organization\",\"@id\":\"https:\/\/prensalibre-com-develop.go-vip.co\/guatevision\/#organization\",\"name\":\"Guatevision\",\"url\":\"https:\/\/prensalibre-com-develop.go-vip.co\/guatevision\/\",\"logo\":{\"@type\":\"ImageObject\",\"inLanguage\":\"es-GT\",\"@id\":\"https:\/\/prensalibre-com-develop.go-vip.co\/guatevision\/#\/schema\/logo\/image\/\",\"url\":\"https:\/\/prensalibre-com-develop.go-vip.co\/guatevision\/wp-content\/uploads\/sites\/2\/2026\/04\/Diseno-sin-titulo.png?quality=82\",\"contentUrl\":\"https:\/\/prensalibre-com-develop.go-vip.co\/guatevision\/wp-content\/uploads\/sites\/2\/2026\/04\/Diseno-sin-titulo.png?quality=82\",\"width\":1000,\"height\":600,\"caption\":\"Guatevision\"},\"image\":{\"@id\":\"https:\/\/prensalibre-com-develop.go-vip.co\/guatevision\/#\/schema\/logo\/image\/\"}}]}<\/script>\n<!-- \/ Yoast SEO plugin. -->","yoast_head_json":{"title":"Selecci\u00f3n Nacional presenta nuevo dise\u00f1o de camisola oficial","description":"Selecci\u00f3n Nacional de F\u00fatbol y la marca Umbro presentaron el nuevo dise\u00f1o de su camisola oficial para los juegos de la ruta rumbo al Mundial de Qatar 2022","robots":{"index":"index","follow":"follow","max-snippet":"max-snippet:-1","max-image-preview":"max-image-preview:large","max-video-preview":"max-video-preview:-1"},"canonical":"https:\/\/prensalibre-com-develop.go-vip.co\/guatevision\/noticias\/deportes\/seleccion-nacional-presenta","og_locale":"es_ES","og_type":"article","og_title":"Selecci\u00f3n Nacional presenta nuevo dise\u00f1o de camisola oficial","og_description":"Selecci\u00f3n Nacional de F\u00fatbol y la marca Umbro presentaron el nuevo dise\u00f1o de su camisola oficial para los juegos de la ruta rumbo al Mundial de Qatar 2022","og_url":"https:\/\/prensalibre-com-develop.go-vip.co\/guatevision\/noticias\/deportes\/seleccion-nacional-presenta","og_site_name":"Guatevision","og_image":[{"width":1300,"height":867,"url":"https:\/\/prensalibre-com-develop.go-vip.co\/guatevision\/wp-content\/uploads\/sites\/2\/2019\/03\/Seleccion-camisa.png?quality=82","type":"image\/png"}],"twitter_card":"summary_large_image","twitter_misc":{"Est. reading time":"1 minute"},"schema":{"@context":"https:\/\/schema.org","@graph":[{"@type":"WebPage","@id":"https:\/\/prensalibre-com-develop.go-vip.co\/guatevision\/noticias\/deportes\/seleccion-nacional-presenta","url":"https:\/\/prensalibre-com-develop.go-vip.co\/guatevision\/noticias\/deportes\/seleccion-nacional-presenta","name":"Selecci\u00f3n Nacional presenta nuevo dise\u00f1o de camisola oficial","isPartOf":{"@id":"https:\/\/prensalibre-com-develop.go-vip.co\/guatevision\/#website"},"primaryImageOfPage":{"@id":"https:\/\/prensalibre-com-develop.go-vip.co\/guatevision\/noticias\/deportes\/seleccion-nacional-presenta#primaryimage"},"image":{"@id":"https:\/\/prensalibre-com-develop.go-vip.co\/guatevision\/noticias\/deportes\/seleccion-nacional-presenta#primaryimage"},"thumbnailUrl":"https:\/\/prensalibre-com-develop.go-vip.co\/guatevision\/wp-content\/uploads\/sites\/2\/2019\/03\/Seleccion-camisa.png?quality=82","datePublished":"2019-03-20T16:57:16+00:00","dateModified":"2019-03-20T16:57:16+00:00","description":"Selecci\u00f3n Nacional de F\u00fatbol y la marca Umbro presentaron el nuevo dise\u00f1o de su camisola oficial para los juegos de la ruta rumbo al Mundial de Qatar 2022","inLanguage":"es-GT","potentialAction":[{"@type":"ReadAction","target":["https:\/\/prensalibre-com-develop.go-vip.co\/guatevision\/noticias\/deportes\/seleccion-nacional-presenta"]}]},{"@type":"ImageObject","inLanguage":"es-GT","@id":"https:\/\/prensalibre-com-develop.go-vip.co\/guatevision\/noticias\/deportes\/seleccion-nacional-presenta#primaryimage","url":"https:\/\/prensalibre-com-develop.go-vip.co\/guatevision\/wp-content\/uploads\/sites\/2\/2019\/03\/Seleccion-camisa.png?quality=82","contentUrl":"https:\/\/prensalibre-com-develop.go-vip.co\/guatevision\/wp-content\/uploads\/sites\/2\/2019\/03\/Seleccion-camisa.png?quality=82","width":1300,"height":867,"caption":"Seleccion-camisa"},{"@type":"WebSite","@id":"https:\/\/prensalibre-com-develop.go-vip.co\/guatevision\/#website","url":"https:\/\/prensalibre-com-develop.go-vip.co\/guatevision\/","name":"Guatevision","description":"\u00a1Enciende Lo Bueno!","publisher":{"@id":"https:\/\/prensalibre-com-develop.go-vip.co\/guatevision\/#organization"},"potentialAction":[{"@type":"SearchAction","target":{"@type":"EntryPoint","urlTemplate":"https:\/\/prensalibre-com-develop.go-vip.co\/guatevision\/?s={search_term_string}"},"query-input":{"@type":"PropertyValueSpecification","valueRequired":true,"valueName":"search_term_string"}}],"inLanguage":"es-GT"},{"@type":"Organization","@id":"https:\/\/prensalibre-com-develop.go-vip.co\/guatevision\/#organization","name":"Guatevision","url":"https:\/\/prensalibre-com-develop.go-vip.co\/guatevision\/","logo":{"@type":"ImageObject","inLanguage":"es-GT","@id":"https:\/\/prensalibre-com-develop.go-vip.co\/guatevision\/#\/schema\/logo\/image\/","url":"https:\/\/prensalibre-com-develop.go-vip.co\/guatevision\/wp-content\/uploads\/sites\/2\/2026\/04\/Diseno-sin-titulo.png?quality=82","contentUrl":"https:\/\/prensalibre-com-develop.go-vip.co\/guatevision\/wp-content\/uploads\/sites\/2\/2026\/04\/Diseno-sin-titulo.png?quality=82","width":1000,"height":600,"caption":"Guatevision"},"image":{"@id":"https:\/\/prensalibre-com-develop.go-vip.co\/guatevision\/#\/schema\/logo\/image\/"}}]}},"jetpack_sharing_enabled":true,"_links":{"self":[{"href":"https:\/\/prensalibre-com-develop.go-vip.co\/guatevision\/wp-json\/wp\/v2\/post-noticias\/263926","targetHints":{"allow":["GET"]}}],"collection":[{"href":"https:\/\/prensalibre-com-develop.go-vip.co\/guatevision\/wp-json\/wp\/v2\/post-noticias"}],"about":[{"href":"https:\/\/prensalibre-com-develop.go-vip.co\/guatevision\/wp-json\/wp\/v2\/types\/post-noticias"}],"author":[{"embeddable":true,"href":"https:\/\/prensalibre-com-develop.go-vip.co\/guatevision\/wp-json\/wp\/v2\/users\/71"}],"version-history":[{"count":0,"href":"https:\/\/prensalibre-com-develop.go-vip.co\/guatevision\/wp-json\/wp\/v2\/post-noticias\/263926\/revisions"}],"wp:featuredmedia":[{"embeddable":true,"href":"https:\/\/prensalibre-com-develop.go-vip.co\/guatevision\/wp-json\/wp\/v2\/media\/263970"}],"wp:attachment":[{"href":"https:\/\/prensalibre-com-develop.go-vip.co\/guatevision\/wp-json\/wp\/v2\/media?parent=263926"}],"wp:term":[{"taxonomy":"etiqueta","embeddable":true,"href":"https:\/\/prensalibre-com-develop.go-vip.co\/guatevision\/wp-json\/wp\/v2\/etiqueta?post=263926"}],"curies":[{"name":"wp","href":"https:\/\/api.w.org\/{rel}","templated":true}]}}