{"id":272337,"date":"2019-05-02T17:40:52","date_gmt":"2019-05-02T23:40:52","guid":{"rendered":"https:\/\/prensalibre-com-develop.go-vip.co\/guatevision\/?post_type=post-noticias&#038;p=272337"},"modified":"2019-05-02T18:42:26","modified_gmt":"2019-05-03T00:42:26","slug":"seleccion-de-guatemala","status":"publish","type":"post-noticias","link":"https:\/\/prensalibre-com-develop.go-vip.co\/guatevision\/noticias\/deportes\/seleccion-de-guatemala","title":{"rendered":"Selecci\u00f3n de Guatemala falla en su debut del Premundial Sub17"},"content":{"rendered":"<p>Selecci\u00f3n de Guatemala fall\u00f3 en su debut luego de empatar a un gol ante Barbados en el inicio\u00a0del Premundial Sub17 que se disputa en Bradenton, Florida Estados Unidos.<\/p>\n\n<p>Mathius Gait\u00e1n adelant\u00f3 a la bicolor al minuto 56, pero en tiempo de reposici\u00f3n lleg\u00f3 la anotaci\u00f3n caribe\u00f1a lleg\u00f3 al 90+2 v\u00eda Thierry Gale para poner cifras definitivas de 1-1.<\/p>\n<p>En teor\u00eda, la selecci\u00f3n del caribe era el rival menos complicado de los 3 que conforman el grupo chap\u00edn.<\/p>\n<p>La primera opci\u00f3n clara del equipo nacional lleg\u00f3 sobre los 23 minutos, tras un tiro centro de Andy Palencia que pas\u00f3 desviada de la porter\u00eda Brandom Sumpter.<\/p>\n<p>En el complemento, Guatemala continu\u00f3 con el dominio y mejores opciones en la ofensiva, la primera al minuto 48 tras un centro de Miguel Ard\u00f3n.<\/p>\n<p>Finalmente el gol lleg\u00f3 en la t\u00e1ctica fija, Kevin Ramirez realiz\u00f3 un tiro libre en los linderos del \u00e1rea pero el portero otorg\u00f3 rebote y Andy Farias remat\u00f3 a medidas.<\/p>\n<p>El portero aun logr\u00f3 rechazar, pero apareci\u00f3 Mathius Gait\u00e1n para empujar el bal\u00f3n al minuto 56.<\/p>\n<p>Lamentablemente al minuto 92, Ethan Bryan habilit\u00f3 a Thierry Gale quien se intern\u00f3 en el \u00e1rea y remat\u00f3 cruzado para vencer al portero chap\u00edn y marcar la igualdad en el marcador.<\/p>\n<p>&nbsp;<\/p>\n<h3>Selecci\u00f3n ante los fuertes.<\/h3>\n<p>Los dirigidos por Antonio Garc\u00eda ahora tiene la dif\u00edcil misi\u00f3n de alcanzar un valioso resultado el s\u00e1bado cuando se enfrente a Canad\u00e1, que no pudo mantener una ventaja de 2-0 y cay\u00f3 3-2 ante Estados Unidos.<\/p>\n<p>As\u00ed mismo cierra la fase de grupos el pr\u00f3ximo lunes ante los Estados Unidos, que se medir\u00e1n a los caribe\u00f1os.<\/p>\n<p>En el grupo donde se ubica Guatemala, clasifican 3 a la ronda de 8vos de final; por lo que las posibilidades del conjunto nacional son altas.<\/p>\n","protected":false},"excerpt":{"rendered":"<p>Los dirigidos por Antonio Garc\u00eda ahora tiene la dif\u00edcil misi\u00f3n de alcanzar un valioso resultado el s\u00e1bado cuando se enfrente a Canad\u00e1.<\/p>\n","protected":false},"author":71,"featured_media":272351,"template":"","etiqueta":[29847,20675,108,37122,22662,37123,37121],"class_list":["post-272337","post-noticias","type-post-noticias","status-publish","has-post-thumbnail","hentry","categoria-post-noticias-deportes","etiqueta-barbados","etiqueta-concacaf","etiqueta-guatemala","etiqueta-mathius-gaitan","etiqueta-seleccion-guatemala","etiqueta-thierry-gale","etiqueta-u17"],"yoast_head":"<!-- This site is optimized with the Yoast SEO plugin v23.9 - https:\/\/yoast.com\/wordpress\/plugins\/seo\/ -->\n<title>Selecci\u00f3n de Guatemala falla en su debut del Premundial Sub17<\/title>\n<meta name=\"description\" content=\"Selecci\u00f3n de Guatemala fall\u00f3 en su debut luego de empatar a un gol ante Barbados en el inicio\u00a0del Premundial Sub17 que se disputa en Bradenton\" \/>\n<meta name=\"robots\" content=\"index, follow, max-snippet:-1, max-image-preview:large, max-video-preview:-1\" \/>\n<link rel=\"canonical\" href=\"https:\/\/prensalibre-com-develop.go-vip.co\/guatevision\/noticias\/deportes\/seleccion-de-guatemala\" \/>\n<meta property=\"og:locale\" content=\"es_ES\" \/>\n<meta property=\"og:type\" content=\"article\" \/>\n<meta property=\"og:title\" content=\"Selecci\u00f3n de Guatemala falla en su debut del Premundial Sub17\" \/>\n<meta property=\"og:description\" content=\"Selecci\u00f3n de Guatemala fall\u00f3 en su debut luego de empatar a un gol ante Barbados en el inicio\u00a0del Premundial Sub17 que se disputa en Bradenton\" \/>\n<meta property=\"og:url\" content=\"https:\/\/prensalibre-com-develop.go-vip.co\/guatevision\/noticias\/deportes\/seleccion-de-guatemala\" \/>\n<meta property=\"og:site_name\" content=\"Guatevision\" \/>\n<meta property=\"article:modified_time\" content=\"2019-05-03T00:42:26+00:00\" \/>\n<meta property=\"og:image\" content=\"https:\/\/prensalibre-com-develop.go-vip.co\/guatevision\/wp-content\/uploads\/sites\/2\/2019\/05\/Seleccion-Guatemala-Sub17-03.jpeg?quality=82\" \/>\n\t<meta property=\"og:image:width\" content=\"1280\" \/>\n\t<meta property=\"og:image:height\" content=\"849\" \/>\n\t<meta property=\"og:image:type\" content=\"image\/jpeg\" \/>\n<meta name=\"twitter:card\" content=\"summary_large_image\" \/>\n<meta name=\"twitter:label1\" content=\"Est. reading time\" \/>\n\t<meta name=\"twitter:data1\" content=\"2 minutes\" \/>\n<script type=\"application\/ld+json\" class=\"yoast-schema-graph\">{\"@context\":\"https:\/\/schema.org\",\"@graph\":[{\"@type\":\"WebPage\",\"@id\":\"https:\/\/prensalibre-com-develop.go-vip.co\/guatevision\/noticias\/deportes\/seleccion-de-guatemala\",\"url\":\"https:\/\/prensalibre-com-develop.go-vip.co\/guatevision\/noticias\/deportes\/seleccion-de-guatemala\",\"name\":\"Selecci\u00f3n de Guatemala falla en su debut del Premundial Sub17\",\"isPartOf\":{\"@id\":\"https:\/\/prensalibre-com-develop.go-vip.co\/guatevision\/#website\"},\"primaryImageOfPage\":{\"@id\":\"https:\/\/prensalibre-com-develop.go-vip.co\/guatevision\/noticias\/deportes\/seleccion-de-guatemala#primaryimage\"},\"image\":{\"@id\":\"https:\/\/prensalibre-com-develop.go-vip.co\/guatevision\/noticias\/deportes\/seleccion-de-guatemala#primaryimage\"},\"thumbnailUrl\":\"https:\/\/prensalibre-com-develop.go-vip.co\/guatevision\/wp-content\/uploads\/sites\/2\/2019\/05\/Seleccion-Guatemala-Sub17-03.jpeg?quality=82\",\"datePublished\":\"2019-05-02T23:40:52+00:00\",\"dateModified\":\"2019-05-03T00:42:26+00:00\",\"description\":\"Selecci\u00f3n de Guatemala fall\u00f3 en su debut luego de empatar a un gol ante Barbados en el inicio\u00a0del Premundial Sub17 que se disputa en Bradenton\",\"inLanguage\":\"es-GT\",\"potentialAction\":[{\"@type\":\"ReadAction\",\"target\":[\"https:\/\/prensalibre-com-develop.go-vip.co\/guatevision\/noticias\/deportes\/seleccion-de-guatemala\"]}]},{\"@type\":\"ImageObject\",\"inLanguage\":\"es-GT\",\"@id\":\"https:\/\/prensalibre-com-develop.go-vip.co\/guatevision\/noticias\/deportes\/seleccion-de-guatemala#primaryimage\",\"url\":\"https:\/\/prensalibre-com-develop.go-vip.co\/guatevision\/wp-content\/uploads\/sites\/2\/2019\/05\/Seleccion-Guatemala-Sub17-03.jpeg?quality=82\",\"contentUrl\":\"https:\/\/prensalibre-com-develop.go-vip.co\/guatevision\/wp-content\/uploads\/sites\/2\/2019\/05\/Seleccion-Guatemala-Sub17-03.jpeg?quality=82\",\"width\":1280,\"height\":849,\"caption\":\"Seleccion-Guatemala-Sub17-00\"},{\"@type\":\"WebSite\",\"@id\":\"https:\/\/prensalibre-com-develop.go-vip.co\/guatevision\/#website\",\"url\":\"https:\/\/prensalibre-com-develop.go-vip.co\/guatevision\/\",\"name\":\"Guatevision\",\"description\":\"\u00a1Enciende Lo Bueno!\",\"publisher\":{\"@id\":\"https:\/\/prensalibre-com-develop.go-vip.co\/guatevision\/#organization\"},\"potentialAction\":[{\"@type\":\"SearchAction\",\"target\":{\"@type\":\"EntryPoint\",\"urlTemplate\":\"https:\/\/prensalibre-com-develop.go-vip.co\/guatevision\/?s={search_term_string}\"},\"query-input\":{\"@type\":\"PropertyValueSpecification\",\"valueRequired\":true,\"valueName\":\"search_term_string\"}}],\"inLanguage\":\"es-GT\"},{\"@type\":\"Organization\",\"@id\":\"https:\/\/prensalibre-com-develop.go-vip.co\/guatevision\/#organization\",\"name\":\"Guatevision\",\"url\":\"https:\/\/prensalibre-com-develop.go-vip.co\/guatevision\/\",\"logo\":{\"@type\":\"ImageObject\",\"inLanguage\":\"es-GT\",\"@id\":\"https:\/\/prensalibre-com-develop.go-vip.co\/guatevision\/#\/schema\/logo\/image\/\",\"url\":\"https:\/\/prensalibre-com-develop.go-vip.co\/guatevision\/wp-content\/uploads\/sites\/2\/2026\/04\/Diseno-sin-titulo.png?quality=82\",\"contentUrl\":\"https:\/\/prensalibre-com-develop.go-vip.co\/guatevision\/wp-content\/uploads\/sites\/2\/2026\/04\/Diseno-sin-titulo.png?quality=82\",\"width\":1000,\"height\":600,\"caption\":\"Guatevision\"},\"image\":{\"@id\":\"https:\/\/prensalibre-com-develop.go-vip.co\/guatevision\/#\/schema\/logo\/image\/\"}}]}<\/script>\n<!-- \/ Yoast SEO plugin. -->","yoast_head_json":{"title":"Selecci\u00f3n de Guatemala falla en su debut del Premundial Sub17","description":"Selecci\u00f3n de Guatemala fall\u00f3 en su debut luego de empatar a un gol ante Barbados en el inicio\u00a0del Premundial Sub17 que se disputa en Bradenton","robots":{"index":"index","follow":"follow","max-snippet":"max-snippet:-1","max-image-preview":"max-image-preview:large","max-video-preview":"max-video-preview:-1"},"canonical":"https:\/\/prensalibre-com-develop.go-vip.co\/guatevision\/noticias\/deportes\/seleccion-de-guatemala","og_locale":"es_ES","og_type":"article","og_title":"Selecci\u00f3n de Guatemala falla en su debut del Premundial Sub17","og_description":"Selecci\u00f3n de Guatemala fall\u00f3 en su debut luego de empatar a un gol ante Barbados en el inicio\u00a0del Premundial Sub17 que se disputa en Bradenton","og_url":"https:\/\/prensalibre-com-develop.go-vip.co\/guatevision\/noticias\/deportes\/seleccion-de-guatemala","og_site_name":"Guatevision","article_modified_time":"2019-05-03T00:42:26+00:00","og_image":[{"width":1280,"height":849,"url":"https:\/\/prensalibre-com-develop.go-vip.co\/guatevision\/wp-content\/uploads\/sites\/2\/2019\/05\/Seleccion-Guatemala-Sub17-03.jpeg?quality=82","type":"image\/jpeg"}],"twitter_card":"summary_large_image","twitter_misc":{"Est. reading time":"2 minutes"},"schema":{"@context":"https:\/\/schema.org","@graph":[{"@type":"WebPage","@id":"https:\/\/prensalibre-com-develop.go-vip.co\/guatevision\/noticias\/deportes\/seleccion-de-guatemala","url":"https:\/\/prensalibre-com-develop.go-vip.co\/guatevision\/noticias\/deportes\/seleccion-de-guatemala","name":"Selecci\u00f3n de Guatemala falla en su debut del Premundial Sub17","isPartOf":{"@id":"https:\/\/prensalibre-com-develop.go-vip.co\/guatevision\/#website"},"primaryImageOfPage":{"@id":"https:\/\/prensalibre-com-develop.go-vip.co\/guatevision\/noticias\/deportes\/seleccion-de-guatemala#primaryimage"},"image":{"@id":"https:\/\/prensalibre-com-develop.go-vip.co\/guatevision\/noticias\/deportes\/seleccion-de-guatemala#primaryimage"},"thumbnailUrl":"https:\/\/prensalibre-com-develop.go-vip.co\/guatevision\/wp-content\/uploads\/sites\/2\/2019\/05\/Seleccion-Guatemala-Sub17-03.jpeg?quality=82","datePublished":"2019-05-02T23:40:52+00:00","dateModified":"2019-05-03T00:42:26+00:00","description":"Selecci\u00f3n de Guatemala fall\u00f3 en su debut luego de empatar a un gol ante Barbados en el inicio\u00a0del Premundial Sub17 que se disputa en Bradenton","inLanguage":"es-GT","potentialAction":[{"@type":"ReadAction","target":["https:\/\/prensalibre-com-develop.go-vip.co\/guatevision\/noticias\/deportes\/seleccion-de-guatemala"]}]},{"@type":"ImageObject","inLanguage":"es-GT","@id":"https:\/\/prensalibre-com-develop.go-vip.co\/guatevision\/noticias\/deportes\/seleccion-de-guatemala#primaryimage","url":"https:\/\/prensalibre-com-develop.go-vip.co\/guatevision\/wp-content\/uploads\/sites\/2\/2019\/05\/Seleccion-Guatemala-Sub17-03.jpeg?quality=82","contentUrl":"https:\/\/prensalibre-com-develop.go-vip.co\/guatevision\/wp-content\/uploads\/sites\/2\/2019\/05\/Seleccion-Guatemala-Sub17-03.jpeg?quality=82","width":1280,"height":849,"caption":"Seleccion-Guatemala-Sub17-00"},{"@type":"WebSite","@id":"https:\/\/prensalibre-com-develop.go-vip.co\/guatevision\/#website","url":"https:\/\/prensalibre-com-develop.go-vip.co\/guatevision\/","name":"Guatevision","description":"\u00a1Enciende Lo Bueno!","publisher":{"@id":"https:\/\/prensalibre-com-develop.go-vip.co\/guatevision\/#organization"},"potentialAction":[{"@type":"SearchAction","target":{"@type":"EntryPoint","urlTemplate":"https:\/\/prensalibre-com-develop.go-vip.co\/guatevision\/?s={search_term_string}"},"query-input":{"@type":"PropertyValueSpecification","valueRequired":true,"valueName":"search_term_string"}}],"inLanguage":"es-GT"},{"@type":"Organization","@id":"https:\/\/prensalibre-com-develop.go-vip.co\/guatevision\/#organization","name":"Guatevision","url":"https:\/\/prensalibre-com-develop.go-vip.co\/guatevision\/","logo":{"@type":"ImageObject","inLanguage":"es-GT","@id":"https:\/\/prensalibre-com-develop.go-vip.co\/guatevision\/#\/schema\/logo\/image\/","url":"https:\/\/prensalibre-com-develop.go-vip.co\/guatevision\/wp-content\/uploads\/sites\/2\/2026\/04\/Diseno-sin-titulo.png?quality=82","contentUrl":"https:\/\/prensalibre-com-develop.go-vip.co\/guatevision\/wp-content\/uploads\/sites\/2\/2026\/04\/Diseno-sin-titulo.png?quality=82","width":1000,"height":600,"caption":"Guatevision"},"image":{"@id":"https:\/\/prensalibre-com-develop.go-vip.co\/guatevision\/#\/schema\/logo\/image\/"}}]}},"jetpack_sharing_enabled":true,"_links":{"self":[{"href":"https:\/\/prensalibre-com-develop.go-vip.co\/guatevision\/wp-json\/wp\/v2\/post-noticias\/272337","targetHints":{"allow":["GET"]}}],"collection":[{"href":"https:\/\/prensalibre-com-develop.go-vip.co\/guatevision\/wp-json\/wp\/v2\/post-noticias"}],"about":[{"href":"https:\/\/prensalibre-com-develop.go-vip.co\/guatevision\/wp-json\/wp\/v2\/types\/post-noticias"}],"author":[{"embeddable":true,"href":"https:\/\/prensalibre-com-develop.go-vip.co\/guatevision\/wp-json\/wp\/v2\/users\/71"}],"version-history":[{"count":0,"href":"https:\/\/prensalibre-com-develop.go-vip.co\/guatevision\/wp-json\/wp\/v2\/post-noticias\/272337\/revisions"}],"wp:featuredmedia":[{"embeddable":true,"href":"https:\/\/prensalibre-com-develop.go-vip.co\/guatevision\/wp-json\/wp\/v2\/media\/272351"}],"wp:attachment":[{"href":"https:\/\/prensalibre-com-develop.go-vip.co\/guatevision\/wp-json\/wp\/v2\/media?parent=272337"}],"wp:term":[{"taxonomy":"etiqueta","embeddable":true,"href":"https:\/\/prensalibre-com-develop.go-vip.co\/guatevision\/wp-json\/wp\/v2\/etiqueta?post=272337"}],"curies":[{"name":"wp","href":"https:\/\/api.w.org\/{rel}","templated":true}]}}