{"id":278205,"date":"2019-06-03T20:00:21","date_gmt":"2019-06-04T02:00:21","guid":{"rendered":"https:\/\/prensalibre-com-develop.go-vip.co\/guatevision\/?post_type=post-noticias&#038;p=278205"},"modified":"2019-06-03T17:17:41","modified_gmt":"2019-06-03T23:17:41","slug":"cbf-pide-aplazar-comparecencia","status":"publish","type":"post-noticias","link":"https:\/\/prensalibre-com-develop.go-vip.co\/guatevision\/noticias\/deportes\/cbf-pide-aplazar-comparecencia","title":{"rendered":"CBF pide aplazar comparecencia de Neymar por divulgaci\u00f3n de fotos \u00edntimas"},"content":{"rendered":"<p>CBF (Confederaci\u00f3n Brasile\u00f1a de F\u00fatbol) pidi\u00f3 aplazar la deposici\u00f3n de Neymar por la difusi\u00f3n por parte del astro de mensajes \u00edntimos que le dirigi\u00f3 una mujer que lo acusa de violaci\u00f3n, indic\u00f3 el lunes un vocero de la entidad.<\/p>\n\n<p>&#8220;Hemos sugerido aplazar la comparecencia&#8221;, dijo a la AFP el vocero de la CBF.<\/p>\n<p>Varios medios brasile\u00f1os se\u00f1alaron que el atacante del Par\u00eds Saint-Germain fue convocado para prestar declaraci\u00f3n el viernes pr\u00f3ximo ante la Comisar\u00eda de Represi\u00f3n de cr\u00edmenes inform\u00e1ticos de Rio de Janeiro.<\/p>\n<p>Ese d\u00eda, el jugador debe estar en Porto Alegre (sur) preparando el amistoso de la selecci\u00f3n auriverde frente a Honduras del domingo, antes del inicio de la Copa Am\u00e9rica el viernes 14 de junio.<\/p>\n<p>Seg\u00fan el portal Globoesporte.com la comparecencia podr\u00eda aplazarse al lunes pr\u00f3ximo.<\/p>\n<p>Por lo pronto, un patrullero ingres\u00f3 este lunes en el centro de entrenamiento de la selecci\u00f3n en Teres\u00f3polis, donde los hombres del entrenador Tite preparan su primer amistoso, este mi\u00e9rcoles, frente a Catar en Brasilia.<\/p>\n<p>De acuerdo con los medios brasile\u00f1os, los agentes se presentaron en el lugar para entregar a Neymar la convocatoria a prestar declaraci\u00f3n.<\/p>\n<p>&#8220;Entiendo la importancia del asunto, su real dimensi\u00f3n. Y tambi\u00e9n s\u00e9 que es un asunto personal, es preciso tiempo para que las personas puedan juzgar los hechos. Yo no voy a permitirme juzgar los hechos&#8221;, afirm\u00f3 Tite en una conferencia de prensa.<\/p>\n<p>Para el DT de la verdeamarela, el astro de 27 a\u00f1os es &#8220;indispensable&#8221; en el Selesao, pero no es &#8220;irremplazable&#8221;.<\/p>\n<p>&nbsp;<\/p>\n<h3>&#8211; Reporte m\u00e9dico &#8211;<\/h3>\n<p>El caso salt\u00f3 a la luz el s\u00e1bado, al revelarse la denuncia que una joven brasile\u00f1a hab\u00eda presentado en Sao Paulo, asegurando que hab\u00eda sidio violada por el futbolista en Par\u00eds.<\/p>\n<p>Neymar dijo ese mismo d\u00eda que hab\u00eda ca\u00eddo en una &#8220;trampa&#8221; con fines de extorsi\u00f3n y para demostrarlo colg\u00f3 en Instagram un video con la presunta reproducci\u00f3n de los mensajes que intercambi\u00f3 con su acusadora, incluyendo fotos de ella en posturas sugestivas.<\/p>\n<p>Esas im\u00e1genes ya no estaban publicadas en la red social este lunes, un d\u00eda despu\u00e9s de que la polic\u00eda de Rio anunciara la apertura de una investigaci\u00f3n por la divulgaci\u00f3n de mensajes \u00edntimos, prohibido por la ley brasile\u00f1a.<\/p>\n<p>En casos como \u00e9ste, se prev\u00e9 una &#8220;pena de 1 hasta 5 a\u00f1os de prisi\u00f3n&#8221;, explic\u00f3 a la AFP el abogado penalista Leonardo Pantaleao, advirtiendo no obstante que el fubtolista podr\u00eda beneficiarse de la interpretaci\u00f3n de la ley que tomar\u00eda en cuenta las motivaciones de Neymar.<\/p>\n<p>&#8220;No me parece que Neymar haya cometido ese crimen, porque esa conducta es considerada criminal cuando la divulgaci\u00f3n tiene el objetivo de exponer la intimidad de la v\u00edctima (&#8230;) Y el comportamiento de Neymar no fue ese, porque \u00e9l us\u00f3 esto para defenderse de una acusaci\u00f3n de violaci\u00f3n&#8221;, matiz\u00f3 Pantaleao.<\/p>\n<p>Los hinchas en Rio se mostraron divididos ante este nuevo esc\u00e1ndalo que rodea al astro brasile\u00f1o a pocos d\u00edas del inicio de la Copa Am\u00e9rica.<\/p>\n<p>&#8220;No defiendo a Neymar porque \u00e9l pudo haber hecho eso, s\u00ed, pero ella est\u00e1 polemizando demasiado esa historia&#8221;, dijo la estudiante de derecho Genise Almeida, de 29 a\u00f1os.<\/p>\n<p>&#8220;Neymar es un crac, tiene todo para ser el mejor jugador del mundo, pero a veces creo que le falta querer de verdad la dedicaci\u00f3n de un profesional&#8221;, opin\u00f3 Andr\u00e9 Monteiro, un estudiante de 25 a\u00f1os.<\/p>\n<p>El portal de informaci\u00f3n Uol report\u00f3 que este lunes pudo consultar un informe forense que aseguraba que la mujer que denunci\u00f3 a Neymar presentaba hematomas en las piernas y las nalgas, as\u00ed como problemas g\u00e1stricos y s\u00edntomas postraum\u00e1tico.<\/p>\n<p>\u00a9 Agence France-Presse<\/p>\n","protected":false},"excerpt":{"rendered":"<p>De acuerdo con los medios brasile\u00f1os, los agentes se presentaron en el lugar para entregar a Neymar la convocatoria a prestar declaraci\u00f3n.<\/p>\n","protected":false},"author":71,"featured_media":278051,"template":"","etiqueta":[37850,37851,166],"class_list":["post-278205","post-noticias","type-post-noticias","status-publish","has-post-thumbnail","hentry","categoria-post-noticias-deportes","etiqueta-cbf","etiqueta-confederacion-brasilena-de-futbol","etiqueta-neymar"],"yoast_head":"<!-- This site is optimized with the Yoast SEO plugin v23.9 - https:\/\/yoast.com\/wordpress\/plugins\/seo\/ -->\n<title>CBF pide aplazar comparecencia de Neymar por divulgaci\u00f3n de fotos<\/title>\n<meta name=\"description\" content=\"CBF pidi\u00f3 aplazar la deposici\u00f3n de Neymar por la difusi\u00f3n por parte del astro de mensajes \u00edntimos que le dirigi\u00f3 una mujer que lo acusa de violaci\u00f3n\" \/>\n<meta name=\"robots\" content=\"index, follow, max-snippet:-1, max-image-preview:large, max-video-preview:-1\" \/>\n<link rel=\"canonical\" href=\"https:\/\/prensalibre-com-develop.go-vip.co\/guatevision\/noticias\/deportes\/cbf-pide-aplazar-comparecencia\" \/>\n<meta property=\"og:locale\" content=\"es_ES\" \/>\n<meta property=\"og:type\" content=\"article\" \/>\n<meta property=\"og:title\" content=\"CBF pide aplazar comparecencia de Neymar por divulgaci\u00f3n de fotos\" \/>\n<meta property=\"og:description\" content=\"CBF pidi\u00f3 aplazar la deposici\u00f3n de Neymar por la difusi\u00f3n por parte del astro de mensajes \u00edntimos que le dirigi\u00f3 una mujer que lo acusa de violaci\u00f3n\" \/>\n<meta property=\"og:url\" content=\"https:\/\/prensalibre-com-develop.go-vip.co\/guatevision\/noticias\/deportes\/cbf-pide-aplazar-comparecencia\" \/>\n<meta property=\"og:site_name\" content=\"Guatevision\" \/>\n<meta property=\"article:modified_time\" content=\"2019-06-03T23:17:41+00:00\" \/>\n<meta property=\"og:image\" content=\"https:\/\/prensalibre-com-develop.go-vip.co\/guatevision\/wp-content\/uploads\/sites\/2\/2019\/06\/neymar01.jpg?quality=82\" \/>\n\t<meta property=\"og:image:width\" content=\"660\" \/>\n\t<meta property=\"og:image:height\" content=\"371\" \/>\n\t<meta property=\"og:image:type\" content=\"image\/jpeg\" \/>\n<meta name=\"twitter:card\" content=\"summary_large_image\" \/>\n<meta name=\"twitter:label1\" content=\"Est. reading time\" \/>\n\t<meta name=\"twitter:data1\" content=\"3 minutes\" \/>\n<script type=\"application\/ld+json\" class=\"yoast-schema-graph\">{\"@context\":\"https:\/\/schema.org\",\"@graph\":[{\"@type\":\"WebPage\",\"@id\":\"https:\/\/prensalibre-com-develop.go-vip.co\/guatevision\/noticias\/deportes\/cbf-pide-aplazar-comparecencia\",\"url\":\"https:\/\/prensalibre-com-develop.go-vip.co\/guatevision\/noticias\/deportes\/cbf-pide-aplazar-comparecencia\",\"name\":\"CBF pide aplazar comparecencia de Neymar por divulgaci\u00f3n de fotos\",\"isPartOf\":{\"@id\":\"https:\/\/prensalibre-com-develop.go-vip.co\/guatevision\/#website\"},\"primaryImageOfPage\":{\"@id\":\"https:\/\/prensalibre-com-develop.go-vip.co\/guatevision\/noticias\/deportes\/cbf-pide-aplazar-comparecencia#primaryimage\"},\"image\":{\"@id\":\"https:\/\/prensalibre-com-develop.go-vip.co\/guatevision\/noticias\/deportes\/cbf-pide-aplazar-comparecencia#primaryimage\"},\"thumbnailUrl\":\"https:\/\/prensalibre-com-develop.go-vip.co\/guatevision\/wp-content\/uploads\/sites\/2\/2019\/06\/neymar01.jpg?quality=82\",\"datePublished\":\"2019-06-04T02:00:21+00:00\",\"dateModified\":\"2019-06-03T23:17:41+00:00\",\"description\":\"CBF pidi\u00f3 aplazar la deposici\u00f3n de Neymar por la difusi\u00f3n por parte del astro de mensajes \u00edntimos que le dirigi\u00f3 una mujer que lo acusa de violaci\u00f3n\",\"inLanguage\":\"es-GT\",\"potentialAction\":[{\"@type\":\"ReadAction\",\"target\":[\"https:\/\/prensalibre-com-develop.go-vip.co\/guatevision\/noticias\/deportes\/cbf-pide-aplazar-comparecencia\"]}]},{\"@type\":\"ImageObject\",\"inLanguage\":\"es-GT\",\"@id\":\"https:\/\/prensalibre-com-develop.go-vip.co\/guatevision\/noticias\/deportes\/cbf-pide-aplazar-comparecencia#primaryimage\",\"url\":\"https:\/\/prensalibre-com-develop.go-vip.co\/guatevision\/wp-content\/uploads\/sites\/2\/2019\/06\/neymar01.jpg?quality=82\",\"contentUrl\":\"https:\/\/prensalibre-com-develop.go-vip.co\/guatevision\/wp-content\/uploads\/sites\/2\/2019\/06\/neymar01.jpg?quality=82\",\"width\":660,\"height\":371,\"caption\":\"Neymar entrena con su selecci\u00f3n nacional estos d\u00edas preparando la Copa Am\u00e9rica que se celebra en Brasil del 14 de junio al 7 de julio. (GETTY IMAGES)\"},{\"@type\":\"WebSite\",\"@id\":\"https:\/\/prensalibre-com-develop.go-vip.co\/guatevision\/#website\",\"url\":\"https:\/\/prensalibre-com-develop.go-vip.co\/guatevision\/\",\"name\":\"Guatevision\",\"description\":\"\u00a1Enciende Lo Bueno!\",\"publisher\":{\"@id\":\"https:\/\/prensalibre-com-develop.go-vip.co\/guatevision\/#organization\"},\"potentialAction\":[{\"@type\":\"SearchAction\",\"target\":{\"@type\":\"EntryPoint\",\"urlTemplate\":\"https:\/\/prensalibre-com-develop.go-vip.co\/guatevision\/?s={search_term_string}\"},\"query-input\":{\"@type\":\"PropertyValueSpecification\",\"valueRequired\":true,\"valueName\":\"search_term_string\"}}],\"inLanguage\":\"es-GT\"},{\"@type\":\"Organization\",\"@id\":\"https:\/\/prensalibre-com-develop.go-vip.co\/guatevision\/#organization\",\"name\":\"Guatevision\",\"url\":\"https:\/\/prensalibre-com-develop.go-vip.co\/guatevision\/\",\"logo\":{\"@type\":\"ImageObject\",\"inLanguage\":\"es-GT\",\"@id\":\"https:\/\/prensalibre-com-develop.go-vip.co\/guatevision\/#\/schema\/logo\/image\/\",\"url\":\"https:\/\/prensalibre-com-develop.go-vip.co\/guatevision\/wp-content\/uploads\/sites\/2\/2026\/04\/Diseno-sin-titulo.png?quality=82\",\"contentUrl\":\"https:\/\/prensalibre-com-develop.go-vip.co\/guatevision\/wp-content\/uploads\/sites\/2\/2026\/04\/Diseno-sin-titulo.png?quality=82\",\"width\":1000,\"height\":600,\"caption\":\"Guatevision\"},\"image\":{\"@id\":\"https:\/\/prensalibre-com-develop.go-vip.co\/guatevision\/#\/schema\/logo\/image\/\"}}]}<\/script>\n<!-- \/ Yoast SEO plugin. -->","yoast_head_json":{"title":"CBF pide aplazar comparecencia de Neymar por divulgaci\u00f3n de fotos","description":"CBF pidi\u00f3 aplazar la deposici\u00f3n de Neymar por la difusi\u00f3n por parte del astro de mensajes \u00edntimos que le dirigi\u00f3 una mujer que lo acusa de violaci\u00f3n","robots":{"index":"index","follow":"follow","max-snippet":"max-snippet:-1","max-image-preview":"max-image-preview:large","max-video-preview":"max-video-preview:-1"},"canonical":"https:\/\/prensalibre-com-develop.go-vip.co\/guatevision\/noticias\/deportes\/cbf-pide-aplazar-comparecencia","og_locale":"es_ES","og_type":"article","og_title":"CBF pide aplazar comparecencia de Neymar por divulgaci\u00f3n de fotos","og_description":"CBF pidi\u00f3 aplazar la deposici\u00f3n de Neymar por la difusi\u00f3n por parte del astro de mensajes \u00edntimos que le dirigi\u00f3 una mujer que lo acusa de violaci\u00f3n","og_url":"https:\/\/prensalibre-com-develop.go-vip.co\/guatevision\/noticias\/deportes\/cbf-pide-aplazar-comparecencia","og_site_name":"Guatevision","article_modified_time":"2019-06-03T23:17:41+00:00","og_image":[{"width":660,"height":371,"url":"https:\/\/prensalibre-com-develop.go-vip.co\/guatevision\/wp-content\/uploads\/sites\/2\/2019\/06\/neymar01.jpg?quality=82","type":"image\/jpeg"}],"twitter_card":"summary_large_image","twitter_misc":{"Est. reading time":"3 minutes"},"schema":{"@context":"https:\/\/schema.org","@graph":[{"@type":"WebPage","@id":"https:\/\/prensalibre-com-develop.go-vip.co\/guatevision\/noticias\/deportes\/cbf-pide-aplazar-comparecencia","url":"https:\/\/prensalibre-com-develop.go-vip.co\/guatevision\/noticias\/deportes\/cbf-pide-aplazar-comparecencia","name":"CBF pide aplazar comparecencia de Neymar por divulgaci\u00f3n de fotos","isPartOf":{"@id":"https:\/\/prensalibre-com-develop.go-vip.co\/guatevision\/#website"},"primaryImageOfPage":{"@id":"https:\/\/prensalibre-com-develop.go-vip.co\/guatevision\/noticias\/deportes\/cbf-pide-aplazar-comparecencia#primaryimage"},"image":{"@id":"https:\/\/prensalibre-com-develop.go-vip.co\/guatevision\/noticias\/deportes\/cbf-pide-aplazar-comparecencia#primaryimage"},"thumbnailUrl":"https:\/\/prensalibre-com-develop.go-vip.co\/guatevision\/wp-content\/uploads\/sites\/2\/2019\/06\/neymar01.jpg?quality=82","datePublished":"2019-06-04T02:00:21+00:00","dateModified":"2019-06-03T23:17:41+00:00","description":"CBF pidi\u00f3 aplazar la deposici\u00f3n de Neymar por la difusi\u00f3n por parte del astro de mensajes \u00edntimos que le dirigi\u00f3 una mujer que lo acusa de violaci\u00f3n","inLanguage":"es-GT","potentialAction":[{"@type":"ReadAction","target":["https:\/\/prensalibre-com-develop.go-vip.co\/guatevision\/noticias\/deportes\/cbf-pide-aplazar-comparecencia"]}]},{"@type":"ImageObject","inLanguage":"es-GT","@id":"https:\/\/prensalibre-com-develop.go-vip.co\/guatevision\/noticias\/deportes\/cbf-pide-aplazar-comparecencia#primaryimage","url":"https:\/\/prensalibre-com-develop.go-vip.co\/guatevision\/wp-content\/uploads\/sites\/2\/2019\/06\/neymar01.jpg?quality=82","contentUrl":"https:\/\/prensalibre-com-develop.go-vip.co\/guatevision\/wp-content\/uploads\/sites\/2\/2019\/06\/neymar01.jpg?quality=82","width":660,"height":371,"caption":"Neymar entrena con su selecci\u00f3n nacional estos d\u00edas preparando la Copa Am\u00e9rica que se celebra en Brasil del 14 de junio al 7 de julio. (GETTY IMAGES)"},{"@type":"WebSite","@id":"https:\/\/prensalibre-com-develop.go-vip.co\/guatevision\/#website","url":"https:\/\/prensalibre-com-develop.go-vip.co\/guatevision\/","name":"Guatevision","description":"\u00a1Enciende Lo Bueno!","publisher":{"@id":"https:\/\/prensalibre-com-develop.go-vip.co\/guatevision\/#organization"},"potentialAction":[{"@type":"SearchAction","target":{"@type":"EntryPoint","urlTemplate":"https:\/\/prensalibre-com-develop.go-vip.co\/guatevision\/?s={search_term_string}"},"query-input":{"@type":"PropertyValueSpecification","valueRequired":true,"valueName":"search_term_string"}}],"inLanguage":"es-GT"},{"@type":"Organization","@id":"https:\/\/prensalibre-com-develop.go-vip.co\/guatevision\/#organization","name":"Guatevision","url":"https:\/\/prensalibre-com-develop.go-vip.co\/guatevision\/","logo":{"@type":"ImageObject","inLanguage":"es-GT","@id":"https:\/\/prensalibre-com-develop.go-vip.co\/guatevision\/#\/schema\/logo\/image\/","url":"https:\/\/prensalibre-com-develop.go-vip.co\/guatevision\/wp-content\/uploads\/sites\/2\/2026\/04\/Diseno-sin-titulo.png?quality=82","contentUrl":"https:\/\/prensalibre-com-develop.go-vip.co\/guatevision\/wp-content\/uploads\/sites\/2\/2026\/04\/Diseno-sin-titulo.png?quality=82","width":1000,"height":600,"caption":"Guatevision"},"image":{"@id":"https:\/\/prensalibre-com-develop.go-vip.co\/guatevision\/#\/schema\/logo\/image\/"}}]}},"jetpack_sharing_enabled":true,"_links":{"self":[{"href":"https:\/\/prensalibre-com-develop.go-vip.co\/guatevision\/wp-json\/wp\/v2\/post-noticias\/278205","targetHints":{"allow":["GET"]}}],"collection":[{"href":"https:\/\/prensalibre-com-develop.go-vip.co\/guatevision\/wp-json\/wp\/v2\/post-noticias"}],"about":[{"href":"https:\/\/prensalibre-com-develop.go-vip.co\/guatevision\/wp-json\/wp\/v2\/types\/post-noticias"}],"author":[{"embeddable":true,"href":"https:\/\/prensalibre-com-develop.go-vip.co\/guatevision\/wp-json\/wp\/v2\/users\/71"}],"version-history":[{"count":0,"href":"https:\/\/prensalibre-com-develop.go-vip.co\/guatevision\/wp-json\/wp\/v2\/post-noticias\/278205\/revisions"}],"wp:featuredmedia":[{"embeddable":true,"href":"https:\/\/prensalibre-com-develop.go-vip.co\/guatevision\/wp-json\/wp\/v2\/media\/278051"}],"wp:attachment":[{"href":"https:\/\/prensalibre-com-develop.go-vip.co\/guatevision\/wp-json\/wp\/v2\/media?parent=278205"}],"wp:term":[{"taxonomy":"etiqueta","embeddable":true,"href":"https:\/\/prensalibre-com-develop.go-vip.co\/guatevision\/wp-json\/wp\/v2\/etiqueta?post=278205"}],"curies":[{"name":"wp","href":"https:\/\/api.w.org\/{rel}","templated":true}]}}