{"id":278506,"date":"2019-06-04T19:20:56","date_gmt":"2019-06-05T01:20:56","guid":{"rendered":"https:\/\/prensalibre-com-develop.go-vip.co\/guatevision\/?post_type=post-noticias&#038;p=278506"},"modified":"2019-06-04T19:20:56","modified_gmt":"2019-06-05T01:20:56","slug":"roberto-arzu-seguridad-plan-gobierno","status":"publish","type":"post-noticias","link":"https:\/\/prensalibre-com-develop.go-vip.co\/guatevision\/noticias\/decisionlibre2019\/roberto-arzu-seguridad-plan-gobierno","title":{"rendered":"Roberto Arz\u00fa prioriza la seguridad en su plan de gobierno"},"content":{"rendered":"<p>El candidato presidencial por la coalici\u00f3n PAN-PODEMOS present\u00f3 su plan de gobierno junto a su equipo de trabajo. Sus principales propuestas se centran en el tema de la seguridad, que el ej\u00e9rcito salga a las calles y militarizar las c\u00e1rceles entre otros.<\/p>\n\n<div class=\"jetpack-video-wrapper\"><iframe loading=\"lazy\" title=\"Plan de Gobierno Roberto Arzu\u0301\" width=\"500\" height=\"281\" src=\"https:\/\/www.youtube.com\/embed\/LpEfG0jhwNs?feature=oembed\" frameborder=\"0\" allow=\"accelerometer; autoplay; clipboard-write; encrypted-media; gyroscope; picture-in-picture; web-share\" referrerpolicy=\"strict-origin-when-cross-origin\" allowfullscreen><\/iframe><\/div>\n","protected":false},"excerpt":{"rendered":"<p>La coalici\u00f3n de PAN- PODEMOS propuso como binomio presidencial a Roberto Arz\u00fa y Jos\u00e9 Farias. Aqu\u00ed le contamos parte del plan de gobierno.<\/p>\n","protected":false},"author":104,"featured_media":278513,"template":"","etiqueta":[90,31881,37682,35224,33242],"class_list":["post-278506","post-noticias","type-post-noticias","status-publish","has-post-thumbnail","hentry","categoria-post-noticias-decisionlibre2019","etiqueta-elecciones","etiqueta-pan","etiqueta-plan-de-gobierno","etiqueta-podemos","etiqueta-roberto-arzu"],"yoast_head":"<!-- This site is optimized with the Yoast SEO plugin v23.9 - https:\/\/yoast.com\/wordpress\/plugins\/seo\/ -->\n<title>Roberto Arz\u00fa prioriza la seguridad en su plan de gobierno<\/title>\n<meta name=\"description\" content=\"La coalici\u00f3n de PAN- PODEMOS propuso como binomio presidencial a Roberto Arz\u00fa y Jos\u00e9 Farias. Aqu\u00ed le contamos parte del plan de gobierno.\" \/>\n<meta name=\"robots\" content=\"index, follow, max-snippet:-1, max-image-preview:large, max-video-preview:-1\" \/>\n<link rel=\"canonical\" href=\"https:\/\/prensalibre-com-develop.go-vip.co\/guatevision\/noticias\/decisionlibre2019\/roberto-arzu-seguridad-plan-gobierno\" \/>\n<meta property=\"og:locale\" content=\"es_ES\" \/>\n<meta property=\"og:type\" content=\"article\" \/>\n<meta property=\"og:title\" content=\"Roberto Arz\u00fa prioriza la seguridad en su plan de gobierno\" \/>\n<meta property=\"og:description\" content=\"La coalici\u00f3n de PAN- PODEMOS propuso como binomio presidencial a Roberto Arz\u00fa y Jos\u00e9 Farias. Aqu\u00ed le contamos parte del plan de gobierno.\" \/>\n<meta property=\"og:url\" content=\"https:\/\/prensalibre-com-develop.go-vip.co\/guatevision\/noticias\/decisionlibre2019\/roberto-arzu-seguridad-plan-gobierno\" \/>\n<meta property=\"og:site_name\" content=\"Guatevision\" \/>\n<meta name=\"twitter:card\" content=\"summary_large_image\" \/>\n<meta name=\"twitter:image\" content=\"https:\/\/prensalibre-com-develop.go-vip.co\/guatevision\/wp-content\/uploads\/sites\/2\/2019\/06\/Captura-de-pantalla-2019-06-04-a-las-19.17.49.png?quality=82\" \/>\n<script type=\"application\/ld+json\" class=\"yoast-schema-graph\">{\"@context\":\"https:\/\/schema.org\",\"@graph\":[{\"@type\":\"WebPage\",\"@id\":\"https:\/\/prensalibre-com-develop.go-vip.co\/guatevision\/noticias\/decisionlibre2019\/roberto-arzu-seguridad-plan-gobierno\",\"url\":\"https:\/\/prensalibre-com-develop.go-vip.co\/guatevision\/noticias\/decisionlibre2019\/roberto-arzu-seguridad-plan-gobierno\",\"name\":\"Roberto Arz\u00fa prioriza la seguridad en su plan de gobierno\",\"isPartOf\":{\"@id\":\"https:\/\/prensalibre-com-develop.go-vip.co\/guatevision\/#website\"},\"primaryImageOfPage\":{\"@id\":\"https:\/\/prensalibre-com-develop.go-vip.co\/guatevision\/noticias\/decisionlibre2019\/roberto-arzu-seguridad-plan-gobierno#primaryimage\"},\"image\":{\"@id\":\"https:\/\/prensalibre-com-develop.go-vip.co\/guatevision\/noticias\/decisionlibre2019\/roberto-arzu-seguridad-plan-gobierno#primaryimage\"},\"thumbnailUrl\":\"https:\/\/prensalibre-com-develop.go-vip.co\/guatevision\/wp-content\/uploads\/sites\/2\/2019\/06\/Captura-de-pantalla-2019-06-04-a-las-19.17.49.png?quality=82\",\"datePublished\":\"2019-06-05T01:20:56+00:00\",\"dateModified\":\"2019-06-05T01:20:56+00:00\",\"description\":\"La coalici\u00f3n de PAN- PODEMOS propuso como binomio presidencial a Roberto Arz\u00fa y Jos\u00e9 Farias. Aqu\u00ed le contamos parte del plan de gobierno.\",\"inLanguage\":\"es-GT\",\"potentialAction\":[{\"@type\":\"ReadAction\",\"target\":[\"https:\/\/prensalibre-com-develop.go-vip.co\/guatevision\/noticias\/decisionlibre2019\/roberto-arzu-seguridad-plan-gobierno\"]}]},{\"@type\":\"ImageObject\",\"inLanguage\":\"es-GT\",\"@id\":\"https:\/\/prensalibre-com-develop.go-vip.co\/guatevision\/noticias\/decisionlibre2019\/roberto-arzu-seguridad-plan-gobierno#primaryimage\",\"url\":\"https:\/\/prensalibre-com-develop.go-vip.co\/guatevision\/wp-content\/uploads\/sites\/2\/2019\/06\/Captura-de-pantalla-2019-06-04-a-las-19.17.49.png?quality=82\",\"contentUrl\":\"https:\/\/prensalibre-com-develop.go-vip.co\/guatevision\/wp-content\/uploads\/sites\/2\/2019\/06\/Captura-de-pantalla-2019-06-04-a-las-19.17.49.png?quality=82\",\"width\":1516,\"height\":980,\"caption\":\"Roberto Arzu del Plan de Avanzada Nacional.\"},{\"@type\":\"WebSite\",\"@id\":\"https:\/\/prensalibre-com-develop.go-vip.co\/guatevision\/#website\",\"url\":\"https:\/\/prensalibre-com-develop.go-vip.co\/guatevision\/\",\"name\":\"Guatevision\",\"description\":\"\u00a1Enciende Lo Bueno!\",\"publisher\":{\"@id\":\"https:\/\/prensalibre-com-develop.go-vip.co\/guatevision\/#organization\"},\"potentialAction\":[{\"@type\":\"SearchAction\",\"target\":{\"@type\":\"EntryPoint\",\"urlTemplate\":\"https:\/\/prensalibre-com-develop.go-vip.co\/guatevision\/?s={search_term_string}\"},\"query-input\":{\"@type\":\"PropertyValueSpecification\",\"valueRequired\":true,\"valueName\":\"search_term_string\"}}],\"inLanguage\":\"es-GT\"},{\"@type\":\"Organization\",\"@id\":\"https:\/\/prensalibre-com-develop.go-vip.co\/guatevision\/#organization\",\"name\":\"Guatevision\",\"url\":\"https:\/\/prensalibre-com-develop.go-vip.co\/guatevision\/\",\"logo\":{\"@type\":\"ImageObject\",\"inLanguage\":\"es-GT\",\"@id\":\"https:\/\/prensalibre-com-develop.go-vip.co\/guatevision\/#\/schema\/logo\/image\/\",\"url\":\"https:\/\/prensalibre-com-develop.go-vip.co\/guatevision\/wp-content\/uploads\/sites\/2\/2026\/04\/Diseno-sin-titulo.png?quality=82\",\"contentUrl\":\"https:\/\/prensalibre-com-develop.go-vip.co\/guatevision\/wp-content\/uploads\/sites\/2\/2026\/04\/Diseno-sin-titulo.png?quality=82\",\"width\":1000,\"height\":600,\"caption\":\"Guatevision\"},\"image\":{\"@id\":\"https:\/\/prensalibre-com-develop.go-vip.co\/guatevision\/#\/schema\/logo\/image\/\"}}]}<\/script>\n<!-- \/ Yoast SEO plugin. -->","yoast_head_json":{"title":"Roberto Arz\u00fa prioriza la seguridad en su plan de gobierno","description":"La coalici\u00f3n de PAN- PODEMOS propuso como binomio presidencial a Roberto Arz\u00fa y Jos\u00e9 Farias. Aqu\u00ed le contamos parte del plan de gobierno.","robots":{"index":"index","follow":"follow","max-snippet":"max-snippet:-1","max-image-preview":"max-image-preview:large","max-video-preview":"max-video-preview:-1"},"canonical":"https:\/\/prensalibre-com-develop.go-vip.co\/guatevision\/noticias\/decisionlibre2019\/roberto-arzu-seguridad-plan-gobierno","og_locale":"es_ES","og_type":"article","og_title":"Roberto Arz\u00fa prioriza la seguridad en su plan de gobierno","og_description":"La coalici\u00f3n de PAN- PODEMOS propuso como binomio presidencial a Roberto Arz\u00fa y Jos\u00e9 Farias. Aqu\u00ed le contamos parte del plan de gobierno.","og_url":"https:\/\/prensalibre-com-develop.go-vip.co\/guatevision\/noticias\/decisionlibre2019\/roberto-arzu-seguridad-plan-gobierno","og_site_name":"Guatevision","twitter_card":"summary_large_image","twitter_image":"https:\/\/prensalibre-com-develop.go-vip.co\/guatevision\/wp-content\/uploads\/sites\/2\/2019\/06\/Captura-de-pantalla-2019-06-04-a-las-19.17.49.png?quality=82","schema":{"@context":"https:\/\/schema.org","@graph":[{"@type":"WebPage","@id":"https:\/\/prensalibre-com-develop.go-vip.co\/guatevision\/noticias\/decisionlibre2019\/roberto-arzu-seguridad-plan-gobierno","url":"https:\/\/prensalibre-com-develop.go-vip.co\/guatevision\/noticias\/decisionlibre2019\/roberto-arzu-seguridad-plan-gobierno","name":"Roberto Arz\u00fa prioriza la seguridad en su plan de gobierno","isPartOf":{"@id":"https:\/\/prensalibre-com-develop.go-vip.co\/guatevision\/#website"},"primaryImageOfPage":{"@id":"https:\/\/prensalibre-com-develop.go-vip.co\/guatevision\/noticias\/decisionlibre2019\/roberto-arzu-seguridad-plan-gobierno#primaryimage"},"image":{"@id":"https:\/\/prensalibre-com-develop.go-vip.co\/guatevision\/noticias\/decisionlibre2019\/roberto-arzu-seguridad-plan-gobierno#primaryimage"},"thumbnailUrl":"https:\/\/prensalibre-com-develop.go-vip.co\/guatevision\/wp-content\/uploads\/sites\/2\/2019\/06\/Captura-de-pantalla-2019-06-04-a-las-19.17.49.png?quality=82","datePublished":"2019-06-05T01:20:56+00:00","dateModified":"2019-06-05T01:20:56+00:00","description":"La coalici\u00f3n de PAN- PODEMOS propuso como binomio presidencial a Roberto Arz\u00fa y Jos\u00e9 Farias. Aqu\u00ed le contamos parte del plan de gobierno.","inLanguage":"es-GT","potentialAction":[{"@type":"ReadAction","target":["https:\/\/prensalibre-com-develop.go-vip.co\/guatevision\/noticias\/decisionlibre2019\/roberto-arzu-seguridad-plan-gobierno"]}]},{"@type":"ImageObject","inLanguage":"es-GT","@id":"https:\/\/prensalibre-com-develop.go-vip.co\/guatevision\/noticias\/decisionlibre2019\/roberto-arzu-seguridad-plan-gobierno#primaryimage","url":"https:\/\/prensalibre-com-develop.go-vip.co\/guatevision\/wp-content\/uploads\/sites\/2\/2019\/06\/Captura-de-pantalla-2019-06-04-a-las-19.17.49.png?quality=82","contentUrl":"https:\/\/prensalibre-com-develop.go-vip.co\/guatevision\/wp-content\/uploads\/sites\/2\/2019\/06\/Captura-de-pantalla-2019-06-04-a-las-19.17.49.png?quality=82","width":1516,"height":980,"caption":"Roberto Arzu del Plan de Avanzada Nacional."},{"@type":"WebSite","@id":"https:\/\/prensalibre-com-develop.go-vip.co\/guatevision\/#website","url":"https:\/\/prensalibre-com-develop.go-vip.co\/guatevision\/","name":"Guatevision","description":"\u00a1Enciende Lo Bueno!","publisher":{"@id":"https:\/\/prensalibre-com-develop.go-vip.co\/guatevision\/#organization"},"potentialAction":[{"@type":"SearchAction","target":{"@type":"EntryPoint","urlTemplate":"https:\/\/prensalibre-com-develop.go-vip.co\/guatevision\/?s={search_term_string}"},"query-input":{"@type":"PropertyValueSpecification","valueRequired":true,"valueName":"search_term_string"}}],"inLanguage":"es-GT"},{"@type":"Organization","@id":"https:\/\/prensalibre-com-develop.go-vip.co\/guatevision\/#organization","name":"Guatevision","url":"https:\/\/prensalibre-com-develop.go-vip.co\/guatevision\/","logo":{"@type":"ImageObject","inLanguage":"es-GT","@id":"https:\/\/prensalibre-com-develop.go-vip.co\/guatevision\/#\/schema\/logo\/image\/","url":"https:\/\/prensalibre-com-develop.go-vip.co\/guatevision\/wp-content\/uploads\/sites\/2\/2026\/04\/Diseno-sin-titulo.png?quality=82","contentUrl":"https:\/\/prensalibre-com-develop.go-vip.co\/guatevision\/wp-content\/uploads\/sites\/2\/2026\/04\/Diseno-sin-titulo.png?quality=82","width":1000,"height":600,"caption":"Guatevision"},"image":{"@id":"https:\/\/prensalibre-com-develop.go-vip.co\/guatevision\/#\/schema\/logo\/image\/"}}]}},"jetpack_sharing_enabled":true,"_links":{"self":[{"href":"https:\/\/prensalibre-com-develop.go-vip.co\/guatevision\/wp-json\/wp\/v2\/post-noticias\/278506","targetHints":{"allow":["GET"]}}],"collection":[{"href":"https:\/\/prensalibre-com-develop.go-vip.co\/guatevision\/wp-json\/wp\/v2\/post-noticias"}],"about":[{"href":"https:\/\/prensalibre-com-develop.go-vip.co\/guatevision\/wp-json\/wp\/v2\/types\/post-noticias"}],"author":[{"embeddable":true,"href":"https:\/\/prensalibre-com-develop.go-vip.co\/guatevision\/wp-json\/wp\/v2\/users\/104"}],"version-history":[{"count":0,"href":"https:\/\/prensalibre-com-develop.go-vip.co\/guatevision\/wp-json\/wp\/v2\/post-noticias\/278506\/revisions"}],"wp:featuredmedia":[{"embeddable":true,"href":"https:\/\/prensalibre-com-develop.go-vip.co\/guatevision\/wp-json\/wp\/v2\/media\/278513"}],"wp:attachment":[{"href":"https:\/\/prensalibre-com-develop.go-vip.co\/guatevision\/wp-json\/wp\/v2\/media?parent=278506"}],"wp:term":[{"taxonomy":"etiqueta","embeddable":true,"href":"https:\/\/prensalibre-com-develop.go-vip.co\/guatevision\/wp-json\/wp\/v2\/etiqueta?post=278506"}],"curies":[{"name":"wp","href":"https:\/\/api.w.org\/{rel}","templated":true}]}}