{"id":279276,"date":"2019-06-08T08:55:08","date_gmt":"2019-06-08T14:55:08","guid":{"rendered":"https:\/\/prensalibre-com-develop.go-vip.co\/guatevision\/?post_type=post-noticias&#038;p=279276"},"modified":"2019-06-08T09:29:10","modified_gmt":"2019-06-08T15:29:10","slug":"guatemala-se-despide","status":"publish","type":"post-noticias","link":"https:\/\/prensalibre-com-develop.go-vip.co\/guatevision\/noticias\/deportes\/guatemala-se-despide","title":{"rendered":"Guatemala se despide de Toulon con derrota ante Francia (1-2)"},"content":{"rendered":"<p>Guatemala se despidi\u00f3 con derrota (1-2) ante Francia, en la \u00faltima jornada de la ronda de grupos del Torneo Esperanza de Toulon<\/p>\n\n<p>Darell Tokpa adelant\u00f3 a los galos (48&#8242;), Durban Reyes de penal (57&#8242;) nivelado para la bicolor, pero Carlos Estrada con un autogol (72&#8242;) anotaron en el partido.<\/p>\n<p>El partido se torn\u00f3 parejo casi en duante toda la primera parte, donde los chapines buscaron la anotaci\u00f3n.<\/p>\n<p>Aunque para la mala fortuna de los dirigidos por \u00c9rick Gonz\u00e1lez, Esteban Garc\u00eda se fue a las duchas por doble amonestaci\u00f3n al minuto 30.<\/p>\n<p>Con un jugador menos, los franceses tomaron el control del partido y los chapines como era l\u00f3gico cerraron sus l\u00edneas.<\/p>\n<p>Aun as\u00ed con un hombre menos y sin goles, el juego se fue al descanso.<\/p>\n<h5>Tambi\u00e9n te puede interesar:<\/h5>\n<h5><a href=\"https:\/\/prensalibre-com-develop.go-vip.co\/guatevision\/noticias\/deportes\/comunicaciones-contrata-a-stefano-cincotta-para-la-proxima-temporada\/\">Comunicaciones contrata a Stefano Cincotta para la pr\u00f3xima temporada<\/a><\/h5>\n<p>&nbsp;<\/p>\n<h3>Guatemala, no pudo.<\/h3>\n<p>Apenas tres minutos del complemento y una centro por izquierda de Rayan A\u00eft-Nouri apareci\u00f3 Darell Tokpa que anticip\u00f3 a dos defensores para el 1-0<\/p>\n<p>La bicolor logr\u00f3 la paridad tras una falta en el \u00e1rea sobre Durban Reyes que el \u00e1rbitro central decret\u00f3 como penalti<\/p>\n<p>El mismo Reyes ejecut\u00f3 y con un disparo colocado a la izquierda del portero local nivel\u00f3 las acciones al minuto 57.<\/p>\n<blockquote class=\"twitter-tweet\" data-width=\"500\" data-dnt=\"true\">\n<p lang=\"es\" dir=\"ltr\"><a href=\"https:\/\/twitter.com\/hashtag\/VamosGuate?src=hash&amp;ref_src=twsrc%5Etfw\">#VamosGuate<\/a> | Durban Reyes (57&#39;) empata el juego para Guatemala 1-1 ante Francia. <a href=\"https:\/\/twitter.com\/TournoiMRevello?ref_src=twsrc%5Etfw\">@TournoiMRevello<\/a> <a href=\"https:\/\/twitter.com\/tododeportes_pl?ref_src=twsrc%5Etfw\">@tododeportes_pl<\/a> <a href=\"https:\/\/twitter.com\/Guatevision_tv?ref_src=twsrc%5Etfw\">@Guatevision_tv<\/a> <a href=\"https:\/\/twitter.com\/dxtvguatevision?ref_src=twsrc%5Etfw\">@dxtvguatevision<\/a> <a href=\"https:\/\/t.co\/4AJrz1NLvL\">pic.twitter.com\/4AJrz1NLvL<\/a><\/p>\n<p>&mdash; Luis L\u00f3pez (@luilopezgt) <a href=\"https:\/\/twitter.com\/luilopezgt\/status\/1137365718712934400?ref_src=twsrc%5Etfw\">June 8, 2019<\/a><\/p><\/blockquote>\n<p><script async src=\"https:\/\/platform.twitter.com\/widgets.js\" charset=\"utf-8\"><\/script><\/p>\n<p>Para la mala fortuna nacional, Carlos Salvador Estrada en su intento por despejar con la cabeza termin\u00f3 enviando el bal\u00f3n al fondo de su propia porter\u00eda al minuto 71<\/p>\n<p>El portero Mendoza evit\u00f3 que el marcador fuera m\u00e1s abultado, por lo menos en dos oportunidades.<\/p>\n<p>Al final el tiempo ya no le alcanz\u00f3 a la bicolor que se despide del torneo con un saldo de dos derrotas y una victoria.<\/p>\n<p>Brasil los gole\u00f3 4-0 en su debut y ante Qatar alcanzaron la \u00fanica victoria en su primera aventura en este torneo.<\/p>\n<p>Con esta base de jugadores, Guatemala debe enfocarse en la serie eliminatoria ante Costa Rica por la plaza al Preol\u00edmpico de Concacaf<\/p>\n<p>&nbsp;<\/p>\n","protected":false},"excerpt":{"rendered":"<p>Darell Tokpa adelant\u00f3 a los galos (48&#8242;), Durban Reyes de penal (57&#8242;) nivelado para la bicolor, pero Carlos Estrada con un autogol (72&#8242;) anotaron en el partido.<\/p>\n","protected":false},"author":71,"featured_media":279277,"template":"","etiqueta":[20548,108,38000,37703],"class_list":["post-279276","post-noticias","type-post-noticias","status-publish","has-post-thumbnail","hentry","categoria-post-noticias-deportes","etiqueta-francia","etiqueta-guatemala","etiqueta-torneo-esperanza","etiqueta-toulon"],"yoast_head":"<!-- This site is optimized with the Yoast SEO plugin v23.9 - https:\/\/yoast.com\/wordpress\/plugins\/seo\/ -->\n<title>Guatemala se despide de Toulon con derrota ante Francia (1-2)<\/title>\n<meta name=\"description\" content=\"Guatemala se despidi\u00f3 con derrota (1-2) ante Francia, en la \u00faltima jornada de la ronda de grupos del Torneo Esperanza de Toulon\" \/>\n<meta name=\"robots\" content=\"index, follow, max-snippet:-1, max-image-preview:large, max-video-preview:-1\" \/>\n<link rel=\"canonical\" href=\"https:\/\/prensalibre-com-develop.go-vip.co\/guatevision\/noticias\/deportes\/guatemala-se-despide\" \/>\n<meta property=\"og:locale\" content=\"es_ES\" \/>\n<meta property=\"og:type\" content=\"article\" \/>\n<meta property=\"og:title\" content=\"Guatemala se despide de Toulon con derrota ante Francia (1-2)\" \/>\n<meta property=\"og:description\" content=\"Guatemala se despidi\u00f3 con derrota (1-2) ante Francia, en la \u00faltima jornada de la ronda de grupos del Torneo Esperanza de Toulon\" \/>\n<meta property=\"og:url\" content=\"https:\/\/prensalibre-com-develop.go-vip.co\/guatevision\/noticias\/deportes\/guatemala-se-despide\" \/>\n<meta property=\"og:site_name\" content=\"Guatevision\" \/>\n<meta property=\"article:modified_time\" content=\"2019-06-08T15:29:10+00:00\" \/>\n<meta property=\"og:image\" content=\"https:\/\/prensalibre-com-develop.go-vip.co\/guatevision\/wp-content\/uploads\/sites\/2\/2019\/06\/WhatsApp-Image-2019-06-08-at-07.32.53.jpeg?quality=82\" \/>\n\t<meta property=\"og:image:width\" content=\"1280\" \/>\n\t<meta property=\"og:image:height\" content=\"853\" \/>\n\t<meta property=\"og:image:type\" content=\"image\/jpeg\" \/>\n<meta name=\"twitter:card\" content=\"summary_large_image\" \/>\n<meta name=\"twitter:label1\" content=\"Est. reading time\" \/>\n\t<meta name=\"twitter:data1\" content=\"2 minutes\" \/>\n<script type=\"application\/ld+json\" class=\"yoast-schema-graph\">{\"@context\":\"https:\/\/schema.org\",\"@graph\":[{\"@type\":\"WebPage\",\"@id\":\"https:\/\/prensalibre-com-develop.go-vip.co\/guatevision\/noticias\/deportes\/guatemala-se-despide\",\"url\":\"https:\/\/prensalibre-com-develop.go-vip.co\/guatevision\/noticias\/deportes\/guatemala-se-despide\",\"name\":\"Guatemala se despide de Toulon con derrota ante Francia (1-2)\",\"isPartOf\":{\"@id\":\"https:\/\/prensalibre-com-develop.go-vip.co\/guatevision\/#website\"},\"primaryImageOfPage\":{\"@id\":\"https:\/\/prensalibre-com-develop.go-vip.co\/guatevision\/noticias\/deportes\/guatemala-se-despide#primaryimage\"},\"image\":{\"@id\":\"https:\/\/prensalibre-com-develop.go-vip.co\/guatevision\/noticias\/deportes\/guatemala-se-despide#primaryimage\"},\"thumbnailUrl\":\"https:\/\/prensalibre-com-develop.go-vip.co\/guatevision\/wp-content\/uploads\/sites\/2\/2019\/06\/WhatsApp-Image-2019-06-08-at-07.32.53.jpeg?quality=82\",\"datePublished\":\"2019-06-08T14:55:08+00:00\",\"dateModified\":\"2019-06-08T15:29:10+00:00\",\"description\":\"Guatemala se despidi\u00f3 con derrota (1-2) ante Francia, en la \u00faltima jornada de la ronda de grupos del Torneo Esperanza de Toulon\",\"inLanguage\":\"es-GT\",\"potentialAction\":[{\"@type\":\"ReadAction\",\"target\":[\"https:\/\/prensalibre-com-develop.go-vip.co\/guatevision\/noticias\/deportes\/guatemala-se-despide\"]}]},{\"@type\":\"ImageObject\",\"inLanguage\":\"es-GT\",\"@id\":\"https:\/\/prensalibre-com-develop.go-vip.co\/guatevision\/noticias\/deportes\/guatemala-se-despide#primaryimage\",\"url\":\"https:\/\/prensalibre-com-develop.go-vip.co\/guatevision\/wp-content\/uploads\/sites\/2\/2019\/06\/WhatsApp-Image-2019-06-08-at-07.32.53.jpeg?quality=82\",\"contentUrl\":\"https:\/\/prensalibre-com-develop.go-vip.co\/guatevision\/wp-content\/uploads\/sites\/2\/2019\/06\/WhatsApp-Image-2019-06-08-at-07.32.53.jpeg?quality=82\",\"width\":1280,\"height\":853,\"caption\":\"Guatemala sub23 Toulon\"},{\"@type\":\"WebSite\",\"@id\":\"https:\/\/prensalibre-com-develop.go-vip.co\/guatevision\/#website\",\"url\":\"https:\/\/prensalibre-com-develop.go-vip.co\/guatevision\/\",\"name\":\"Guatevision\",\"description\":\"\u00a1Enciende Lo Bueno!\",\"publisher\":{\"@id\":\"https:\/\/prensalibre-com-develop.go-vip.co\/guatevision\/#organization\"},\"potentialAction\":[{\"@type\":\"SearchAction\",\"target\":{\"@type\":\"EntryPoint\",\"urlTemplate\":\"https:\/\/prensalibre-com-develop.go-vip.co\/guatevision\/?s={search_term_string}\"},\"query-input\":{\"@type\":\"PropertyValueSpecification\",\"valueRequired\":true,\"valueName\":\"search_term_string\"}}],\"inLanguage\":\"es-GT\"},{\"@type\":\"Organization\",\"@id\":\"https:\/\/prensalibre-com-develop.go-vip.co\/guatevision\/#organization\",\"name\":\"Guatevision\",\"url\":\"https:\/\/prensalibre-com-develop.go-vip.co\/guatevision\/\",\"logo\":{\"@type\":\"ImageObject\",\"inLanguage\":\"es-GT\",\"@id\":\"https:\/\/prensalibre-com-develop.go-vip.co\/guatevision\/#\/schema\/logo\/image\/\",\"url\":\"https:\/\/prensalibre-com-develop.go-vip.co\/guatevision\/wp-content\/uploads\/sites\/2\/2026\/04\/Diseno-sin-titulo.png?quality=82\",\"contentUrl\":\"https:\/\/prensalibre-com-develop.go-vip.co\/guatevision\/wp-content\/uploads\/sites\/2\/2026\/04\/Diseno-sin-titulo.png?quality=82\",\"width\":1000,\"height\":600,\"caption\":\"Guatevision\"},\"image\":{\"@id\":\"https:\/\/prensalibre-com-develop.go-vip.co\/guatevision\/#\/schema\/logo\/image\/\"}}]}<\/script>\n<!-- \/ Yoast SEO plugin. -->","yoast_head_json":{"title":"Guatemala se despide de Toulon con derrota ante Francia (1-2)","description":"Guatemala se despidi\u00f3 con derrota (1-2) ante Francia, en la \u00faltima jornada de la ronda de grupos del Torneo Esperanza de Toulon","robots":{"index":"index","follow":"follow","max-snippet":"max-snippet:-1","max-image-preview":"max-image-preview:large","max-video-preview":"max-video-preview:-1"},"canonical":"https:\/\/prensalibre-com-develop.go-vip.co\/guatevision\/noticias\/deportes\/guatemala-se-despide","og_locale":"es_ES","og_type":"article","og_title":"Guatemala se despide de Toulon con derrota ante Francia (1-2)","og_description":"Guatemala se despidi\u00f3 con derrota (1-2) ante Francia, en la \u00faltima jornada de la ronda de grupos del Torneo Esperanza de Toulon","og_url":"https:\/\/prensalibre-com-develop.go-vip.co\/guatevision\/noticias\/deportes\/guatemala-se-despide","og_site_name":"Guatevision","article_modified_time":"2019-06-08T15:29:10+00:00","og_image":[{"width":1280,"height":853,"url":"https:\/\/prensalibre-com-develop.go-vip.co\/guatevision\/wp-content\/uploads\/sites\/2\/2019\/06\/WhatsApp-Image-2019-06-08-at-07.32.53.jpeg?quality=82","type":"image\/jpeg"}],"twitter_card":"summary_large_image","twitter_misc":{"Est. reading time":"2 minutes"},"schema":{"@context":"https:\/\/schema.org","@graph":[{"@type":"WebPage","@id":"https:\/\/prensalibre-com-develop.go-vip.co\/guatevision\/noticias\/deportes\/guatemala-se-despide","url":"https:\/\/prensalibre-com-develop.go-vip.co\/guatevision\/noticias\/deportes\/guatemala-se-despide","name":"Guatemala se despide de Toulon con derrota ante Francia (1-2)","isPartOf":{"@id":"https:\/\/prensalibre-com-develop.go-vip.co\/guatevision\/#website"},"primaryImageOfPage":{"@id":"https:\/\/prensalibre-com-develop.go-vip.co\/guatevision\/noticias\/deportes\/guatemala-se-despide#primaryimage"},"image":{"@id":"https:\/\/prensalibre-com-develop.go-vip.co\/guatevision\/noticias\/deportes\/guatemala-se-despide#primaryimage"},"thumbnailUrl":"https:\/\/prensalibre-com-develop.go-vip.co\/guatevision\/wp-content\/uploads\/sites\/2\/2019\/06\/WhatsApp-Image-2019-06-08-at-07.32.53.jpeg?quality=82","datePublished":"2019-06-08T14:55:08+00:00","dateModified":"2019-06-08T15:29:10+00:00","description":"Guatemala se despidi\u00f3 con derrota (1-2) ante Francia, en la \u00faltima jornada de la ronda de grupos del Torneo Esperanza de Toulon","inLanguage":"es-GT","potentialAction":[{"@type":"ReadAction","target":["https:\/\/prensalibre-com-develop.go-vip.co\/guatevision\/noticias\/deportes\/guatemala-se-despide"]}]},{"@type":"ImageObject","inLanguage":"es-GT","@id":"https:\/\/prensalibre-com-develop.go-vip.co\/guatevision\/noticias\/deportes\/guatemala-se-despide#primaryimage","url":"https:\/\/prensalibre-com-develop.go-vip.co\/guatevision\/wp-content\/uploads\/sites\/2\/2019\/06\/WhatsApp-Image-2019-06-08-at-07.32.53.jpeg?quality=82","contentUrl":"https:\/\/prensalibre-com-develop.go-vip.co\/guatevision\/wp-content\/uploads\/sites\/2\/2019\/06\/WhatsApp-Image-2019-06-08-at-07.32.53.jpeg?quality=82","width":1280,"height":853,"caption":"Guatemala sub23 Toulon"},{"@type":"WebSite","@id":"https:\/\/prensalibre-com-develop.go-vip.co\/guatevision\/#website","url":"https:\/\/prensalibre-com-develop.go-vip.co\/guatevision\/","name":"Guatevision","description":"\u00a1Enciende Lo Bueno!","publisher":{"@id":"https:\/\/prensalibre-com-develop.go-vip.co\/guatevision\/#organization"},"potentialAction":[{"@type":"SearchAction","target":{"@type":"EntryPoint","urlTemplate":"https:\/\/prensalibre-com-develop.go-vip.co\/guatevision\/?s={search_term_string}"},"query-input":{"@type":"PropertyValueSpecification","valueRequired":true,"valueName":"search_term_string"}}],"inLanguage":"es-GT"},{"@type":"Organization","@id":"https:\/\/prensalibre-com-develop.go-vip.co\/guatevision\/#organization","name":"Guatevision","url":"https:\/\/prensalibre-com-develop.go-vip.co\/guatevision\/","logo":{"@type":"ImageObject","inLanguage":"es-GT","@id":"https:\/\/prensalibre-com-develop.go-vip.co\/guatevision\/#\/schema\/logo\/image\/","url":"https:\/\/prensalibre-com-develop.go-vip.co\/guatevision\/wp-content\/uploads\/sites\/2\/2026\/04\/Diseno-sin-titulo.png?quality=82","contentUrl":"https:\/\/prensalibre-com-develop.go-vip.co\/guatevision\/wp-content\/uploads\/sites\/2\/2026\/04\/Diseno-sin-titulo.png?quality=82","width":1000,"height":600,"caption":"Guatevision"},"image":{"@id":"https:\/\/prensalibre-com-develop.go-vip.co\/guatevision\/#\/schema\/logo\/image\/"}}]}},"jetpack_sharing_enabled":true,"_links":{"self":[{"href":"https:\/\/prensalibre-com-develop.go-vip.co\/guatevision\/wp-json\/wp\/v2\/post-noticias\/279276","targetHints":{"allow":["GET"]}}],"collection":[{"href":"https:\/\/prensalibre-com-develop.go-vip.co\/guatevision\/wp-json\/wp\/v2\/post-noticias"}],"about":[{"href":"https:\/\/prensalibre-com-develop.go-vip.co\/guatevision\/wp-json\/wp\/v2\/types\/post-noticias"}],"author":[{"embeddable":true,"href":"https:\/\/prensalibre-com-develop.go-vip.co\/guatevision\/wp-json\/wp\/v2\/users\/71"}],"version-history":[{"count":0,"href":"https:\/\/prensalibre-com-develop.go-vip.co\/guatevision\/wp-json\/wp\/v2\/post-noticias\/279276\/revisions"}],"wp:featuredmedia":[{"embeddable":true,"href":"https:\/\/prensalibre-com-develop.go-vip.co\/guatevision\/wp-json\/wp\/v2\/media\/279277"}],"wp:attachment":[{"href":"https:\/\/prensalibre-com-develop.go-vip.co\/guatevision\/wp-json\/wp\/v2\/media?parent=279276"}],"wp:term":[{"taxonomy":"etiqueta","embeddable":true,"href":"https:\/\/prensalibre-com-develop.go-vip.co\/guatevision\/wp-json\/wp\/v2\/etiqueta?post=279276"}],"curies":[{"name":"wp","href":"https:\/\/api.w.org\/{rel}","templated":true}]}}