{"id":281181,"date":"2019-06-17T17:00:11","date_gmt":"2019-06-17T23:00:11","guid":{"rendered":"https:\/\/prensalibre-com-develop.go-vip.co\/guatevision\/?post_type=post-noticias&#038;p=281181"},"modified":"2019-06-17T20:08:57","modified_gmt":"2019-06-18T02:08:57","slug":"francesco-totti-dimite","status":"publish","type":"post-noticias","link":"https:\/\/prensalibre-com-develop.go-vip.co\/guatevision\/noticias\/deportes\/francesco-totti-dimite","title":{"rendered":"Francesco Totti dimite de su cargo directivo, la Roma se desgarra"},"content":{"rendered":"<p>Francesco Totti, leyenda de la AS Roma, en la que jug\u00f3 durante 24 a\u00f1os antes de retirarse en 2017 y de pasar a formar parte de la direcci\u00f3n del club, anunci\u00f3 este lunes su dimisi\u00f3n.<\/p>\n\n<p>&#8220;A las 12H41 del 17 de junio de 2019 envi\u00e9 un e-mail (&#8230;) inimaginable para m\u00ed: he ofrecido mi dimisi\u00f3n. Pensaba que este momento no llegar\u00eda nunca&#8221;, declar\u00f3 Totti en una conferencia de prensa en la que se mostr\u00f3 extremadamente cr\u00edtico con la direcci\u00f3n del club.<\/p>\n<p>La exestrella de los &#8216;giallorossi&#8217; explic\u00f3 su marcha aludiendo a que desde que se convirti\u00f3 en uno de los dirigentes del club capitalino nunca estuvo implicado en ninguna toma de decisi\u00f3n importante, un aislamiento que atribuye al propietario de la AS Roma, el estadounidense James Pallotta.<\/p>\n<p>&#8220;He representado una carga para este club, se me ha dicho que yo era demasiado engorroso, tanto como jugador como dirigente. Ahora me voy y eso hace da\u00f1o&#8221;, declar\u00f3 visiblemente emocionado.<\/p>\n<p>&#8220;Hay muchas cosas que me han hecho reflexionar, ellos nunca me hicieron participar. Me llamaban solo cuando estaban en problemas. En dos a\u00f1os he participado en una decena de reuniones&#8221;, continu\u00f3 el italiano.<\/p>\n<p>El excapit\u00e1n y centrocampista de la Roma, de 42 a\u00f1os, explic\u00f3 que se trataba de un &#8220;hasta luego, no un adi\u00f3s&#8221;, sin precisar sus proyectos.<\/p>\n<p>&nbsp;<\/p>\n<h3>&#8211; &#8216;Fantas\u00edas&#8217; &#8211;<\/h3>\n<p>&#8220;Puedo decir que es imposible que Totti se quede fuera de la Roma. Ahora voy a tomar otro camino, pero cuando otro propietario cuente verdaderamente conmigo, estar\u00e9 listo&#8221;, cerr\u00f3.<\/p>\n<p>Horas despu\u00e9s, el club reaccion\u00f3 a las palabras de Totti por medio de un fr\u00edo comunicado de prensa. &#8220;El club est\u00e1 extremadamente triste al enterarse de que Francesco Totti anunci\u00f3 su marcha y que no cuenta con la intenci\u00f3n de ejercer como director t\u00e9cnico de la Roma&#8221;, escribi\u00f3 la Roma.<\/p>\n<p>&#8220;Consideramos que el papel ofrecido a Francesco es uno de los m\u00e1s importantes de nuestro equipo dirigente, un puesto que reclama sin duda una convicci\u00f3n y una implicaci\u00f3n totales, la que se espera de todos los dirigentes del club&#8221;, prosigue la Roma.<\/p>\n<p>&#8220;Aunque comprendemos c\u00f3mo de dura es para \u00e9l la decisi\u00f3n de abandonar la Roma luego de 30 a\u00f1os, s\u00f3lo podemos se\u00f1alar c\u00f3mo su percepci\u00f3n de los hechos y de las decisiones tomadas por el club son fantas\u00eda y que est\u00e1 alejada de la realidad&#8221;, asegura el club de la capital.<\/p>\n<p>&#8220;Deseamos buena suerte a Francesco en lo que decida hacer&#8221;, concluye la Roma.<\/p>\n<p>Totti recibi\u00f3 el apoyo de la alcaldesa de la ciudad de Roma Virginia Raggi. &#8220;Los s\u00edmbolos permanecen para siempre. Los &#8216;tifosi&#8217; saben reconocer a las personas de verdad. T\u00fa lo eres. \u00c1nimo &#8216;France'&#8221;, tuite\u00f3.<\/p>\n<p>&nbsp;<\/p>\n<p>\u00a9 Agence France-Presse<\/p>\n","protected":false},"excerpt":{"rendered":"<p>El excapit\u00e1n y centrocampista de la Roma, de 42 a\u00f1os, explic\u00f3 que se trataba de un &#8220;hasta luego, no un adi\u00f3s&#8221;, sin precisar sus proyectos.<\/p>\n","protected":false},"author":71,"featured_media":69607,"template":"","etiqueta":[22063,38182,38183],"class_list":["post-281181","post-noticias","type-post-noticias","status-publish","has-post-thumbnail","hentry","categoria-post-noticias-deportes","etiqueta-as-roma","etiqueta-francesco-totti","etiqueta-giallorossi"],"yoast_head":"<!-- This site is optimized with the Yoast SEO plugin v23.9 - https:\/\/yoast.com\/wordpress\/plugins\/seo\/ -->\n<title>Francesco Totti dimite de su cargo directivo, la Roma se desgarra<\/title>\n<meta name=\"description\" content=\"Francesco Totti, leyenda AS Roma y jug\u00f3 durante 24 a\u00f1os antes de retirarse en 2017 y ser parte de la direcci\u00f3n del club, anunci\u00f3 este su dimisi\u00f3n.\" \/>\n<meta name=\"robots\" content=\"index, follow, max-snippet:-1, max-image-preview:large, max-video-preview:-1\" \/>\n<link rel=\"canonical\" href=\"https:\/\/prensalibre-com-develop.go-vip.co\/guatevision\/noticias\/deportes\/francesco-totti-dimite\" \/>\n<meta property=\"og:locale\" content=\"es_ES\" \/>\n<meta property=\"og:type\" content=\"article\" \/>\n<meta property=\"og:title\" content=\"Francesco Totti dimite de su cargo directivo, la Roma se desgarra\" \/>\n<meta property=\"og:description\" content=\"Francesco Totti, leyenda AS Roma y jug\u00f3 durante 24 a\u00f1os antes de retirarse en 2017 y ser parte de la direcci\u00f3n del club, anunci\u00f3 este su dimisi\u00f3n.\" \/>\n<meta property=\"og:url\" content=\"https:\/\/prensalibre-com-develop.go-vip.co\/guatevision\/noticias\/deportes\/francesco-totti-dimite\" \/>\n<meta property=\"og:site_name\" content=\"Guatevision\" \/>\n<meta property=\"article:modified_time\" content=\"2019-06-18T02:08:57+00:00\" \/>\n<meta property=\"og:image\" content=\"https:\/\/prensalibre-com-develop.go-vip.co\/guatevision\/wp-content\/uploads\/sites\/2\/2017\/05\/Totti-se-retirara\u0301.png?quality=82\" \/>\n\t<meta property=\"og:image:width\" content=\"660\" \/>\n\t<meta property=\"og:image:height\" content=\"371\" \/>\n\t<meta property=\"og:image:type\" content=\"image\/png\" \/>\n<meta name=\"twitter:card\" content=\"summary_large_image\" \/>\n<meta name=\"twitter:label1\" content=\"Est. reading time\" \/>\n\t<meta name=\"twitter:data1\" content=\"2 minutes\" \/>\n<script type=\"application\/ld+json\" class=\"yoast-schema-graph\">{\"@context\":\"https:\/\/schema.org\",\"@graph\":[{\"@type\":\"WebPage\",\"@id\":\"https:\/\/prensalibre-com-develop.go-vip.co\/guatevision\/noticias\/deportes\/francesco-totti-dimite\",\"url\":\"https:\/\/prensalibre-com-develop.go-vip.co\/guatevision\/noticias\/deportes\/francesco-totti-dimite\",\"name\":\"Francesco Totti dimite de su cargo directivo, la Roma se desgarra\",\"isPartOf\":{\"@id\":\"https:\/\/prensalibre-com-develop.go-vip.co\/guatevision\/#website\"},\"primaryImageOfPage\":{\"@id\":\"https:\/\/prensalibre-com-develop.go-vip.co\/guatevision\/noticias\/deportes\/francesco-totti-dimite#primaryimage\"},\"image\":{\"@id\":\"https:\/\/prensalibre-com-develop.go-vip.co\/guatevision\/noticias\/deportes\/francesco-totti-dimite#primaryimage\"},\"thumbnailUrl\":\"https:\/\/prensalibre-com-develop.go-vip.co\/guatevision\/wp-content\/uploads\/sites\/2\/2017\/05\/Totti-se-retirara\u0301.png?quality=82\",\"datePublished\":\"2019-06-17T23:00:11+00:00\",\"dateModified\":\"2019-06-18T02:08:57+00:00\",\"description\":\"Francesco Totti, leyenda AS Roma y jug\u00f3 durante 24 a\u00f1os antes de retirarse en 2017 y ser parte de la direcci\u00f3n del club, anunci\u00f3 este su dimisi\u00f3n.\",\"inLanguage\":\"es-GT\",\"potentialAction\":[{\"@type\":\"ReadAction\",\"target\":[\"https:\/\/prensalibre-com-develop.go-vip.co\/guatevision\/noticias\/deportes\/francesco-totti-dimite\"]}]},{\"@type\":\"ImageObject\",\"inLanguage\":\"es-GT\",\"@id\":\"https:\/\/prensalibre-com-develop.go-vip.co\/guatevision\/noticias\/deportes\/francesco-totti-dimite#primaryimage\",\"url\":\"https:\/\/prensalibre-com-develop.go-vip.co\/guatevision\/wp-content\/uploads\/sites\/2\/2017\/05\/Totti-se-retirara\u0301.png?quality=82\",\"contentUrl\":\"https:\/\/prensalibre-com-develop.go-vip.co\/guatevision\/wp-content\/uploads\/sites\/2\/2017\/05\/Totti-se-retirara\u0301.png?quality=82\",\"width\":660,\"height\":371,\"caption\":\"Foto: AFP\"},{\"@type\":\"WebSite\",\"@id\":\"https:\/\/prensalibre-com-develop.go-vip.co\/guatevision\/#website\",\"url\":\"https:\/\/prensalibre-com-develop.go-vip.co\/guatevision\/\",\"name\":\"Guatevision\",\"description\":\"\u00a1Enciende Lo Bueno!\",\"publisher\":{\"@id\":\"https:\/\/prensalibre-com-develop.go-vip.co\/guatevision\/#organization\"},\"potentialAction\":[{\"@type\":\"SearchAction\",\"target\":{\"@type\":\"EntryPoint\",\"urlTemplate\":\"https:\/\/prensalibre-com-develop.go-vip.co\/guatevision\/?s={search_term_string}\"},\"query-input\":{\"@type\":\"PropertyValueSpecification\",\"valueRequired\":true,\"valueName\":\"search_term_string\"}}],\"inLanguage\":\"es-GT\"},{\"@type\":\"Organization\",\"@id\":\"https:\/\/prensalibre-com-develop.go-vip.co\/guatevision\/#organization\",\"name\":\"Guatevision\",\"url\":\"https:\/\/prensalibre-com-develop.go-vip.co\/guatevision\/\",\"logo\":{\"@type\":\"ImageObject\",\"inLanguage\":\"es-GT\",\"@id\":\"https:\/\/prensalibre-com-develop.go-vip.co\/guatevision\/#\/schema\/logo\/image\/\",\"url\":\"https:\/\/prensalibre-com-develop.go-vip.co\/guatevision\/wp-content\/uploads\/sites\/2\/2026\/04\/Diseno-sin-titulo.png?quality=82\",\"contentUrl\":\"https:\/\/prensalibre-com-develop.go-vip.co\/guatevision\/wp-content\/uploads\/sites\/2\/2026\/04\/Diseno-sin-titulo.png?quality=82\",\"width\":1000,\"height\":600,\"caption\":\"Guatevision\"},\"image\":{\"@id\":\"https:\/\/prensalibre-com-develop.go-vip.co\/guatevision\/#\/schema\/logo\/image\/\"}}]}<\/script>\n<!-- \/ Yoast SEO plugin. -->","yoast_head_json":{"title":"Francesco Totti dimite de su cargo directivo, la Roma se desgarra","description":"Francesco Totti, leyenda AS Roma y jug\u00f3 durante 24 a\u00f1os antes de retirarse en 2017 y ser parte de la direcci\u00f3n del club, anunci\u00f3 este su dimisi\u00f3n.","robots":{"index":"index","follow":"follow","max-snippet":"max-snippet:-1","max-image-preview":"max-image-preview:large","max-video-preview":"max-video-preview:-1"},"canonical":"https:\/\/prensalibre-com-develop.go-vip.co\/guatevision\/noticias\/deportes\/francesco-totti-dimite","og_locale":"es_ES","og_type":"article","og_title":"Francesco Totti dimite de su cargo directivo, la Roma se desgarra","og_description":"Francesco Totti, leyenda AS Roma y jug\u00f3 durante 24 a\u00f1os antes de retirarse en 2017 y ser parte de la direcci\u00f3n del club, anunci\u00f3 este su dimisi\u00f3n.","og_url":"https:\/\/prensalibre-com-develop.go-vip.co\/guatevision\/noticias\/deportes\/francesco-totti-dimite","og_site_name":"Guatevision","article_modified_time":"2019-06-18T02:08:57+00:00","og_image":[{"width":660,"height":371,"url":"https:\/\/prensalibre-com-develop.go-vip.co\/guatevision\/wp-content\/uploads\/sites\/2\/2017\/05\/Totti-se-retirara\u0301.png?quality=82","type":"image\/png"}],"twitter_card":"summary_large_image","twitter_misc":{"Est. reading time":"2 minutes"},"schema":{"@context":"https:\/\/schema.org","@graph":[{"@type":"WebPage","@id":"https:\/\/prensalibre-com-develop.go-vip.co\/guatevision\/noticias\/deportes\/francesco-totti-dimite","url":"https:\/\/prensalibre-com-develop.go-vip.co\/guatevision\/noticias\/deportes\/francesco-totti-dimite","name":"Francesco Totti dimite de su cargo directivo, la Roma se desgarra","isPartOf":{"@id":"https:\/\/prensalibre-com-develop.go-vip.co\/guatevision\/#website"},"primaryImageOfPage":{"@id":"https:\/\/prensalibre-com-develop.go-vip.co\/guatevision\/noticias\/deportes\/francesco-totti-dimite#primaryimage"},"image":{"@id":"https:\/\/prensalibre-com-develop.go-vip.co\/guatevision\/noticias\/deportes\/francesco-totti-dimite#primaryimage"},"thumbnailUrl":"https:\/\/prensalibre-com-develop.go-vip.co\/guatevision\/wp-content\/uploads\/sites\/2\/2017\/05\/Totti-se-retirara\u0301.png?quality=82","datePublished":"2019-06-17T23:00:11+00:00","dateModified":"2019-06-18T02:08:57+00:00","description":"Francesco Totti, leyenda AS Roma y jug\u00f3 durante 24 a\u00f1os antes de retirarse en 2017 y ser parte de la direcci\u00f3n del club, anunci\u00f3 este su dimisi\u00f3n.","inLanguage":"es-GT","potentialAction":[{"@type":"ReadAction","target":["https:\/\/prensalibre-com-develop.go-vip.co\/guatevision\/noticias\/deportes\/francesco-totti-dimite"]}]},{"@type":"ImageObject","inLanguage":"es-GT","@id":"https:\/\/prensalibre-com-develop.go-vip.co\/guatevision\/noticias\/deportes\/francesco-totti-dimite#primaryimage","url":"https:\/\/prensalibre-com-develop.go-vip.co\/guatevision\/wp-content\/uploads\/sites\/2\/2017\/05\/Totti-se-retirara\u0301.png?quality=82","contentUrl":"https:\/\/prensalibre-com-develop.go-vip.co\/guatevision\/wp-content\/uploads\/sites\/2\/2017\/05\/Totti-se-retirara\u0301.png?quality=82","width":660,"height":371,"caption":"Foto: AFP"},{"@type":"WebSite","@id":"https:\/\/prensalibre-com-develop.go-vip.co\/guatevision\/#website","url":"https:\/\/prensalibre-com-develop.go-vip.co\/guatevision\/","name":"Guatevision","description":"\u00a1Enciende Lo Bueno!","publisher":{"@id":"https:\/\/prensalibre-com-develop.go-vip.co\/guatevision\/#organization"},"potentialAction":[{"@type":"SearchAction","target":{"@type":"EntryPoint","urlTemplate":"https:\/\/prensalibre-com-develop.go-vip.co\/guatevision\/?s={search_term_string}"},"query-input":{"@type":"PropertyValueSpecification","valueRequired":true,"valueName":"search_term_string"}}],"inLanguage":"es-GT"},{"@type":"Organization","@id":"https:\/\/prensalibre-com-develop.go-vip.co\/guatevision\/#organization","name":"Guatevision","url":"https:\/\/prensalibre-com-develop.go-vip.co\/guatevision\/","logo":{"@type":"ImageObject","inLanguage":"es-GT","@id":"https:\/\/prensalibre-com-develop.go-vip.co\/guatevision\/#\/schema\/logo\/image\/","url":"https:\/\/prensalibre-com-develop.go-vip.co\/guatevision\/wp-content\/uploads\/sites\/2\/2026\/04\/Diseno-sin-titulo.png?quality=82","contentUrl":"https:\/\/prensalibre-com-develop.go-vip.co\/guatevision\/wp-content\/uploads\/sites\/2\/2026\/04\/Diseno-sin-titulo.png?quality=82","width":1000,"height":600,"caption":"Guatevision"},"image":{"@id":"https:\/\/prensalibre-com-develop.go-vip.co\/guatevision\/#\/schema\/logo\/image\/"}}]}},"jetpack_sharing_enabled":true,"_links":{"self":[{"href":"https:\/\/prensalibre-com-develop.go-vip.co\/guatevision\/wp-json\/wp\/v2\/post-noticias\/281181","targetHints":{"allow":["GET"]}}],"collection":[{"href":"https:\/\/prensalibre-com-develop.go-vip.co\/guatevision\/wp-json\/wp\/v2\/post-noticias"}],"about":[{"href":"https:\/\/prensalibre-com-develop.go-vip.co\/guatevision\/wp-json\/wp\/v2\/types\/post-noticias"}],"author":[{"embeddable":true,"href":"https:\/\/prensalibre-com-develop.go-vip.co\/guatevision\/wp-json\/wp\/v2\/users\/71"}],"version-history":[{"count":0,"href":"https:\/\/prensalibre-com-develop.go-vip.co\/guatevision\/wp-json\/wp\/v2\/post-noticias\/281181\/revisions"}],"wp:featuredmedia":[{"embeddable":true,"href":"https:\/\/prensalibre-com-develop.go-vip.co\/guatevision\/wp-json\/wp\/v2\/media\/69607"}],"wp:attachment":[{"href":"https:\/\/prensalibre-com-develop.go-vip.co\/guatevision\/wp-json\/wp\/v2\/media?parent=281181"}],"wp:term":[{"taxonomy":"etiqueta","embeddable":true,"href":"https:\/\/prensalibre-com-develop.go-vip.co\/guatevision\/wp-json\/wp\/v2\/etiqueta?post=281181"}],"curies":[{"name":"wp","href":"https:\/\/api.w.org\/{rel}","templated":true}]}}