{"id":284108,"date":"2019-07-04T17:30:43","date_gmt":"2019-07-04T23:30:43","guid":{"rendered":"https:\/\/prensalibre-com-develop.go-vip.co\/guatevision\/?post_type=post-noticias&#038;p=284108"},"modified":"2019-07-04T17:23:07","modified_gmt":"2019-07-04T23:23:07","slug":"comunicaciones-presenta-las-primeras-bajas","status":"publish","type":"post-noticias","link":"https:\/\/prensalibre-com-develop.go-vip.co\/guatevision\/noticias\/deportes\/comunicaciones-presenta-las-primeras-bajas","title":{"rendered":"Comunicaciones presenta las primeras bajas por lesi\u00f3n en pretemporada"},"content":{"rendered":"<p>Comunicaciones presenta la primera bajas por lesi\u00f3n en la cuarta semana de la pretemporada que viene realizando en las canchas de Greenfield; en Bosques de San Nicol\u00e1s, Mixco.<\/p>\n\n<p>Stefano Cincotta y Alejandro Galindo dejar\u00e1n de entrenar con el cuadro blanco, mientras se tratan sus respectivas lesiones.<\/p>\n<p>La lesi\u00f3n m\u00e1s complicada es la Cincotta, quien presenta una fisura en el tobillo izquierdo y estar\u00e1n fuera de las canchas aproximadamente dos meses.<\/p>\n<p>El exjugador de Guastatoya ha estado fuera de las canchas tras su regreso al pais, debido a las lesiones.<\/p>\n<p>Alejandro Galindo los s\u00edntomas que presenta podr\u00eda tratarse de una pubalgia y se desconoce el tiempo que estar\u00e1 ausente de las pr\u00e1cticas.<\/p>\n<p>https:\/\/twitter.com\/mautapia_DT\/status\/1146876383219466240<\/p>\n<h3><\/h3>\n<h3>Comunicaciones y sus amistosos.<\/h3>\n<p>Este s\u00e1bado la dirigencia ha confirmado un nuevo partido amistosos en las canchas de Greenfield.<\/p>\n<p>El rival ser\u00e1 el Club Aurora FC actual equipo de la Liga Primera Divisi\u00f3n a partir de las 10:00 de la ma\u00f1ana; aunque no se permitir\u00e1 el ingreso de la prensa.<\/p>\n<p>&nbsp;<\/p>\n","protected":false},"excerpt":{"rendered":"<p>Stefano Cincotta y Alejandro Galindo dejar\u00e1n de entrenar con el cuadro blanco, mientras se tratan sus respectivas lesiones<\/p>\n","protected":false},"author":71,"featured_media":284114,"template":"","etiqueta":[30572,37244,20343,67,24945],"class_list":["post-284108","post-noticias","type-post-noticias","status-publish","has-post-thumbnail","hentry","categoria-post-noticias-deportes","etiqueta-alejandro-galindo","etiqueta-apertura-2019","etiqueta-comunicaciones","etiqueta-futbol-guatemala","etiqueta-stefano-cincotta"],"yoast_head":"<!-- This site is optimized with the Yoast SEO plugin v23.9 - https:\/\/yoast.com\/wordpress\/plugins\/seo\/ -->\n<title>Comunicaciones presenta las primeras bajas por lesi\u00f3n en pretemporada<\/title>\n<meta name=\"description\" content=\"Comunicaciones presenta la primera bajas por lesi\u00f3n en la cuarta semana de la pretemporada que viene realizando en las canchas de Greenfield\" \/>\n<meta name=\"robots\" content=\"index, follow, max-snippet:-1, max-image-preview:large, max-video-preview:-1\" \/>\n<link rel=\"canonical\" href=\"https:\/\/prensalibre-com-develop.go-vip.co\/guatevision\/noticias\/deportes\/comunicaciones-presenta-las-primeras-bajas\" \/>\n<meta property=\"og:locale\" content=\"es_ES\" \/>\n<meta property=\"og:type\" content=\"article\" \/>\n<meta property=\"og:title\" content=\"Comunicaciones presenta las primeras bajas por lesi\u00f3n en pretemporada\" \/>\n<meta property=\"og:description\" content=\"Comunicaciones presenta la primera bajas por lesi\u00f3n en la cuarta semana de la pretemporada que viene realizando en las canchas de Greenfield\" \/>\n<meta property=\"og:url\" content=\"https:\/\/prensalibre-com-develop.go-vip.co\/guatevision\/noticias\/deportes\/comunicaciones-presenta-las-primeras-bajas\" \/>\n<meta property=\"og:site_name\" content=\"Guatevision\" \/>\n<meta property=\"article:modified_time\" content=\"2019-07-04T23:23:07+00:00\" \/>\n<meta property=\"og:image\" content=\"https:\/\/prensalibre-com-develop.go-vip.co\/guatevision\/wp-content\/uploads\/sites\/2\/2019\/07\/Cincotta.jpg?quality=82\" \/>\n\t<meta property=\"og:image:width\" content=\"1200\" \/>\n\t<meta property=\"og:image:height\" content=\"700\" \/>\n\t<meta property=\"og:image:type\" content=\"image\/jpeg\" \/>\n<meta name=\"twitter:card\" content=\"summary_large_image\" \/>\n<meta name=\"twitter:label1\" content=\"Est. reading time\" \/>\n\t<meta name=\"twitter:data1\" content=\"1 minute\" \/>\n<script type=\"application\/ld+json\" class=\"yoast-schema-graph\">{\"@context\":\"https:\/\/schema.org\",\"@graph\":[{\"@type\":\"WebPage\",\"@id\":\"https:\/\/prensalibre-com-develop.go-vip.co\/guatevision\/noticias\/deportes\/comunicaciones-presenta-las-primeras-bajas\",\"url\":\"https:\/\/prensalibre-com-develop.go-vip.co\/guatevision\/noticias\/deportes\/comunicaciones-presenta-las-primeras-bajas\",\"name\":\"Comunicaciones presenta las primeras bajas por lesi\u00f3n en pretemporada\",\"isPartOf\":{\"@id\":\"https:\/\/prensalibre-com-develop.go-vip.co\/guatevision\/#website\"},\"primaryImageOfPage\":{\"@id\":\"https:\/\/prensalibre-com-develop.go-vip.co\/guatevision\/noticias\/deportes\/comunicaciones-presenta-las-primeras-bajas#primaryimage\"},\"image\":{\"@id\":\"https:\/\/prensalibre-com-develop.go-vip.co\/guatevision\/noticias\/deportes\/comunicaciones-presenta-las-primeras-bajas#primaryimage\"},\"thumbnailUrl\":\"https:\/\/prensalibre-com-develop.go-vip.co\/guatevision\/wp-content\/uploads\/sites\/2\/2019\/07\/Cincotta.jpg?quality=82\",\"datePublished\":\"2019-07-04T23:30:43+00:00\",\"dateModified\":\"2019-07-04T23:23:07+00:00\",\"description\":\"Comunicaciones presenta la primera bajas por lesi\u00f3n en la cuarta semana de la pretemporada que viene realizando en las canchas de Greenfield\",\"inLanguage\":\"es-GT\",\"potentialAction\":[{\"@type\":\"ReadAction\",\"target\":[\"https:\/\/prensalibre-com-develop.go-vip.co\/guatevision\/noticias\/deportes\/comunicaciones-presenta-las-primeras-bajas\"]}]},{\"@type\":\"ImageObject\",\"inLanguage\":\"es-GT\",\"@id\":\"https:\/\/prensalibre-com-develop.go-vip.co\/guatevision\/noticias\/deportes\/comunicaciones-presenta-las-primeras-bajas#primaryimage\",\"url\":\"https:\/\/prensalibre-com-develop.go-vip.co\/guatevision\/wp-content\/uploads\/sites\/2\/2019\/07\/Cincotta.jpg?quality=82\",\"contentUrl\":\"https:\/\/prensalibre-com-develop.go-vip.co\/guatevision\/wp-content\/uploads\/sites\/2\/2019\/07\/Cincotta.jpg?quality=82\",\"width\":1200,\"height\":700,\"caption\":\"Comunicaciones Stefano Cincotta Alejandro Galindo\"},{\"@type\":\"WebSite\",\"@id\":\"https:\/\/prensalibre-com-develop.go-vip.co\/guatevision\/#website\",\"url\":\"https:\/\/prensalibre-com-develop.go-vip.co\/guatevision\/\",\"name\":\"Guatevision\",\"description\":\"\u00a1Enciende Lo Bueno!\",\"publisher\":{\"@id\":\"https:\/\/prensalibre-com-develop.go-vip.co\/guatevision\/#organization\"},\"potentialAction\":[{\"@type\":\"SearchAction\",\"target\":{\"@type\":\"EntryPoint\",\"urlTemplate\":\"https:\/\/prensalibre-com-develop.go-vip.co\/guatevision\/?s={search_term_string}\"},\"query-input\":{\"@type\":\"PropertyValueSpecification\",\"valueRequired\":true,\"valueName\":\"search_term_string\"}}],\"inLanguage\":\"es-GT\"},{\"@type\":\"Organization\",\"@id\":\"https:\/\/prensalibre-com-develop.go-vip.co\/guatevision\/#organization\",\"name\":\"Guatevision\",\"url\":\"https:\/\/prensalibre-com-develop.go-vip.co\/guatevision\/\",\"logo\":{\"@type\":\"ImageObject\",\"inLanguage\":\"es-GT\",\"@id\":\"https:\/\/prensalibre-com-develop.go-vip.co\/guatevision\/#\/schema\/logo\/image\/\",\"url\":\"https:\/\/prensalibre-com-develop.go-vip.co\/guatevision\/wp-content\/uploads\/sites\/2\/2026\/04\/Diseno-sin-titulo.png?quality=82\",\"contentUrl\":\"https:\/\/prensalibre-com-develop.go-vip.co\/guatevision\/wp-content\/uploads\/sites\/2\/2026\/04\/Diseno-sin-titulo.png?quality=82\",\"width\":1000,\"height\":600,\"caption\":\"Guatevision\"},\"image\":{\"@id\":\"https:\/\/prensalibre-com-develop.go-vip.co\/guatevision\/#\/schema\/logo\/image\/\"}}]}<\/script>\n<!-- \/ Yoast SEO plugin. -->","yoast_head_json":{"title":"Comunicaciones presenta las primeras bajas por lesi\u00f3n en pretemporada","description":"Comunicaciones presenta la primera bajas por lesi\u00f3n en la cuarta semana de la pretemporada que viene realizando en las canchas de Greenfield","robots":{"index":"index","follow":"follow","max-snippet":"max-snippet:-1","max-image-preview":"max-image-preview:large","max-video-preview":"max-video-preview:-1"},"canonical":"https:\/\/prensalibre-com-develop.go-vip.co\/guatevision\/noticias\/deportes\/comunicaciones-presenta-las-primeras-bajas","og_locale":"es_ES","og_type":"article","og_title":"Comunicaciones presenta las primeras bajas por lesi\u00f3n en pretemporada","og_description":"Comunicaciones presenta la primera bajas por lesi\u00f3n en la cuarta semana de la pretemporada que viene realizando en las canchas de Greenfield","og_url":"https:\/\/prensalibre-com-develop.go-vip.co\/guatevision\/noticias\/deportes\/comunicaciones-presenta-las-primeras-bajas","og_site_name":"Guatevision","article_modified_time":"2019-07-04T23:23:07+00:00","og_image":[{"width":1200,"height":700,"url":"https:\/\/prensalibre-com-develop.go-vip.co\/guatevision\/wp-content\/uploads\/sites\/2\/2019\/07\/Cincotta.jpg?quality=82","type":"image\/jpeg"}],"twitter_card":"summary_large_image","twitter_misc":{"Est. reading time":"1 minute"},"schema":{"@context":"https:\/\/schema.org","@graph":[{"@type":"WebPage","@id":"https:\/\/prensalibre-com-develop.go-vip.co\/guatevision\/noticias\/deportes\/comunicaciones-presenta-las-primeras-bajas","url":"https:\/\/prensalibre-com-develop.go-vip.co\/guatevision\/noticias\/deportes\/comunicaciones-presenta-las-primeras-bajas","name":"Comunicaciones presenta las primeras bajas por lesi\u00f3n en pretemporada","isPartOf":{"@id":"https:\/\/prensalibre-com-develop.go-vip.co\/guatevision\/#website"},"primaryImageOfPage":{"@id":"https:\/\/prensalibre-com-develop.go-vip.co\/guatevision\/noticias\/deportes\/comunicaciones-presenta-las-primeras-bajas#primaryimage"},"image":{"@id":"https:\/\/prensalibre-com-develop.go-vip.co\/guatevision\/noticias\/deportes\/comunicaciones-presenta-las-primeras-bajas#primaryimage"},"thumbnailUrl":"https:\/\/prensalibre-com-develop.go-vip.co\/guatevision\/wp-content\/uploads\/sites\/2\/2019\/07\/Cincotta.jpg?quality=82","datePublished":"2019-07-04T23:30:43+00:00","dateModified":"2019-07-04T23:23:07+00:00","description":"Comunicaciones presenta la primera bajas por lesi\u00f3n en la cuarta semana de la pretemporada que viene realizando en las canchas de Greenfield","inLanguage":"es-GT","potentialAction":[{"@type":"ReadAction","target":["https:\/\/prensalibre-com-develop.go-vip.co\/guatevision\/noticias\/deportes\/comunicaciones-presenta-las-primeras-bajas"]}]},{"@type":"ImageObject","inLanguage":"es-GT","@id":"https:\/\/prensalibre-com-develop.go-vip.co\/guatevision\/noticias\/deportes\/comunicaciones-presenta-las-primeras-bajas#primaryimage","url":"https:\/\/prensalibre-com-develop.go-vip.co\/guatevision\/wp-content\/uploads\/sites\/2\/2019\/07\/Cincotta.jpg?quality=82","contentUrl":"https:\/\/prensalibre-com-develop.go-vip.co\/guatevision\/wp-content\/uploads\/sites\/2\/2019\/07\/Cincotta.jpg?quality=82","width":1200,"height":700,"caption":"Comunicaciones Stefano Cincotta Alejandro Galindo"},{"@type":"WebSite","@id":"https:\/\/prensalibre-com-develop.go-vip.co\/guatevision\/#website","url":"https:\/\/prensalibre-com-develop.go-vip.co\/guatevision\/","name":"Guatevision","description":"\u00a1Enciende Lo Bueno!","publisher":{"@id":"https:\/\/prensalibre-com-develop.go-vip.co\/guatevision\/#organization"},"potentialAction":[{"@type":"SearchAction","target":{"@type":"EntryPoint","urlTemplate":"https:\/\/prensalibre-com-develop.go-vip.co\/guatevision\/?s={search_term_string}"},"query-input":{"@type":"PropertyValueSpecification","valueRequired":true,"valueName":"search_term_string"}}],"inLanguage":"es-GT"},{"@type":"Organization","@id":"https:\/\/prensalibre-com-develop.go-vip.co\/guatevision\/#organization","name":"Guatevision","url":"https:\/\/prensalibre-com-develop.go-vip.co\/guatevision\/","logo":{"@type":"ImageObject","inLanguage":"es-GT","@id":"https:\/\/prensalibre-com-develop.go-vip.co\/guatevision\/#\/schema\/logo\/image\/","url":"https:\/\/prensalibre-com-develop.go-vip.co\/guatevision\/wp-content\/uploads\/sites\/2\/2026\/04\/Diseno-sin-titulo.png?quality=82","contentUrl":"https:\/\/prensalibre-com-develop.go-vip.co\/guatevision\/wp-content\/uploads\/sites\/2\/2026\/04\/Diseno-sin-titulo.png?quality=82","width":1000,"height":600,"caption":"Guatevision"},"image":{"@id":"https:\/\/prensalibre-com-develop.go-vip.co\/guatevision\/#\/schema\/logo\/image\/"}}]}},"jetpack_sharing_enabled":true,"_links":{"self":[{"href":"https:\/\/prensalibre-com-develop.go-vip.co\/guatevision\/wp-json\/wp\/v2\/post-noticias\/284108","targetHints":{"allow":["GET"]}}],"collection":[{"href":"https:\/\/prensalibre-com-develop.go-vip.co\/guatevision\/wp-json\/wp\/v2\/post-noticias"}],"about":[{"href":"https:\/\/prensalibre-com-develop.go-vip.co\/guatevision\/wp-json\/wp\/v2\/types\/post-noticias"}],"author":[{"embeddable":true,"href":"https:\/\/prensalibre-com-develop.go-vip.co\/guatevision\/wp-json\/wp\/v2\/users\/71"}],"version-history":[{"count":0,"href":"https:\/\/prensalibre-com-develop.go-vip.co\/guatevision\/wp-json\/wp\/v2\/post-noticias\/284108\/revisions"}],"wp:featuredmedia":[{"embeddable":true,"href":"https:\/\/prensalibre-com-develop.go-vip.co\/guatevision\/wp-json\/wp\/v2\/media\/284114"}],"wp:attachment":[{"href":"https:\/\/prensalibre-com-develop.go-vip.co\/guatevision\/wp-json\/wp\/v2\/media?parent=284108"}],"wp:term":[{"taxonomy":"etiqueta","embeddable":true,"href":"https:\/\/prensalibre-com-develop.go-vip.co\/guatevision\/wp-json\/wp\/v2\/etiqueta?post=284108"}],"curies":[{"name":"wp","href":"https:\/\/api.w.org\/{rel}","templated":true}]}}