{"id":285809,"date":"2019-07-15T09:48:01","date_gmt":"2019-07-15T15:48:01","guid":{"rendered":"https:\/\/prensalibre-com-develop.go-vip.co\/guatevision\/?post_type=post-noticias&#038;p=285809"},"modified":"2019-07-15T09:48:01","modified_gmt":"2019-07-15T15:48:01","slug":"antoine-griezmann","status":"publish","type":"post-noticias","link":"https:\/\/prensalibre-com-develop.go-vip.co\/guatevision\/noticias\/deportes\/antoine-griezmann","title":{"rendered":"Antoine Griezmann se entrena con el Barcelona tras su fichaje"},"content":{"rendered":"<p>Antoine Griezmann se ejercit\u00f3 este lunes junto a sus nuevos compa\u00f1eros en el primer entrenamiento de pretemporada del FC Barcelona, tras su fichaje por el club azulgrana.<\/p>\n\n<p>&#8220;En la sesi\u00f3n matinal se han ejercitado todos los jugadores disponibles, con los nuevos fichajes\u00a0 Frenkie De Jong,\u00a0 Neto\u00a0y Griezmann\u00a0estren\u00e1ndose en la Ciudad Deportiva&#8221;, inform\u00f3 el club azulgrana.<\/p>\n<p>Al franc\u00e9s, se le pudo ver sonriente junto a sus nuevos compa\u00f1eros, entre ellos, su compatriota Ousmane Dembel\u00e9 y el portero alem\u00e1n Marc Andr\u00e9 Ter Stegen, que recibieron el alta m\u00e9dica tras superar, respectivamente, una lesi\u00f3n en el &#8220;b\u00edceps femoral del muslo derecho&#8221; y &#8220;unas molestias en la rodilla de la pierna derecha&#8221;.<\/p>\n<p>El delantero campe\u00f3n del mundo con Francia fue presentado el domingo tras firmar por las pr\u00f3ximas cinco temporadas con el conjunto azulgrana, despu\u00e9s de pagar al Atl\u00e9tico de Madrid los 120 millones de euros de su cl\u00e1usula de rescisi\u00f3n.<\/p>\n<p>&#8220;Despu\u00e9s de la doble sesi\u00f3n de este lunes, ma\u00f1ana martes ser\u00e1 el turno de una sesi\u00f3n matinal para seguir adquiriendo ritmo y forma, combinando trabajo f\u00edsico con ejercicios con el bal\u00f3n, como ya es habitual los primeros d\u00edas de pretemporada&#8221;, a\u00f1adi\u00f3 el club catal\u00e1n.<\/p>\n<h3>Los compa\u00f1eros de Antoine que faltan<\/h3>\n<p>Faltan a\u00fan por incorporarse a la disciplina azulgrana los jugadores sudamericanos que participaron con sus selecciones en la Copa Am\u00e9rica como es el caso del argentino Leo Messi, el uruguayo Luis Su\u00e1rez, los brasile\u00f1os Philippe Coutinho y Arthur, y el chileno Arturo Vidal.<\/p>\n<p>Tras volver a los entrenamientos este lunes, el Barcelona viajar\u00e1 el s\u00e1bado a Jap\u00f3n donde disputar\u00e1 dos partidos amistosos contra el Chelsea el 23 de julio y contra el Vissel Kobe de Andr\u00e9s Iniesta cuatro d\u00edas m\u00e1s tarde.<\/p>\n<p>\u00a9 Agence France-Presse<\/p>\n","protected":false},"excerpt":{"rendered":"<p>Al franc\u00e9s, se le pudo ver sonriente junto a sus nuevos compa\u00f1eros, entre ellos, su compatriota Ousmane Dembel\u00e9 y el portero alem\u00e1n Marc Andr\u00e9 Ter Stegen<\/p>\n","protected":false},"author":71,"featured_media":285810,"template":"","etiqueta":[21602,21616,38762],"class_list":["post-285809","post-noticias","type-post-noticias","status-publish","has-post-thumbnail","hentry","categoria-post-noticias-deportes","etiqueta-antoine-griezmann","etiqueta-fc-barcelona","etiqueta-frenkie-de-jong"],"yoast_head":"<!-- This site is optimized with the Yoast SEO plugin v23.9 - https:\/\/yoast.com\/wordpress\/plugins\/seo\/ -->\n<title>Antoine Griezmann se entrena con el Barcelona tras su fichaje<\/title>\n<meta name=\"description\" content=\"Antoine Griezmann se ejercit\u00f3 este lunes junto a sus nuevos compa\u00f1eros en el primer entrenamiento de pretemporada del FC Barcelona\" \/>\n<meta name=\"robots\" content=\"index, follow, max-snippet:-1, max-image-preview:large, max-video-preview:-1\" \/>\n<link rel=\"canonical\" href=\"https:\/\/prensalibre-com-develop.go-vip.co\/guatevision\/noticias\/deportes\/antoine-griezmann\" \/>\n<meta property=\"og:locale\" content=\"es_ES\" \/>\n<meta property=\"og:type\" content=\"article\" \/>\n<meta property=\"og:title\" content=\"Antoine Griezmann se entrena con el Barcelona tras su fichaje\" \/>\n<meta property=\"og:description\" content=\"Antoine Griezmann se ejercit\u00f3 este lunes junto a sus nuevos compa\u00f1eros en el primer entrenamiento de pretemporada del FC Barcelona\" \/>\n<meta property=\"og:url\" content=\"https:\/\/prensalibre-com-develop.go-vip.co\/guatevision\/noticias\/deportes\/antoine-griezmann\" \/>\n<meta property=\"og:site_name\" content=\"Guatevision\" \/>\n<meta property=\"og:image\" content=\"https:\/\/prensalibre-com-develop.go-vip.co\/guatevision\/wp-content\/uploads\/sites\/2\/2019\/07\/Griezmann.jpg?quality=82\" \/>\n\t<meta property=\"og:image:width\" content=\"1024\" \/>\n\t<meta property=\"og:image:height\" content=\"682\" \/>\n\t<meta property=\"og:image:type\" content=\"image\/jpeg\" \/>\n<meta name=\"twitter:card\" content=\"summary_large_image\" \/>\n<meta name=\"twitter:label1\" content=\"Est. reading time\" \/>\n\t<meta name=\"twitter:data1\" content=\"2 minutes\" \/>\n<script type=\"application\/ld+json\" class=\"yoast-schema-graph\">{\"@context\":\"https:\/\/schema.org\",\"@graph\":[{\"@type\":\"WebPage\",\"@id\":\"https:\/\/prensalibre-com-develop.go-vip.co\/guatevision\/noticias\/deportes\/antoine-griezmann\",\"url\":\"https:\/\/prensalibre-com-develop.go-vip.co\/guatevision\/noticias\/deportes\/antoine-griezmann\",\"name\":\"Antoine Griezmann se entrena con el Barcelona tras su fichaje\",\"isPartOf\":{\"@id\":\"https:\/\/prensalibre-com-develop.go-vip.co\/guatevision\/#website\"},\"primaryImageOfPage\":{\"@id\":\"https:\/\/prensalibre-com-develop.go-vip.co\/guatevision\/noticias\/deportes\/antoine-griezmann#primaryimage\"},\"image\":{\"@id\":\"https:\/\/prensalibre-com-develop.go-vip.co\/guatevision\/noticias\/deportes\/antoine-griezmann#primaryimage\"},\"thumbnailUrl\":\"https:\/\/prensalibre-com-develop.go-vip.co\/guatevision\/wp-content\/uploads\/sites\/2\/2019\/07\/Griezmann.jpg?quality=82\",\"datePublished\":\"2019-07-15T15:48:01+00:00\",\"dateModified\":\"2019-07-15T15:48:01+00:00\",\"description\":\"Antoine Griezmann se ejercit\u00f3 este lunes junto a sus nuevos compa\u00f1eros en el primer entrenamiento de pretemporada del FC Barcelona\",\"inLanguage\":\"es-GT\",\"potentialAction\":[{\"@type\":\"ReadAction\",\"target\":[\"https:\/\/prensalibre-com-develop.go-vip.co\/guatevision\/noticias\/deportes\/antoine-griezmann\"]}]},{\"@type\":\"ImageObject\",\"inLanguage\":\"es-GT\",\"@id\":\"https:\/\/prensalibre-com-develop.go-vip.co\/guatevision\/noticias\/deportes\/antoine-griezmann#primaryimage\",\"url\":\"https:\/\/prensalibre-com-develop.go-vip.co\/guatevision\/wp-content\/uploads\/sites\/2\/2019\/07\/Griezmann.jpg?quality=82\",\"contentUrl\":\"https:\/\/prensalibre-com-develop.go-vip.co\/guatevision\/wp-content\/uploads\/sites\/2\/2019\/07\/Griezmann.jpg?quality=82\",\"width\":1024,\"height\":682,\"caption\":\"Barcelona's French forward Antoine Griezmann laughs as he runs during the football club's first pre-season training session at the Joan Gamper training ground in Sant Joan Despi near Barcelona on July 15, 2019. (Photo by LLUIS GENE \/ AFP)\"},{\"@type\":\"WebSite\",\"@id\":\"https:\/\/prensalibre-com-develop.go-vip.co\/guatevision\/#website\",\"url\":\"https:\/\/prensalibre-com-develop.go-vip.co\/guatevision\/\",\"name\":\"Guatevision\",\"description\":\"\u00a1Enciende Lo Bueno!\",\"publisher\":{\"@id\":\"https:\/\/prensalibre-com-develop.go-vip.co\/guatevision\/#organization\"},\"potentialAction\":[{\"@type\":\"SearchAction\",\"target\":{\"@type\":\"EntryPoint\",\"urlTemplate\":\"https:\/\/prensalibre-com-develop.go-vip.co\/guatevision\/?s={search_term_string}\"},\"query-input\":{\"@type\":\"PropertyValueSpecification\",\"valueRequired\":true,\"valueName\":\"search_term_string\"}}],\"inLanguage\":\"es-GT\"},{\"@type\":\"Organization\",\"@id\":\"https:\/\/prensalibre-com-develop.go-vip.co\/guatevision\/#organization\",\"name\":\"Guatevision\",\"url\":\"https:\/\/prensalibre-com-develop.go-vip.co\/guatevision\/\",\"logo\":{\"@type\":\"ImageObject\",\"inLanguage\":\"es-GT\",\"@id\":\"https:\/\/prensalibre-com-develop.go-vip.co\/guatevision\/#\/schema\/logo\/image\/\",\"url\":\"https:\/\/prensalibre-com-develop.go-vip.co\/guatevision\/wp-content\/uploads\/sites\/2\/2026\/04\/Diseno-sin-titulo.png?quality=82\",\"contentUrl\":\"https:\/\/prensalibre-com-develop.go-vip.co\/guatevision\/wp-content\/uploads\/sites\/2\/2026\/04\/Diseno-sin-titulo.png?quality=82\",\"width\":1000,\"height\":600,\"caption\":\"Guatevision\"},\"image\":{\"@id\":\"https:\/\/prensalibre-com-develop.go-vip.co\/guatevision\/#\/schema\/logo\/image\/\"}}]}<\/script>\n<!-- \/ Yoast SEO plugin. -->","yoast_head_json":{"title":"Antoine Griezmann se entrena con el Barcelona tras su fichaje","description":"Antoine Griezmann se ejercit\u00f3 este lunes junto a sus nuevos compa\u00f1eros en el primer entrenamiento de pretemporada del FC Barcelona","robots":{"index":"index","follow":"follow","max-snippet":"max-snippet:-1","max-image-preview":"max-image-preview:large","max-video-preview":"max-video-preview:-1"},"canonical":"https:\/\/prensalibre-com-develop.go-vip.co\/guatevision\/noticias\/deportes\/antoine-griezmann","og_locale":"es_ES","og_type":"article","og_title":"Antoine Griezmann se entrena con el Barcelona tras su fichaje","og_description":"Antoine Griezmann se ejercit\u00f3 este lunes junto a sus nuevos compa\u00f1eros en el primer entrenamiento de pretemporada del FC Barcelona","og_url":"https:\/\/prensalibre-com-develop.go-vip.co\/guatevision\/noticias\/deportes\/antoine-griezmann","og_site_name":"Guatevision","og_image":[{"width":1024,"height":682,"url":"https:\/\/prensalibre-com-develop.go-vip.co\/guatevision\/wp-content\/uploads\/sites\/2\/2019\/07\/Griezmann.jpg?quality=82","type":"image\/jpeg"}],"twitter_card":"summary_large_image","twitter_misc":{"Est. reading time":"2 minutes"},"schema":{"@context":"https:\/\/schema.org","@graph":[{"@type":"WebPage","@id":"https:\/\/prensalibre-com-develop.go-vip.co\/guatevision\/noticias\/deportes\/antoine-griezmann","url":"https:\/\/prensalibre-com-develop.go-vip.co\/guatevision\/noticias\/deportes\/antoine-griezmann","name":"Antoine Griezmann se entrena con el Barcelona tras su fichaje","isPartOf":{"@id":"https:\/\/prensalibre-com-develop.go-vip.co\/guatevision\/#website"},"primaryImageOfPage":{"@id":"https:\/\/prensalibre-com-develop.go-vip.co\/guatevision\/noticias\/deportes\/antoine-griezmann#primaryimage"},"image":{"@id":"https:\/\/prensalibre-com-develop.go-vip.co\/guatevision\/noticias\/deportes\/antoine-griezmann#primaryimage"},"thumbnailUrl":"https:\/\/prensalibre-com-develop.go-vip.co\/guatevision\/wp-content\/uploads\/sites\/2\/2019\/07\/Griezmann.jpg?quality=82","datePublished":"2019-07-15T15:48:01+00:00","dateModified":"2019-07-15T15:48:01+00:00","description":"Antoine Griezmann se ejercit\u00f3 este lunes junto a sus nuevos compa\u00f1eros en el primer entrenamiento de pretemporada del FC Barcelona","inLanguage":"es-GT","potentialAction":[{"@type":"ReadAction","target":["https:\/\/prensalibre-com-develop.go-vip.co\/guatevision\/noticias\/deportes\/antoine-griezmann"]}]},{"@type":"ImageObject","inLanguage":"es-GT","@id":"https:\/\/prensalibre-com-develop.go-vip.co\/guatevision\/noticias\/deportes\/antoine-griezmann#primaryimage","url":"https:\/\/prensalibre-com-develop.go-vip.co\/guatevision\/wp-content\/uploads\/sites\/2\/2019\/07\/Griezmann.jpg?quality=82","contentUrl":"https:\/\/prensalibre-com-develop.go-vip.co\/guatevision\/wp-content\/uploads\/sites\/2\/2019\/07\/Griezmann.jpg?quality=82","width":1024,"height":682,"caption":"Barcelona's French forward Antoine Griezmann laughs as he runs during the football club's first pre-season training session at the Joan Gamper training ground in Sant Joan Despi near Barcelona on July 15, 2019. (Photo by LLUIS GENE \/ AFP)"},{"@type":"WebSite","@id":"https:\/\/prensalibre-com-develop.go-vip.co\/guatevision\/#website","url":"https:\/\/prensalibre-com-develop.go-vip.co\/guatevision\/","name":"Guatevision","description":"\u00a1Enciende Lo Bueno!","publisher":{"@id":"https:\/\/prensalibre-com-develop.go-vip.co\/guatevision\/#organization"},"potentialAction":[{"@type":"SearchAction","target":{"@type":"EntryPoint","urlTemplate":"https:\/\/prensalibre-com-develop.go-vip.co\/guatevision\/?s={search_term_string}"},"query-input":{"@type":"PropertyValueSpecification","valueRequired":true,"valueName":"search_term_string"}}],"inLanguage":"es-GT"},{"@type":"Organization","@id":"https:\/\/prensalibre-com-develop.go-vip.co\/guatevision\/#organization","name":"Guatevision","url":"https:\/\/prensalibre-com-develop.go-vip.co\/guatevision\/","logo":{"@type":"ImageObject","inLanguage":"es-GT","@id":"https:\/\/prensalibre-com-develop.go-vip.co\/guatevision\/#\/schema\/logo\/image\/","url":"https:\/\/prensalibre-com-develop.go-vip.co\/guatevision\/wp-content\/uploads\/sites\/2\/2026\/04\/Diseno-sin-titulo.png?quality=82","contentUrl":"https:\/\/prensalibre-com-develop.go-vip.co\/guatevision\/wp-content\/uploads\/sites\/2\/2026\/04\/Diseno-sin-titulo.png?quality=82","width":1000,"height":600,"caption":"Guatevision"},"image":{"@id":"https:\/\/prensalibre-com-develop.go-vip.co\/guatevision\/#\/schema\/logo\/image\/"}}]}},"jetpack_sharing_enabled":true,"_links":{"self":[{"href":"https:\/\/prensalibre-com-develop.go-vip.co\/guatevision\/wp-json\/wp\/v2\/post-noticias\/285809","targetHints":{"allow":["GET"]}}],"collection":[{"href":"https:\/\/prensalibre-com-develop.go-vip.co\/guatevision\/wp-json\/wp\/v2\/post-noticias"}],"about":[{"href":"https:\/\/prensalibre-com-develop.go-vip.co\/guatevision\/wp-json\/wp\/v2\/types\/post-noticias"}],"author":[{"embeddable":true,"href":"https:\/\/prensalibre-com-develop.go-vip.co\/guatevision\/wp-json\/wp\/v2\/users\/71"}],"version-history":[{"count":0,"href":"https:\/\/prensalibre-com-develop.go-vip.co\/guatevision\/wp-json\/wp\/v2\/post-noticias\/285809\/revisions"}],"wp:featuredmedia":[{"embeddable":true,"href":"https:\/\/prensalibre-com-develop.go-vip.co\/guatevision\/wp-json\/wp\/v2\/media\/285810"}],"wp:attachment":[{"href":"https:\/\/prensalibre-com-develop.go-vip.co\/guatevision\/wp-json\/wp\/v2\/media?parent=285809"}],"wp:term":[{"taxonomy":"etiqueta","embeddable":true,"href":"https:\/\/prensalibre-com-develop.go-vip.co\/guatevision\/wp-json\/wp\/v2\/etiqueta?post=285809"}],"curies":[{"name":"wp","href":"https:\/\/api.w.org\/{rel}","templated":true}]}}