{"id":287780,"date":"2019-07-26T17:00:15","date_gmt":"2019-07-26T23:00:15","guid":{"rendered":"https:\/\/prensalibre-com-develop.go-vip.co\/guatevision\/?post_type=post-noticias&#038;p=287780"},"modified":"2019-07-25T23:45:47","modified_gmt":"2019-07-26T05:45:47","slug":"ryan-lochte-regresa","status":"publish","type":"post-noticias","link":"https:\/\/prensalibre-com-develop.go-vip.co\/guatevision\/noticias\/deportes\/ryan-lochte-regresa","title":{"rendered":"Ryan Lochte regresa a la nataci\u00f3n despu\u00e9s de 14 meses de suspensi\u00f3n"},"content":{"rendered":"<p>Ryan Lochte, s\u00e9xtuple campe\u00f3n ol\u00edmpico, disputar\u00e1 el Campeonato de nataci\u00f3n de su pa\u00eds la pr\u00f3xima semana luego de cumplir una suspensi\u00f3n de 14 meses por dopaje.<\/p>\n\n<p>Suspendido hasta julio de 2019 por violar el reglamento antidopaje (hab\u00eda publicado en la redes sociales una foto suya recibiendo una inyecci\u00f3n intravenosa el 24 de mayo de 2018),<\/p>\n<p>Lochte, de 34 a\u00f1os, competir\u00e1 en seis pruebas en los cinco d\u00edas de duraci\u00f3n del Campeonato estadounidense en Palo Alto, California.<\/p>\n<h5>Tambien te puede interesar:<\/h5>\n<h5><a href=\"https:\/\/prensalibre-com-develop.go-vip.co\/guatevision\/noticias\/deportes\/neymar-regresa-al-psg\/\">Neymar no entra en la lista del Par\u00eds SG contra Inter de Mil\u00e1n<\/a><\/h5>\n<p>&nbsp;<\/p>\n<h3>Los antecedentes de Ryan<\/h3>\n<p>Lochte hab\u00eda sido suspendido durante 10 meses en 2016 despu\u00e9s de afirmar que \u00e9l y otros tres nadadores estadounidenses fueron robados despu\u00e9s de una noche de jolgorio durante los Juegos Ol\u00edmpicos de R\u00edo.<\/p>\n<p>La polic\u00eda brasile\u00f1a determin\u00f3 m\u00e1s tarde, en parte bas\u00e1ndose en un video de vigilancia, que Lochte hab\u00eda inventado en gran medida la historia.<\/p>\n<p>Fue acusado de hacer un informe de criminal falso, pero un tribunal de apelaciones de R\u00edo finalmente desestim\u00f3 el caso.<\/p>\n<p>Lochte, que regres\u00f3 a la competici\u00f3n en agosto de 2017, confes\u00f3 que lleg\u00f3 a pensar en el suicidio en los meses que siguieron al esc\u00e1ndalo.<\/p>\n<p>&nbsp;<\/p>\n<p>\u00a9 Agence France-Presse<\/p>\n","protected":false},"excerpt":{"rendered":"<p>Suspendido hasta julio de 2019 por violar el reglamento antidopaje (hab\u00eda publicado en la redes sociales una foto suya recibiendo una inyecci\u00f3n intravenosa el 24 de mayo de 2018), Lochte, de 34 a\u00f1os, competir\u00e1 en seis pruebas en los cinco d\u00edas de duraci\u00f3n del Campeonato estadounidense en Palo Alto, California.<\/p>\n","protected":false},"author":71,"featured_media":287781,"template":"","etiqueta":[25901,26860,39027],"class_list":["post-287780","post-noticias","type-post-noticias","status-publish","has-post-thumbnail","hentry","categoria-post-noticias-deportes","etiqueta-dopaje","etiqueta-natacion","etiqueta-ryan-lochte"],"yoast_head":"<!-- This site is optimized with the Yoast SEO plugin v23.9 - https:\/\/yoast.com\/wordpress\/plugins\/seo\/ -->\n<title>Ryan Lochte regresa a la nataci\u00f3n despu\u00e9s de 14 meses de suspensi\u00f3n<\/title>\n<meta name=\"description\" content=\"Ryan Lochte, s\u00e9xtuple campe\u00f3n ol\u00edmpico, disputar\u00e1 el Campeonato de nataci\u00f3n de su pa\u00eds la pr\u00f3xima semana luego de cumplir una suspensi\u00f3n\" \/>\n<meta name=\"robots\" content=\"index, follow, max-snippet:-1, max-image-preview:large, max-video-preview:-1\" \/>\n<link rel=\"canonical\" href=\"https:\/\/prensalibre-com-develop.go-vip.co\/guatevision\/noticias\/deportes\/ryan-lochte-regresa\" \/>\n<meta property=\"og:locale\" content=\"es_ES\" \/>\n<meta property=\"og:type\" content=\"article\" \/>\n<meta property=\"og:title\" content=\"Ryan Lochte regresa a la nataci\u00f3n despu\u00e9s de 14 meses de suspensi\u00f3n\" \/>\n<meta property=\"og:description\" content=\"Ryan Lochte, s\u00e9xtuple campe\u00f3n ol\u00edmpico, disputar\u00e1 el Campeonato de nataci\u00f3n de su pa\u00eds la pr\u00f3xima semana luego de cumplir una suspensi\u00f3n\" \/>\n<meta property=\"og:url\" content=\"https:\/\/prensalibre-com-develop.go-vip.co\/guatevision\/noticias\/deportes\/ryan-lochte-regresa\" \/>\n<meta property=\"og:site_name\" content=\"Guatevision\" \/>\n<meta property=\"article:modified_time\" content=\"2019-07-26T05:45:47+00:00\" \/>\n<meta property=\"og:image\" content=\"https:\/\/prensalibre-com-develop.go-vip.co\/guatevision\/wp-content\/uploads\/sites\/2\/2019\/07\/Lochte.jpg?quality=82\" \/>\n\t<meta property=\"og:image:width\" content=\"1024\" \/>\n\t<meta property=\"og:image:height\" content=\"682\" \/>\n\t<meta property=\"og:image:type\" content=\"image\/jpeg\" \/>\n<meta name=\"twitter:card\" content=\"summary_large_image\" \/>\n<meta name=\"twitter:label1\" content=\"Est. reading time\" \/>\n\t<meta name=\"twitter:data1\" content=\"1 minute\" \/>\n<script type=\"application\/ld+json\" class=\"yoast-schema-graph\">{\"@context\":\"https:\/\/schema.org\",\"@graph\":[{\"@type\":\"WebPage\",\"@id\":\"https:\/\/prensalibre-com-develop.go-vip.co\/guatevision\/noticias\/deportes\/ryan-lochte-regresa\",\"url\":\"https:\/\/prensalibre-com-develop.go-vip.co\/guatevision\/noticias\/deportes\/ryan-lochte-regresa\",\"name\":\"Ryan Lochte regresa a la nataci\u00f3n despu\u00e9s de 14 meses de suspensi\u00f3n\",\"isPartOf\":{\"@id\":\"https:\/\/prensalibre-com-develop.go-vip.co\/guatevision\/#website\"},\"primaryImageOfPage\":{\"@id\":\"https:\/\/prensalibre-com-develop.go-vip.co\/guatevision\/noticias\/deportes\/ryan-lochte-regresa#primaryimage\"},\"image\":{\"@id\":\"https:\/\/prensalibre-com-develop.go-vip.co\/guatevision\/noticias\/deportes\/ryan-lochte-regresa#primaryimage\"},\"thumbnailUrl\":\"https:\/\/prensalibre-com-develop.go-vip.co\/guatevision\/wp-content\/uploads\/sites\/2\/2019\/07\/Lochte.jpg?quality=82\",\"datePublished\":\"2019-07-26T23:00:15+00:00\",\"dateModified\":\"2019-07-26T05:45:47+00:00\",\"description\":\"Ryan Lochte, s\u00e9xtuple campe\u00f3n ol\u00edmpico, disputar\u00e1 el Campeonato de nataci\u00f3n de su pa\u00eds la pr\u00f3xima semana luego de cumplir una suspensi\u00f3n\",\"inLanguage\":\"es-GT\",\"potentialAction\":[{\"@type\":\"ReadAction\",\"target\":[\"https:\/\/prensalibre-com-develop.go-vip.co\/guatevision\/noticias\/deportes\/ryan-lochte-regresa\"]}]},{\"@type\":\"ImageObject\",\"inLanguage\":\"es-GT\",\"@id\":\"https:\/\/prensalibre-com-develop.go-vip.co\/guatevision\/noticias\/deportes\/ryan-lochte-regresa#primaryimage\",\"url\":\"https:\/\/prensalibre-com-develop.go-vip.co\/guatevision\/wp-content\/uploads\/sites\/2\/2019\/07\/Lochte.jpg?quality=82\",\"contentUrl\":\"https:\/\/prensalibre-com-develop.go-vip.co\/guatevision\/wp-content\/uploads\/sites\/2\/2019\/07\/Lochte.jpg?quality=82\",\"width\":1024,\"height\":682,\"caption\":\"(FILES) In this file photo taken on August 10, 2016 USA's Ryan Lochte competes in a Men's 200m Individual Medley heat during the swimming event at the Rio 2016 Olympic Games at the Olympic Aquatics Stadium in Rio de Janeiro. - Six-time Olympic swimming gold medalist Ryan Lochte, fresh off a 14-month suspension, will make his return to competition at next week's American national championships, USA Swimming announced July 25, 2019. (Photo by Martin BUREAU \/ AFP)\"},{\"@type\":\"WebSite\",\"@id\":\"https:\/\/prensalibre-com-develop.go-vip.co\/guatevision\/#website\",\"url\":\"https:\/\/prensalibre-com-develop.go-vip.co\/guatevision\/\",\"name\":\"Guatevision\",\"description\":\"\u00a1Enciende Lo Bueno!\",\"publisher\":{\"@id\":\"https:\/\/prensalibre-com-develop.go-vip.co\/guatevision\/#organization\"},\"potentialAction\":[{\"@type\":\"SearchAction\",\"target\":{\"@type\":\"EntryPoint\",\"urlTemplate\":\"https:\/\/prensalibre-com-develop.go-vip.co\/guatevision\/?s={search_term_string}\"},\"query-input\":{\"@type\":\"PropertyValueSpecification\",\"valueRequired\":true,\"valueName\":\"search_term_string\"}}],\"inLanguage\":\"es-GT\"},{\"@type\":\"Organization\",\"@id\":\"https:\/\/prensalibre-com-develop.go-vip.co\/guatevision\/#organization\",\"name\":\"Guatevision\",\"url\":\"https:\/\/prensalibre-com-develop.go-vip.co\/guatevision\/\",\"logo\":{\"@type\":\"ImageObject\",\"inLanguage\":\"es-GT\",\"@id\":\"https:\/\/prensalibre-com-develop.go-vip.co\/guatevision\/#\/schema\/logo\/image\/\",\"url\":\"https:\/\/prensalibre-com-develop.go-vip.co\/guatevision\/wp-content\/uploads\/sites\/2\/2026\/04\/Diseno-sin-titulo.png?quality=82\",\"contentUrl\":\"https:\/\/prensalibre-com-develop.go-vip.co\/guatevision\/wp-content\/uploads\/sites\/2\/2026\/04\/Diseno-sin-titulo.png?quality=82\",\"width\":1000,\"height\":600,\"caption\":\"Guatevision\"},\"image\":{\"@id\":\"https:\/\/prensalibre-com-develop.go-vip.co\/guatevision\/#\/schema\/logo\/image\/\"}}]}<\/script>\n<!-- \/ Yoast SEO plugin. -->","yoast_head_json":{"title":"Ryan Lochte regresa a la nataci\u00f3n despu\u00e9s de 14 meses de suspensi\u00f3n","description":"Ryan Lochte, s\u00e9xtuple campe\u00f3n ol\u00edmpico, disputar\u00e1 el Campeonato de nataci\u00f3n de su pa\u00eds la pr\u00f3xima semana luego de cumplir una suspensi\u00f3n","robots":{"index":"index","follow":"follow","max-snippet":"max-snippet:-1","max-image-preview":"max-image-preview:large","max-video-preview":"max-video-preview:-1"},"canonical":"https:\/\/prensalibre-com-develop.go-vip.co\/guatevision\/noticias\/deportes\/ryan-lochte-regresa","og_locale":"es_ES","og_type":"article","og_title":"Ryan Lochte regresa a la nataci\u00f3n despu\u00e9s de 14 meses de suspensi\u00f3n","og_description":"Ryan Lochte, s\u00e9xtuple campe\u00f3n ol\u00edmpico, disputar\u00e1 el Campeonato de nataci\u00f3n de su pa\u00eds la pr\u00f3xima semana luego de cumplir una suspensi\u00f3n","og_url":"https:\/\/prensalibre-com-develop.go-vip.co\/guatevision\/noticias\/deportes\/ryan-lochte-regresa","og_site_name":"Guatevision","article_modified_time":"2019-07-26T05:45:47+00:00","og_image":[{"width":1024,"height":682,"url":"https:\/\/prensalibre-com-develop.go-vip.co\/guatevision\/wp-content\/uploads\/sites\/2\/2019\/07\/Lochte.jpg?quality=82","type":"image\/jpeg"}],"twitter_card":"summary_large_image","twitter_misc":{"Est. reading time":"1 minute"},"schema":{"@context":"https:\/\/schema.org","@graph":[{"@type":"WebPage","@id":"https:\/\/prensalibre-com-develop.go-vip.co\/guatevision\/noticias\/deportes\/ryan-lochte-regresa","url":"https:\/\/prensalibre-com-develop.go-vip.co\/guatevision\/noticias\/deportes\/ryan-lochte-regresa","name":"Ryan Lochte regresa a la nataci\u00f3n despu\u00e9s de 14 meses de suspensi\u00f3n","isPartOf":{"@id":"https:\/\/prensalibre-com-develop.go-vip.co\/guatevision\/#website"},"primaryImageOfPage":{"@id":"https:\/\/prensalibre-com-develop.go-vip.co\/guatevision\/noticias\/deportes\/ryan-lochte-regresa#primaryimage"},"image":{"@id":"https:\/\/prensalibre-com-develop.go-vip.co\/guatevision\/noticias\/deportes\/ryan-lochte-regresa#primaryimage"},"thumbnailUrl":"https:\/\/prensalibre-com-develop.go-vip.co\/guatevision\/wp-content\/uploads\/sites\/2\/2019\/07\/Lochte.jpg?quality=82","datePublished":"2019-07-26T23:00:15+00:00","dateModified":"2019-07-26T05:45:47+00:00","description":"Ryan Lochte, s\u00e9xtuple campe\u00f3n ol\u00edmpico, disputar\u00e1 el Campeonato de nataci\u00f3n de su pa\u00eds la pr\u00f3xima semana luego de cumplir una suspensi\u00f3n","inLanguage":"es-GT","potentialAction":[{"@type":"ReadAction","target":["https:\/\/prensalibre-com-develop.go-vip.co\/guatevision\/noticias\/deportes\/ryan-lochte-regresa"]}]},{"@type":"ImageObject","inLanguage":"es-GT","@id":"https:\/\/prensalibre-com-develop.go-vip.co\/guatevision\/noticias\/deportes\/ryan-lochte-regresa#primaryimage","url":"https:\/\/prensalibre-com-develop.go-vip.co\/guatevision\/wp-content\/uploads\/sites\/2\/2019\/07\/Lochte.jpg?quality=82","contentUrl":"https:\/\/prensalibre-com-develop.go-vip.co\/guatevision\/wp-content\/uploads\/sites\/2\/2019\/07\/Lochte.jpg?quality=82","width":1024,"height":682,"caption":"(FILES) In this file photo taken on August 10, 2016 USA's Ryan Lochte competes in a Men's 200m Individual Medley heat during the swimming event at the Rio 2016 Olympic Games at the Olympic Aquatics Stadium in Rio de Janeiro. - Six-time Olympic swimming gold medalist Ryan Lochte, fresh off a 14-month suspension, will make his return to competition at next week's American national championships, USA Swimming announced July 25, 2019. (Photo by Martin BUREAU \/ AFP)"},{"@type":"WebSite","@id":"https:\/\/prensalibre-com-develop.go-vip.co\/guatevision\/#website","url":"https:\/\/prensalibre-com-develop.go-vip.co\/guatevision\/","name":"Guatevision","description":"\u00a1Enciende Lo Bueno!","publisher":{"@id":"https:\/\/prensalibre-com-develop.go-vip.co\/guatevision\/#organization"},"potentialAction":[{"@type":"SearchAction","target":{"@type":"EntryPoint","urlTemplate":"https:\/\/prensalibre-com-develop.go-vip.co\/guatevision\/?s={search_term_string}"},"query-input":{"@type":"PropertyValueSpecification","valueRequired":true,"valueName":"search_term_string"}}],"inLanguage":"es-GT"},{"@type":"Organization","@id":"https:\/\/prensalibre-com-develop.go-vip.co\/guatevision\/#organization","name":"Guatevision","url":"https:\/\/prensalibre-com-develop.go-vip.co\/guatevision\/","logo":{"@type":"ImageObject","inLanguage":"es-GT","@id":"https:\/\/prensalibre-com-develop.go-vip.co\/guatevision\/#\/schema\/logo\/image\/","url":"https:\/\/prensalibre-com-develop.go-vip.co\/guatevision\/wp-content\/uploads\/sites\/2\/2026\/04\/Diseno-sin-titulo.png?quality=82","contentUrl":"https:\/\/prensalibre-com-develop.go-vip.co\/guatevision\/wp-content\/uploads\/sites\/2\/2026\/04\/Diseno-sin-titulo.png?quality=82","width":1000,"height":600,"caption":"Guatevision"},"image":{"@id":"https:\/\/prensalibre-com-develop.go-vip.co\/guatevision\/#\/schema\/logo\/image\/"}}]}},"jetpack_sharing_enabled":true,"_links":{"self":[{"href":"https:\/\/prensalibre-com-develop.go-vip.co\/guatevision\/wp-json\/wp\/v2\/post-noticias\/287780","targetHints":{"allow":["GET"]}}],"collection":[{"href":"https:\/\/prensalibre-com-develop.go-vip.co\/guatevision\/wp-json\/wp\/v2\/post-noticias"}],"about":[{"href":"https:\/\/prensalibre-com-develop.go-vip.co\/guatevision\/wp-json\/wp\/v2\/types\/post-noticias"}],"author":[{"embeddable":true,"href":"https:\/\/prensalibre-com-develop.go-vip.co\/guatevision\/wp-json\/wp\/v2\/users\/71"}],"version-history":[{"count":0,"href":"https:\/\/prensalibre-com-develop.go-vip.co\/guatevision\/wp-json\/wp\/v2\/post-noticias\/287780\/revisions"}],"wp:featuredmedia":[{"embeddable":true,"href":"https:\/\/prensalibre-com-develop.go-vip.co\/guatevision\/wp-json\/wp\/v2\/media\/287781"}],"wp:attachment":[{"href":"https:\/\/prensalibre-com-develop.go-vip.co\/guatevision\/wp-json\/wp\/v2\/media?parent=287780"}],"wp:term":[{"taxonomy":"etiqueta","embeddable":true,"href":"https:\/\/prensalibre-com-develop.go-vip.co\/guatevision\/wp-json\/wp\/v2\/etiqueta?post=287780"}],"curies":[{"name":"wp","href":"https:\/\/api.w.org\/{rel}","templated":true}]}}