{"id":289531,"date":"2019-08-05T21:00:25","date_gmt":"2019-08-06T03:00:25","guid":{"rendered":"https:\/\/prensalibre-com-develop.go-vip.co\/guatevision\/?post_type=post-noticias&#038;p=289531"},"modified":"2019-08-05T17:41:22","modified_gmt":"2019-08-05T23:41:22","slug":"flamengo-confirma-interes","status":"publish","type":"post-noticias","link":"https:\/\/prensalibre-com-develop.go-vip.co\/guatevision\/noticias\/deportes\/flamengo-confirma-interes","title":{"rendered":"Flamengo confirma inter\u00e9s por fichar a Mario Balotelli"},"content":{"rendered":"<p>Flamengo confirm\u00f3 este lunes su inter\u00e9s en fichar al delantero italiano Mario Balotelli, que de concretarse supondr\u00eda la llegada de otra estrella a la liga brasile\u00f1a tras el regreso del lateral brasile\u00f1o Dani Alves al Sao Paulo.<\/p>\n\n<p>&#8220;No es novedad para nadie que cuando Jorge Jes\u00fas (el entrenador) lleg\u00f3, nos pidi\u00f3 un jugador de \u00e1rea. En ese caso, Balotelli es un gran jugador&#8221;, dijo el presidente Rodolfo Landim en declaraciones reproducidas por el sitio de noticias G1.<\/p>\n<p>El pol\u00e9mico delantero italiano, de 28 a\u00f1os, est\u00e1 actualmente sin club tras haber terminado su contrato al final de la temporada pasada con el franc\u00e9s Olympique de Marsella.<\/p>\n<p>&#8220;Hubo un contacto y \u00e9l mostr\u00f3 inter\u00e9s en jugar aqu\u00ed. Las conversaciones no fueron a m\u00e1s desde entonces&#8221;, aclar\u00f3 Landim.<\/p>\n<p>La cadena Sky Sports Italia ya inform\u00f3 el fin de semana de la posibilidad de que &#8220;Super Mario&#8221; fiche por dos a\u00f1os y medio para reforzar el ataque del &#8216;Mengao&#8217; junto a Gabriel Babosa, conocido como &#8216;Gabigol&#8217;.<\/p>\n<p>Internacional desde 2010 con la camiseta de la selecci\u00f3n italiana, Balotelli jug\u00f3 tambi\u00e9n en el Mil\u00e1n, el Manchester City, el Inter de Mil\u00e1n y el Marsella, entre otros.<\/p>\n<p>La semana pasada, el veterano lateral internacional Dani Alves, el jugador m\u00e1s laureado de la historia, anunci\u00f3 su fichaje por el Sao Paulo y ser\u00e1 presentado ante la afici\u00f3n este martes.<\/p>\n<p>&nbsp;<\/p>\n<p>\u00a9 Agence France-Presse<\/p>\n","protected":false},"excerpt":{"rendered":"","protected":false},"author":71,"featured_media":253263,"template":"","etiqueta":[23634,34962,34577,22020,34718],"class_list":["post-289531","post-noticias","type-post-noticias","status-publish","has-post-thumbnail","hentry","categoria-post-noticias-deportes","etiqueta-dani-alves","etiqueta-flamengo","etiqueta-mario-balotelli","etiqueta-olympique-de-marsella","etiqueta-sao-paulo"],"yoast_head":"<!-- This site is optimized with the Yoast SEO plugin v23.9 - https:\/\/yoast.com\/wordpress\/plugins\/seo\/ -->\n<title>Flamengo confirma inter\u00e9s por fichar a Mario Balotelli<\/title>\n<meta name=\"description\" content=\"Flamengo confirm\u00f3 este lunes su inter\u00e9s en fichar al delantero italiano Mario Balotelli, que de concretarse supondr\u00eda la llegada de otra estrella\" \/>\n<meta name=\"robots\" content=\"index, follow, max-snippet:-1, max-image-preview:large, max-video-preview:-1\" \/>\n<link rel=\"canonical\" href=\"https:\/\/prensalibre-com-develop.go-vip.co\/guatevision\/noticias\/deportes\/flamengo-confirma-interes\" \/>\n<meta property=\"og:locale\" content=\"es_ES\" \/>\n<meta property=\"og:type\" content=\"article\" \/>\n<meta property=\"og:title\" content=\"Flamengo confirma inter\u00e9s por fichar a Mario Balotelli\" \/>\n<meta property=\"og:description\" content=\"Flamengo confirm\u00f3 este lunes su inter\u00e9s en fichar al delantero italiano Mario Balotelli, que de concretarse supondr\u00eda la llegada de otra estrella\" \/>\n<meta property=\"og:url\" content=\"https:\/\/prensalibre-com-develop.go-vip.co\/guatevision\/noticias\/deportes\/flamengo-confirma-interes\" \/>\n<meta property=\"og:site_name\" content=\"Guatevision\" \/>\n<meta property=\"article:modified_time\" content=\"2019-08-05T23:41:22+00:00\" \/>\n<meta property=\"og:image\" content=\"https:\/\/prensalibre-com-develop.go-vip.co\/guatevision\/wp-content\/uploads\/sites\/2\/2019\/01\/Balotelli-Marsella.jpg?quality=82\" \/>\n\t<meta property=\"og:image:width\" content=\"768\" \/>\n\t<meta property=\"og:image:height\" content=\"511\" \/>\n\t<meta property=\"og:image:type\" content=\"image\/jpeg\" \/>\n<meta name=\"twitter:card\" content=\"summary_large_image\" \/>\n<meta name=\"twitter:label1\" content=\"Est. reading time\" \/>\n\t<meta name=\"twitter:data1\" content=\"1 minute\" \/>\n<script type=\"application\/ld+json\" class=\"yoast-schema-graph\">{\"@context\":\"https:\/\/schema.org\",\"@graph\":[{\"@type\":\"WebPage\",\"@id\":\"https:\/\/prensalibre-com-develop.go-vip.co\/guatevision\/noticias\/deportes\/flamengo-confirma-interes\",\"url\":\"https:\/\/prensalibre-com-develop.go-vip.co\/guatevision\/noticias\/deportes\/flamengo-confirma-interes\",\"name\":\"Flamengo confirma inter\u00e9s por fichar a Mario Balotelli\",\"isPartOf\":{\"@id\":\"https:\/\/prensalibre-com-develop.go-vip.co\/guatevision\/#website\"},\"primaryImageOfPage\":{\"@id\":\"https:\/\/prensalibre-com-develop.go-vip.co\/guatevision\/noticias\/deportes\/flamengo-confirma-interes#primaryimage\"},\"image\":{\"@id\":\"https:\/\/prensalibre-com-develop.go-vip.co\/guatevision\/noticias\/deportes\/flamengo-confirma-interes#primaryimage\"},\"thumbnailUrl\":\"https:\/\/prensalibre-com-develop.go-vip.co\/guatevision\/wp-content\/uploads\/sites\/2\/2019\/01\/Balotelli-Marsella.jpg?quality=82\",\"datePublished\":\"2019-08-06T03:00:25+00:00\",\"dateModified\":\"2019-08-05T23:41:22+00:00\",\"description\":\"Flamengo confirm\u00f3 este lunes su inter\u00e9s en fichar al delantero italiano Mario Balotelli, que de concretarse supondr\u00eda la llegada de otra estrella\",\"inLanguage\":\"es-GT\",\"potentialAction\":[{\"@type\":\"ReadAction\",\"target\":[\"https:\/\/prensalibre-com-develop.go-vip.co\/guatevision\/noticias\/deportes\/flamengo-confirma-interes\"]}]},{\"@type\":\"ImageObject\",\"inLanguage\":\"es-GT\",\"@id\":\"https:\/\/prensalibre-com-develop.go-vip.co\/guatevision\/noticias\/deportes\/flamengo-confirma-interes#primaryimage\",\"url\":\"https:\/\/prensalibre-com-develop.go-vip.co\/guatevision\/wp-content\/uploads\/sites\/2\/2019\/01\/Balotelli-Marsella.jpg?quality=82\",\"contentUrl\":\"https:\/\/prensalibre-com-develop.go-vip.co\/guatevision\/wp-content\/uploads\/sites\/2\/2019\/01\/Balotelli-Marsella.jpg?quality=82\",\"width\":768,\"height\":511,\"caption\":\"Olympique de Marseille new forward, Italian Mario Balotelli, shows his new jersey on January 22, 2019, at the Robert-Louis Dreyfus stadium in the southern port city of Marseille. (Photo by Boris HORVAT \/ AFP)\"},{\"@type\":\"WebSite\",\"@id\":\"https:\/\/prensalibre-com-develop.go-vip.co\/guatevision\/#website\",\"url\":\"https:\/\/prensalibre-com-develop.go-vip.co\/guatevision\/\",\"name\":\"Guatevision\",\"description\":\"\u00a1Enciende Lo Bueno!\",\"publisher\":{\"@id\":\"https:\/\/prensalibre-com-develop.go-vip.co\/guatevision\/#organization\"},\"potentialAction\":[{\"@type\":\"SearchAction\",\"target\":{\"@type\":\"EntryPoint\",\"urlTemplate\":\"https:\/\/prensalibre-com-develop.go-vip.co\/guatevision\/?s={search_term_string}\"},\"query-input\":{\"@type\":\"PropertyValueSpecification\",\"valueRequired\":true,\"valueName\":\"search_term_string\"}}],\"inLanguage\":\"es-GT\"},{\"@type\":\"Organization\",\"@id\":\"https:\/\/prensalibre-com-develop.go-vip.co\/guatevision\/#organization\",\"name\":\"Guatevision\",\"url\":\"https:\/\/prensalibre-com-develop.go-vip.co\/guatevision\/\",\"logo\":{\"@type\":\"ImageObject\",\"inLanguage\":\"es-GT\",\"@id\":\"https:\/\/prensalibre-com-develop.go-vip.co\/guatevision\/#\/schema\/logo\/image\/\",\"url\":\"https:\/\/prensalibre-com-develop.go-vip.co\/guatevision\/wp-content\/uploads\/sites\/2\/2026\/04\/Diseno-sin-titulo.png?quality=82\",\"contentUrl\":\"https:\/\/prensalibre-com-develop.go-vip.co\/guatevision\/wp-content\/uploads\/sites\/2\/2026\/04\/Diseno-sin-titulo.png?quality=82\",\"width\":1000,\"height\":600,\"caption\":\"Guatevision\"},\"image\":{\"@id\":\"https:\/\/prensalibre-com-develop.go-vip.co\/guatevision\/#\/schema\/logo\/image\/\"}}]}<\/script>\n<!-- \/ Yoast SEO plugin. -->","yoast_head_json":{"title":"Flamengo confirma inter\u00e9s por fichar a Mario Balotelli","description":"Flamengo confirm\u00f3 este lunes su inter\u00e9s en fichar al delantero italiano Mario Balotelli, que de concretarse supondr\u00eda la llegada de otra estrella","robots":{"index":"index","follow":"follow","max-snippet":"max-snippet:-1","max-image-preview":"max-image-preview:large","max-video-preview":"max-video-preview:-1"},"canonical":"https:\/\/prensalibre-com-develop.go-vip.co\/guatevision\/noticias\/deportes\/flamengo-confirma-interes","og_locale":"es_ES","og_type":"article","og_title":"Flamengo confirma inter\u00e9s por fichar a Mario Balotelli","og_description":"Flamengo confirm\u00f3 este lunes su inter\u00e9s en fichar al delantero italiano Mario Balotelli, que de concretarse supondr\u00eda la llegada de otra estrella","og_url":"https:\/\/prensalibre-com-develop.go-vip.co\/guatevision\/noticias\/deportes\/flamengo-confirma-interes","og_site_name":"Guatevision","article_modified_time":"2019-08-05T23:41:22+00:00","og_image":[{"width":768,"height":511,"url":"https:\/\/prensalibre-com-develop.go-vip.co\/guatevision\/wp-content\/uploads\/sites\/2\/2019\/01\/Balotelli-Marsella.jpg?quality=82","type":"image\/jpeg"}],"twitter_card":"summary_large_image","twitter_misc":{"Est. reading time":"1 minute"},"schema":{"@context":"https:\/\/schema.org","@graph":[{"@type":"WebPage","@id":"https:\/\/prensalibre-com-develop.go-vip.co\/guatevision\/noticias\/deportes\/flamengo-confirma-interes","url":"https:\/\/prensalibre-com-develop.go-vip.co\/guatevision\/noticias\/deportes\/flamengo-confirma-interes","name":"Flamengo confirma inter\u00e9s por fichar a Mario Balotelli","isPartOf":{"@id":"https:\/\/prensalibre-com-develop.go-vip.co\/guatevision\/#website"},"primaryImageOfPage":{"@id":"https:\/\/prensalibre-com-develop.go-vip.co\/guatevision\/noticias\/deportes\/flamengo-confirma-interes#primaryimage"},"image":{"@id":"https:\/\/prensalibre-com-develop.go-vip.co\/guatevision\/noticias\/deportes\/flamengo-confirma-interes#primaryimage"},"thumbnailUrl":"https:\/\/prensalibre-com-develop.go-vip.co\/guatevision\/wp-content\/uploads\/sites\/2\/2019\/01\/Balotelli-Marsella.jpg?quality=82","datePublished":"2019-08-06T03:00:25+00:00","dateModified":"2019-08-05T23:41:22+00:00","description":"Flamengo confirm\u00f3 este lunes su inter\u00e9s en fichar al delantero italiano Mario Balotelli, que de concretarse supondr\u00eda la llegada de otra estrella","inLanguage":"es-GT","potentialAction":[{"@type":"ReadAction","target":["https:\/\/prensalibre-com-develop.go-vip.co\/guatevision\/noticias\/deportes\/flamengo-confirma-interes"]}]},{"@type":"ImageObject","inLanguage":"es-GT","@id":"https:\/\/prensalibre-com-develop.go-vip.co\/guatevision\/noticias\/deportes\/flamengo-confirma-interes#primaryimage","url":"https:\/\/prensalibre-com-develop.go-vip.co\/guatevision\/wp-content\/uploads\/sites\/2\/2019\/01\/Balotelli-Marsella.jpg?quality=82","contentUrl":"https:\/\/prensalibre-com-develop.go-vip.co\/guatevision\/wp-content\/uploads\/sites\/2\/2019\/01\/Balotelli-Marsella.jpg?quality=82","width":768,"height":511,"caption":"Olympique de Marseille new forward, Italian Mario Balotelli, shows his new jersey on January 22, 2019, at the Robert-Louis Dreyfus stadium in the southern port city of Marseille. (Photo by Boris HORVAT \/ AFP)"},{"@type":"WebSite","@id":"https:\/\/prensalibre-com-develop.go-vip.co\/guatevision\/#website","url":"https:\/\/prensalibre-com-develop.go-vip.co\/guatevision\/","name":"Guatevision","description":"\u00a1Enciende Lo Bueno!","publisher":{"@id":"https:\/\/prensalibre-com-develop.go-vip.co\/guatevision\/#organization"},"potentialAction":[{"@type":"SearchAction","target":{"@type":"EntryPoint","urlTemplate":"https:\/\/prensalibre-com-develop.go-vip.co\/guatevision\/?s={search_term_string}"},"query-input":{"@type":"PropertyValueSpecification","valueRequired":true,"valueName":"search_term_string"}}],"inLanguage":"es-GT"},{"@type":"Organization","@id":"https:\/\/prensalibre-com-develop.go-vip.co\/guatevision\/#organization","name":"Guatevision","url":"https:\/\/prensalibre-com-develop.go-vip.co\/guatevision\/","logo":{"@type":"ImageObject","inLanguage":"es-GT","@id":"https:\/\/prensalibre-com-develop.go-vip.co\/guatevision\/#\/schema\/logo\/image\/","url":"https:\/\/prensalibre-com-develop.go-vip.co\/guatevision\/wp-content\/uploads\/sites\/2\/2026\/04\/Diseno-sin-titulo.png?quality=82","contentUrl":"https:\/\/prensalibre-com-develop.go-vip.co\/guatevision\/wp-content\/uploads\/sites\/2\/2026\/04\/Diseno-sin-titulo.png?quality=82","width":1000,"height":600,"caption":"Guatevision"},"image":{"@id":"https:\/\/prensalibre-com-develop.go-vip.co\/guatevision\/#\/schema\/logo\/image\/"}}]}},"jetpack_sharing_enabled":true,"_links":{"self":[{"href":"https:\/\/prensalibre-com-develop.go-vip.co\/guatevision\/wp-json\/wp\/v2\/post-noticias\/289531","targetHints":{"allow":["GET"]}}],"collection":[{"href":"https:\/\/prensalibre-com-develop.go-vip.co\/guatevision\/wp-json\/wp\/v2\/post-noticias"}],"about":[{"href":"https:\/\/prensalibre-com-develop.go-vip.co\/guatevision\/wp-json\/wp\/v2\/types\/post-noticias"}],"author":[{"embeddable":true,"href":"https:\/\/prensalibre-com-develop.go-vip.co\/guatevision\/wp-json\/wp\/v2\/users\/71"}],"version-history":[{"count":0,"href":"https:\/\/prensalibre-com-develop.go-vip.co\/guatevision\/wp-json\/wp\/v2\/post-noticias\/289531\/revisions"}],"wp:featuredmedia":[{"embeddable":true,"href":"https:\/\/prensalibre-com-develop.go-vip.co\/guatevision\/wp-json\/wp\/v2\/media\/253263"}],"wp:attachment":[{"href":"https:\/\/prensalibre-com-develop.go-vip.co\/guatevision\/wp-json\/wp\/v2\/media?parent=289531"}],"wp:term":[{"taxonomy":"etiqueta","embeddable":true,"href":"https:\/\/prensalibre-com-develop.go-vip.co\/guatevision\/wp-json\/wp\/v2\/etiqueta?post=289531"}],"curies":[{"name":"wp","href":"https:\/\/api.w.org\/{rel}","templated":true}]}}