{"id":292683,"date":"2019-08-21T10:39:35","date_gmt":"2019-08-21T16:39:35","guid":{"rendered":"https:\/\/prensalibre-com-develop.go-vip.co\/guatevision\/?post_type=post-noticias&#038;p=292683"},"modified":"2019-08-21T11:22:04","modified_gmt":"2019-08-21T17:22:04","slug":"franck-ribery-inicia","status":"publish","type":"post-noticias","link":"https:\/\/prensalibre-com-develop.go-vip.co\/guatevision\/noticias\/deportes\/franck-ribery-inicia","title":{"rendered":"Franck Rib\u00e9ry inicia una nueva aventura en la Fiorentina"},"content":{"rendered":"<p>Franck Rib\u00e9ry a sus 36 a\u00f1os podr\u00eda haber optado por la retirada o por un exilio dorado en un campeonato menor, pero luego de haber ganado todo con el Bayern de M\u00fanich, eligi\u00f3 seguir en el m\u00e1s alto nivel y descubrir la Serie A italiana al firmar este mi\u00e9rcoles con la Fiorentina.<\/p>\n\n<p>&#8220;\u00a1Rib\u00e9ryssimo!&#8221;, como titula el Corriere dello Sport, uno de los tres grandes peri\u00f3dicos deportivos italianos. El veterano extremo franc\u00e9s lleg\u00f3 como una estrella de rock al aeropuerto de Florencia este mi\u00e9rcoles, aclamado por los aficionados de la Fiorentina y recibido por Giancarlo Antognoni, campe\u00f3n del mundo en 1982 y leyenda del club toscano, del que es uno de sus dirigentes.<\/p>\n<p>&#8220;Bienvenido leyenda&#8221;, tuite\u00f3 el club de la Serie A junto a una foto de Rib\u00e9ry sobre la pista de aterrizaje mostrando una bufanda del club.<\/p>\n<p>&#8220;Estoy feliz, estoy aqu\u00ed con mi familia. Habl\u00e9 durante una semana con la Fiorentina, tambi\u00e9n habl\u00e9 con Luca Toni (su antiguo compa\u00f1ero en M\u00fanich, y ex de la Fiorentina). Me dijo que la Fiorentina es un gran club y que la ciudad es hermosa&#8221;, afirm\u00f3 en un video subido a Facebook por su nuevo club.<\/p>\n<p>La antigua gloria del Bayern de M\u00fanich, de 36 a\u00f1os, vestido con un polo &#8216;viola&#8217;, llega libre de contrato luego de su salida del club b\u00e1varo tras 12 temporadas y 23 t\u00edtulos.<\/p>\n<p>Rib\u00e9ry, anunciado oficialmente horas despu\u00e9s, descubrir\u00e1 una nueva liga en el Calcio, cuando podr\u00eda haber elegido el dinero de China o del Golfo. Los medios italianos se\u00f1alan adem\u00e1s que declin\u00f3 una oferta de Los Angeles Galaxy de Estados Unidos.<\/p>\n<p>&#8220;Para m\u00ed era crucial que firmase un contrato de dos a\u00f1os&#8221;, confes\u00f3 a la cadena alemana de Sky Sports. &#8220;Otro factor importante es poder tener a mi familia conmigo. Estoy muy feliz de poder jugar a f\u00fatbol de alto nivel a\u00fan dos a\u00f1os m\u00e1s&#8221;, a\u00f1adi\u00f3.<\/p>\n<blockquote class=\"twitter-tweet\" data-width=\"500\" data-dnt=\"true\">\n<p lang=\"it\" dir=\"ltr\">Ciao Fiorentina! \ud83d\ude4c\ud83c\udffc Un nuovo capitolo si apre per me e per la mia famiglia. Grato e felice di poter firmare in nuovo contratto con un grande club in una splendida citt\u00e0. \ud83d\ude4f\ud83c\udffc Guardo con fiducia al futuro con i miei nuovi compagni e dei tifosi fantastici. \ud83d\udcaa\ud83c\udffc <a href=\"https:\/\/twitter.com\/hashtag\/ForzaViola?src=hash&amp;ref_src=twsrc%5Etfw\">#ForzaViola<\/a> <a href=\"https:\/\/t.co\/GhR4KKVL5x\">pic.twitter.com\/GhR4KKVL5x<\/a><\/p>\n<p>&mdash; Franck Rib\u00e9ry (@FranckRibery) <a href=\"https:\/\/twitter.com\/FranckRibery\/status\/1164190283522875392?ref_src=twsrc%5Etfw\">August 21, 2019<\/a><\/p><\/blockquote>\n<p><script async src=\"https:\/\/platform.twitter.com\/widgets.js\" charset=\"utf-8\"><\/script><\/p>\n<h3>&#8211; Tr\u00edo para so\u00f1ar &#8211;<\/h3>\n<p>A pesar de una \u00faltima temporada muy complicada (16\u00ba), la Fiorentina sigue siendo un club hist\u00f3rico y ambicioso en Italia, y la llegada de Rib\u00e9ry aparece como el primer gran golpe del nuevo presidente, el empresario italo-estadounudense Rocco Commisso.<\/p>\n<p>&#8220;Ma\u00f1ana lo presentaremos ante toda la ciudad. Abriremos el estadio Artemio Franchi para que todo el mundo pueda saludarlo. Esperamos un estadio lleno, como lo merece este campe\u00f3n&#8221;, declar\u00f3 Joe Barone, el representante de Commisso en Italia.<\/p>\n<p>Rib\u00e9ry estar\u00e1 en efecto en conferencia de prensa el jueves a las 17h30 (15h30 GMT) antes de ser presentado a los tifosi en su nuevo estadio.<\/p>\n<p>El galo podr\u00eda ser convocado por su entrenador Vincenzo Montella para el primer partido de liga, ante el N\u00e1poles.<\/p>\n<p>Las piernas o la cintura de Rib\u00e9ry pueden no ser las mismas con 36 a\u00f1os, pero conserva el talento y su juego imprevisible, adem\u00e1s de su experiencia para guiar a los j\u00f3venes (Chiesa, Vlahovic, Milenkovic&#8230;).<\/p>\n<p>Con Chiesa por la derecha, Rib\u00e9ry en la izquierda y Boateng en el centro, el club &#8216;viola&#8217; se permite so\u00f1ar.<\/p>\n<p>\u00a9 Agence France-Presse<\/p>\n<p>Foto twitter: @acffiorentina<\/p>\n","protected":false},"excerpt":{"rendered":"<p>La antigua gloria del Bayern de M\u00fanich, de 36 a\u00f1os, vestido con un polo &#8216;viola&#8217;, llega libre de contrato luego de su salida del club b\u00e1varo tras 12 temporadas y 23 t\u00edtulos.<\/p>\n","protected":false},"author":71,"featured_media":292687,"template":"","etiqueta":[21237,34761,23391,21613],"class_list":["post-292683","post-noticias","type-post-noticias","status-publish","has-post-thumbnail","hentry","categoria-post-noticias-deportes","etiqueta-bayern-de-munich","etiqueta-fiorentina","etiqueta-franck-ribery","etiqueta-serie-a"],"yoast_head":"<!-- This site is optimized with the Yoast SEO plugin v23.9 - https:\/\/yoast.com\/wordpress\/plugins\/seo\/ -->\n<title>Franck Rib\u00e9ry inicia una nueva aventura en la Fiorentina<\/title>\n<meta name=\"description\" content=\"Franck Rib\u00e9ry a sus 36 a\u00f1os eligi\u00f3 seguir en el m\u00e1s alto nivel y descubrir la Serie A italiana al firmar este mi\u00e9rcoles con la Fiorentina.\" \/>\n<meta name=\"robots\" content=\"index, follow, max-snippet:-1, max-image-preview:large, max-video-preview:-1\" \/>\n<link rel=\"canonical\" href=\"https:\/\/prensalibre-com-develop.go-vip.co\/guatevision\/noticias\/deportes\/franck-ribery-inicia\" \/>\n<meta property=\"og:locale\" content=\"es_ES\" \/>\n<meta property=\"og:type\" content=\"article\" \/>\n<meta property=\"og:title\" content=\"Franck Rib\u00e9ry inicia una nueva aventura en la Fiorentina\" \/>\n<meta property=\"og:description\" content=\"Franck Rib\u00e9ry a sus 36 a\u00f1os eligi\u00f3 seguir en el m\u00e1s alto nivel y descubrir la Serie A italiana al firmar este mi\u00e9rcoles con la Fiorentina.\" \/>\n<meta property=\"og:url\" content=\"https:\/\/prensalibre-com-develop.go-vip.co\/guatevision\/noticias\/deportes\/franck-ribery-inicia\" \/>\n<meta property=\"og:site_name\" content=\"Guatevision\" \/>\n<meta property=\"article:modified_time\" content=\"2019-08-21T17:22:04+00:00\" \/>\n<meta property=\"og:image\" content=\"https:\/\/prensalibre-com-develop.go-vip.co\/guatevision\/wp-content\/uploads\/sites\/2\/2019\/08\/ECf5txKWwAU7EG3.jpeg?quality=82\" \/>\n\t<meta property=\"og:image:width\" content=\"679\" \/>\n\t<meta property=\"og:image:height\" content=\"453\" \/>\n\t<meta property=\"og:image:type\" content=\"image\/jpeg\" \/>\n<meta name=\"twitter:card\" content=\"summary_large_image\" \/>\n<meta name=\"twitter:label1\" content=\"Est. reading time\" \/>\n\t<meta name=\"twitter:data1\" content=\"3 minutes\" \/>\n<script type=\"application\/ld+json\" class=\"yoast-schema-graph\">{\"@context\":\"https:\/\/schema.org\",\"@graph\":[{\"@type\":\"WebPage\",\"@id\":\"https:\/\/prensalibre-com-develop.go-vip.co\/guatevision\/noticias\/deportes\/franck-ribery-inicia\",\"url\":\"https:\/\/prensalibre-com-develop.go-vip.co\/guatevision\/noticias\/deportes\/franck-ribery-inicia\",\"name\":\"Franck Rib\u00e9ry inicia una nueva aventura en la Fiorentina\",\"isPartOf\":{\"@id\":\"https:\/\/prensalibre-com-develop.go-vip.co\/guatevision\/#website\"},\"primaryImageOfPage\":{\"@id\":\"https:\/\/prensalibre-com-develop.go-vip.co\/guatevision\/noticias\/deportes\/franck-ribery-inicia#primaryimage\"},\"image\":{\"@id\":\"https:\/\/prensalibre-com-develop.go-vip.co\/guatevision\/noticias\/deportes\/franck-ribery-inicia#primaryimage\"},\"thumbnailUrl\":\"https:\/\/prensalibre-com-develop.go-vip.co\/guatevision\/wp-content\/uploads\/sites\/2\/2019\/08\/ECf5txKWwAU7EG3.jpeg?quality=82\",\"datePublished\":\"2019-08-21T16:39:35+00:00\",\"dateModified\":\"2019-08-21T17:22:04+00:00\",\"description\":\"Franck Rib\u00e9ry a sus 36 a\u00f1os eligi\u00f3 seguir en el m\u00e1s alto nivel y descubrir la Serie A italiana al firmar este mi\u00e9rcoles con la Fiorentina.\",\"inLanguage\":\"es-GT\",\"potentialAction\":[{\"@type\":\"ReadAction\",\"target\":[\"https:\/\/prensalibre-com-develop.go-vip.co\/guatevision\/noticias\/deportes\/franck-ribery-inicia\"]}]},{\"@type\":\"ImageObject\",\"inLanguage\":\"es-GT\",\"@id\":\"https:\/\/prensalibre-com-develop.go-vip.co\/guatevision\/noticias\/deportes\/franck-ribery-inicia#primaryimage\",\"url\":\"https:\/\/prensalibre-com-develop.go-vip.co\/guatevision\/wp-content\/uploads\/sites\/2\/2019\/08\/ECf5txKWwAU7EG3.jpeg?quality=82\",\"contentUrl\":\"https:\/\/prensalibre-com-develop.go-vip.co\/guatevision\/wp-content\/uploads\/sites\/2\/2019\/08\/ECf5txKWwAU7EG3.jpeg?quality=82\",\"width\":679,\"height\":453,\"caption\":\"Foto twitter: @acffiorentina\"},{\"@type\":\"WebSite\",\"@id\":\"https:\/\/prensalibre-com-develop.go-vip.co\/guatevision\/#website\",\"url\":\"https:\/\/prensalibre-com-develop.go-vip.co\/guatevision\/\",\"name\":\"Guatevision\",\"description\":\"\u00a1Enciende Lo Bueno!\",\"publisher\":{\"@id\":\"https:\/\/prensalibre-com-develop.go-vip.co\/guatevision\/#organization\"},\"potentialAction\":[{\"@type\":\"SearchAction\",\"target\":{\"@type\":\"EntryPoint\",\"urlTemplate\":\"https:\/\/prensalibre-com-develop.go-vip.co\/guatevision\/?s={search_term_string}\"},\"query-input\":{\"@type\":\"PropertyValueSpecification\",\"valueRequired\":true,\"valueName\":\"search_term_string\"}}],\"inLanguage\":\"es-GT\"},{\"@type\":\"Organization\",\"@id\":\"https:\/\/prensalibre-com-develop.go-vip.co\/guatevision\/#organization\",\"name\":\"Guatevision\",\"url\":\"https:\/\/prensalibre-com-develop.go-vip.co\/guatevision\/\",\"logo\":{\"@type\":\"ImageObject\",\"inLanguage\":\"es-GT\",\"@id\":\"https:\/\/prensalibre-com-develop.go-vip.co\/guatevision\/#\/schema\/logo\/image\/\",\"url\":\"https:\/\/prensalibre-com-develop.go-vip.co\/guatevision\/wp-content\/uploads\/sites\/2\/2026\/04\/Diseno-sin-titulo.png?quality=82\",\"contentUrl\":\"https:\/\/prensalibre-com-develop.go-vip.co\/guatevision\/wp-content\/uploads\/sites\/2\/2026\/04\/Diseno-sin-titulo.png?quality=82\",\"width\":1000,\"height\":600,\"caption\":\"Guatevision\"},\"image\":{\"@id\":\"https:\/\/prensalibre-com-develop.go-vip.co\/guatevision\/#\/schema\/logo\/image\/\"}}]}<\/script>\n<!-- \/ Yoast SEO plugin. -->","yoast_head_json":{"title":"Franck Rib\u00e9ry inicia una nueva aventura en la Fiorentina","description":"Franck Rib\u00e9ry a sus 36 a\u00f1os eligi\u00f3 seguir en el m\u00e1s alto nivel y descubrir la Serie A italiana al firmar este mi\u00e9rcoles con la Fiorentina.","robots":{"index":"index","follow":"follow","max-snippet":"max-snippet:-1","max-image-preview":"max-image-preview:large","max-video-preview":"max-video-preview:-1"},"canonical":"https:\/\/prensalibre-com-develop.go-vip.co\/guatevision\/noticias\/deportes\/franck-ribery-inicia","og_locale":"es_ES","og_type":"article","og_title":"Franck Rib\u00e9ry inicia una nueva aventura en la Fiorentina","og_description":"Franck Rib\u00e9ry a sus 36 a\u00f1os eligi\u00f3 seguir en el m\u00e1s alto nivel y descubrir la Serie A italiana al firmar este mi\u00e9rcoles con la Fiorentina.","og_url":"https:\/\/prensalibre-com-develop.go-vip.co\/guatevision\/noticias\/deportes\/franck-ribery-inicia","og_site_name":"Guatevision","article_modified_time":"2019-08-21T17:22:04+00:00","og_image":[{"width":679,"height":453,"url":"https:\/\/prensalibre-com-develop.go-vip.co\/guatevision\/wp-content\/uploads\/sites\/2\/2019\/08\/ECf5txKWwAU7EG3.jpeg?quality=82","type":"image\/jpeg"}],"twitter_card":"summary_large_image","twitter_misc":{"Est. reading time":"3 minutes"},"schema":{"@context":"https:\/\/schema.org","@graph":[{"@type":"WebPage","@id":"https:\/\/prensalibre-com-develop.go-vip.co\/guatevision\/noticias\/deportes\/franck-ribery-inicia","url":"https:\/\/prensalibre-com-develop.go-vip.co\/guatevision\/noticias\/deportes\/franck-ribery-inicia","name":"Franck Rib\u00e9ry inicia una nueva aventura en la Fiorentina","isPartOf":{"@id":"https:\/\/prensalibre-com-develop.go-vip.co\/guatevision\/#website"},"primaryImageOfPage":{"@id":"https:\/\/prensalibre-com-develop.go-vip.co\/guatevision\/noticias\/deportes\/franck-ribery-inicia#primaryimage"},"image":{"@id":"https:\/\/prensalibre-com-develop.go-vip.co\/guatevision\/noticias\/deportes\/franck-ribery-inicia#primaryimage"},"thumbnailUrl":"https:\/\/prensalibre-com-develop.go-vip.co\/guatevision\/wp-content\/uploads\/sites\/2\/2019\/08\/ECf5txKWwAU7EG3.jpeg?quality=82","datePublished":"2019-08-21T16:39:35+00:00","dateModified":"2019-08-21T17:22:04+00:00","description":"Franck Rib\u00e9ry a sus 36 a\u00f1os eligi\u00f3 seguir en el m\u00e1s alto nivel y descubrir la Serie A italiana al firmar este mi\u00e9rcoles con la Fiorentina.","inLanguage":"es-GT","potentialAction":[{"@type":"ReadAction","target":["https:\/\/prensalibre-com-develop.go-vip.co\/guatevision\/noticias\/deportes\/franck-ribery-inicia"]}]},{"@type":"ImageObject","inLanguage":"es-GT","@id":"https:\/\/prensalibre-com-develop.go-vip.co\/guatevision\/noticias\/deportes\/franck-ribery-inicia#primaryimage","url":"https:\/\/prensalibre-com-develop.go-vip.co\/guatevision\/wp-content\/uploads\/sites\/2\/2019\/08\/ECf5txKWwAU7EG3.jpeg?quality=82","contentUrl":"https:\/\/prensalibre-com-develop.go-vip.co\/guatevision\/wp-content\/uploads\/sites\/2\/2019\/08\/ECf5txKWwAU7EG3.jpeg?quality=82","width":679,"height":453,"caption":"Foto twitter: @acffiorentina"},{"@type":"WebSite","@id":"https:\/\/prensalibre-com-develop.go-vip.co\/guatevision\/#website","url":"https:\/\/prensalibre-com-develop.go-vip.co\/guatevision\/","name":"Guatevision","description":"\u00a1Enciende Lo Bueno!","publisher":{"@id":"https:\/\/prensalibre-com-develop.go-vip.co\/guatevision\/#organization"},"potentialAction":[{"@type":"SearchAction","target":{"@type":"EntryPoint","urlTemplate":"https:\/\/prensalibre-com-develop.go-vip.co\/guatevision\/?s={search_term_string}"},"query-input":{"@type":"PropertyValueSpecification","valueRequired":true,"valueName":"search_term_string"}}],"inLanguage":"es-GT"},{"@type":"Organization","@id":"https:\/\/prensalibre-com-develop.go-vip.co\/guatevision\/#organization","name":"Guatevision","url":"https:\/\/prensalibre-com-develop.go-vip.co\/guatevision\/","logo":{"@type":"ImageObject","inLanguage":"es-GT","@id":"https:\/\/prensalibre-com-develop.go-vip.co\/guatevision\/#\/schema\/logo\/image\/","url":"https:\/\/prensalibre-com-develop.go-vip.co\/guatevision\/wp-content\/uploads\/sites\/2\/2026\/04\/Diseno-sin-titulo.png?quality=82","contentUrl":"https:\/\/prensalibre-com-develop.go-vip.co\/guatevision\/wp-content\/uploads\/sites\/2\/2026\/04\/Diseno-sin-titulo.png?quality=82","width":1000,"height":600,"caption":"Guatevision"},"image":{"@id":"https:\/\/prensalibre-com-develop.go-vip.co\/guatevision\/#\/schema\/logo\/image\/"}}]}},"jetpack_sharing_enabled":true,"_links":{"self":[{"href":"https:\/\/prensalibre-com-develop.go-vip.co\/guatevision\/wp-json\/wp\/v2\/post-noticias\/292683","targetHints":{"allow":["GET"]}}],"collection":[{"href":"https:\/\/prensalibre-com-develop.go-vip.co\/guatevision\/wp-json\/wp\/v2\/post-noticias"}],"about":[{"href":"https:\/\/prensalibre-com-develop.go-vip.co\/guatevision\/wp-json\/wp\/v2\/types\/post-noticias"}],"author":[{"embeddable":true,"href":"https:\/\/prensalibre-com-develop.go-vip.co\/guatevision\/wp-json\/wp\/v2\/users\/71"}],"version-history":[{"count":0,"href":"https:\/\/prensalibre-com-develop.go-vip.co\/guatevision\/wp-json\/wp\/v2\/post-noticias\/292683\/revisions"}],"wp:featuredmedia":[{"embeddable":true,"href":"https:\/\/prensalibre-com-develop.go-vip.co\/guatevision\/wp-json\/wp\/v2\/media\/292687"}],"wp:attachment":[{"href":"https:\/\/prensalibre-com-develop.go-vip.co\/guatevision\/wp-json\/wp\/v2\/media?parent=292683"}],"wp:term":[{"taxonomy":"etiqueta","embeddable":true,"href":"https:\/\/prensalibre-com-develop.go-vip.co\/guatevision\/wp-json\/wp\/v2\/etiqueta?post=292683"}],"curies":[{"name":"wp","href":"https:\/\/api.w.org\/{rel}","templated":true}]}}