{"id":292712,"date":"2019-08-21T20:00:02","date_gmt":"2019-08-22T02:00:02","guid":{"rendered":"https:\/\/prensalibre-com-develop.go-vip.co\/guatevision\/?post_type=post-noticias&#038;p=292712"},"modified":"2019-08-21T12:15:03","modified_gmt":"2019-08-21T18:15:03","slug":"tom-dumoulin-cambia","status":"publish","type":"post-noticias","link":"https:\/\/prensalibre-com-develop.go-vip.co\/guatevision\/noticias\/deportes\/tom-dumoulin-cambia","title":{"rendered":"Tom Dumoulin cambia el equipo Sunweb por el Jumbo"},"content":{"rendered":"<p>Tom Dumoulin, ganador del Giro de Italia-2017 y segundo en el Tour de Francia-2018, dejar\u00e1 el equipo Sunweb para unirse al Jumbo-Visma, anunciaron ambos equipos.<\/p>\n\n<p>&#8220;El equipo Jumbo-Visma se reforz\u00f3 con Tom Dumoulin para las pr\u00f3ximas tres temporadas. El corredor completa nuestro n\u00facleo de ciclistas para las clasificaciones generales&#8221;, dijo su nueva escuadra en un comunicado, confirmando una informaci\u00f3n del peri\u00f3dico De Telegraaf.<\/p>\n<p>&#8220;Buscaba un nuevo desaf\u00edo deportivo y Jumbo-Visma es el equipo indicado para ello&#8221;, explic\u00f3 el campe\u00f3n del mundo de contrarreloj en 2017, encantado de &#8220;representar los colores de un equipo holand\u00e9s&#8221;.<\/p>\n<p>&#8220;Comenc\u00e9 mi carrera de ciclista en el equipo Rabobank Continental, predecesor del actual Team Jumbo-Visma. Por eso, este paso se parece un poco a volver a casa&#8221;, a\u00f1adi\u00f3 Dumoulin.<\/p>\n<p>Ausente este a\u00f1o de la ronda gala por una lesi\u00f3n en la rodilla, que le oblig\u00f3 a abandonar en pleno Giro, Dumoulin se encontrar\u00e1 en el Jumbo con un equipo m\u00e1s preparado que el Sunweb para imponerse por fin en Par\u00eds.<\/p>\n<p>El equipo Jumbo cuenta ya con Primoz Roglic, 4\u00ba del Tour de Francia-2018, y Steven Kruijswijk, tercero en la edici\u00f3n de 2019. Dos corredores que no han estado lejos de una victoria en el Giro, con un podio este a\u00f1o para el primero y una 4\u00aa plaza en 2016 para el segundo.<\/p>\n<p>&#8220;Estoy impaciente de contribuir a este objetivo: ganar una gran vuelta&#8221;, avis\u00f3 Dumoulin.<\/p>\n<p>El fichaje del holand\u00e9s abre nuevas puertas al Jumbo, de acuerdo a su director Richard Plugge: &#8220;Ahora podemos formar el equipo m\u00e1s s\u00f3lido posible para competir con un equipo como el Ineos. Cada vez estamos m\u00e1s cerca de lograr nuestros sue\u00f1os y ambiciones&#8221;, expres\u00f3 el m\u00e1nager general de los negriamarillos.<\/p>\n<p>&#8220;Luego de una trayectoria incre\u00edble de 8 a\u00f1os con muchos \u00e9xitos, el Team Sunweb y Tom Dumoulin se separar\u00e1n al final de la temporada 2019&#8221;, hab\u00eda comunicado el equipo Sunweb un poco antes, pese a que al holand\u00e9s (28 a\u00f1os) le quedaban dos a\u00f1os de contrato.<\/p>\n<p>&#8220;Se me hace dif\u00edcil marcharme&#8221;, asegur\u00f3 el nacido en Maastricht. &#8220;Mi coraz\u00f3n est\u00e1 aqu\u00ed y hemos conseguido juntos grandes cosas de las que estoy muy orgulloso. En el Sunweb he demostrado que es posible ganar una Gran Vuelta con este equipo y no dudo que podr\u00eda hacerlo de nuevo con ellos&#8221;.<\/p>\n<p>\u00a9 Agence France-Presse<\/p>\n","protected":false},"excerpt":{"rendered":"<p>Ausente este a\u00f1o de la ronda gala por una lesi\u00f3n en la rodilla, que le oblig\u00f3 a abandonar en pleno Giro, Dumoulin se encontrar\u00e1 en el Jumbo con un equipo m\u00e1s preparado que el Sunweb para imponerse por fin en Par\u00eds.<\/p>\n","protected":false},"author":71,"featured_media":249690,"template":"","etiqueta":[22973,39527,33977,26643,20429],"class_list":["post-292712","post-noticias","type-post-noticias","status-publish","has-post-thumbnail","hentry","categoria-post-noticias-deportes","etiqueta-giro-de-italia","etiqueta-jumbo-visma","etiqueta-sunweb","etiqueta-tom-dumoulin","etiqueta-tour-de-francia"],"yoast_head":"<!-- This site is optimized with the Yoast SEO plugin v23.9 - https:\/\/yoast.com\/wordpress\/plugins\/seo\/ -->\n<title>Tom Dumoulin cambia el equipo Sunweb por el Jumbo<\/title>\n<meta name=\"description\" content=\"Tom Dumoulin, ganador del Giro de Italia-2017 y segundo en el Tour de Francia-2018, dejar\u00e1 el equipo Sunweb para unirse al Jumbo-Visma\" \/>\n<meta name=\"robots\" content=\"index, follow, max-snippet:-1, max-image-preview:large, max-video-preview:-1\" \/>\n<link rel=\"canonical\" href=\"https:\/\/prensalibre-com-develop.go-vip.co\/guatevision\/noticias\/deportes\/tom-dumoulin-cambia\" \/>\n<meta property=\"og:locale\" content=\"es_ES\" \/>\n<meta property=\"og:type\" content=\"article\" \/>\n<meta property=\"og:title\" content=\"Tom Dumoulin cambia el equipo Sunweb por el Jumbo\" \/>\n<meta property=\"og:description\" content=\"Tom Dumoulin, ganador del Giro de Italia-2017 y segundo en el Tour de Francia-2018, dejar\u00e1 el equipo Sunweb para unirse al Jumbo-Visma\" \/>\n<meta property=\"og:url\" content=\"https:\/\/prensalibre-com-develop.go-vip.co\/guatevision\/noticias\/deportes\/tom-dumoulin-cambia\" \/>\n<meta property=\"og:site_name\" content=\"Guatevision\" \/>\n<meta property=\"article:modified_time\" content=\"2019-08-21T18:15:03+00:00\" \/>\n<meta property=\"og:image\" content=\"https:\/\/prensalibre-com-develop.go-vip.co\/guatevision\/wp-content\/uploads\/sites\/2\/2019\/01\/000_1BY2JF.jpg?quality=82\" \/>\n\t<meta property=\"og:image:width\" content=\"768\" \/>\n\t<meta property=\"og:image:height\" content=\"490\" \/>\n\t<meta property=\"og:image:type\" content=\"image\/jpeg\" \/>\n<meta name=\"twitter:card\" content=\"summary_large_image\" \/>\n<meta name=\"twitter:label1\" content=\"Est. reading time\" \/>\n\t<meta name=\"twitter:data1\" content=\"2 minutes\" \/>\n<script type=\"application\/ld+json\" class=\"yoast-schema-graph\">{\"@context\":\"https:\/\/schema.org\",\"@graph\":[{\"@type\":\"WebPage\",\"@id\":\"https:\/\/prensalibre-com-develop.go-vip.co\/guatevision\/noticias\/deportes\/tom-dumoulin-cambia\",\"url\":\"https:\/\/prensalibre-com-develop.go-vip.co\/guatevision\/noticias\/deportes\/tom-dumoulin-cambia\",\"name\":\"Tom Dumoulin cambia el equipo Sunweb por el Jumbo\",\"isPartOf\":{\"@id\":\"https:\/\/prensalibre-com-develop.go-vip.co\/guatevision\/#website\"},\"primaryImageOfPage\":{\"@id\":\"https:\/\/prensalibre-com-develop.go-vip.co\/guatevision\/noticias\/deportes\/tom-dumoulin-cambia#primaryimage\"},\"image\":{\"@id\":\"https:\/\/prensalibre-com-develop.go-vip.co\/guatevision\/noticias\/deportes\/tom-dumoulin-cambia#primaryimage\"},\"thumbnailUrl\":\"https:\/\/prensalibre-com-develop.go-vip.co\/guatevision\/wp-content\/uploads\/sites\/2\/2019\/01\/000_1BY2JF.jpg?quality=82\",\"datePublished\":\"2019-08-22T02:00:02+00:00\",\"dateModified\":\"2019-08-21T18:15:03+00:00\",\"description\":\"Tom Dumoulin, ganador del Giro de Italia-2017 y segundo en el Tour de Francia-2018, dejar\u00e1 el equipo Sunweb para unirse al Jumbo-Visma\",\"inLanguage\":\"es-GT\",\"potentialAction\":[{\"@type\":\"ReadAction\",\"target\":[\"https:\/\/prensalibre-com-develop.go-vip.co\/guatevision\/noticias\/deportes\/tom-dumoulin-cambia\"]}]},{\"@type\":\"ImageObject\",\"inLanguage\":\"es-GT\",\"@id\":\"https:\/\/prensalibre-com-develop.go-vip.co\/guatevision\/noticias\/deportes\/tom-dumoulin-cambia#primaryimage\",\"url\":\"https:\/\/prensalibre-com-develop.go-vip.co\/guatevision\/wp-content\/uploads\/sites\/2\/2019\/01\/000_1BY2JF.jpg?quality=82\",\"contentUrl\":\"https:\/\/prensalibre-com-develop.go-vip.co\/guatevision\/wp-content\/uploads\/sites\/2\/2019\/01\/000_1BY2JF.jpg?quality=82\",\"width\":768,\"height\":490,\"caption\":\"Dutch cyclist Tom Dumoulin poses for photographers during the 2019 Sunweb cycling team's official presentation on January 3, 2019. (Photo by Tobias SCHWARZ \/ AFP)\"},{\"@type\":\"WebSite\",\"@id\":\"https:\/\/prensalibre-com-develop.go-vip.co\/guatevision\/#website\",\"url\":\"https:\/\/prensalibre-com-develop.go-vip.co\/guatevision\/\",\"name\":\"Guatevision\",\"description\":\"\u00a1Enciende Lo Bueno!\",\"publisher\":{\"@id\":\"https:\/\/prensalibre-com-develop.go-vip.co\/guatevision\/#organization\"},\"potentialAction\":[{\"@type\":\"SearchAction\",\"target\":{\"@type\":\"EntryPoint\",\"urlTemplate\":\"https:\/\/prensalibre-com-develop.go-vip.co\/guatevision\/?s={search_term_string}\"},\"query-input\":{\"@type\":\"PropertyValueSpecification\",\"valueRequired\":true,\"valueName\":\"search_term_string\"}}],\"inLanguage\":\"es-GT\"},{\"@type\":\"Organization\",\"@id\":\"https:\/\/prensalibre-com-develop.go-vip.co\/guatevision\/#organization\",\"name\":\"Guatevision\",\"url\":\"https:\/\/prensalibre-com-develop.go-vip.co\/guatevision\/\",\"logo\":{\"@type\":\"ImageObject\",\"inLanguage\":\"es-GT\",\"@id\":\"https:\/\/prensalibre-com-develop.go-vip.co\/guatevision\/#\/schema\/logo\/image\/\",\"url\":\"https:\/\/prensalibre-com-develop.go-vip.co\/guatevision\/wp-content\/uploads\/sites\/2\/2026\/04\/Diseno-sin-titulo.png?quality=82\",\"contentUrl\":\"https:\/\/prensalibre-com-develop.go-vip.co\/guatevision\/wp-content\/uploads\/sites\/2\/2026\/04\/Diseno-sin-titulo.png?quality=82\",\"width\":1000,\"height\":600,\"caption\":\"Guatevision\"},\"image\":{\"@id\":\"https:\/\/prensalibre-com-develop.go-vip.co\/guatevision\/#\/schema\/logo\/image\/\"}}]}<\/script>\n<!-- \/ Yoast SEO plugin. -->","yoast_head_json":{"title":"Tom Dumoulin cambia el equipo Sunweb por el Jumbo","description":"Tom Dumoulin, ganador del Giro de Italia-2017 y segundo en el Tour de Francia-2018, dejar\u00e1 el equipo Sunweb para unirse al Jumbo-Visma","robots":{"index":"index","follow":"follow","max-snippet":"max-snippet:-1","max-image-preview":"max-image-preview:large","max-video-preview":"max-video-preview:-1"},"canonical":"https:\/\/prensalibre-com-develop.go-vip.co\/guatevision\/noticias\/deportes\/tom-dumoulin-cambia","og_locale":"es_ES","og_type":"article","og_title":"Tom Dumoulin cambia el equipo Sunweb por el Jumbo","og_description":"Tom Dumoulin, ganador del Giro de Italia-2017 y segundo en el Tour de Francia-2018, dejar\u00e1 el equipo Sunweb para unirse al Jumbo-Visma","og_url":"https:\/\/prensalibre-com-develop.go-vip.co\/guatevision\/noticias\/deportes\/tom-dumoulin-cambia","og_site_name":"Guatevision","article_modified_time":"2019-08-21T18:15:03+00:00","og_image":[{"width":768,"height":490,"url":"https:\/\/prensalibre-com-develop.go-vip.co\/guatevision\/wp-content\/uploads\/sites\/2\/2019\/01\/000_1BY2JF.jpg?quality=82","type":"image\/jpeg"}],"twitter_card":"summary_large_image","twitter_misc":{"Est. reading time":"2 minutes"},"schema":{"@context":"https:\/\/schema.org","@graph":[{"@type":"WebPage","@id":"https:\/\/prensalibre-com-develop.go-vip.co\/guatevision\/noticias\/deportes\/tom-dumoulin-cambia","url":"https:\/\/prensalibre-com-develop.go-vip.co\/guatevision\/noticias\/deportes\/tom-dumoulin-cambia","name":"Tom Dumoulin cambia el equipo Sunweb por el Jumbo","isPartOf":{"@id":"https:\/\/prensalibre-com-develop.go-vip.co\/guatevision\/#website"},"primaryImageOfPage":{"@id":"https:\/\/prensalibre-com-develop.go-vip.co\/guatevision\/noticias\/deportes\/tom-dumoulin-cambia#primaryimage"},"image":{"@id":"https:\/\/prensalibre-com-develop.go-vip.co\/guatevision\/noticias\/deportes\/tom-dumoulin-cambia#primaryimage"},"thumbnailUrl":"https:\/\/prensalibre-com-develop.go-vip.co\/guatevision\/wp-content\/uploads\/sites\/2\/2019\/01\/000_1BY2JF.jpg?quality=82","datePublished":"2019-08-22T02:00:02+00:00","dateModified":"2019-08-21T18:15:03+00:00","description":"Tom Dumoulin, ganador del Giro de Italia-2017 y segundo en el Tour de Francia-2018, dejar\u00e1 el equipo Sunweb para unirse al Jumbo-Visma","inLanguage":"es-GT","potentialAction":[{"@type":"ReadAction","target":["https:\/\/prensalibre-com-develop.go-vip.co\/guatevision\/noticias\/deportes\/tom-dumoulin-cambia"]}]},{"@type":"ImageObject","inLanguage":"es-GT","@id":"https:\/\/prensalibre-com-develop.go-vip.co\/guatevision\/noticias\/deportes\/tom-dumoulin-cambia#primaryimage","url":"https:\/\/prensalibre-com-develop.go-vip.co\/guatevision\/wp-content\/uploads\/sites\/2\/2019\/01\/000_1BY2JF.jpg?quality=82","contentUrl":"https:\/\/prensalibre-com-develop.go-vip.co\/guatevision\/wp-content\/uploads\/sites\/2\/2019\/01\/000_1BY2JF.jpg?quality=82","width":768,"height":490,"caption":"Dutch cyclist Tom Dumoulin poses for photographers during the 2019 Sunweb cycling team's official presentation on January 3, 2019. (Photo by Tobias SCHWARZ \/ AFP)"},{"@type":"WebSite","@id":"https:\/\/prensalibre-com-develop.go-vip.co\/guatevision\/#website","url":"https:\/\/prensalibre-com-develop.go-vip.co\/guatevision\/","name":"Guatevision","description":"\u00a1Enciende Lo Bueno!","publisher":{"@id":"https:\/\/prensalibre-com-develop.go-vip.co\/guatevision\/#organization"},"potentialAction":[{"@type":"SearchAction","target":{"@type":"EntryPoint","urlTemplate":"https:\/\/prensalibre-com-develop.go-vip.co\/guatevision\/?s={search_term_string}"},"query-input":{"@type":"PropertyValueSpecification","valueRequired":true,"valueName":"search_term_string"}}],"inLanguage":"es-GT"},{"@type":"Organization","@id":"https:\/\/prensalibre-com-develop.go-vip.co\/guatevision\/#organization","name":"Guatevision","url":"https:\/\/prensalibre-com-develop.go-vip.co\/guatevision\/","logo":{"@type":"ImageObject","inLanguage":"es-GT","@id":"https:\/\/prensalibre-com-develop.go-vip.co\/guatevision\/#\/schema\/logo\/image\/","url":"https:\/\/prensalibre-com-develop.go-vip.co\/guatevision\/wp-content\/uploads\/sites\/2\/2026\/04\/Diseno-sin-titulo.png?quality=82","contentUrl":"https:\/\/prensalibre-com-develop.go-vip.co\/guatevision\/wp-content\/uploads\/sites\/2\/2026\/04\/Diseno-sin-titulo.png?quality=82","width":1000,"height":600,"caption":"Guatevision"},"image":{"@id":"https:\/\/prensalibre-com-develop.go-vip.co\/guatevision\/#\/schema\/logo\/image\/"}}]}},"jetpack_sharing_enabled":true,"_links":{"self":[{"href":"https:\/\/prensalibre-com-develop.go-vip.co\/guatevision\/wp-json\/wp\/v2\/post-noticias\/292712","targetHints":{"allow":["GET"]}}],"collection":[{"href":"https:\/\/prensalibre-com-develop.go-vip.co\/guatevision\/wp-json\/wp\/v2\/post-noticias"}],"about":[{"href":"https:\/\/prensalibre-com-develop.go-vip.co\/guatevision\/wp-json\/wp\/v2\/types\/post-noticias"}],"author":[{"embeddable":true,"href":"https:\/\/prensalibre-com-develop.go-vip.co\/guatevision\/wp-json\/wp\/v2\/users\/71"}],"version-history":[{"count":0,"href":"https:\/\/prensalibre-com-develop.go-vip.co\/guatevision\/wp-json\/wp\/v2\/post-noticias\/292712\/revisions"}],"wp:featuredmedia":[{"embeddable":true,"href":"https:\/\/prensalibre-com-develop.go-vip.co\/guatevision\/wp-json\/wp\/v2\/media\/249690"}],"wp:attachment":[{"href":"https:\/\/prensalibre-com-develop.go-vip.co\/guatevision\/wp-json\/wp\/v2\/media?parent=292712"}],"wp:term":[{"taxonomy":"etiqueta","embeddable":true,"href":"https:\/\/prensalibre-com-develop.go-vip.co\/guatevision\/wp-json\/wp\/v2\/etiqueta?post=292712"}],"curies":[{"name":"wp","href":"https:\/\/api.w.org\/{rel}","templated":true}]}}