{"id":115708,"date":"2017-09-17T17:10:34","date_gmt":"2017-09-17T23:10:34","guid":{"rendered":"https:\/\/prensalibre-com-develop.go-vip.co\/guatevision\/?p=115708"},"modified":"2017-09-17T17:10:34","modified_gmt":"2017-09-17T23:10:34","slug":"independencia-historica-guatemala","status":"publish","type":"post","link":"https:\/\/prensalibre-com-develop.go-vip.co\/guatevision\/historico\/independencia-historica-guatemala","title":{"rendered":"15 de septiembre de 2017. &#8220;Recuerdos de una independencia hist\u00f3rica en Guatemala&#8221;"},"content":{"rendered":"<h3>15 de septiembre de 2017<\/h3>\n<p>La Plaza de la constituci\u00f3n se mostr\u00f3 llena, los desfiles escolares \u00a0dieron paso para una manifestaci\u00f3n ciudadana en contra de la corrupci\u00f3n, repudiando el acto de los diputados del congreso de aprobar Reformas al C\u00f3digo Penal que favorec\u00edan la corrupci\u00f3n. <strong>#PactodeCorruptos\u00a0<\/strong><\/p>\n\n<p>La manifestaci\u00f3n se llev\u00f3 a cavo toda la ma\u00f1ana en el Parque Central, pero a las 12 del medio d\u00eda la manifestaci\u00f3n se movi\u00f3 para el congreso de la rep\u00fablica que contar\u00eda con una sesi\u00f3n plenaria de los diputados.<\/p>\n<h3>Vea esta cronolog\u00eda de lo sucedido hasta la media noche del 15 de septiembre<\/h3>\n<p><iframe loading=\"lazy\" src=\"https:\/\/www.youtube.com\/embed\/dGqEX02ldLI\" width=\"560\" height=\"315\" frameborder=\"0\" allowfullscreen=\"allowfullscreen\"><\/iframe><\/p>\n<p>En los guatemaltecos a\u00fan exist\u00eda desacuerdo por la aprobaci\u00f3n de Reformas al C\u00f3digo Penal en el Congreso de Guatemala, esta fueron aprobadas de urgencia nacional a trav\u00e9s de<\/p>\n<p>En un intento por salvarse as\u00ed mismos de futuros procesos legales por corrupci\u00f3n y financiamiento electoral il\u00edcito, los diputados dieron un duro rev\u00e9s a la justicia y a los guatemaltecos. El Congreso abri\u00f3 la puerta para que todo aquel con penas inferiores a 10 a\u00f1os de prisi\u00f3n salga de la c\u00e1rcel o simplemente nunca llegue a ella.<\/p>\n<blockquote class=\"twitter-tweet\" data-width=\"500\" data-dnt=\"true\">\n<p lang=\"es\" dir=\"ltr\">Manifestaci\u00f3n ciudadana en <a href=\"https:\/\/twitter.com\/hashtag\/Guatemala?src=hash&amp;ref_src=twsrc%5Etfw\">#Guatemala<\/a> 15 de septiembre <a href=\"https:\/\/t.co\/eVemNbqdIy\">pic.twitter.com\/eVemNbqdIy<\/a><\/p>\n<p>&mdash; Eslly Melgarejo (@EMelgarejo_gt) <a href=\"https:\/\/twitter.com\/EMelgarejo_gt\/status\/908745904966062080?ref_src=twsrc%5Etfw\">September 15, 2017<\/a><\/p><\/blockquote>\n<p><script async src=\"https:\/\/platform.twitter.com\/widgets.js\" charset=\"utf-8\"><\/script><\/p>\n<p><strong>La jugada de los diputados inici\u00f3 luego de la sesi\u00f3n solemne para celebrar un aniversario m\u00e1s de la independencia de Guatemala.<\/strong><\/p>\n<p>&nbsp;<\/p>\n<div class=\"jetpack-video-wrapper\"><iframe loading=\"lazy\" title=\"15 de septiembre, Manifestaci\u00f3n Ciudadana\" width=\"500\" height=\"281\" src=\"https:\/\/www.youtube.com\/embed\/pMbEXBMdUy4?feature=oembed\" frameborder=\"0\" allow=\"accelerometer; autoplay; clipboard-write; encrypted-media; gyroscope; picture-in-picture; web-share\" referrerpolicy=\"strict-origin-when-cross-origin\" allowfullscreen><\/iframe><\/div>\n<blockquote class=\"twitter-tweet\" data-width=\"500\" data-dnt=\"true\">\n<p lang=\"es\" dir=\"ltr\">AEU Llega a la Plaza  <a href=\"https:\/\/t.co\/J3uKoSULFJ\">https:\/\/t.co\/J3uKoSULFJ<\/a><\/p>\n<p>&mdash; Eslly Melgarejo (@EMelgarejo_gt) <a href=\"https:\/\/twitter.com\/EMelgarejo_gt\/status\/908735439418347520?ref_src=twsrc%5Etfw\">September 15, 2017<\/a><\/p><\/blockquote>\n<p><script async src=\"https:\/\/platform.twitter.com\/widgets.js\" charset=\"utf-8\"><\/script><\/p>\n<p>&nbsp;<\/p>\n<p><strong>Vea tambi\u00e9n la manifestaci\u00f3n del colectivo &#8220;Otra Guatemala Ya&#8221;:<\/strong>\u00a0<a href=\"https:\/\/prensalibre-com-develop.go-vip.co\/guatevision\/2017\/09\/15\/colectivo-ciudadano-realizo-sepelio-por-justicia\/\" target=\"_blank\">Manifestantes realizaron el &amp;#8220;Sepelio por la Justicia&amp;#8221;<\/a><\/p>\n<p>&nbsp;<\/p>\n<p><iframe loading=\"lazy\" src=\"https:\/\/www.youtube.com\/embed\/BSb_92tMZ98\" width=\"560\" height=\"315\" frameborder=\"0\" allowfullscreen=\"allowfullscreen\"><\/iframe><\/p>\n","protected":false},"excerpt":{"rendered":"<p>La Plaza de la constituci\u00f3n se mostr\u00f3 llena, los desfiles escolares  dieron paso para una manifestaci\u00f3n ciudadana en contra de la corrupci\u00f3n, repudiando el acto de los diputados del congreso de aprobar Reformas al C\u00f3digo Penal que favorec\u00edan la corrupci\u00f3n. <\/p>\n","protected":false},"author":218,"featured_media":116083,"comment_status":"open","ping_status":"closed","sticky":false,"template":"","format":"standard","meta":{"_jetpack_memberships_contains_paid_content":false,"footnotes":""},"categories":[],"etiqueta":[],"class_list":["post-115708","post","type-post","status-publish","format-standard","has-post-thumbnail","hentry"],"yoast_head":"<!-- This site is optimized with the Yoast SEO plugin v23.9 - https:\/\/yoast.com\/wordpress\/plugins\/seo\/ -->\n<title>15 de septiembre de 2017. &quot;Recuerdos de una independencia hist\u00f3rica en Guatemala&quot;<\/title>\n<meta name=\"description\" content=\"15 de septiembre la Plaza de la constituci\u00f3n se llen\u00f3, los desfiles escolares dieron paso la manifestaci\u00f3n ciudadana en contra de la corrupci\u00f3n.\" \/>\n<meta name=\"robots\" content=\"index, follow, max-snippet:-1, max-image-preview:large, max-video-preview:-1\" \/>\n<link rel=\"canonical\" href=\"https:\/\/prensalibre-com-develop.go-vip.co\/guatevision\/historico\/independencia-historica-guatemala\" \/>\n<meta property=\"og:locale\" content=\"es_ES\" \/>\n<meta property=\"og:type\" content=\"article\" \/>\n<meta property=\"og:title\" content=\"15 de septiembre de 2017. &quot;Recuerdos de una independencia hist\u00f3rica en Guatemala&quot;\" \/>\n<meta property=\"og:description\" content=\"15 de septiembre la Plaza de la constituci\u00f3n se llen\u00f3, los desfiles escolares dieron paso la manifestaci\u00f3n ciudadana en contra de la corrupci\u00f3n.\" \/>\n<meta property=\"og:url\" content=\"https:\/\/prensalibre-com-develop.go-vip.co\/guatevision\/historico\/independencia-historica-guatemala\" \/>\n<meta property=\"og:site_name\" content=\"Guatevision\" \/>\n<meta property=\"article:published_time\" content=\"2017-09-17T23:10:34+00:00\" \/>\n<meta property=\"og:image\" content=\"https:\/\/prensalibre-com-develop.go-vip.co\/guatevision\/wp-content\/uploads\/sites\/2\/2017\/09\/Manifestaci\u00f3n.jpg?quality=82\" \/>\n\t<meta property=\"og:image:width\" content=\"660\" \/>\n\t<meta property=\"og:image:height\" content=\"371\" \/>\n\t<meta property=\"og:image:type\" content=\"image\/jpeg\" \/>\n<meta name=\"author\" content=\"Redacci\u00f3n Guatevisi\u00f3n\" \/>\n<meta name=\"twitter:card\" content=\"summary_large_image\" \/>\n<meta name=\"twitter:label1\" content=\"Written by\" \/>\n\t<meta name=\"twitter:data1\" content=\"Redacci\u00f3n Guatevisi\u00f3n\" \/>\n\t<meta name=\"twitter:label2\" content=\"Est. reading time\" \/>\n\t<meta name=\"twitter:data2\" content=\"1 minute\" \/>\n<script type=\"application\/ld+json\" class=\"yoast-schema-graph\">{\"@context\":\"https:\/\/schema.org\",\"@graph\":[{\"@type\":\"Article\",\"@id\":\"https:\/\/prensalibre-com-develop.go-vip.co\/guatevision\/historico\/independencia-historica-guatemala#article\",\"isPartOf\":{\"@id\":\"https:\/\/prensalibre-com-develop.go-vip.co\/guatevision\/historico\/independencia-historica-guatemala\"},\"author\":{\"name\":\"Redacci\u00f3n Guatevisi\u00f3n\",\"@id\":\"https:\/\/prensalibre-com-develop.go-vip.co\/guatevision\/#\/schema\/person\/7c26ea5ceee1b7266a573b2125e1c2aa\"},\"headline\":\"15 de septiembre de 2017. &#8220;Recuerdos de una independencia hist\u00f3rica en Guatemala&#8221;\",\"datePublished\":\"2017-09-17T23:10:34+00:00\",\"dateModified\":\"2017-09-17T23:10:34+00:00\",\"mainEntityOfPage\":{\"@id\":\"https:\/\/prensalibre-com-develop.go-vip.co\/guatevision\/historico\/independencia-historica-guatemala\"},\"wordCount\":277,\"commentCount\":0,\"publisher\":{\"@id\":\"https:\/\/prensalibre-com-develop.go-vip.co\/guatevision\/#organization\"},\"image\":{\"@id\":\"https:\/\/prensalibre-com-develop.go-vip.co\/guatevision\/historico\/independencia-historica-guatemala#primaryimage\"},\"thumbnailUrl\":\"https:\/\/prensalibre-com-develop.go-vip.co\/guatevision\/wp-content\/uploads\/sites\/2\/2017\/09\/Manifestaci\u00f3n.jpg?quality=82\",\"keywords\":[\"15 de septiembre\",\"2017\",\"ciudadanos\",\"Corrupci\u00f3n\",\"desfiles\",\"Guatemala\",\"manifetaci\u00f3n ciudadana\",\"no a la corrupci\u00f3n\",\"Protesta ciudadana\"],\"inLanguage\":\"es-GT\",\"potentialAction\":[{\"@type\":\"CommentAction\",\"name\":\"Comment\",\"target\":[\"https:\/\/prensalibre-com-develop.go-vip.co\/guatevision\/historico\/independencia-historica-guatemala#respond\"]}]},{\"@type\":\"WebPage\",\"@id\":\"https:\/\/prensalibre-com-develop.go-vip.co\/guatevision\/historico\/independencia-historica-guatemala\",\"url\":\"https:\/\/prensalibre-com-develop.go-vip.co\/guatevision\/historico\/independencia-historica-guatemala\",\"name\":\"15 de septiembre de 2017. \\\"Recuerdos de una independencia hist\u00f3rica en Guatemala\\\"\",\"isPartOf\":{\"@id\":\"https:\/\/prensalibre-com-develop.go-vip.co\/guatevision\/#website\"},\"primaryImageOfPage\":{\"@id\":\"https:\/\/prensalibre-com-develop.go-vip.co\/guatevision\/historico\/independencia-historica-guatemala#primaryimage\"},\"image\":{\"@id\":\"https:\/\/prensalibre-com-develop.go-vip.co\/guatevision\/historico\/independencia-historica-guatemala#primaryimage\"},\"thumbnailUrl\":\"https:\/\/prensalibre-com-develop.go-vip.co\/guatevision\/wp-content\/uploads\/sites\/2\/2017\/09\/Manifestaci\u00f3n.jpg?quality=82\",\"datePublished\":\"2017-09-17T23:10:34+00:00\",\"dateModified\":\"2017-09-17T23:10:34+00:00\",\"description\":\"15 de septiembre la Plaza de la constituci\u00f3n se llen\u00f3, los desfiles escolares dieron paso la manifestaci\u00f3n ciudadana en contra de la corrupci\u00f3n.\",\"inLanguage\":\"es-GT\",\"potentialAction\":[{\"@type\":\"ReadAction\",\"target\":[\"https:\/\/prensalibre-com-develop.go-vip.co\/guatevision\/historico\/independencia-historica-guatemala\"]}]},{\"@type\":\"ImageObject\",\"inLanguage\":\"es-GT\",\"@id\":\"https:\/\/prensalibre-com-develop.go-vip.co\/guatevision\/historico\/independencia-historica-guatemala#primaryimage\",\"url\":\"https:\/\/prensalibre-com-develop.go-vip.co\/guatevision\/wp-content\/uploads\/sites\/2\/2017\/09\/Manifestaci\u00f3n.jpg?quality=82\",\"contentUrl\":\"https:\/\/prensalibre-com-develop.go-vip.co\/guatevision\/wp-content\/uploads\/sites\/2\/2017\/09\/Manifestaci\u00f3n.jpg?quality=82\",\"width\":660,\"height\":371,\"caption\":\"15 de septiembre\"},{\"@type\":\"WebSite\",\"@id\":\"https:\/\/prensalibre-com-develop.go-vip.co\/guatevision\/#website\",\"url\":\"https:\/\/prensalibre-com-develop.go-vip.co\/guatevision\/\",\"name\":\"Guatevision\",\"description\":\"\u00a1Enciende Lo Bueno!\",\"publisher\":{\"@id\":\"https:\/\/prensalibre-com-develop.go-vip.co\/guatevision\/#organization\"},\"potentialAction\":[{\"@type\":\"SearchAction\",\"target\":{\"@type\":\"EntryPoint\",\"urlTemplate\":\"https:\/\/prensalibre-com-develop.go-vip.co\/guatevision\/?s={search_term_string}\"},\"query-input\":{\"@type\":\"PropertyValueSpecification\",\"valueRequired\":true,\"valueName\":\"search_term_string\"}}],\"inLanguage\":\"es-GT\"},{\"@type\":\"Organization\",\"@id\":\"https:\/\/prensalibre-com-develop.go-vip.co\/guatevision\/#organization\",\"name\":\"Guatevision\",\"url\":\"https:\/\/prensalibre-com-develop.go-vip.co\/guatevision\/\",\"logo\":{\"@type\":\"ImageObject\",\"inLanguage\":\"es-GT\",\"@id\":\"https:\/\/prensalibre-com-develop.go-vip.co\/guatevision\/#\/schema\/logo\/image\/\",\"url\":\"https:\/\/prensalibre-com-develop.go-vip.co\/guatevision\/wp-content\/uploads\/sites\/2\/2026\/04\/Diseno-sin-titulo.png?quality=82\",\"contentUrl\":\"https:\/\/prensalibre-com-develop.go-vip.co\/guatevision\/wp-content\/uploads\/sites\/2\/2026\/04\/Diseno-sin-titulo.png?quality=82\",\"width\":1000,\"height\":600,\"caption\":\"Guatevision\"},\"image\":{\"@id\":\"https:\/\/prensalibre-com-develop.go-vip.co\/guatevision\/#\/schema\/logo\/image\/\"}},{\"@type\":\"Person\",\"@id\":\"https:\/\/prensalibre-com-develop.go-vip.co\/guatevision\/#\/schema\/person\/7c26ea5ceee1b7266a573b2125e1c2aa\",\"name\":\"Redacci\u00f3n Guatevisi\u00f3n\",\"image\":{\"@type\":\"ImageObject\",\"inLanguage\":\"es-GT\",\"@id\":\"https:\/\/prensalibre-com-develop.go-vip.co\/guatevision\/#\/schema\/person\/image\/6d36cd161df0dff3760fc313fe2275f7\",\"url\":\"https:\/\/secure.gravatar.com\/avatar\/30137a0ea5fbd7114184dc546048a84bb0a0138981443c3af84a9d824dffdd9b?s=96&d=mm&r=g\",\"contentUrl\":\"https:\/\/secure.gravatar.com\/avatar\/30137a0ea5fbd7114184dc546048a84bb0a0138981443c3af84a9d824dffdd9b?s=96&d=mm&r=g\",\"caption\":\"Redacci\u00f3n Guatevisi\u00f3n\"},\"url\":\"https:\/\/prensalibre-com-develop.go-vip.co\/guatevision\/author\/redacciongtv\"}]}<\/script>\n<!-- \/ Yoast SEO plugin. -->","yoast_head_json":{"title":"15 de septiembre de 2017. \"Recuerdos de una independencia hist\u00f3rica en Guatemala\"","description":"15 de septiembre la Plaza de la constituci\u00f3n se llen\u00f3, los desfiles escolares dieron paso la manifestaci\u00f3n ciudadana en contra de la corrupci\u00f3n.","robots":{"index":"index","follow":"follow","max-snippet":"max-snippet:-1","max-image-preview":"max-image-preview:large","max-video-preview":"max-video-preview:-1"},"canonical":"https:\/\/prensalibre-com-develop.go-vip.co\/guatevision\/historico\/independencia-historica-guatemala","og_locale":"es_ES","og_type":"article","og_title":"15 de septiembre de 2017. \"Recuerdos de una independencia hist\u00f3rica en Guatemala\"","og_description":"15 de septiembre la Plaza de la constituci\u00f3n se llen\u00f3, los desfiles escolares dieron paso la manifestaci\u00f3n ciudadana en contra de la corrupci\u00f3n.","og_url":"https:\/\/prensalibre-com-develop.go-vip.co\/guatevision\/historico\/independencia-historica-guatemala","og_site_name":"Guatevision","article_published_time":"2017-09-17T23:10:34+00:00","og_image":[{"width":660,"height":371,"url":"https:\/\/prensalibre-com-develop.go-vip.co\/guatevision\/wp-content\/uploads\/sites\/2\/2017\/09\/Manifestaci\u00f3n.jpg?quality=82","type":"image\/jpeg"}],"author":"Redacci\u00f3n Guatevisi\u00f3n","twitter_card":"summary_large_image","twitter_misc":{"Written by":"Redacci\u00f3n Guatevisi\u00f3n","Est. reading time":"1 minute"},"schema":{"@context":"https:\/\/schema.org","@graph":[{"@type":"Article","@id":"https:\/\/prensalibre-com-develop.go-vip.co\/guatevision\/historico\/independencia-historica-guatemala#article","isPartOf":{"@id":"https:\/\/prensalibre-com-develop.go-vip.co\/guatevision\/historico\/independencia-historica-guatemala"},"author":{"name":"Redacci\u00f3n Guatevisi\u00f3n","@id":"https:\/\/prensalibre-com-develop.go-vip.co\/guatevision\/#\/schema\/person\/7c26ea5ceee1b7266a573b2125e1c2aa"},"headline":"15 de septiembre de 2017. &#8220;Recuerdos de una independencia hist\u00f3rica en Guatemala&#8221;","datePublished":"2017-09-17T23:10:34+00:00","dateModified":"2017-09-17T23:10:34+00:00","mainEntityOfPage":{"@id":"https:\/\/prensalibre-com-develop.go-vip.co\/guatevision\/historico\/independencia-historica-guatemala"},"wordCount":277,"commentCount":0,"publisher":{"@id":"https:\/\/prensalibre-com-develop.go-vip.co\/guatevision\/#organization"},"image":{"@id":"https:\/\/prensalibre-com-develop.go-vip.co\/guatevision\/historico\/independencia-historica-guatemala#primaryimage"},"thumbnailUrl":"https:\/\/prensalibre-com-develop.go-vip.co\/guatevision\/wp-content\/uploads\/sites\/2\/2017\/09\/Manifestaci\u00f3n.jpg?quality=82","keywords":["15 de septiembre","2017","ciudadanos","Corrupci\u00f3n","desfiles","Guatemala","manifetaci\u00f3n ciudadana","no a la corrupci\u00f3n","Protesta ciudadana"],"inLanguage":"es-GT","potentialAction":[{"@type":"CommentAction","name":"Comment","target":["https:\/\/prensalibre-com-develop.go-vip.co\/guatevision\/historico\/independencia-historica-guatemala#respond"]}]},{"@type":"WebPage","@id":"https:\/\/prensalibre-com-develop.go-vip.co\/guatevision\/historico\/independencia-historica-guatemala","url":"https:\/\/prensalibre-com-develop.go-vip.co\/guatevision\/historico\/independencia-historica-guatemala","name":"15 de septiembre de 2017. \"Recuerdos de una independencia hist\u00f3rica en Guatemala\"","isPartOf":{"@id":"https:\/\/prensalibre-com-develop.go-vip.co\/guatevision\/#website"},"primaryImageOfPage":{"@id":"https:\/\/prensalibre-com-develop.go-vip.co\/guatevision\/historico\/independencia-historica-guatemala#primaryimage"},"image":{"@id":"https:\/\/prensalibre-com-develop.go-vip.co\/guatevision\/historico\/independencia-historica-guatemala#primaryimage"},"thumbnailUrl":"https:\/\/prensalibre-com-develop.go-vip.co\/guatevision\/wp-content\/uploads\/sites\/2\/2017\/09\/Manifestaci\u00f3n.jpg?quality=82","datePublished":"2017-09-17T23:10:34+00:00","dateModified":"2017-09-17T23:10:34+00:00","description":"15 de septiembre la Plaza de la constituci\u00f3n se llen\u00f3, los desfiles escolares dieron paso la manifestaci\u00f3n ciudadana en contra de la corrupci\u00f3n.","inLanguage":"es-GT","potentialAction":[{"@type":"ReadAction","target":["https:\/\/prensalibre-com-develop.go-vip.co\/guatevision\/historico\/independencia-historica-guatemala"]}]},{"@type":"ImageObject","inLanguage":"es-GT","@id":"https:\/\/prensalibre-com-develop.go-vip.co\/guatevision\/historico\/independencia-historica-guatemala#primaryimage","url":"https:\/\/prensalibre-com-develop.go-vip.co\/guatevision\/wp-content\/uploads\/sites\/2\/2017\/09\/Manifestaci\u00f3n.jpg?quality=82","contentUrl":"https:\/\/prensalibre-com-develop.go-vip.co\/guatevision\/wp-content\/uploads\/sites\/2\/2017\/09\/Manifestaci\u00f3n.jpg?quality=82","width":660,"height":371,"caption":"15 de septiembre"},{"@type":"WebSite","@id":"https:\/\/prensalibre-com-develop.go-vip.co\/guatevision\/#website","url":"https:\/\/prensalibre-com-develop.go-vip.co\/guatevision\/","name":"Guatevision","description":"\u00a1Enciende Lo Bueno!","publisher":{"@id":"https:\/\/prensalibre-com-develop.go-vip.co\/guatevision\/#organization"},"potentialAction":[{"@type":"SearchAction","target":{"@type":"EntryPoint","urlTemplate":"https:\/\/prensalibre-com-develop.go-vip.co\/guatevision\/?s={search_term_string}"},"query-input":{"@type":"PropertyValueSpecification","valueRequired":true,"valueName":"search_term_string"}}],"inLanguage":"es-GT"},{"@type":"Organization","@id":"https:\/\/prensalibre-com-develop.go-vip.co\/guatevision\/#organization","name":"Guatevision","url":"https:\/\/prensalibre-com-develop.go-vip.co\/guatevision\/","logo":{"@type":"ImageObject","inLanguage":"es-GT","@id":"https:\/\/prensalibre-com-develop.go-vip.co\/guatevision\/#\/schema\/logo\/image\/","url":"https:\/\/prensalibre-com-develop.go-vip.co\/guatevision\/wp-content\/uploads\/sites\/2\/2026\/04\/Diseno-sin-titulo.png?quality=82","contentUrl":"https:\/\/prensalibre-com-develop.go-vip.co\/guatevision\/wp-content\/uploads\/sites\/2\/2026\/04\/Diseno-sin-titulo.png?quality=82","width":1000,"height":600,"caption":"Guatevision"},"image":{"@id":"https:\/\/prensalibre-com-develop.go-vip.co\/guatevision\/#\/schema\/logo\/image\/"}},{"@type":"Person","@id":"https:\/\/prensalibre-com-develop.go-vip.co\/guatevision\/#\/schema\/person\/7c26ea5ceee1b7266a573b2125e1c2aa","name":"Redacci\u00f3n Guatevisi\u00f3n","image":{"@type":"ImageObject","inLanguage":"es-GT","@id":"https:\/\/prensalibre-com-develop.go-vip.co\/guatevision\/#\/schema\/person\/image\/6d36cd161df0dff3760fc313fe2275f7","url":"https:\/\/secure.gravatar.com\/avatar\/30137a0ea5fbd7114184dc546048a84bb0a0138981443c3af84a9d824dffdd9b?s=96&d=mm&r=g","contentUrl":"https:\/\/secure.gravatar.com\/avatar\/30137a0ea5fbd7114184dc546048a84bb0a0138981443c3af84a9d824dffdd9b?s=96&d=mm&r=g","caption":"Redacci\u00f3n Guatevisi\u00f3n"},"url":"https:\/\/prensalibre-com-develop.go-vip.co\/guatevision\/author\/redacciongtv"}]}},"jetpack_featured_media_url":"https:\/\/prensalibre-com-develop.go-vip.co\/guatevision\/wp-content\/uploads\/sites\/2\/2017\/09\/Manifestaci\u00f3n.jpg?quality=82","jetpack_sharing_enabled":true,"_links":{"self":[{"href":"https:\/\/prensalibre-com-develop.go-vip.co\/guatevision\/wp-json\/wp\/v2\/posts\/115708","targetHints":{"allow":["GET"]}}],"collection":[{"href":"https:\/\/prensalibre-com-develop.go-vip.co\/guatevision\/wp-json\/wp\/v2\/posts"}],"about":[{"href":"https:\/\/prensalibre-com-develop.go-vip.co\/guatevision\/wp-json\/wp\/v2\/types\/post"}],"author":[{"embeddable":true,"href":"https:\/\/prensalibre-com-develop.go-vip.co\/guatevision\/wp-json\/wp\/v2\/users\/218"}],"replies":[{"embeddable":true,"href":"https:\/\/prensalibre-com-develop.go-vip.co\/guatevision\/wp-json\/wp\/v2\/comments?post=115708"}],"version-history":[{"count":0,"href":"https:\/\/prensalibre-com-develop.go-vip.co\/guatevision\/wp-json\/wp\/v2\/posts\/115708\/revisions"}],"wp:featuredmedia":[{"embeddable":true,"href":"https:\/\/prensalibre-com-develop.go-vip.co\/guatevision\/wp-json\/wp\/v2\/media\/116083"}],"wp:attachment":[{"href":"https:\/\/prensalibre-com-develop.go-vip.co\/guatevision\/wp-json\/wp\/v2\/media?parent=115708"}],"wp:term":[{"taxonomy":"category","embeddable":true,"href":"https:\/\/prensalibre-com-develop.go-vip.co\/guatevision\/wp-json\/wp\/v2\/categories?post=115708"},{"taxonomy":"etiqueta","embeddable":true,"href":"https:\/\/prensalibre-com-develop.go-vip.co\/guatevision\/wp-json\/wp\/v2\/etiqueta?post=115708"}],"curies":[{"name":"wp","href":"https:\/\/api.w.org\/{rel}","templated":true}]}}