{"id":130490,"date":"2017-11-07T12:50:55","date_gmt":"2017-11-07T18:50:55","guid":{"rendered":"https:\/\/prensalibre-com-develop.go-vip.co\/guatevision\/?p=130490"},"modified":"2017-11-07T12:40:31","modified_gmt":"2017-11-07T18:40:31","slug":"julio-fausto-aguilera-2","status":"publish","type":"post","link":"https:\/\/prensalibre-com-develop.go-vip.co\/guatevision\/historico\/julio-fausto-aguilera-2","title":{"rendered":"Julio Fausto Aguilera, se le otorg\u00f3 el Premio Nacional de Literatura Miguel \u00c1ngel Asturias en el 2002"},"content":{"rendered":"<p>Julio Fausto Aguilera tocaba de joven la mandolina, marimba, guitarra, acorde\u00f3n y piano. Sin embargo, ama profundamente el silencio. Es llamado tambi\u00e9n el poeta de la patria. Toca corazones a trav\u00e9s de sus poemas.<\/p>\n\n<p>Dice en un poema que yo no esperaba llegar a esta edad, que cuando empezaba si mucho llegar\u00eda a sesent\u00f3n, a sesenta, pero que la vida ha dispuesto otra cosa.<\/p>\n<p><img loading=\"lazy\" decoding=\"async\" class=\"size-medium wp-image-130495 aligncenter\" src=\"https:\/\/prensalibre-com-develop.go-vip.co\/guatevision\/wp-content\/uploads\/2017\/11\/JULIO-FAUSTO-21-217x175.jpg\" alt=\"julio fausto\" width=\"217\" height=\"175\" \/><\/p>\n<p>Tiene casi seis d\u00e9cadas dedicado a la poes\u00eda y trece libros publicados. Durante su trayectoria ha recibido varios premios y reconocimientos, entre ellos el &#8220;quetzal de oro&#8221;, otorgado por la APG.<\/p>\n<p>Pero eran gente al que les daban el Emeretissium la universidad eran a los que no siendo universitarios hab\u00edamos continuado para el desarrollo de la cultura del pa\u00eds.<\/p>\n<p>En 1960 public\u00f3 su primer libro, titulado &#8220;canto y mensaje&#8221;. Entre ellos poemas relacionados a la ca\u00edda de la revoluci\u00f3n del 20 octubre del 44, cuando estudiantes, militares y trabajadores derrocaron al gobierno del general Federico Ponce Vaides.<\/p>\n<h3>Julio Fausto Aguilera y su primer libro<\/h3>\n<p>El primer libro en forma de folleto era &#8220;canto y mensaje&#8221; eran poemas muy revolucionarios.<\/p>\n<p>Su libro consta de una antolog\u00eda de 43 poemas, dedicado a Guatemala y Espa\u00f1a, a las mujeres, al amor y a la m\u00fasica, julio fausto aguilera entrega un testimonio de su compromiso con la vida.\u00a0 Su gran amiga, la bailarina Julia Vela, fue quien promovi\u00f3 el libro en la editorial de la universidad de san Carlos de Guatemala.<\/p>\n<ul>\n<li><a href=\"https:\/\/prensalibre-com-develop.go-vip.co\/guatevision\/2017\/08\/08\/armonisas-voces-destinadas-estar-juntas-cantarle-al-amor\/\" target=\"_blank\" rel=\"noopener\">https:\/\/prensalibre-com-develop.go-vip.co\/guatevision\/2017\/08\/08\/armonisas-voces-destinadas-estar-juntas-cantarle-al-amor\/<\/a><\/li>\n<\/ul>\n<p>El m\u00e1s alto galard\u00f3n a un poeta es el premio Miguel \u00c1ngel Asturias, y julio fausto aguilera lo recibi\u00f3 en el 2002. Le preguntamos que, sinti\u00f3 en ese momento.<\/p>\n<p>Pues sent\u00ed que como que hab\u00eda, la combinaci\u00f3n de mis deseos, todo eso porque, uno naturalmente quiere que se le reconozca, y con ese se daba a conocer m\u00e1s.<\/p>\n<p>Comparti\u00f3 con nosotros los poemas que ha ido recolectando.\u00a0 A sus 89 a\u00f1os ama la vida y solo desea seguir escribiendo.<\/p>\n<p>A los j\u00f3venes poetas les puedo decir, que este es un tiempo muy duro como para recogerlo y que se interese por ese tiempo y que lo lleven a la poes\u00eda, que hablen de todo lo que pasa.<\/p>\n<ul>\n<li><a href=\"https:\/\/prensalibre-com-develop.go-vip.co\/guatevision\/2017\/10\/02\/ana-isabel\/\" target=\"_blank\" rel=\"noopener\">https:\/\/prensalibre-com-develop.go-vip.co\/guatevision\/2017\/10\/02\/ana-isabel\/<\/a><\/li>\n<\/ul>\n<p>Sus sobrinos se hacen cargo del poeta Julio Fausto Aguilera, quien vive en el hogar Juan Pablo Segundo. Todos los s\u00e1bados su sobrina Anabela lo visita y aprovecha a escribir los poemas que le dicta, ya que ahora se le dificulta leer y escribir.<\/p>\n<p>El destino se encarg\u00f3 que Julio Fausto Aguilera compartiera unos minutos con Pablo Neruda, quien visit\u00f3 el pa\u00eds en 1950 para dar una conferencia.<\/p>\n<p>&nbsp;<\/p>\n<p>&nbsp;<\/p>\n","protected":false},"excerpt":{"rendered":"<p>Julio Fausto Aguilera, ha recibido varios reconocimientos y premios como el &#8220;Quetzal de Oro&#8221; otorgado por la APG. Tiene 13 libros publicados.<\/p>\n","protected":false},"author":218,"featured_media":130495,"comment_status":"open","ping_status":"closed","sticky":false,"template":"","format":"standard","meta":{"_jetpack_memberships_contains_paid_content":false,"footnotes":""},"categories":[],"etiqueta":[],"class_list":["post-130490","post","type-post","status-publish","format-standard","has-post-thumbnail","hentry"],"yoast_head":"<!-- This site is optimized with the Yoast SEO plugin v23.9 - https:\/\/yoast.com\/wordpress\/plugins\/seo\/ -->\n<title>Julio Fausto Aguilera, se le otorg\u00f3 el Premio Nacional de Literatura Miguel \u00c1ngel Asturias en el 2002<\/title>\n<meta name=\"description\" content=\"Julio Fausto Aguilera, ha recibido varios reconocimientos y premios como el &quot;Quetzal de Oro&quot; otorgado por la APG. Tiene 13 libros publicados.\" \/>\n<meta name=\"robots\" content=\"index, follow, max-snippet:-1, max-image-preview:large, max-video-preview:-1\" \/>\n<link rel=\"canonical\" href=\"https:\/\/prensalibre-com-develop.go-vip.co\/guatevision\/historico\/julio-fausto-aguilera-2\" \/>\n<meta property=\"og:locale\" content=\"es_ES\" \/>\n<meta property=\"og:type\" content=\"article\" \/>\n<meta property=\"og:title\" content=\"Julio Fausto Aguilera, se le otorg\u00f3 el Premio Nacional de Literatura Miguel \u00c1ngel Asturias en el 2002\" \/>\n<meta property=\"og:description\" content=\"Julio Fausto Aguilera, ha recibido varios reconocimientos y premios como el &quot;Quetzal de Oro&quot; otorgado por la APG. Tiene 13 libros publicados.\" \/>\n<meta property=\"og:url\" content=\"https:\/\/prensalibre-com-develop.go-vip.co\/guatevision\/historico\/julio-fausto-aguilera-2\" \/>\n<meta property=\"og:site_name\" content=\"Guatevision\" \/>\n<meta property=\"article:published_time\" content=\"2017-11-07T18:50:55+00:00\" \/>\n<meta property=\"article:modified_time\" content=\"2017-11-07T18:40:31+00:00\" \/>\n<meta property=\"og:image\" content=\"https:\/\/prensalibre-com-develop.go-vip.co\/guatevision\/wp-content\/uploads\/sites\/2\/2017\/11\/JULIO-FAUSTO-21.jpg?quality=82\" \/>\n\t<meta property=\"og:image:width\" content=\"250\" \/>\n\t<meta property=\"og:image:height\" content=\"202\" \/>\n\t<meta property=\"og:image:type\" content=\"image\/jpeg\" \/>\n<meta name=\"author\" content=\"Redacci\u00f3n Guatevisi\u00f3n\" \/>\n<meta name=\"twitter:card\" content=\"summary_large_image\" \/>\n<meta name=\"twitter:label1\" content=\"Written by\" \/>\n\t<meta name=\"twitter:data1\" content=\"Redacci\u00f3n Guatevisi\u00f3n\" \/>\n\t<meta name=\"twitter:label2\" content=\"Est. reading time\" \/>\n\t<meta name=\"twitter:data2\" content=\"2 minutes\" \/>\n<script type=\"application\/ld+json\" class=\"yoast-schema-graph\">{\"@context\":\"https:\/\/schema.org\",\"@graph\":[{\"@type\":\"Article\",\"@id\":\"https:\/\/prensalibre-com-develop.go-vip.co\/guatevision\/historico\/julio-fausto-aguilera-2#article\",\"isPartOf\":{\"@id\":\"https:\/\/prensalibre-com-develop.go-vip.co\/guatevision\/historico\/julio-fausto-aguilera-2\"},\"author\":{\"name\":\"Redacci\u00f3n Guatevisi\u00f3n\",\"@id\":\"https:\/\/prensalibre-com-develop.go-vip.co\/guatevision\/#\/schema\/person\/7c26ea5ceee1b7266a573b2125e1c2aa\"},\"headline\":\"Julio Fausto Aguilera, se le otorg\u00f3 el Premio Nacional de Literatura Miguel \u00c1ngel Asturias en el 2002\",\"datePublished\":\"2017-11-07T18:50:55+00:00\",\"dateModified\":\"2017-11-07T18:40:31+00:00\",\"mainEntityOfPage\":{\"@id\":\"https:\/\/prensalibre-com-develop.go-vip.co\/guatevision\/historico\/julio-fausto-aguilera-2\"},\"wordCount\":473,\"commentCount\":0,\"publisher\":{\"@id\":\"https:\/\/prensalibre-com-develop.go-vip.co\/guatevision\/#organization\"},\"image\":{\"@id\":\"https:\/\/prensalibre-com-develop.go-vip.co\/guatevision\/historico\/julio-fausto-aguilera-2#primaryimage\"},\"thumbnailUrl\":\"https:\/\/prensalibre-com-develop.go-vip.co\/guatevision\/wp-content\/uploads\/sites\/2\/2017\/11\/JULIO-FAUSTO-21.jpg?quality=82\",\"keywords\":[\"el poeta de la patria\",\"Poes\u00eda\",\"poeta\"],\"inLanguage\":\"es-GT\",\"potentialAction\":[{\"@type\":\"CommentAction\",\"name\":\"Comment\",\"target\":[\"https:\/\/prensalibre-com-develop.go-vip.co\/guatevision\/historico\/julio-fausto-aguilera-2#respond\"]}]},{\"@type\":\"WebPage\",\"@id\":\"https:\/\/prensalibre-com-develop.go-vip.co\/guatevision\/historico\/julio-fausto-aguilera-2\",\"url\":\"https:\/\/prensalibre-com-develop.go-vip.co\/guatevision\/historico\/julio-fausto-aguilera-2\",\"name\":\"Julio Fausto Aguilera, se le otorg\u00f3 el Premio Nacional de Literatura Miguel \u00c1ngel Asturias en el 2002\",\"isPartOf\":{\"@id\":\"https:\/\/prensalibre-com-develop.go-vip.co\/guatevision\/#website\"},\"primaryImageOfPage\":{\"@id\":\"https:\/\/prensalibre-com-develop.go-vip.co\/guatevision\/historico\/julio-fausto-aguilera-2#primaryimage\"},\"image\":{\"@id\":\"https:\/\/prensalibre-com-develop.go-vip.co\/guatevision\/historico\/julio-fausto-aguilera-2#primaryimage\"},\"thumbnailUrl\":\"https:\/\/prensalibre-com-develop.go-vip.co\/guatevision\/wp-content\/uploads\/sites\/2\/2017\/11\/JULIO-FAUSTO-21.jpg?quality=82\",\"datePublished\":\"2017-11-07T18:50:55+00:00\",\"dateModified\":\"2017-11-07T18:40:31+00:00\",\"description\":\"Julio Fausto Aguilera, ha recibido varios reconocimientos y premios como el \\\"Quetzal de Oro\\\" otorgado por la APG. Tiene 13 libros publicados.\",\"inLanguage\":\"es-GT\",\"potentialAction\":[{\"@type\":\"ReadAction\",\"target\":[\"https:\/\/prensalibre-com-develop.go-vip.co\/guatevision\/historico\/julio-fausto-aguilera-2\"]}]},{\"@type\":\"ImageObject\",\"inLanguage\":\"es-GT\",\"@id\":\"https:\/\/prensalibre-com-develop.go-vip.co\/guatevision\/historico\/julio-fausto-aguilera-2#primaryimage\",\"url\":\"https:\/\/prensalibre-com-develop.go-vip.co\/guatevision\/wp-content\/uploads\/sites\/2\/2017\/11\/JULIO-FAUSTO-21.jpg?quality=82\",\"contentUrl\":\"https:\/\/prensalibre-com-develop.go-vip.co\/guatevision\/wp-content\/uploads\/sites\/2\/2017\/11\/JULIO-FAUSTO-21.jpg?quality=82\",\"width\":250,\"height\":202,\"caption\":\"julio fausto\"},{\"@type\":\"WebSite\",\"@id\":\"https:\/\/prensalibre-com-develop.go-vip.co\/guatevision\/#website\",\"url\":\"https:\/\/prensalibre-com-develop.go-vip.co\/guatevision\/\",\"name\":\"Guatevision\",\"description\":\"\u00a1Enciende Lo Bueno!\",\"publisher\":{\"@id\":\"https:\/\/prensalibre-com-develop.go-vip.co\/guatevision\/#organization\"},\"potentialAction\":[{\"@type\":\"SearchAction\",\"target\":{\"@type\":\"EntryPoint\",\"urlTemplate\":\"https:\/\/prensalibre-com-develop.go-vip.co\/guatevision\/?s={search_term_string}\"},\"query-input\":{\"@type\":\"PropertyValueSpecification\",\"valueRequired\":true,\"valueName\":\"search_term_string\"}}],\"inLanguage\":\"es-GT\"},{\"@type\":\"Organization\",\"@id\":\"https:\/\/prensalibre-com-develop.go-vip.co\/guatevision\/#organization\",\"name\":\"Guatevision\",\"url\":\"https:\/\/prensalibre-com-develop.go-vip.co\/guatevision\/\",\"logo\":{\"@type\":\"ImageObject\",\"inLanguage\":\"es-GT\",\"@id\":\"https:\/\/prensalibre-com-develop.go-vip.co\/guatevision\/#\/schema\/logo\/image\/\",\"url\":\"https:\/\/prensalibre-com-develop.go-vip.co\/guatevision\/wp-content\/uploads\/sites\/2\/2026\/04\/Diseno-sin-titulo.png?quality=82\",\"contentUrl\":\"https:\/\/prensalibre-com-develop.go-vip.co\/guatevision\/wp-content\/uploads\/sites\/2\/2026\/04\/Diseno-sin-titulo.png?quality=82\",\"width\":1000,\"height\":600,\"caption\":\"Guatevision\"},\"image\":{\"@id\":\"https:\/\/prensalibre-com-develop.go-vip.co\/guatevision\/#\/schema\/logo\/image\/\"}},{\"@type\":\"Person\",\"@id\":\"https:\/\/prensalibre-com-develop.go-vip.co\/guatevision\/#\/schema\/person\/7c26ea5ceee1b7266a573b2125e1c2aa\",\"name\":\"Redacci\u00f3n Guatevisi\u00f3n\",\"image\":{\"@type\":\"ImageObject\",\"inLanguage\":\"es-GT\",\"@id\":\"https:\/\/prensalibre-com-develop.go-vip.co\/guatevision\/#\/schema\/person\/image\/6d36cd161df0dff3760fc313fe2275f7\",\"url\":\"https:\/\/secure.gravatar.com\/avatar\/30137a0ea5fbd7114184dc546048a84bb0a0138981443c3af84a9d824dffdd9b?s=96&d=mm&r=g\",\"contentUrl\":\"https:\/\/secure.gravatar.com\/avatar\/30137a0ea5fbd7114184dc546048a84bb0a0138981443c3af84a9d824dffdd9b?s=96&d=mm&r=g\",\"caption\":\"Redacci\u00f3n Guatevisi\u00f3n\"},\"url\":\"https:\/\/prensalibre-com-develop.go-vip.co\/guatevision\/author\/redacciongtv\"}]}<\/script>\n<!-- \/ Yoast SEO plugin. -->","yoast_head_json":{"title":"Julio Fausto Aguilera, se le otorg\u00f3 el Premio Nacional de Literatura Miguel \u00c1ngel Asturias en el 2002","description":"Julio Fausto Aguilera, ha recibido varios reconocimientos y premios como el \"Quetzal de Oro\" otorgado por la APG. Tiene 13 libros publicados.","robots":{"index":"index","follow":"follow","max-snippet":"max-snippet:-1","max-image-preview":"max-image-preview:large","max-video-preview":"max-video-preview:-1"},"canonical":"https:\/\/prensalibre-com-develop.go-vip.co\/guatevision\/historico\/julio-fausto-aguilera-2","og_locale":"es_ES","og_type":"article","og_title":"Julio Fausto Aguilera, se le otorg\u00f3 el Premio Nacional de Literatura Miguel \u00c1ngel Asturias en el 2002","og_description":"Julio Fausto Aguilera, ha recibido varios reconocimientos y premios como el \"Quetzal de Oro\" otorgado por la APG. Tiene 13 libros publicados.","og_url":"https:\/\/prensalibre-com-develop.go-vip.co\/guatevision\/historico\/julio-fausto-aguilera-2","og_site_name":"Guatevision","article_published_time":"2017-11-07T18:50:55+00:00","article_modified_time":"2017-11-07T18:40:31+00:00","og_image":[{"width":250,"height":202,"url":"https:\/\/prensalibre-com-develop.go-vip.co\/guatevision\/wp-content\/uploads\/sites\/2\/2017\/11\/JULIO-FAUSTO-21.jpg?quality=82","type":"image\/jpeg"}],"author":"Redacci\u00f3n Guatevisi\u00f3n","twitter_card":"summary_large_image","twitter_misc":{"Written by":"Redacci\u00f3n Guatevisi\u00f3n","Est. reading time":"2 minutes"},"schema":{"@context":"https:\/\/schema.org","@graph":[{"@type":"Article","@id":"https:\/\/prensalibre-com-develop.go-vip.co\/guatevision\/historico\/julio-fausto-aguilera-2#article","isPartOf":{"@id":"https:\/\/prensalibre-com-develop.go-vip.co\/guatevision\/historico\/julio-fausto-aguilera-2"},"author":{"name":"Redacci\u00f3n Guatevisi\u00f3n","@id":"https:\/\/prensalibre-com-develop.go-vip.co\/guatevision\/#\/schema\/person\/7c26ea5ceee1b7266a573b2125e1c2aa"},"headline":"Julio Fausto Aguilera, se le otorg\u00f3 el Premio Nacional de Literatura Miguel \u00c1ngel Asturias en el 2002","datePublished":"2017-11-07T18:50:55+00:00","dateModified":"2017-11-07T18:40:31+00:00","mainEntityOfPage":{"@id":"https:\/\/prensalibre-com-develop.go-vip.co\/guatevision\/historico\/julio-fausto-aguilera-2"},"wordCount":473,"commentCount":0,"publisher":{"@id":"https:\/\/prensalibre-com-develop.go-vip.co\/guatevision\/#organization"},"image":{"@id":"https:\/\/prensalibre-com-develop.go-vip.co\/guatevision\/historico\/julio-fausto-aguilera-2#primaryimage"},"thumbnailUrl":"https:\/\/prensalibre-com-develop.go-vip.co\/guatevision\/wp-content\/uploads\/sites\/2\/2017\/11\/JULIO-FAUSTO-21.jpg?quality=82","keywords":["el poeta de la patria","Poes\u00eda","poeta"],"inLanguage":"es-GT","potentialAction":[{"@type":"CommentAction","name":"Comment","target":["https:\/\/prensalibre-com-develop.go-vip.co\/guatevision\/historico\/julio-fausto-aguilera-2#respond"]}]},{"@type":"WebPage","@id":"https:\/\/prensalibre-com-develop.go-vip.co\/guatevision\/historico\/julio-fausto-aguilera-2","url":"https:\/\/prensalibre-com-develop.go-vip.co\/guatevision\/historico\/julio-fausto-aguilera-2","name":"Julio Fausto Aguilera, se le otorg\u00f3 el Premio Nacional de Literatura Miguel \u00c1ngel Asturias en el 2002","isPartOf":{"@id":"https:\/\/prensalibre-com-develop.go-vip.co\/guatevision\/#website"},"primaryImageOfPage":{"@id":"https:\/\/prensalibre-com-develop.go-vip.co\/guatevision\/historico\/julio-fausto-aguilera-2#primaryimage"},"image":{"@id":"https:\/\/prensalibre-com-develop.go-vip.co\/guatevision\/historico\/julio-fausto-aguilera-2#primaryimage"},"thumbnailUrl":"https:\/\/prensalibre-com-develop.go-vip.co\/guatevision\/wp-content\/uploads\/sites\/2\/2017\/11\/JULIO-FAUSTO-21.jpg?quality=82","datePublished":"2017-11-07T18:50:55+00:00","dateModified":"2017-11-07T18:40:31+00:00","description":"Julio Fausto Aguilera, ha recibido varios reconocimientos y premios como el \"Quetzal de Oro\" otorgado por la APG. Tiene 13 libros publicados.","inLanguage":"es-GT","potentialAction":[{"@type":"ReadAction","target":["https:\/\/prensalibre-com-develop.go-vip.co\/guatevision\/historico\/julio-fausto-aguilera-2"]}]},{"@type":"ImageObject","inLanguage":"es-GT","@id":"https:\/\/prensalibre-com-develop.go-vip.co\/guatevision\/historico\/julio-fausto-aguilera-2#primaryimage","url":"https:\/\/prensalibre-com-develop.go-vip.co\/guatevision\/wp-content\/uploads\/sites\/2\/2017\/11\/JULIO-FAUSTO-21.jpg?quality=82","contentUrl":"https:\/\/prensalibre-com-develop.go-vip.co\/guatevision\/wp-content\/uploads\/sites\/2\/2017\/11\/JULIO-FAUSTO-21.jpg?quality=82","width":250,"height":202,"caption":"julio fausto"},{"@type":"WebSite","@id":"https:\/\/prensalibre-com-develop.go-vip.co\/guatevision\/#website","url":"https:\/\/prensalibre-com-develop.go-vip.co\/guatevision\/","name":"Guatevision","description":"\u00a1Enciende Lo Bueno!","publisher":{"@id":"https:\/\/prensalibre-com-develop.go-vip.co\/guatevision\/#organization"},"potentialAction":[{"@type":"SearchAction","target":{"@type":"EntryPoint","urlTemplate":"https:\/\/prensalibre-com-develop.go-vip.co\/guatevision\/?s={search_term_string}"},"query-input":{"@type":"PropertyValueSpecification","valueRequired":true,"valueName":"search_term_string"}}],"inLanguage":"es-GT"},{"@type":"Organization","@id":"https:\/\/prensalibre-com-develop.go-vip.co\/guatevision\/#organization","name":"Guatevision","url":"https:\/\/prensalibre-com-develop.go-vip.co\/guatevision\/","logo":{"@type":"ImageObject","inLanguage":"es-GT","@id":"https:\/\/prensalibre-com-develop.go-vip.co\/guatevision\/#\/schema\/logo\/image\/","url":"https:\/\/prensalibre-com-develop.go-vip.co\/guatevision\/wp-content\/uploads\/sites\/2\/2026\/04\/Diseno-sin-titulo.png?quality=82","contentUrl":"https:\/\/prensalibre-com-develop.go-vip.co\/guatevision\/wp-content\/uploads\/sites\/2\/2026\/04\/Diseno-sin-titulo.png?quality=82","width":1000,"height":600,"caption":"Guatevision"},"image":{"@id":"https:\/\/prensalibre-com-develop.go-vip.co\/guatevision\/#\/schema\/logo\/image\/"}},{"@type":"Person","@id":"https:\/\/prensalibre-com-develop.go-vip.co\/guatevision\/#\/schema\/person\/7c26ea5ceee1b7266a573b2125e1c2aa","name":"Redacci\u00f3n Guatevisi\u00f3n","image":{"@type":"ImageObject","inLanguage":"es-GT","@id":"https:\/\/prensalibre-com-develop.go-vip.co\/guatevision\/#\/schema\/person\/image\/6d36cd161df0dff3760fc313fe2275f7","url":"https:\/\/secure.gravatar.com\/avatar\/30137a0ea5fbd7114184dc546048a84bb0a0138981443c3af84a9d824dffdd9b?s=96&d=mm&r=g","contentUrl":"https:\/\/secure.gravatar.com\/avatar\/30137a0ea5fbd7114184dc546048a84bb0a0138981443c3af84a9d824dffdd9b?s=96&d=mm&r=g","caption":"Redacci\u00f3n Guatevisi\u00f3n"},"url":"https:\/\/prensalibre-com-develop.go-vip.co\/guatevision\/author\/redacciongtv"}]}},"jetpack_featured_media_url":"https:\/\/prensalibre-com-develop.go-vip.co\/guatevision\/wp-content\/uploads\/sites\/2\/2017\/11\/JULIO-FAUSTO-21.jpg?quality=82","jetpack_sharing_enabled":true,"_links":{"self":[{"href":"https:\/\/prensalibre-com-develop.go-vip.co\/guatevision\/wp-json\/wp\/v2\/posts\/130490","targetHints":{"allow":["GET"]}}],"collection":[{"href":"https:\/\/prensalibre-com-develop.go-vip.co\/guatevision\/wp-json\/wp\/v2\/posts"}],"about":[{"href":"https:\/\/prensalibre-com-develop.go-vip.co\/guatevision\/wp-json\/wp\/v2\/types\/post"}],"author":[{"embeddable":true,"href":"https:\/\/prensalibre-com-develop.go-vip.co\/guatevision\/wp-json\/wp\/v2\/users\/218"}],"replies":[{"embeddable":true,"href":"https:\/\/prensalibre-com-develop.go-vip.co\/guatevision\/wp-json\/wp\/v2\/comments?post=130490"}],"version-history":[{"count":0,"href":"https:\/\/prensalibre-com-develop.go-vip.co\/guatevision\/wp-json\/wp\/v2\/posts\/130490\/revisions"}],"wp:featuredmedia":[{"embeddable":true,"href":"https:\/\/prensalibre-com-develop.go-vip.co\/guatevision\/wp-json\/wp\/v2\/media\/130495"}],"wp:attachment":[{"href":"https:\/\/prensalibre-com-develop.go-vip.co\/guatevision\/wp-json\/wp\/v2\/media?parent=130490"}],"wp:term":[{"taxonomy":"category","embeddable":true,"href":"https:\/\/prensalibre-com-develop.go-vip.co\/guatevision\/wp-json\/wp\/v2\/categories?post=130490"},{"taxonomy":"etiqueta","embeddable":true,"href":"https:\/\/prensalibre-com-develop.go-vip.co\/guatevision\/wp-json\/wp\/v2\/etiqueta?post=130490"}],"curies":[{"name":"wp","href":"https:\/\/api.w.org\/{rel}","templated":true}]}}