{"id":131833,"date":"2017-11-13T19:50:26","date_gmt":"2017-11-14T01:50:26","guid":{"rendered":"https:\/\/prensalibre-com-develop.go-vip.co\/guatevision\/?p=131833"},"modified":"2017-11-13T19:50:26","modified_gmt":"2017-11-14T01:50:26","slug":"nadal-pierde-con-goffin","status":"publish","type":"post","link":"https:\/\/prensalibre-com-develop.go-vip.co\/guatevision\/historico\/nadal-pierde-con-goffin","title":{"rendered":"Nadal pierde con Goffin y se retira del Masters de Londres"},"content":{"rendered":"<p>El espa\u00f1ol Rafael Nadal, n\u00famero 1 mundial, perdi\u00f3 este lunes en su debut en el Masters de Londres ante el belga David Goffin (N.7), por 7-6 (7\/5), 6-7 (4\/7) y 6-4, y a continuaci\u00f3n anunci\u00f3 su retirada debido a sus problemas en la rodilla derecha.<\/p>\n\n<p>Nadal, que ya confirm\u00f3 finalizar el a\u00f1o como n\u00famero 1, tiene problemas en la rodilla por el desgaste en una temporada cargada de partidos. Tambi\u00e9n se retir\u00f3 en la segunda ronda del \u00faltimo Masters 1000, Par\u00eds-Bercy, para intentar llegar a Londres en condiciones.<\/p>\n<p>&#8220;No tiene sentido seguir jugando as\u00ed, mi temporada ha acabado&#8221;, se\u00f1al\u00f3 el tenista, que cierra el a\u00f1o como mejor jugador de la ATP.\u00a0 &#8220;Intent\u00e9 hacerlo lo mejor posible, ten\u00eda un compromiso, con el torneo y conmigo, pero ya ha sido un milagro jugar este partido&#8221;, a\u00f1adi\u00f3.<\/p>\n<p>El tambi\u00e9n espa\u00f1ol Pablo Carre\u00f1o, primer suplente, ocupar\u00e1 su plaza para jugar los dos partidos restantes de la fase de grupos.<\/p>\n<p>&nbsp;<\/p>\n<h3>&#8211; Colecci\u00f3n de errores &#8211;<\/h3>\n<p>Antes, el primer set entre Nadal y Goffin fue una colecci\u00f3n de errores y los dos jugadores parecieron rivalizar en dem\u00e9ritos para no ganar el parcial.<\/p>\n<p>Con 5-5 en el marcador, Nadal volvi\u00f3 a perder su servicio, pero el belga no supo cerrar el set con su saque en el juego siguiente, en el que encaden\u00f3 varios errores no forzados.<\/p>\n<p>El parcial se decidi\u00f3 en el &#8216;tie-break&#8217; y pese a que Nadal se coloc\u00f3 con 2-0 a favor, Goffin llev\u00f3 la iniciativa y gan\u00f3 el set&#8230; con el en\u00e9simo error del espa\u00f1ol, que multiplicaba los gestos de dolor e incomodidad.<\/p>\n<p>En el segundo parcial, los dos jugadores se mostraron m\u00e1s solidos con el saque y fueron capaces de mantener el servicio hasta que con 4-3 a su favor, el belga logr\u00f3 el &#8216;break&#8217; que le dejaba a un juego de la victoria.<\/p>\n<p>Sin embargo, Goffin volvi\u00f3 a fallar, perdi\u00f3 de nuevo su servicio y dio una nueva oportunidad a Nadal.<\/p>\n<p>El espa\u00f1ol no era el de sus mejores d\u00edas, pero salv\u00f3 cuatro bolas de partido y alcanz\u00f3 el &#8216;tie break&#8217;, para acabar adjudic\u00e1ndose el segundo set.<\/p>\n<p>En la tercera manga, con los dos jugadores tocados, Nadal cedi\u00f3 el servicio en dos ocasiones consecutivas y Goffin se situ\u00f3 con un claro 4-1.<\/p>\n<p>Parec\u00eda que Nadal pod\u00eda retirarse en cualquier momento, cojeando en ocasiones, pero se reh\u00edzo para recortar una rotura y situarse a un juego (5-4), pero fue insuficiente, Goffin se termin\u00f3 imponiendo.<\/p>\n<p>&nbsp;<\/p>\n<h3>&#8211; Dimitrov supera a Thiem &#8211;<\/h3>\n<p>En el primer partido de este grupo Pete Sampras, el b\u00falgaro Grigor Dimitrov (N.6 mundial) debut\u00f3 en el Masters con una victoria ante el austriaco Dominic Thiem (N.4), en tres sets por 6-3, 5-7 y 7-5.<\/p>\n<p>En su primera participaci\u00f3n en el torneo, el b\u00falgaro no tembl\u00f3 y se llev\u00f3 el triunfo gracias a su juego agresivo, con varias voleas en la red.<\/p>\n<p>En el primer set logr\u00f3 la rotura en el sexto juego, aprovechando una doble falta de Thiem.<\/p>\n<p>En una segunda manga m\u00e1s equilibrada, Dimitrov cedi\u00f3 con 6-5, consiguiendo \u00fanicamente lograr un punto en un juego en el que serv\u00eda. Hasta entonces no hab\u00eda concedido ninguna bola de &#8216;break&#8217;.<\/p>\n<p>En el tercer set Dimitrov increment\u00f3 las subidas a la red y fue con una volea magistral con la que hizo el &#8216;break&#8217;. Nervioso a la hora de cerrar el partido, necesit\u00f3 una segunda rotura para vencer en 2 horas y 19 minutos de juego.<\/p>\n<p>&#8220;No voy a mentir, estaba muy nervioso. Era mi primer partido aqu\u00ed&#8221;, admiti\u00f3 tras el encuentro Dimitrov, de 26 a\u00f1os.<\/p>\n<p>&#8220;Simplemente soy muy afortunado de poder haber ganado el partido, especialmente de esta manera. Nunca es f\u00e1cil vanir aqu\u00ed y jugar por primera vez&#8221;, a\u00f1adi\u00f3.<\/p>\n<p>&nbsp;<\/p>\n<p>\u00a9 Agence France-Presse<\/p>\n","protected":false},"excerpt":{"rendered":"<p>Nadal, que ya confirm\u00f3 finalizar el a\u00f1o como n\u00famero 1, tiene problemas en la rodilla por el desgaste en una temporada cargada de partidos. Tambi\u00e9n se retir\u00f3 en la segunda ronda del \u00faltimo Masters 1000, Par\u00eds-Bercy, para intentar llegar a Londres en condiciones.\u00a0<\/p>\n","protected":false},"author":71,"featured_media":131834,"comment_status":"open","ping_status":"closed","sticky":false,"template":"","format":"standard","meta":{"_jetpack_newsletter_access":"","_jetpack_dont_email_post_to_subs":false,"_jetpack_newsletter_tier_id":0,"_jetpack_memberships_contains_paywalled_content":false,"_jetpack_memberships_contains_paid_content":false,"footnotes":"","jetpack_post_was_ever_published":false},"categories":[],"etiqueta":[],"class_list":["post-131833","post","type-post","status-publish","format-standard","has-post-thumbnail","hentry"],"yoast_head":"<!-- This site is optimized with the Yoast SEO plugin v23.9 - https:\/\/yoast.com\/wordpress\/plugins\/seo\/ -->\n<title>Nadal pierde con Goffin y se retira del Masters de Londres<\/title>\n<meta name=\"description\" content=\"Rafael Nadal, n\u00famero 1 mundial, perdi\u00f3 este lunes en su debut en el Masters de Londres ante el belga David Goffin y a continuaci\u00f3n anunci\u00f3 su retirada\" \/>\n<meta name=\"robots\" content=\"index, follow, max-snippet:-1, max-image-preview:large, max-video-preview:-1\" \/>\n<link rel=\"canonical\" href=\"https:\/\/prensalibre-com-develop.go-vip.co\/guatevision\/historico\/nadal-pierde-con-goffin\" \/>\n<meta property=\"og:locale\" content=\"es_ES\" \/>\n<meta property=\"og:type\" content=\"article\" \/>\n<meta property=\"og:title\" content=\"Nadal pierde con Goffin y se retira del Masters de Londres\" \/>\n<meta property=\"og:description\" content=\"Rafael Nadal, n\u00famero 1 mundial, perdi\u00f3 este lunes en su debut en el Masters de Londres ante el belga David Goffin y a continuaci\u00f3n anunci\u00f3 su retirada\" \/>\n<meta property=\"og:url\" content=\"https:\/\/prensalibre-com-develop.go-vip.co\/guatevision\/historico\/nadal-pierde-con-goffin\" \/>\n<meta property=\"og:site_name\" content=\"Guatevision\" \/>\n<meta property=\"article:published_time\" content=\"2017-11-14T01:50:26+00:00\" \/>\n<meta property=\"og:image\" content=\"https:\/\/prensalibre-com-develop.go-vip.co\/guatevision\/wp-content\/uploads\/sites\/2\/2017\/11\/Rafael-Nadal-Masters-Londres.png?quality=82\" \/>\n\t<meta property=\"og:image:width\" content=\"660\" \/>\n\t<meta property=\"og:image:height\" content=\"371\" \/>\n\t<meta property=\"og:image:type\" content=\"image\/png\" \/>\n<meta name=\"author\" content=\"Manuel Hern\u00e1ndez May\u00e9n\" \/>\n<meta name=\"twitter:card\" content=\"summary_large_image\" \/>\n<meta name=\"twitter:label1\" content=\"Written by\" \/>\n\t<meta name=\"twitter:data1\" content=\"Manuel Hern\u00e1ndez May\u00e9n\" \/>\n\t<meta name=\"twitter:label2\" content=\"Est. reading time\" \/>\n\t<meta name=\"twitter:data2\" content=\"3 minutes\" \/>\n<script type=\"application\/ld+json\" class=\"yoast-schema-graph\">{\"@context\":\"https:\/\/schema.org\",\"@graph\":[{\"@type\":\"Article\",\"@id\":\"https:\/\/prensalibre-com-develop.go-vip.co\/guatevision\/historico\/nadal-pierde-con-goffin#article\",\"isPartOf\":{\"@id\":\"https:\/\/prensalibre-com-develop.go-vip.co\/guatevision\/historico\/nadal-pierde-con-goffin\"},\"author\":{\"name\":\"Manuel Hern\u00e1ndez May\u00e9n\",\"@id\":\"https:\/\/prensalibre-com-develop.go-vip.co\/guatevision\/#\/schema\/person\/5b34ef10da9eb6f366b1c186913efddd\"},\"headline\":\"Nadal pierde con Goffin y se retira del Masters de Londres\",\"datePublished\":\"2017-11-14T01:50:26+00:00\",\"dateModified\":\"2017-11-14T01:50:26+00:00\",\"mainEntityOfPage\":{\"@id\":\"https:\/\/prensalibre-com-develop.go-vip.co\/guatevision\/historico\/nadal-pierde-con-goffin\"},\"wordCount\":652,\"commentCount\":0,\"publisher\":{\"@id\":\"https:\/\/prensalibre-com-develop.go-vip.co\/guatevision\/#organization\"},\"image\":{\"@id\":\"https:\/\/prensalibre-com-develop.go-vip.co\/guatevision\/historico\/nadal-pierde-con-goffin#primaryimage\"},\"thumbnailUrl\":\"https:\/\/prensalibre-com-develop.go-vip.co\/guatevision\/wp-content\/uploads\/sites\/2\/2017\/11\/Rafael-Nadal-Masters-Londres.png\",\"keywords\":[\"ATP\",\"David Goffin\",\"M\u00e1sters Londres\",\"Rafael Nadal\",\"Tenis\"],\"inLanguage\":\"es-GT\",\"potentialAction\":[{\"@type\":\"CommentAction\",\"name\":\"Comment\",\"target\":[\"https:\/\/prensalibre-com-develop.go-vip.co\/guatevision\/historico\/nadal-pierde-con-goffin#respond\"]}]},{\"@type\":\"WebPage\",\"@id\":\"https:\/\/prensalibre-com-develop.go-vip.co\/guatevision\/historico\/nadal-pierde-con-goffin\",\"url\":\"https:\/\/prensalibre-com-develop.go-vip.co\/guatevision\/historico\/nadal-pierde-con-goffin\",\"name\":\"Nadal pierde con Goffin y se retira del Masters de Londres\",\"isPartOf\":{\"@id\":\"https:\/\/prensalibre-com-develop.go-vip.co\/guatevision\/#website\"},\"primaryImageOfPage\":{\"@id\":\"https:\/\/prensalibre-com-develop.go-vip.co\/guatevision\/historico\/nadal-pierde-con-goffin#primaryimage\"},\"image\":{\"@id\":\"https:\/\/prensalibre-com-develop.go-vip.co\/guatevision\/historico\/nadal-pierde-con-goffin#primaryimage\"},\"thumbnailUrl\":\"https:\/\/prensalibre-com-develop.go-vip.co\/guatevision\/wp-content\/uploads\/sites\/2\/2017\/11\/Rafael-Nadal-Masters-Londres.png\",\"datePublished\":\"2017-11-14T01:50:26+00:00\",\"dateModified\":\"2017-11-14T01:50:26+00:00\",\"description\":\"Rafael Nadal, n\u00famero 1 mundial, perdi\u00f3 este lunes en su debut en el Masters de Londres ante el belga David Goffin y a continuaci\u00f3n anunci\u00f3 su retirada\",\"inLanguage\":\"es-GT\",\"potentialAction\":[{\"@type\":\"ReadAction\",\"target\":[\"https:\/\/prensalibre-com-develop.go-vip.co\/guatevision\/historico\/nadal-pierde-con-goffin\"]}]},{\"@type\":\"ImageObject\",\"inLanguage\":\"es-GT\",\"@id\":\"https:\/\/prensalibre-com-develop.go-vip.co\/guatevision\/historico\/nadal-pierde-con-goffin#primaryimage\",\"url\":\"https:\/\/prensalibre-com-develop.go-vip.co\/guatevision\/wp-content\/uploads\/sites\/2\/2017\/11\/Rafael-Nadal-Masters-Londres.png\",\"contentUrl\":\"https:\/\/prensalibre-com-develop.go-vip.co\/guatevision\/wp-content\/uploads\/sites\/2\/2017\/11\/Rafael-Nadal-Masters-Londres.png\",\"width\":660,\"height\":371,\"caption\":\"Spain's Rafael Nadal waves to the crowd after losing his singles match against Belgium's David Goffin on day two of the ATP World Tour Finals tennis tournament at the O2 Arena in London on November 13, 2017. Glyn KIRK \/ AFP\"},{\"@type\":\"WebSite\",\"@id\":\"https:\/\/prensalibre-com-develop.go-vip.co\/guatevision\/#website\",\"url\":\"https:\/\/prensalibre-com-develop.go-vip.co\/guatevision\/\",\"name\":\"Guatevision\",\"description\":\"\u00a1Enciende Lo Bueno!\",\"publisher\":{\"@id\":\"https:\/\/prensalibre-com-develop.go-vip.co\/guatevision\/#organization\"},\"potentialAction\":[{\"@type\":\"SearchAction\",\"target\":{\"@type\":\"EntryPoint\",\"urlTemplate\":\"https:\/\/prensalibre-com-develop.go-vip.co\/guatevision\/?s={search_term_string}\"},\"query-input\":{\"@type\":\"PropertyValueSpecification\",\"valueRequired\":true,\"valueName\":\"search_term_string\"}}],\"inLanguage\":\"es-GT\"},{\"@type\":\"Organization\",\"@id\":\"https:\/\/prensalibre-com-develop.go-vip.co\/guatevision\/#organization\",\"name\":\"Guatevision\",\"url\":\"https:\/\/prensalibre-com-develop.go-vip.co\/guatevision\/\",\"logo\":{\"@type\":\"ImageObject\",\"inLanguage\":\"es-GT\",\"@id\":\"https:\/\/prensalibre-com-develop.go-vip.co\/guatevision\/#\/schema\/logo\/image\/\",\"url\":\"https:\/\/prensalibre-com-develop.go-vip.co\/guatevision\/wp-content\/uploads\/sites\/2\/2026\/04\/Diseno-sin-titulo.png\",\"contentUrl\":\"https:\/\/prensalibre-com-develop.go-vip.co\/guatevision\/wp-content\/uploads\/sites\/2\/2026\/04\/Diseno-sin-titulo.png\",\"width\":1000,\"height\":600,\"caption\":\"Guatevision\"},\"image\":{\"@id\":\"https:\/\/prensalibre-com-develop.go-vip.co\/guatevision\/#\/schema\/logo\/image\/\"}},{\"@type\":\"Person\",\"@id\":\"https:\/\/prensalibre-com-develop.go-vip.co\/guatevision\/#\/schema\/person\/5b34ef10da9eb6f366b1c186913efddd\",\"name\":\"Manuel Hern\u00e1ndez May\u00e9n\",\"image\":{\"@type\":\"ImageObject\",\"inLanguage\":\"es-GT\",\"@id\":\"https:\/\/prensalibre-com-develop.go-vip.co\/guatevision\/#\/schema\/person\/image\/433265d8a81413206f8dd780c513ffd7\",\"url\":\"https:\/\/secure.gravatar.com\/avatar\/d6d67d029230e2c79470aabd3184418289f224c20a44e2beaa5864a18da50d01?s=96&d=mm&r=g\",\"contentUrl\":\"https:\/\/secure.gravatar.com\/avatar\/d6d67d029230e2c79470aabd3184418289f224c20a44e2beaa5864a18da50d01?s=96&d=mm&r=g\",\"caption\":\"Manuel Hern\u00e1ndez May\u00e9n\"},\"url\":\"https:\/\/prensalibre-com-develop.go-vip.co\/guatevision\/author\/mdhernandez\"}]}<\/script>\n<!-- \/ Yoast SEO plugin. -->","yoast_head_json":{"title":"Nadal pierde con Goffin y se retira del Masters de Londres","description":"Rafael Nadal, n\u00famero 1 mundial, perdi\u00f3 este lunes en su debut en el Masters de Londres ante el belga David Goffin y a continuaci\u00f3n anunci\u00f3 su retirada","robots":{"index":"index","follow":"follow","max-snippet":"max-snippet:-1","max-image-preview":"max-image-preview:large","max-video-preview":"max-video-preview:-1"},"canonical":"https:\/\/prensalibre-com-develop.go-vip.co\/guatevision\/historico\/nadal-pierde-con-goffin","og_locale":"es_ES","og_type":"article","og_title":"Nadal pierde con Goffin y se retira del Masters de Londres","og_description":"Rafael Nadal, n\u00famero 1 mundial, perdi\u00f3 este lunes en su debut en el Masters de Londres ante el belga David Goffin y a continuaci\u00f3n anunci\u00f3 su retirada","og_url":"https:\/\/prensalibre-com-develop.go-vip.co\/guatevision\/historico\/nadal-pierde-con-goffin","og_site_name":"Guatevision","article_published_time":"2017-11-14T01:50:26+00:00","og_image":[{"width":660,"height":371,"url":"https:\/\/prensalibre-com-develop.go-vip.co\/guatevision\/wp-content\/uploads\/sites\/2\/2017\/11\/Rafael-Nadal-Masters-Londres.png?quality=82","type":"image\/png"}],"author":"Manuel Hern\u00e1ndez May\u00e9n","twitter_card":"summary_large_image","twitter_misc":{"Written by":"Manuel Hern\u00e1ndez May\u00e9n","Est. reading time":"3 minutes"},"schema":{"@context":"https:\/\/schema.org","@graph":[{"@type":"Article","@id":"https:\/\/prensalibre-com-develop.go-vip.co\/guatevision\/historico\/nadal-pierde-con-goffin#article","isPartOf":{"@id":"https:\/\/prensalibre-com-develop.go-vip.co\/guatevision\/historico\/nadal-pierde-con-goffin"},"author":{"name":"Manuel Hern\u00e1ndez May\u00e9n","@id":"https:\/\/prensalibre-com-develop.go-vip.co\/guatevision\/#\/schema\/person\/5b34ef10da9eb6f366b1c186913efddd"},"headline":"Nadal pierde con Goffin y se retira del Masters de Londres","datePublished":"2017-11-14T01:50:26+00:00","dateModified":"2017-11-14T01:50:26+00:00","mainEntityOfPage":{"@id":"https:\/\/prensalibre-com-develop.go-vip.co\/guatevision\/historico\/nadal-pierde-con-goffin"},"wordCount":652,"commentCount":0,"publisher":{"@id":"https:\/\/prensalibre-com-develop.go-vip.co\/guatevision\/#organization"},"image":{"@id":"https:\/\/prensalibre-com-develop.go-vip.co\/guatevision\/historico\/nadal-pierde-con-goffin#primaryimage"},"thumbnailUrl":"https:\/\/prensalibre-com-develop.go-vip.co\/guatevision\/wp-content\/uploads\/sites\/2\/2017\/11\/Rafael-Nadal-Masters-Londres.png","keywords":["ATP","David Goffin","M\u00e1sters Londres","Rafael Nadal","Tenis"],"inLanguage":"es-GT","potentialAction":[{"@type":"CommentAction","name":"Comment","target":["https:\/\/prensalibre-com-develop.go-vip.co\/guatevision\/historico\/nadal-pierde-con-goffin#respond"]}]},{"@type":"WebPage","@id":"https:\/\/prensalibre-com-develop.go-vip.co\/guatevision\/historico\/nadal-pierde-con-goffin","url":"https:\/\/prensalibre-com-develop.go-vip.co\/guatevision\/historico\/nadal-pierde-con-goffin","name":"Nadal pierde con Goffin y se retira del Masters de Londres","isPartOf":{"@id":"https:\/\/prensalibre-com-develop.go-vip.co\/guatevision\/#website"},"primaryImageOfPage":{"@id":"https:\/\/prensalibre-com-develop.go-vip.co\/guatevision\/historico\/nadal-pierde-con-goffin#primaryimage"},"image":{"@id":"https:\/\/prensalibre-com-develop.go-vip.co\/guatevision\/historico\/nadal-pierde-con-goffin#primaryimage"},"thumbnailUrl":"https:\/\/prensalibre-com-develop.go-vip.co\/guatevision\/wp-content\/uploads\/sites\/2\/2017\/11\/Rafael-Nadal-Masters-Londres.png","datePublished":"2017-11-14T01:50:26+00:00","dateModified":"2017-11-14T01:50:26+00:00","description":"Rafael Nadal, n\u00famero 1 mundial, perdi\u00f3 este lunes en su debut en el Masters de Londres ante el belga David Goffin y a continuaci\u00f3n anunci\u00f3 su retirada","inLanguage":"es-GT","potentialAction":[{"@type":"ReadAction","target":["https:\/\/prensalibre-com-develop.go-vip.co\/guatevision\/historico\/nadal-pierde-con-goffin"]}]},{"@type":"ImageObject","inLanguage":"es-GT","@id":"https:\/\/prensalibre-com-develop.go-vip.co\/guatevision\/historico\/nadal-pierde-con-goffin#primaryimage","url":"https:\/\/prensalibre-com-develop.go-vip.co\/guatevision\/wp-content\/uploads\/sites\/2\/2017\/11\/Rafael-Nadal-Masters-Londres.png","contentUrl":"https:\/\/prensalibre-com-develop.go-vip.co\/guatevision\/wp-content\/uploads\/sites\/2\/2017\/11\/Rafael-Nadal-Masters-Londres.png","width":660,"height":371,"caption":"Spain's Rafael Nadal waves to the crowd after losing his singles match against Belgium's David Goffin on day two of the ATP World Tour Finals tennis tournament at the O2 Arena in London on November 13, 2017. Glyn KIRK \/ AFP"},{"@type":"WebSite","@id":"https:\/\/prensalibre-com-develop.go-vip.co\/guatevision\/#website","url":"https:\/\/prensalibre-com-develop.go-vip.co\/guatevision\/","name":"Guatevision","description":"\u00a1Enciende Lo Bueno!","publisher":{"@id":"https:\/\/prensalibre-com-develop.go-vip.co\/guatevision\/#organization"},"potentialAction":[{"@type":"SearchAction","target":{"@type":"EntryPoint","urlTemplate":"https:\/\/prensalibre-com-develop.go-vip.co\/guatevision\/?s={search_term_string}"},"query-input":{"@type":"PropertyValueSpecification","valueRequired":true,"valueName":"search_term_string"}}],"inLanguage":"es-GT"},{"@type":"Organization","@id":"https:\/\/prensalibre-com-develop.go-vip.co\/guatevision\/#organization","name":"Guatevision","url":"https:\/\/prensalibre-com-develop.go-vip.co\/guatevision\/","logo":{"@type":"ImageObject","inLanguage":"es-GT","@id":"https:\/\/prensalibre-com-develop.go-vip.co\/guatevision\/#\/schema\/logo\/image\/","url":"https:\/\/prensalibre-com-develop.go-vip.co\/guatevision\/wp-content\/uploads\/sites\/2\/2026\/04\/Diseno-sin-titulo.png","contentUrl":"https:\/\/prensalibre-com-develop.go-vip.co\/guatevision\/wp-content\/uploads\/sites\/2\/2026\/04\/Diseno-sin-titulo.png","width":1000,"height":600,"caption":"Guatevision"},"image":{"@id":"https:\/\/prensalibre-com-develop.go-vip.co\/guatevision\/#\/schema\/logo\/image\/"}},{"@type":"Person","@id":"https:\/\/prensalibre-com-develop.go-vip.co\/guatevision\/#\/schema\/person\/5b34ef10da9eb6f366b1c186913efddd","name":"Manuel Hern\u00e1ndez May\u00e9n","image":{"@type":"ImageObject","inLanguage":"es-GT","@id":"https:\/\/prensalibre-com-develop.go-vip.co\/guatevision\/#\/schema\/person\/image\/433265d8a81413206f8dd780c513ffd7","url":"https:\/\/secure.gravatar.com\/avatar\/d6d67d029230e2c79470aabd3184418289f224c20a44e2beaa5864a18da50d01?s=96&d=mm&r=g","contentUrl":"https:\/\/secure.gravatar.com\/avatar\/d6d67d029230e2c79470aabd3184418289f224c20a44e2beaa5864a18da50d01?s=96&d=mm&r=g","caption":"Manuel Hern\u00e1ndez May\u00e9n"},"url":"https:\/\/prensalibre-com-develop.go-vip.co\/guatevision\/author\/mdhernandez"}]}},"jetpack_sharing_enabled":true,"jetpack_featured_media_url":"https:\/\/prensalibre-com-develop.go-vip.co\/guatevision\/wp-content\/uploads\/sites\/2\/2017\/11\/Rafael-Nadal-Masters-Londres.png","_links":{"self":[{"href":"https:\/\/prensalibre-com-develop.go-vip.co\/guatevision\/wp-json\/wp\/v2\/posts\/131833","targetHints":{"allow":["GET"]}}],"collection":[{"href":"https:\/\/prensalibre-com-develop.go-vip.co\/guatevision\/wp-json\/wp\/v2\/posts"}],"about":[{"href":"https:\/\/prensalibre-com-develop.go-vip.co\/guatevision\/wp-json\/wp\/v2\/types\/post"}],"author":[{"embeddable":true,"href":"https:\/\/prensalibre-com-develop.go-vip.co\/guatevision\/wp-json\/wp\/v2\/users\/71"}],"replies":[{"embeddable":true,"href":"https:\/\/prensalibre-com-develop.go-vip.co\/guatevision\/wp-json\/wp\/v2\/comments?post=131833"}],"version-history":[{"count":0,"href":"https:\/\/prensalibre-com-develop.go-vip.co\/guatevision\/wp-json\/wp\/v2\/posts\/131833\/revisions"}],"wp:featuredmedia":[{"embeddable":true,"href":"https:\/\/prensalibre-com-develop.go-vip.co\/guatevision\/wp-json\/wp\/v2\/media\/131834"}],"wp:attachment":[{"href":"https:\/\/prensalibre-com-develop.go-vip.co\/guatevision\/wp-json\/wp\/v2\/media?parent=131833"}],"wp:term":[{"taxonomy":"category","embeddable":true,"href":"https:\/\/prensalibre-com-develop.go-vip.co\/guatevision\/wp-json\/wp\/v2\/categories?post=131833"},{"taxonomy":"etiqueta","embeddable":true,"href":"https:\/\/prensalibre-com-develop.go-vip.co\/guatevision\/wp-json\/wp\/v2\/etiqueta?post=131833"}],"curies":[{"name":"wp","href":"https:\/\/api.w.org\/{rel}","templated":true}]}}