{"id":131905,"date":"2017-11-14T13:06:22","date_gmt":"2017-11-14T19:06:22","guid":{"rendered":"https:\/\/prensalibre-com-develop.go-vip.co\/guatevision\/?p=131905"},"modified":"2017-11-14T13:06:22","modified_gmt":"2017-11-14T19:06:22","slug":"guatemala-sera-sede","status":"publish","type":"post","link":"https:\/\/prensalibre-com-develop.go-vip.co\/guatevision\/historico\/guatemala-sera-sede","title":{"rendered":"Guatemala ser\u00e1 sede de la III Copa del Mundo Juvenil de Florete"},"content":{"rendered":"<p>Guatemala organizar\u00e1 la III edici\u00f3n de la Copa del Mundo Juvenil de Florete en ambas ramas, seg\u00fan presentaci\u00f3n oficial.<\/p>\n\n<p>El acto cont\u00f3 con la presencia de los nueve seleccionados nacionales de la Selecci\u00f3n de Esgrima.<\/p>\n<p>&nbsp;<\/p>\n<h3>M\u00e1s paises.<\/h3>\n<p>M\u00e1s de 50 tiradores de 19 paises buscar\u00e1n los puntos para el ranking mundial juvenil que otorgar\u00e1 este evento.<\/p>\n<p>Canad\u00e1, Estados Unidos y M\u00e9xico son los representantes del Norteam\u00e9rica.<\/p>\n<p>Argentina, Chile, Colombia, Paraguay, Venezuela y Uruguay por la region sudamericana.<\/p>\n<p>Costa Rica, El Salvador, Nicaragua adem\u00e1s de nuestro pais por Centroam\u00e9rica.<\/p>\n<p>Mientras Australia, Gran Breta\u00f1a, Jap\u00f3n, Singapur por el viejo continente.<\/p>\n<p>As\u00ed mismo Puerto Rico por la regi\u00f3n del caribe.<\/p>\n<p><img loading=\"lazy\" decoding=\"async\" class=\"aligncenter size-full wp-image-131908\" src=\"https:\/\/prensalibre-com-develop.go-vip.co\/guatevision\/wp-content\/uploads\/2017\/11\/Esgrima-Florete-Guatemala-01.png\" alt=\"Esgrima-Florete-Guatemala-02\" width=\"660\" height=\"371\" srcset=\"https:\/\/prensalibre-com-develop.go-vip.co\/guatevision\/wp-content\/uploads\/sites\/2\/2017\/11\/Esgrima-Florete-Guatemala-01.png 660w, https:\/\/prensalibre-com-develop.go-vip.co\/guatevision\/wp-content\/uploads\/sites\/2\/2017\/11\/Esgrima-Florete-Guatemala-01.png?resize=300,169 300w, https:\/\/prensalibre-com-develop.go-vip.co\/guatevision\/wp-content\/uploads\/sites\/2\/2017\/11\/Esgrima-Florete-Guatemala-01.png?resize=276,154 276w, https:\/\/prensalibre-com-develop.go-vip.co\/guatevision\/wp-content\/uploads\/sites\/2\/2017\/11\/Esgrima-Florete-Guatemala-01.png?resize=260,146 260w, https:\/\/prensalibre-com-develop.go-vip.co\/guatevision\/wp-content\/uploads\/sites\/2\/2017\/11\/Esgrima-Florete-Guatemala-01.png?resize=150,84 150w\" sizes=\"auto, (max-width: 660px) 100vw, 660px\" \/><\/p>\n<h3>Los nueve mejores de Guatemala.<\/h3>\n<p>Johana Mej\u00eda (Guatemala)\u00a0 \u00a0y \u00c1ngel Rivera de El Progreso son las m\u00e1ximas cartas nacionales.<\/p>\n<p>As\u00ed mismo Josel\u00edn Leonardo (Zacapa), Cecilia Aquino (Jalapa), Kenia Saucedo de Alta Verapaz.<\/p>\n<p>Adem\u00e1s Carlos G\u00f3mez (Huehuetenango), Alejandro Romero (Sacatep\u00e9quez y Kevin Sierra (Guatemala)<\/p>\n<p>&nbsp;<\/p>\n<h3>Uno de los mejores del mundo.<\/h3>\n<p>El argentino Augusto Servello es uno de los atractivos del evento, por ser uno de lso mejores ranqueados a nivel mundial.<\/p>\n<p>Se ubica entre los mejores 10 del mundo, adem\u00e1s ha sido subcampe\u00f3n panamericano en Toronto 2015<\/p>\n<p><img loading=\"lazy\" decoding=\"async\" class=\"aligncenter size-full wp-image-131907\" src=\"https:\/\/prensalibre-com-develop.go-vip.co\/guatevision\/wp-content\/uploads\/2017\/11\/Esgrima-Florete-Guatemala-02.png\" alt=\"Esgrima-Florete-Guatemala-02\" width=\"660\" height=\"371\" srcset=\"https:\/\/prensalibre-com-develop.go-vip.co\/guatevision\/wp-content\/uploads\/sites\/2\/2017\/11\/Esgrima-Florete-Guatemala-02.png 660w, https:\/\/prensalibre-com-develop.go-vip.co\/guatevision\/wp-content\/uploads\/sites\/2\/2017\/11\/Esgrima-Florete-Guatemala-02.png?resize=300,169 300w, https:\/\/prensalibre-com-develop.go-vip.co\/guatevision\/wp-content\/uploads\/sites\/2\/2017\/11\/Esgrima-Florete-Guatemala-02.png?resize=276,154 276w, https:\/\/prensalibre-com-develop.go-vip.co\/guatevision\/wp-content\/uploads\/sites\/2\/2017\/11\/Esgrima-Florete-Guatemala-02.png?resize=260,146 260w, https:\/\/prensalibre-com-develop.go-vip.co\/guatevision\/wp-content\/uploads\/sites\/2\/2017\/11\/Esgrima-Florete-Guatemala-02.png?resize=150,84 150w\" sizes=\"auto, (max-width: 660px) 100vw, 660px\" \/><\/p>\n<p>&nbsp;<\/p>\n<p>La Tercera Copa del Mundo de Florete femenino y masculino individual se disputar\u00e1 el s\u00e1bado 18 y domingo 19 de noviembre<\/p>\n<p>El mismo se disputar\u00e1 en el Gimnasio del Colegio suizo Americano, Boulevard San Isidro y 12 calle; zona 16.<\/p>\n","protected":false},"excerpt":{"rendered":"<p>El acto cont\u00f3 con la presencia de los nueve seleccionados nacionales de la Selecci\u00f3n de Esgrima.<\/p>\n","protected":false},"author":71,"featured_media":131909,"comment_status":"open","ping_status":"closed","sticky":false,"template":"","format":"standard","meta":{"_jetpack_newsletter_access":"","_jetpack_dont_email_post_to_subs":false,"_jetpack_newsletter_tier_id":0,"_jetpack_memberships_contains_paywalled_content":false,"_jetpack_memberships_contains_paid_content":false,"footnotes":"","jetpack_post_was_ever_published":false},"categories":[],"etiqueta":[],"class_list":["post-131905","post","type-post","status-publish","format-standard","has-post-thumbnail","hentry"],"yoast_head":"<!-- This site is optimized with the Yoast SEO plugin v23.9 - https:\/\/yoast.com\/wordpress\/plugins\/seo\/ -->\n<title>Guatemala ser\u00e1 sede de la III Copa del Mundo Juvenil de Florete<\/title>\n<meta name=\"description\" content=\"Guatemala organizar\u00e1 la tercera edici\u00f3n de la Copa del Mundo Juvenil de Florete en ambas ramas, seg\u00fan presentaci\u00f3n oficial.\" \/>\n<meta name=\"robots\" content=\"index, follow, max-snippet:-1, max-image-preview:large, max-video-preview:-1\" \/>\n<link rel=\"canonical\" href=\"https:\/\/prensalibre-com-develop.go-vip.co\/guatevision\/historico\/guatemala-sera-sede\" \/>\n<meta property=\"og:locale\" content=\"es_ES\" \/>\n<meta property=\"og:type\" content=\"article\" \/>\n<meta property=\"og:title\" content=\"Guatemala ser\u00e1 sede de la III Copa del Mundo Juvenil de Florete\" \/>\n<meta property=\"og:description\" content=\"Guatemala organizar\u00e1 la tercera edici\u00f3n de la Copa del Mundo Juvenil de Florete en ambas ramas, seg\u00fan presentaci\u00f3n oficial.\" \/>\n<meta property=\"og:url\" content=\"https:\/\/prensalibre-com-develop.go-vip.co\/guatevision\/historico\/guatemala-sera-sede\" \/>\n<meta property=\"og:site_name\" content=\"Guatevision\" \/>\n<meta property=\"article:published_time\" content=\"2017-11-14T19:06:22+00:00\" \/>\n<meta property=\"og:image\" content=\"https:\/\/prensalibre-com-develop.go-vip.co\/guatevision\/wp-content\/uploads\/sites\/2\/2017\/11\/Esgrima-Florete-Guatemala-00.png?quality=82\" \/>\n\t<meta property=\"og:image:width\" content=\"660\" \/>\n\t<meta property=\"og:image:height\" content=\"371\" \/>\n\t<meta property=\"og:image:type\" content=\"image\/png\" \/>\n<meta name=\"author\" content=\"Manuel Hern\u00e1ndez May\u00e9n\" \/>\n<meta name=\"twitter:card\" content=\"summary_large_image\" \/>\n<meta name=\"twitter:label1\" content=\"Written by\" \/>\n\t<meta name=\"twitter:data1\" content=\"Manuel Hern\u00e1ndez May\u00e9n\" \/>\n\t<meta name=\"twitter:label2\" content=\"Est. reading time\" \/>\n\t<meta name=\"twitter:data2\" content=\"1 minute\" \/>\n<script type=\"application\/ld+json\" class=\"yoast-schema-graph\">{\"@context\":\"https:\/\/schema.org\",\"@graph\":[{\"@type\":\"Article\",\"@id\":\"https:\/\/prensalibre-com-develop.go-vip.co\/guatevision\/historico\/guatemala-sera-sede#article\",\"isPartOf\":{\"@id\":\"https:\/\/prensalibre-com-develop.go-vip.co\/guatevision\/historico\/guatemala-sera-sede\"},\"author\":{\"name\":\"Manuel Hern\u00e1ndez May\u00e9n\",\"@id\":\"https:\/\/prensalibre-com-develop.go-vip.co\/guatevision\/#\/schema\/person\/5b34ef10da9eb6f366b1c186913efddd\"},\"headline\":\"Guatemala ser\u00e1 sede de la III Copa del Mundo Juvenil de Florete\",\"datePublished\":\"2017-11-14T19:06:22+00:00\",\"dateModified\":\"2017-11-14T19:06:22+00:00\",\"mainEntityOfPage\":{\"@id\":\"https:\/\/prensalibre-com-develop.go-vip.co\/guatevision\/historico\/guatemala-sera-sede\"},\"wordCount\":263,\"commentCount\":0,\"publisher\":{\"@id\":\"https:\/\/prensalibre-com-develop.go-vip.co\/guatevision\/#organization\"},\"image\":{\"@id\":\"https:\/\/prensalibre-com-develop.go-vip.co\/guatevision\/historico\/guatemala-sera-sede#primaryimage\"},\"thumbnailUrl\":\"https:\/\/prensalibre-com-develop.go-vip.co\/guatevision\/wp-content\/uploads\/sites\/2\/2017\/11\/Esgrima-Florete-Guatemala-00.png\",\"keywords\":[\"Copa del Mundo de Florete\",\"Deporte Guatemala\",\"Esgrima\",\"Guatemala\"],\"inLanguage\":\"es-GT\",\"potentialAction\":[{\"@type\":\"CommentAction\",\"name\":\"Comment\",\"target\":[\"https:\/\/prensalibre-com-develop.go-vip.co\/guatevision\/historico\/guatemala-sera-sede#respond\"]}]},{\"@type\":\"WebPage\",\"@id\":\"https:\/\/prensalibre-com-develop.go-vip.co\/guatevision\/historico\/guatemala-sera-sede\",\"url\":\"https:\/\/prensalibre-com-develop.go-vip.co\/guatevision\/historico\/guatemala-sera-sede\",\"name\":\"Guatemala ser\u00e1 sede de la III Copa del Mundo Juvenil de Florete\",\"isPartOf\":{\"@id\":\"https:\/\/prensalibre-com-develop.go-vip.co\/guatevision\/#website\"},\"primaryImageOfPage\":{\"@id\":\"https:\/\/prensalibre-com-develop.go-vip.co\/guatevision\/historico\/guatemala-sera-sede#primaryimage\"},\"image\":{\"@id\":\"https:\/\/prensalibre-com-develop.go-vip.co\/guatevision\/historico\/guatemala-sera-sede#primaryimage\"},\"thumbnailUrl\":\"https:\/\/prensalibre-com-develop.go-vip.co\/guatevision\/wp-content\/uploads\/sites\/2\/2017\/11\/Esgrima-Florete-Guatemala-00.png\",\"datePublished\":\"2017-11-14T19:06:22+00:00\",\"dateModified\":\"2017-11-14T19:06:22+00:00\",\"description\":\"Guatemala organizar\u00e1 la tercera edici\u00f3n de la Copa del Mundo Juvenil de Florete en ambas ramas, seg\u00fan presentaci\u00f3n oficial.\",\"inLanguage\":\"es-GT\",\"potentialAction\":[{\"@type\":\"ReadAction\",\"target\":[\"https:\/\/prensalibre-com-develop.go-vip.co\/guatevision\/historico\/guatemala-sera-sede\"]}]},{\"@type\":\"ImageObject\",\"inLanguage\":\"es-GT\",\"@id\":\"https:\/\/prensalibre-com-develop.go-vip.co\/guatevision\/historico\/guatemala-sera-sede#primaryimage\",\"url\":\"https:\/\/prensalibre-com-develop.go-vip.co\/guatevision\/wp-content\/uploads\/sites\/2\/2017\/11\/Esgrima-Florete-Guatemala-00.png\",\"contentUrl\":\"https:\/\/prensalibre-com-develop.go-vip.co\/guatevision\/wp-content\/uploads\/sites\/2\/2017\/11\/Esgrima-Florete-Guatemala-00.png\",\"width\":660,\"height\":371,\"caption\":\"Esgrima-Florete-Guatemala-02\"},{\"@type\":\"WebSite\",\"@id\":\"https:\/\/prensalibre-com-develop.go-vip.co\/guatevision\/#website\",\"url\":\"https:\/\/prensalibre-com-develop.go-vip.co\/guatevision\/\",\"name\":\"Guatevision\",\"description\":\"\u00a1Enciende Lo Bueno!\",\"publisher\":{\"@id\":\"https:\/\/prensalibre-com-develop.go-vip.co\/guatevision\/#organization\"},\"potentialAction\":[{\"@type\":\"SearchAction\",\"target\":{\"@type\":\"EntryPoint\",\"urlTemplate\":\"https:\/\/prensalibre-com-develop.go-vip.co\/guatevision\/?s={search_term_string}\"},\"query-input\":{\"@type\":\"PropertyValueSpecification\",\"valueRequired\":true,\"valueName\":\"search_term_string\"}}],\"inLanguage\":\"es-GT\"},{\"@type\":\"Organization\",\"@id\":\"https:\/\/prensalibre-com-develop.go-vip.co\/guatevision\/#organization\",\"name\":\"Guatevision\",\"url\":\"https:\/\/prensalibre-com-develop.go-vip.co\/guatevision\/\",\"logo\":{\"@type\":\"ImageObject\",\"inLanguage\":\"es-GT\",\"@id\":\"https:\/\/prensalibre-com-develop.go-vip.co\/guatevision\/#\/schema\/logo\/image\/\",\"url\":\"https:\/\/prensalibre-com-develop.go-vip.co\/guatevision\/wp-content\/uploads\/sites\/2\/2026\/04\/Diseno-sin-titulo.png\",\"contentUrl\":\"https:\/\/prensalibre-com-develop.go-vip.co\/guatevision\/wp-content\/uploads\/sites\/2\/2026\/04\/Diseno-sin-titulo.png\",\"width\":1000,\"height\":600,\"caption\":\"Guatevision\"},\"image\":{\"@id\":\"https:\/\/prensalibre-com-develop.go-vip.co\/guatevision\/#\/schema\/logo\/image\/\"}},{\"@type\":\"Person\",\"@id\":\"https:\/\/prensalibre-com-develop.go-vip.co\/guatevision\/#\/schema\/person\/5b34ef10da9eb6f366b1c186913efddd\",\"name\":\"Manuel Hern\u00e1ndez May\u00e9n\",\"image\":{\"@type\":\"ImageObject\",\"inLanguage\":\"es-GT\",\"@id\":\"https:\/\/prensalibre-com-develop.go-vip.co\/guatevision\/#\/schema\/person\/image\/433265d8a81413206f8dd780c513ffd7\",\"url\":\"https:\/\/secure.gravatar.com\/avatar\/d6d67d029230e2c79470aabd3184418289f224c20a44e2beaa5864a18da50d01?s=96&d=mm&r=g\",\"contentUrl\":\"https:\/\/secure.gravatar.com\/avatar\/d6d67d029230e2c79470aabd3184418289f224c20a44e2beaa5864a18da50d01?s=96&d=mm&r=g\",\"caption\":\"Manuel Hern\u00e1ndez May\u00e9n\"},\"url\":\"https:\/\/prensalibre-com-develop.go-vip.co\/guatevision\/author\/mdhernandez\"}]}<\/script>\n<!-- \/ Yoast SEO plugin. -->","yoast_head_json":{"title":"Guatemala ser\u00e1 sede de la III Copa del Mundo Juvenil de Florete","description":"Guatemala organizar\u00e1 la tercera edici\u00f3n de la Copa del Mundo Juvenil de Florete en ambas ramas, seg\u00fan presentaci\u00f3n oficial.","robots":{"index":"index","follow":"follow","max-snippet":"max-snippet:-1","max-image-preview":"max-image-preview:large","max-video-preview":"max-video-preview:-1"},"canonical":"https:\/\/prensalibre-com-develop.go-vip.co\/guatevision\/historico\/guatemala-sera-sede","og_locale":"es_ES","og_type":"article","og_title":"Guatemala ser\u00e1 sede de la III Copa del Mundo Juvenil de Florete","og_description":"Guatemala organizar\u00e1 la tercera edici\u00f3n de la Copa del Mundo Juvenil de Florete en ambas ramas, seg\u00fan presentaci\u00f3n oficial.","og_url":"https:\/\/prensalibre-com-develop.go-vip.co\/guatevision\/historico\/guatemala-sera-sede","og_site_name":"Guatevision","article_published_time":"2017-11-14T19:06:22+00:00","og_image":[{"width":660,"height":371,"url":"https:\/\/prensalibre-com-develop.go-vip.co\/guatevision\/wp-content\/uploads\/sites\/2\/2017\/11\/Esgrima-Florete-Guatemala-00.png?quality=82","type":"image\/png"}],"author":"Manuel Hern\u00e1ndez May\u00e9n","twitter_card":"summary_large_image","twitter_misc":{"Written by":"Manuel Hern\u00e1ndez May\u00e9n","Est. reading time":"1 minute"},"schema":{"@context":"https:\/\/schema.org","@graph":[{"@type":"Article","@id":"https:\/\/prensalibre-com-develop.go-vip.co\/guatevision\/historico\/guatemala-sera-sede#article","isPartOf":{"@id":"https:\/\/prensalibre-com-develop.go-vip.co\/guatevision\/historico\/guatemala-sera-sede"},"author":{"name":"Manuel Hern\u00e1ndez May\u00e9n","@id":"https:\/\/prensalibre-com-develop.go-vip.co\/guatevision\/#\/schema\/person\/5b34ef10da9eb6f366b1c186913efddd"},"headline":"Guatemala ser\u00e1 sede de la III Copa del Mundo Juvenil de Florete","datePublished":"2017-11-14T19:06:22+00:00","dateModified":"2017-11-14T19:06:22+00:00","mainEntityOfPage":{"@id":"https:\/\/prensalibre-com-develop.go-vip.co\/guatevision\/historico\/guatemala-sera-sede"},"wordCount":263,"commentCount":0,"publisher":{"@id":"https:\/\/prensalibre-com-develop.go-vip.co\/guatevision\/#organization"},"image":{"@id":"https:\/\/prensalibre-com-develop.go-vip.co\/guatevision\/historico\/guatemala-sera-sede#primaryimage"},"thumbnailUrl":"https:\/\/prensalibre-com-develop.go-vip.co\/guatevision\/wp-content\/uploads\/sites\/2\/2017\/11\/Esgrima-Florete-Guatemala-00.png","keywords":["Copa del Mundo de Florete","Deporte Guatemala","Esgrima","Guatemala"],"inLanguage":"es-GT","potentialAction":[{"@type":"CommentAction","name":"Comment","target":["https:\/\/prensalibre-com-develop.go-vip.co\/guatevision\/historico\/guatemala-sera-sede#respond"]}]},{"@type":"WebPage","@id":"https:\/\/prensalibre-com-develop.go-vip.co\/guatevision\/historico\/guatemala-sera-sede","url":"https:\/\/prensalibre-com-develop.go-vip.co\/guatevision\/historico\/guatemala-sera-sede","name":"Guatemala ser\u00e1 sede de la III Copa del Mundo Juvenil de Florete","isPartOf":{"@id":"https:\/\/prensalibre-com-develop.go-vip.co\/guatevision\/#website"},"primaryImageOfPage":{"@id":"https:\/\/prensalibre-com-develop.go-vip.co\/guatevision\/historico\/guatemala-sera-sede#primaryimage"},"image":{"@id":"https:\/\/prensalibre-com-develop.go-vip.co\/guatevision\/historico\/guatemala-sera-sede#primaryimage"},"thumbnailUrl":"https:\/\/prensalibre-com-develop.go-vip.co\/guatevision\/wp-content\/uploads\/sites\/2\/2017\/11\/Esgrima-Florete-Guatemala-00.png","datePublished":"2017-11-14T19:06:22+00:00","dateModified":"2017-11-14T19:06:22+00:00","description":"Guatemala organizar\u00e1 la tercera edici\u00f3n de la Copa del Mundo Juvenil de Florete en ambas ramas, seg\u00fan presentaci\u00f3n oficial.","inLanguage":"es-GT","potentialAction":[{"@type":"ReadAction","target":["https:\/\/prensalibre-com-develop.go-vip.co\/guatevision\/historico\/guatemala-sera-sede"]}]},{"@type":"ImageObject","inLanguage":"es-GT","@id":"https:\/\/prensalibre-com-develop.go-vip.co\/guatevision\/historico\/guatemala-sera-sede#primaryimage","url":"https:\/\/prensalibre-com-develop.go-vip.co\/guatevision\/wp-content\/uploads\/sites\/2\/2017\/11\/Esgrima-Florete-Guatemala-00.png","contentUrl":"https:\/\/prensalibre-com-develop.go-vip.co\/guatevision\/wp-content\/uploads\/sites\/2\/2017\/11\/Esgrima-Florete-Guatemala-00.png","width":660,"height":371,"caption":"Esgrima-Florete-Guatemala-02"},{"@type":"WebSite","@id":"https:\/\/prensalibre-com-develop.go-vip.co\/guatevision\/#website","url":"https:\/\/prensalibre-com-develop.go-vip.co\/guatevision\/","name":"Guatevision","description":"\u00a1Enciende Lo Bueno!","publisher":{"@id":"https:\/\/prensalibre-com-develop.go-vip.co\/guatevision\/#organization"},"potentialAction":[{"@type":"SearchAction","target":{"@type":"EntryPoint","urlTemplate":"https:\/\/prensalibre-com-develop.go-vip.co\/guatevision\/?s={search_term_string}"},"query-input":{"@type":"PropertyValueSpecification","valueRequired":true,"valueName":"search_term_string"}}],"inLanguage":"es-GT"},{"@type":"Organization","@id":"https:\/\/prensalibre-com-develop.go-vip.co\/guatevision\/#organization","name":"Guatevision","url":"https:\/\/prensalibre-com-develop.go-vip.co\/guatevision\/","logo":{"@type":"ImageObject","inLanguage":"es-GT","@id":"https:\/\/prensalibre-com-develop.go-vip.co\/guatevision\/#\/schema\/logo\/image\/","url":"https:\/\/prensalibre-com-develop.go-vip.co\/guatevision\/wp-content\/uploads\/sites\/2\/2026\/04\/Diseno-sin-titulo.png","contentUrl":"https:\/\/prensalibre-com-develop.go-vip.co\/guatevision\/wp-content\/uploads\/sites\/2\/2026\/04\/Diseno-sin-titulo.png","width":1000,"height":600,"caption":"Guatevision"},"image":{"@id":"https:\/\/prensalibre-com-develop.go-vip.co\/guatevision\/#\/schema\/logo\/image\/"}},{"@type":"Person","@id":"https:\/\/prensalibre-com-develop.go-vip.co\/guatevision\/#\/schema\/person\/5b34ef10da9eb6f366b1c186913efddd","name":"Manuel Hern\u00e1ndez May\u00e9n","image":{"@type":"ImageObject","inLanguage":"es-GT","@id":"https:\/\/prensalibre-com-develop.go-vip.co\/guatevision\/#\/schema\/person\/image\/433265d8a81413206f8dd780c513ffd7","url":"https:\/\/secure.gravatar.com\/avatar\/d6d67d029230e2c79470aabd3184418289f224c20a44e2beaa5864a18da50d01?s=96&d=mm&r=g","contentUrl":"https:\/\/secure.gravatar.com\/avatar\/d6d67d029230e2c79470aabd3184418289f224c20a44e2beaa5864a18da50d01?s=96&d=mm&r=g","caption":"Manuel Hern\u00e1ndez May\u00e9n"},"url":"https:\/\/prensalibre-com-develop.go-vip.co\/guatevision\/author\/mdhernandez"}]}},"jetpack_sharing_enabled":true,"jetpack_featured_media_url":"https:\/\/prensalibre-com-develop.go-vip.co\/guatevision\/wp-content\/uploads\/sites\/2\/2017\/11\/Esgrima-Florete-Guatemala-00.png","_links":{"self":[{"href":"https:\/\/prensalibre-com-develop.go-vip.co\/guatevision\/wp-json\/wp\/v2\/posts\/131905","targetHints":{"allow":["GET"]}}],"collection":[{"href":"https:\/\/prensalibre-com-develop.go-vip.co\/guatevision\/wp-json\/wp\/v2\/posts"}],"about":[{"href":"https:\/\/prensalibre-com-develop.go-vip.co\/guatevision\/wp-json\/wp\/v2\/types\/post"}],"author":[{"embeddable":true,"href":"https:\/\/prensalibre-com-develop.go-vip.co\/guatevision\/wp-json\/wp\/v2\/users\/71"}],"replies":[{"embeddable":true,"href":"https:\/\/prensalibre-com-develop.go-vip.co\/guatevision\/wp-json\/wp\/v2\/comments?post=131905"}],"version-history":[{"count":0,"href":"https:\/\/prensalibre-com-develop.go-vip.co\/guatevision\/wp-json\/wp\/v2\/posts\/131905\/revisions"}],"wp:featuredmedia":[{"embeddable":true,"href":"https:\/\/prensalibre-com-develop.go-vip.co\/guatevision\/wp-json\/wp\/v2\/media\/131909"}],"wp:attachment":[{"href":"https:\/\/prensalibre-com-develop.go-vip.co\/guatevision\/wp-json\/wp\/v2\/media?parent=131905"}],"wp:term":[{"taxonomy":"category","embeddable":true,"href":"https:\/\/prensalibre-com-develop.go-vip.co\/guatevision\/wp-json\/wp\/v2\/categories?post=131905"},{"taxonomy":"etiqueta","embeddable":true,"href":"https:\/\/prensalibre-com-develop.go-vip.co\/guatevision\/wp-json\/wp\/v2\/etiqueta?post=131905"}],"curies":[{"name":"wp","href":"https:\/\/api.w.org\/{rel}","templated":true}]}}