{"id":132139,"date":"2017-11-15T11:56:01","date_gmt":"2017-11-15T17:56:01","guid":{"rendered":"https:\/\/prensalibre-com-develop.go-vip.co\/guatevision\/?p=132139"},"modified":"2017-11-15T11:56:01","modified_gmt":"2017-11-15T17:56:01","slug":"gian-piero-ventura","status":"publish","type":"post","link":"https:\/\/prensalibre-com-develop.go-vip.co\/guatevision\/historico\/gian-piero-ventura","title":{"rendered":"Gian Piero Ventura deja de ser seleccionador italiano"},"content":{"rendered":"<p>Gian Piero Ventura fue cesado como seleccionador italiano despu\u00e9s de haber sido incapaz de clasificar a la tetracampeona del mundo para el Mundial de Rusia-2018, anunci\u00f3 este mi\u00e9rcoles la Federaci\u00f3n Italiana (FIGC).<\/p>\n\n<p>El veterano t\u00e9cnico, de 69 a\u00f1os, se hab\u00eda negado a dimitir, pero estaba sentenciado desde que Italia se qued\u00f3 fuera de un Mundial desde 1958 tras empatar a cero goles el lunes contra Suecia y no poder remontar el 1-0 logrado por los n\u00f3rdicos en la ida del repechaje europeo.<\/p>\n<p><em>&#8220;Ha partir de hoy, Gian Piero Ventura deja de ser seleccionador de Italia&#8221;<\/em>, indic\u00f3 la FIGC en un comunicado.<\/p>\n<p>&nbsp;<\/p>\n<h3>Ventura y sus conclusiones<\/h3>\n<p>La noticia del cese llega pocas horas despu\u00e9s de que Ventura presumiera de ser &#8220;uno de los mejores de los 40 \u00faltimos a\u00f1os&#8221; pese al fiasco de no haber clasificado a la Azzurra.<\/p>\n<p><em>&#8220;Mi balance es uno de los mejores de estos 40 \u00faltimos a\u00f1os. Solo he perdido dos partidos en dos a\u00f1os&#8221;<\/em>, espet\u00f3 el t\u00e9cnico preguntado en un avi\u00f3n por periodistas del programa sat\u00edrico &#8216;Las Hienas&#8217;.<\/p>\n<p>A los mandos de Ventura, Italia perdi\u00f3 en realidad tres partidos en 15 meses, frente a Francia en Bari (3-1), contra Espa\u00f1a en Madrid (3-0) y frente a Suecia en la repesca en Solna (1-0), ganando nueve encuentros y cosechando cuatro empates.<\/p>\n<p>Aunque sobre todo, no se clasific\u00f3 para el Mundial, algo que no ocurr\u00eda desde 1958. &#8220;Ser\u00e1 triste. \u00bfPero qu\u00e9 puedo hacer? Desgraciadamente, est\u00e1 hecho&#8221;, se\u00f1al\u00f3 Ventura, que tambi\u00e9n pidi\u00f3 &#8220;perd\u00f3n a los italianos por este resultado&#8221;.<\/p>\n<p>Seg\u00fan la prensa deportiva italiana, los dirigentes de la federaci\u00f3n esperan convencer a Carlo Ancelotti, libre tras haber sido cesado por el Bayern M\u00fanich, para tomar las riendas de la selecci\u00f3n.<\/p>\n<p>&nbsp;<\/p>\n<p>\u00a9 Agence France-Presse<\/p>\n","protected":false},"excerpt":{"rendered":"<p>El veterano t\u00e9cnico, de 69 a\u00f1os, se hab\u00eda negado a dimitir, pero estaba sentenciado desde que Italia se qued\u00f3 fuera de un Mundial desde 1958 tras empatar a cero goles el lunes contra Suecia y no poder remontar el 1-0 logrado por los n\u00f3rdicos en la ida del repechaje europeo.<\/p>\n","protected":false},"author":71,"featured_media":132141,"comment_status":"open","ping_status":"closed","sticky":false,"template":"","format":"standard","meta":{"_jetpack_newsletter_access":"","_jetpack_dont_email_post_to_subs":false,"_jetpack_newsletter_tier_id":0,"_jetpack_memberships_contains_paywalled_content":false,"_jetpack_memberships_contains_paid_content":false,"footnotes":"","jetpack_post_was_ever_published":false},"categories":[],"etiqueta":[],"class_list":["post-132139","post","type-post","status-publish","format-standard","has-post-thumbnail","hentry"],"yoast_head":"<!-- This site is optimized with the Yoast SEO plugin v23.9 - https:\/\/yoast.com\/wordpress\/plugins\/seo\/ -->\n<title>Gian Piero Ventura deja de ser seleccionador italiano (federaci\u00f3n)<\/title>\n<meta name=\"description\" content=\"Gian Piero Ventura fue cesado como seleccionador italiano despu\u00e9s de haber sido incapaz de clasificar a la tetracampeona del mundo al Mundial de Rusia-2018\" \/>\n<meta name=\"robots\" content=\"index, follow, max-snippet:-1, max-image-preview:large, max-video-preview:-1\" \/>\n<link rel=\"canonical\" href=\"https:\/\/prensalibre-com-develop.go-vip.co\/guatevision\/historico\/gian-piero-ventura\" \/>\n<meta property=\"og:locale\" content=\"es_ES\" \/>\n<meta property=\"og:type\" content=\"article\" \/>\n<meta property=\"og:title\" content=\"Gian Piero Ventura deja de ser seleccionador italiano (federaci\u00f3n)\" \/>\n<meta property=\"og:description\" content=\"Gian Piero Ventura fue cesado como seleccionador italiano despu\u00e9s de haber sido incapaz de clasificar a la tetracampeona del mundo al Mundial de Rusia-2018\" \/>\n<meta property=\"og:url\" content=\"https:\/\/prensalibre-com-develop.go-vip.co\/guatevision\/historico\/gian-piero-ventura\" \/>\n<meta property=\"og:site_name\" content=\"Guatevision\" \/>\n<meta property=\"article:published_time\" content=\"2017-11-15T17:56:01+00:00\" \/>\n<meta property=\"og:image\" content=\"https:\/\/prensalibre-com-develop.go-vip.co\/guatevision\/wp-content\/uploads\/sites\/2\/2017\/11\/Gian-Piero-Ventura-2017.png?quality=82\" \/>\n\t<meta property=\"og:image:width\" content=\"660\" \/>\n\t<meta property=\"og:image:height\" content=\"371\" \/>\n\t<meta property=\"og:image:type\" content=\"image\/png\" \/>\n<meta name=\"author\" content=\"Manuel Hern\u00e1ndez May\u00e9n\" \/>\n<meta name=\"twitter:card\" content=\"summary_large_image\" \/>\n<meta name=\"twitter:label1\" content=\"Written by\" \/>\n\t<meta name=\"twitter:data1\" content=\"Manuel Hern\u00e1ndez May\u00e9n\" \/>\n\t<meta name=\"twitter:label2\" content=\"Est. reading time\" \/>\n\t<meta name=\"twitter:data2\" content=\"2 minutes\" \/>\n<script type=\"application\/ld+json\" class=\"yoast-schema-graph\">{\"@context\":\"https:\/\/schema.org\",\"@graph\":[{\"@type\":\"Article\",\"@id\":\"https:\/\/prensalibre-com-develop.go-vip.co\/guatevision\/historico\/gian-piero-ventura#article\",\"isPartOf\":{\"@id\":\"https:\/\/prensalibre-com-develop.go-vip.co\/guatevision\/historico\/gian-piero-ventura\"},\"author\":{\"name\":\"Manuel Hern\u00e1ndez May\u00e9n\",\"@id\":\"https:\/\/prensalibre-com-develop.go-vip.co\/guatevision\/#\/schema\/person\/5b34ef10da9eb6f366b1c186913efddd\"},\"headline\":\"Gian Piero Ventura deja de ser seleccionador italiano\",\"datePublished\":\"2017-11-15T17:56:01+00:00\",\"dateModified\":\"2017-11-15T17:56:01+00:00\",\"mainEntityOfPage\":{\"@id\":\"https:\/\/prensalibre-com-develop.go-vip.co\/guatevision\/historico\/gian-piero-ventura\"},\"wordCount\":310,\"commentCount\":0,\"publisher\":{\"@id\":\"https:\/\/prensalibre-com-develop.go-vip.co\/guatevision\/#organization\"},\"image\":{\"@id\":\"https:\/\/prensalibre-com-develop.go-vip.co\/guatevision\/historico\/gian-piero-ventura#primaryimage\"},\"thumbnailUrl\":\"https:\/\/prensalibre-com-develop.go-vip.co\/guatevision\/wp-content\/uploads\/sites\/2\/2017\/11\/Gian-Piero-Ventura-2017.png\",\"keywords\":[\"F\u00fatbol Internacional\",\"Gian Piero Ventura\",\"Italia\"],\"inLanguage\":\"es-GT\",\"potentialAction\":[{\"@type\":\"CommentAction\",\"name\":\"Comment\",\"target\":[\"https:\/\/prensalibre-com-develop.go-vip.co\/guatevision\/historico\/gian-piero-ventura#respond\"]}]},{\"@type\":\"WebPage\",\"@id\":\"https:\/\/prensalibre-com-develop.go-vip.co\/guatevision\/historico\/gian-piero-ventura\",\"url\":\"https:\/\/prensalibre-com-develop.go-vip.co\/guatevision\/historico\/gian-piero-ventura\",\"name\":\"Gian Piero Ventura deja de ser seleccionador italiano (federaci\u00f3n)\",\"isPartOf\":{\"@id\":\"https:\/\/prensalibre-com-develop.go-vip.co\/guatevision\/#website\"},\"primaryImageOfPage\":{\"@id\":\"https:\/\/prensalibre-com-develop.go-vip.co\/guatevision\/historico\/gian-piero-ventura#primaryimage\"},\"image\":{\"@id\":\"https:\/\/prensalibre-com-develop.go-vip.co\/guatevision\/historico\/gian-piero-ventura#primaryimage\"},\"thumbnailUrl\":\"https:\/\/prensalibre-com-develop.go-vip.co\/guatevision\/wp-content\/uploads\/sites\/2\/2017\/11\/Gian-Piero-Ventura-2017.png\",\"datePublished\":\"2017-11-15T17:56:01+00:00\",\"dateModified\":\"2017-11-15T17:56:01+00:00\",\"description\":\"Gian Piero Ventura fue cesado como seleccionador italiano despu\u00e9s de haber sido incapaz de clasificar a la tetracampeona del mundo al Mundial de Rusia-2018\",\"inLanguage\":\"es-GT\",\"potentialAction\":[{\"@type\":\"ReadAction\",\"target\":[\"https:\/\/prensalibre-com-develop.go-vip.co\/guatevision\/historico\/gian-piero-ventura\"]}]},{\"@type\":\"ImageObject\",\"inLanguage\":\"es-GT\",\"@id\":\"https:\/\/prensalibre-com-develop.go-vip.co\/guatevision\/historico\/gian-piero-ventura#primaryimage\",\"url\":\"https:\/\/prensalibre-com-develop.go-vip.co\/guatevision\/wp-content\/uploads\/sites\/2\/2017\/11\/Gian-Piero-Ventura-2017.png\",\"contentUrl\":\"https:\/\/prensalibre-com-develop.go-vip.co\/guatevision\/wp-content\/uploads\/sites\/2\/2017\/11\/Gian-Piero-Ventura-2017.png\",\"width\":660,\"height\":371,\"caption\":\"Italy's national football team head coach Giampiero Ventura (L) and team captain Gianluigi Buffon address a press conference on the eve of the WC 2018 football qualification playoff match between Sweden and Italy in Solna, on November 9, 2017. Jonathan NACKSTRAND \/ AFP\"},{\"@type\":\"WebSite\",\"@id\":\"https:\/\/prensalibre-com-develop.go-vip.co\/guatevision\/#website\",\"url\":\"https:\/\/prensalibre-com-develop.go-vip.co\/guatevision\/\",\"name\":\"Guatevision\",\"description\":\"\u00a1Enciende Lo Bueno!\",\"publisher\":{\"@id\":\"https:\/\/prensalibre-com-develop.go-vip.co\/guatevision\/#organization\"},\"potentialAction\":[{\"@type\":\"SearchAction\",\"target\":{\"@type\":\"EntryPoint\",\"urlTemplate\":\"https:\/\/prensalibre-com-develop.go-vip.co\/guatevision\/?s={search_term_string}\"},\"query-input\":{\"@type\":\"PropertyValueSpecification\",\"valueRequired\":true,\"valueName\":\"search_term_string\"}}],\"inLanguage\":\"es-GT\"},{\"@type\":\"Organization\",\"@id\":\"https:\/\/prensalibre-com-develop.go-vip.co\/guatevision\/#organization\",\"name\":\"Guatevision\",\"url\":\"https:\/\/prensalibre-com-develop.go-vip.co\/guatevision\/\",\"logo\":{\"@type\":\"ImageObject\",\"inLanguage\":\"es-GT\",\"@id\":\"https:\/\/prensalibre-com-develop.go-vip.co\/guatevision\/#\/schema\/logo\/image\/\",\"url\":\"https:\/\/prensalibre-com-develop.go-vip.co\/guatevision\/wp-content\/uploads\/sites\/2\/2026\/04\/Diseno-sin-titulo.png\",\"contentUrl\":\"https:\/\/prensalibre-com-develop.go-vip.co\/guatevision\/wp-content\/uploads\/sites\/2\/2026\/04\/Diseno-sin-titulo.png\",\"width\":1000,\"height\":600,\"caption\":\"Guatevision\"},\"image\":{\"@id\":\"https:\/\/prensalibre-com-develop.go-vip.co\/guatevision\/#\/schema\/logo\/image\/\"}},{\"@type\":\"Person\",\"@id\":\"https:\/\/prensalibre-com-develop.go-vip.co\/guatevision\/#\/schema\/person\/5b34ef10da9eb6f366b1c186913efddd\",\"name\":\"Manuel Hern\u00e1ndez May\u00e9n\",\"image\":{\"@type\":\"ImageObject\",\"inLanguage\":\"es-GT\",\"@id\":\"https:\/\/prensalibre-com-develop.go-vip.co\/guatevision\/#\/schema\/person\/image\/433265d8a81413206f8dd780c513ffd7\",\"url\":\"https:\/\/secure.gravatar.com\/avatar\/d6d67d029230e2c79470aabd3184418289f224c20a44e2beaa5864a18da50d01?s=96&d=mm&r=g\",\"contentUrl\":\"https:\/\/secure.gravatar.com\/avatar\/d6d67d029230e2c79470aabd3184418289f224c20a44e2beaa5864a18da50d01?s=96&d=mm&r=g\",\"caption\":\"Manuel Hern\u00e1ndez May\u00e9n\"},\"url\":\"https:\/\/prensalibre-com-develop.go-vip.co\/guatevision\/author\/mdhernandez\"}]}<\/script>\n<!-- \/ Yoast SEO plugin. -->","yoast_head_json":{"title":"Gian Piero Ventura deja de ser seleccionador italiano (federaci\u00f3n)","description":"Gian Piero Ventura fue cesado como seleccionador italiano despu\u00e9s de haber sido incapaz de clasificar a la tetracampeona del mundo al Mundial de Rusia-2018","robots":{"index":"index","follow":"follow","max-snippet":"max-snippet:-1","max-image-preview":"max-image-preview:large","max-video-preview":"max-video-preview:-1"},"canonical":"https:\/\/prensalibre-com-develop.go-vip.co\/guatevision\/historico\/gian-piero-ventura","og_locale":"es_ES","og_type":"article","og_title":"Gian Piero Ventura deja de ser seleccionador italiano (federaci\u00f3n)","og_description":"Gian Piero Ventura fue cesado como seleccionador italiano despu\u00e9s de haber sido incapaz de clasificar a la tetracampeona del mundo al Mundial de Rusia-2018","og_url":"https:\/\/prensalibre-com-develop.go-vip.co\/guatevision\/historico\/gian-piero-ventura","og_site_name":"Guatevision","article_published_time":"2017-11-15T17:56:01+00:00","og_image":[{"width":660,"height":371,"url":"https:\/\/prensalibre-com-develop.go-vip.co\/guatevision\/wp-content\/uploads\/sites\/2\/2017\/11\/Gian-Piero-Ventura-2017.png?quality=82","type":"image\/png"}],"author":"Manuel Hern\u00e1ndez May\u00e9n","twitter_card":"summary_large_image","twitter_misc":{"Written by":"Manuel Hern\u00e1ndez May\u00e9n","Est. reading time":"2 minutes"},"schema":{"@context":"https:\/\/schema.org","@graph":[{"@type":"Article","@id":"https:\/\/prensalibre-com-develop.go-vip.co\/guatevision\/historico\/gian-piero-ventura#article","isPartOf":{"@id":"https:\/\/prensalibre-com-develop.go-vip.co\/guatevision\/historico\/gian-piero-ventura"},"author":{"name":"Manuel Hern\u00e1ndez May\u00e9n","@id":"https:\/\/prensalibre-com-develop.go-vip.co\/guatevision\/#\/schema\/person\/5b34ef10da9eb6f366b1c186913efddd"},"headline":"Gian Piero Ventura deja de ser seleccionador italiano","datePublished":"2017-11-15T17:56:01+00:00","dateModified":"2017-11-15T17:56:01+00:00","mainEntityOfPage":{"@id":"https:\/\/prensalibre-com-develop.go-vip.co\/guatevision\/historico\/gian-piero-ventura"},"wordCount":310,"commentCount":0,"publisher":{"@id":"https:\/\/prensalibre-com-develop.go-vip.co\/guatevision\/#organization"},"image":{"@id":"https:\/\/prensalibre-com-develop.go-vip.co\/guatevision\/historico\/gian-piero-ventura#primaryimage"},"thumbnailUrl":"https:\/\/prensalibre-com-develop.go-vip.co\/guatevision\/wp-content\/uploads\/sites\/2\/2017\/11\/Gian-Piero-Ventura-2017.png","keywords":["F\u00fatbol Internacional","Gian Piero Ventura","Italia"],"inLanguage":"es-GT","potentialAction":[{"@type":"CommentAction","name":"Comment","target":["https:\/\/prensalibre-com-develop.go-vip.co\/guatevision\/historico\/gian-piero-ventura#respond"]}]},{"@type":"WebPage","@id":"https:\/\/prensalibre-com-develop.go-vip.co\/guatevision\/historico\/gian-piero-ventura","url":"https:\/\/prensalibre-com-develop.go-vip.co\/guatevision\/historico\/gian-piero-ventura","name":"Gian Piero Ventura deja de ser seleccionador italiano (federaci\u00f3n)","isPartOf":{"@id":"https:\/\/prensalibre-com-develop.go-vip.co\/guatevision\/#website"},"primaryImageOfPage":{"@id":"https:\/\/prensalibre-com-develop.go-vip.co\/guatevision\/historico\/gian-piero-ventura#primaryimage"},"image":{"@id":"https:\/\/prensalibre-com-develop.go-vip.co\/guatevision\/historico\/gian-piero-ventura#primaryimage"},"thumbnailUrl":"https:\/\/prensalibre-com-develop.go-vip.co\/guatevision\/wp-content\/uploads\/sites\/2\/2017\/11\/Gian-Piero-Ventura-2017.png","datePublished":"2017-11-15T17:56:01+00:00","dateModified":"2017-11-15T17:56:01+00:00","description":"Gian Piero Ventura fue cesado como seleccionador italiano despu\u00e9s de haber sido incapaz de clasificar a la tetracampeona del mundo al Mundial de Rusia-2018","inLanguage":"es-GT","potentialAction":[{"@type":"ReadAction","target":["https:\/\/prensalibre-com-develop.go-vip.co\/guatevision\/historico\/gian-piero-ventura"]}]},{"@type":"ImageObject","inLanguage":"es-GT","@id":"https:\/\/prensalibre-com-develop.go-vip.co\/guatevision\/historico\/gian-piero-ventura#primaryimage","url":"https:\/\/prensalibre-com-develop.go-vip.co\/guatevision\/wp-content\/uploads\/sites\/2\/2017\/11\/Gian-Piero-Ventura-2017.png","contentUrl":"https:\/\/prensalibre-com-develop.go-vip.co\/guatevision\/wp-content\/uploads\/sites\/2\/2017\/11\/Gian-Piero-Ventura-2017.png","width":660,"height":371,"caption":"Italy's national football team head coach Giampiero Ventura (L) and team captain Gianluigi Buffon address a press conference on the eve of the WC 2018 football qualification playoff match between Sweden and Italy in Solna, on November 9, 2017. Jonathan NACKSTRAND \/ AFP"},{"@type":"WebSite","@id":"https:\/\/prensalibre-com-develop.go-vip.co\/guatevision\/#website","url":"https:\/\/prensalibre-com-develop.go-vip.co\/guatevision\/","name":"Guatevision","description":"\u00a1Enciende Lo Bueno!","publisher":{"@id":"https:\/\/prensalibre-com-develop.go-vip.co\/guatevision\/#organization"},"potentialAction":[{"@type":"SearchAction","target":{"@type":"EntryPoint","urlTemplate":"https:\/\/prensalibre-com-develop.go-vip.co\/guatevision\/?s={search_term_string}"},"query-input":{"@type":"PropertyValueSpecification","valueRequired":true,"valueName":"search_term_string"}}],"inLanguage":"es-GT"},{"@type":"Organization","@id":"https:\/\/prensalibre-com-develop.go-vip.co\/guatevision\/#organization","name":"Guatevision","url":"https:\/\/prensalibre-com-develop.go-vip.co\/guatevision\/","logo":{"@type":"ImageObject","inLanguage":"es-GT","@id":"https:\/\/prensalibre-com-develop.go-vip.co\/guatevision\/#\/schema\/logo\/image\/","url":"https:\/\/prensalibre-com-develop.go-vip.co\/guatevision\/wp-content\/uploads\/sites\/2\/2026\/04\/Diseno-sin-titulo.png","contentUrl":"https:\/\/prensalibre-com-develop.go-vip.co\/guatevision\/wp-content\/uploads\/sites\/2\/2026\/04\/Diseno-sin-titulo.png","width":1000,"height":600,"caption":"Guatevision"},"image":{"@id":"https:\/\/prensalibre-com-develop.go-vip.co\/guatevision\/#\/schema\/logo\/image\/"}},{"@type":"Person","@id":"https:\/\/prensalibre-com-develop.go-vip.co\/guatevision\/#\/schema\/person\/5b34ef10da9eb6f366b1c186913efddd","name":"Manuel Hern\u00e1ndez May\u00e9n","image":{"@type":"ImageObject","inLanguage":"es-GT","@id":"https:\/\/prensalibre-com-develop.go-vip.co\/guatevision\/#\/schema\/person\/image\/433265d8a81413206f8dd780c513ffd7","url":"https:\/\/secure.gravatar.com\/avatar\/d6d67d029230e2c79470aabd3184418289f224c20a44e2beaa5864a18da50d01?s=96&d=mm&r=g","contentUrl":"https:\/\/secure.gravatar.com\/avatar\/d6d67d029230e2c79470aabd3184418289f224c20a44e2beaa5864a18da50d01?s=96&d=mm&r=g","caption":"Manuel Hern\u00e1ndez May\u00e9n"},"url":"https:\/\/prensalibre-com-develop.go-vip.co\/guatevision\/author\/mdhernandez"}]}},"jetpack_sharing_enabled":true,"jetpack_featured_media_url":"https:\/\/prensalibre-com-develop.go-vip.co\/guatevision\/wp-content\/uploads\/sites\/2\/2017\/11\/Gian-Piero-Ventura-2017.png","_links":{"self":[{"href":"https:\/\/prensalibre-com-develop.go-vip.co\/guatevision\/wp-json\/wp\/v2\/posts\/132139","targetHints":{"allow":["GET"]}}],"collection":[{"href":"https:\/\/prensalibre-com-develop.go-vip.co\/guatevision\/wp-json\/wp\/v2\/posts"}],"about":[{"href":"https:\/\/prensalibre-com-develop.go-vip.co\/guatevision\/wp-json\/wp\/v2\/types\/post"}],"author":[{"embeddable":true,"href":"https:\/\/prensalibre-com-develop.go-vip.co\/guatevision\/wp-json\/wp\/v2\/users\/71"}],"replies":[{"embeddable":true,"href":"https:\/\/prensalibre-com-develop.go-vip.co\/guatevision\/wp-json\/wp\/v2\/comments?post=132139"}],"version-history":[{"count":0,"href":"https:\/\/prensalibre-com-develop.go-vip.co\/guatevision\/wp-json\/wp\/v2\/posts\/132139\/revisions"}],"wp:featuredmedia":[{"embeddable":true,"href":"https:\/\/prensalibre-com-develop.go-vip.co\/guatevision\/wp-json\/wp\/v2\/media\/132141"}],"wp:attachment":[{"href":"https:\/\/prensalibre-com-develop.go-vip.co\/guatevision\/wp-json\/wp\/v2\/media?parent=132139"}],"wp:term":[{"taxonomy":"category","embeddable":true,"href":"https:\/\/prensalibre-com-develop.go-vip.co\/guatevision\/wp-json\/wp\/v2\/categories?post=132139"},{"taxonomy":"etiqueta","embeddable":true,"href":"https:\/\/prensalibre-com-develop.go-vip.co\/guatevision\/wp-json\/wp\/v2\/etiqueta?post=132139"}],"curies":[{"name":"wp","href":"https:\/\/api.w.org\/{rel}","templated":true}]}}