{"id":132254,"date":"2017-11-16T09:40:59","date_gmt":"2017-11-16T15:40:59","guid":{"rendered":"https:\/\/prensalibre-com-develop.go-vip.co\/guatevision\/?p=132254"},"modified":"2017-11-15T18:29:41","modified_gmt":"2017-11-16T00:29:41","slug":"la-liga-utilizara","status":"publish","type":"post","link":"https:\/\/prensalibre-com-develop.go-vip.co\/guatevision\/historico\/la-liga-utilizara","title":{"rendered":"La Liga utilizar\u00e1 el videoarbitraje la pr\u00f3xima temporada"},"content":{"rendered":"<p>El videoarbitraje (VAR) empezar\u00e1 a utilizarse en la Primera Divisi\u00f3n de la Liga espa\u00f1ola la pr\u00f3xima temporada, confirm\u00f3\u00a0 el presidente de los \u00e1rbitros espa\u00f1oles, Victoriano S\u00e1nchez Arminio, en una carta a los colegiados de la divisi\u00f3n de honor espa\u00f1ola.<\/p>\n\n<p><em>&#8220;El Presidente del Comit\u00e9 T\u00e9cnico de \u00c1rbitros, D. Victoriano S\u00e1nchez Arminio, ha comunicado a la totalidad de \u00e1rbitros y \u00e1rbitros asistentes de Primera Divisi\u00f3n, que la pr\u00f3xima temporada se implantar\u00e1 el VAR en el campeonato nacional liguero&#8221;<\/em>, afirm\u00f3 la Federaci\u00f3n Espa\u00f1ola de F\u00fatbol (RFEF) en un comunicado.<\/p>\n<p>S\u00e1nchez Arminio a\u00f1adi\u00f3 en su misiva que <em>&#8220;las pruebas exigidas por la\u00a0International Football Association Board para la puesta\u00a0 en funcionamiento del sistema VAR, se iniciar\u00e1n\u00a0pr\u00f3ximamente&#8221;<\/em>.<\/p>\n<h3>La Liga se suma en 2018<\/h3>\n<p>La carta del presidente de los \u00e1rbitros espa\u00f1oles llega despu\u00e9s que el presidente de la Liga espa\u00f1ola, Javier Tebas, afirmara el martes que el VAR empezar\u00e1 a utilizarse en la temporada 2018\/2019 en el campeonato espa\u00f1ol.<\/p>\n<p>El VAR, desde principios de temporada en la liga italiana y en la alemana, se utiliza en casos muy concretos: para sacar o no una tarjeta roja, analizar una situaci\u00f3n de penal o corregir un error de identificaci\u00f3n de un jugador sancionado.<\/p>\n<p>El pasado 26 de octubre, el presidente en funciones de la RFEF, Juan Luis Larrea, afirm\u00f3 que esta temporada se llevar\u00edan a cabo experimentos oficiosos en unos 70 partidos.<\/p>\n<p>La Liga espa\u00f1ola es la \u00fanica de los cinco grandes campeonatos europeos (Espa\u00f1a, Inglaterra, Alemania, Italia y Francia) que no tiene siquiera tecnolog\u00eda en la l\u00ednea de gol, oficialmente debido a su coste.<\/p>\n<p>&nbsp;<\/p>\n<p>\u00a9 Agence France-Presse<\/p>\n","protected":false},"excerpt":{"rendered":"<p>El pasado 26 de octubre, el presidente en funciones de la RFEF, Juan Luis Larrea, afirm\u00f3 que esta temporada se llevar\u00edan a cabo experimentos oficiosos en unos 70 partidos.<\/p>\n","protected":false},"author":71,"featured_media":123759,"comment_status":"open","ping_status":"closed","sticky":false,"template":"","format":"standard","meta":{"_jetpack_newsletter_access":"","_jetpack_dont_email_post_to_subs":false,"_jetpack_newsletter_tier_id":0,"_jetpack_memberships_contains_paywalled_content":false,"_jetpack_memberships_contains_paid_content":false,"footnotes":"","jetpack_post_was_ever_published":false},"categories":[],"etiqueta":[],"class_list":["post-132254","post","type-post","status-publish","format-standard","has-post-thumbnail","hentry"],"yoast_head":"<!-- This site is optimized with the Yoast SEO plugin v23.9 - https:\/\/yoast.com\/wordpress\/plugins\/seo\/ -->\n<title>La Liga utilizar\u00e1 el videoarbitraje la pr\u00f3xima temporada<\/title>\n<meta name=\"description\" content=\"El videoarbitraje (VAR) empezar\u00e1 a utilizarse en la Primera Divisi\u00f3n de la Liga espa\u00f1ola la pr\u00f3xima temporada, confirm\u00f3 el presidente de los \u00e1rbitros\" \/>\n<meta name=\"robots\" content=\"index, follow, max-snippet:-1, max-image-preview:large, max-video-preview:-1\" \/>\n<link rel=\"canonical\" href=\"https:\/\/prensalibre-com-develop.go-vip.co\/guatevision\/historico\/la-liga-utilizara\" \/>\n<meta property=\"og:locale\" content=\"es_ES\" \/>\n<meta property=\"og:type\" content=\"article\" \/>\n<meta property=\"og:title\" content=\"La Liga utilizar\u00e1 el videoarbitraje la pr\u00f3xima temporada\" \/>\n<meta property=\"og:description\" content=\"El videoarbitraje (VAR) empezar\u00e1 a utilizarse en la Primera Divisi\u00f3n de la Liga espa\u00f1ola la pr\u00f3xima temporada, confirm\u00f3 el presidente de los \u00e1rbitros\" \/>\n<meta property=\"og:url\" content=\"https:\/\/prensalibre-com-develop.go-vip.co\/guatevision\/historico\/la-liga-utilizara\" \/>\n<meta property=\"og:site_name\" content=\"Guatevision\" \/>\n<meta property=\"article:published_time\" content=\"2017-11-16T15:40:59+00:00\" \/>\n<meta property=\"article:modified_time\" content=\"2017-11-16T00:29:41+00:00\" \/>\n<meta property=\"og:image\" content=\"https:\/\/prensalibre-com-develop.go-vip.co\/guatevision\/wp-content\/uploads\/sites\/2\/2017\/10\/Captura-de-pantalla-2017-10-12-a-las-17.14.15-e1507850096456.png?quality=82\" \/>\n\t<meta property=\"og:image:width\" content=\"660\" \/>\n\t<meta property=\"og:image:height\" content=\"339\" \/>\n\t<meta property=\"og:image:type\" content=\"image\/png\" \/>\n<meta name=\"author\" content=\"Manuel Hern\u00e1ndez May\u00e9n\" \/>\n<meta name=\"twitter:card\" content=\"summary_large_image\" \/>\n<meta name=\"twitter:label1\" content=\"Written by\" \/>\n\t<meta name=\"twitter:data1\" content=\"Manuel Hern\u00e1ndez May\u00e9n\" \/>\n\t<meta name=\"twitter:label2\" content=\"Est. reading time\" \/>\n\t<meta name=\"twitter:data2\" content=\"1 minute\" \/>\n<script type=\"application\/ld+json\" class=\"yoast-schema-graph\">{\"@context\":\"https:\/\/schema.org\",\"@graph\":[{\"@type\":\"Article\",\"@id\":\"https:\/\/prensalibre-com-develop.go-vip.co\/guatevision\/historico\/la-liga-utilizara#article\",\"isPartOf\":{\"@id\":\"https:\/\/prensalibre-com-develop.go-vip.co\/guatevision\/historico\/la-liga-utilizara\"},\"author\":{\"name\":\"Manuel Hern\u00e1ndez May\u00e9n\",\"@id\":\"https:\/\/prensalibre-com-develop.go-vip.co\/guatevision\/#\/schema\/person\/5b34ef10da9eb6f366b1c186913efddd\"},\"headline\":\"La Liga utilizar\u00e1 el videoarbitraje la pr\u00f3xima temporada\",\"datePublished\":\"2017-11-16T15:40:59+00:00\",\"dateModified\":\"2017-11-16T00:29:41+00:00\",\"mainEntityOfPage\":{\"@id\":\"https:\/\/prensalibre-com-develop.go-vip.co\/guatevision\/historico\/la-liga-utilizara\"},\"wordCount\":296,\"commentCount\":0,\"publisher\":{\"@id\":\"https:\/\/prensalibre-com-develop.go-vip.co\/guatevision\/#organization\"},\"image\":{\"@id\":\"https:\/\/prensalibre-com-develop.go-vip.co\/guatevision\/historico\/la-liga-utilizara#primaryimage\"},\"thumbnailUrl\":\"https:\/\/prensalibre-com-develop.go-vip.co\/guatevision\/wp-content\/uploads\/sites\/2\/2017\/10\/Captura-de-pantalla-2017-10-12-a-las-17.14.15-e1507850096456.png\",\"inLanguage\":\"es-GT\",\"potentialAction\":[{\"@type\":\"CommentAction\",\"name\":\"Comment\",\"target\":[\"https:\/\/prensalibre-com-develop.go-vip.co\/guatevision\/historico\/la-liga-utilizara#respond\"]}]},{\"@type\":\"WebPage\",\"@id\":\"https:\/\/prensalibre-com-develop.go-vip.co\/guatevision\/historico\/la-liga-utilizara\",\"url\":\"https:\/\/prensalibre-com-develop.go-vip.co\/guatevision\/historico\/la-liga-utilizara\",\"name\":\"La Liga utilizar\u00e1 el videoarbitraje la pr\u00f3xima temporada\",\"isPartOf\":{\"@id\":\"https:\/\/prensalibre-com-develop.go-vip.co\/guatevision\/#website\"},\"primaryImageOfPage\":{\"@id\":\"https:\/\/prensalibre-com-develop.go-vip.co\/guatevision\/historico\/la-liga-utilizara#primaryimage\"},\"image\":{\"@id\":\"https:\/\/prensalibre-com-develop.go-vip.co\/guatevision\/historico\/la-liga-utilizara#primaryimage\"},\"thumbnailUrl\":\"https:\/\/prensalibre-com-develop.go-vip.co\/guatevision\/wp-content\/uploads\/sites\/2\/2017\/10\/Captura-de-pantalla-2017-10-12-a-las-17.14.15-e1507850096456.png\",\"datePublished\":\"2017-11-16T15:40:59+00:00\",\"dateModified\":\"2017-11-16T00:29:41+00:00\",\"description\":\"El videoarbitraje (VAR) empezar\u00e1 a utilizarse en la Primera Divisi\u00f3n de la Liga espa\u00f1ola la pr\u00f3xima temporada, confirm\u00f3 el presidente de los \u00e1rbitros\",\"inLanguage\":\"es-GT\",\"potentialAction\":[{\"@type\":\"ReadAction\",\"target\":[\"https:\/\/prensalibre-com-develop.go-vip.co\/guatevision\/historico\/la-liga-utilizara\"]}]},{\"@type\":\"ImageObject\",\"inLanguage\":\"es-GT\",\"@id\":\"https:\/\/prensalibre-com-develop.go-vip.co\/guatevision\/historico\/la-liga-utilizara#primaryimage\",\"url\":\"https:\/\/prensalibre-com-develop.go-vip.co\/guatevision\/wp-content\/uploads\/sites\/2\/2017\/10\/Captura-de-pantalla-2017-10-12-a-las-17.14.15-e1507850096456.png\",\"contentUrl\":\"https:\/\/prensalibre-com-develop.go-vip.co\/guatevision\/wp-content\/uploads\/sites\/2\/2017\/10\/Captura-de-pantalla-2017-10-12-a-las-17.14.15-e1507850096456.png\",\"width\":660,\"height\":339,\"caption\":\"Podr\u00eda implementarse en el pr\u00f3ximo mundial\"},{\"@type\":\"WebSite\",\"@id\":\"https:\/\/prensalibre-com-develop.go-vip.co\/guatevision\/#website\",\"url\":\"https:\/\/prensalibre-com-develop.go-vip.co\/guatevision\/\",\"name\":\"Guatevision\",\"description\":\"\u00a1Enciende Lo Bueno!\",\"publisher\":{\"@id\":\"https:\/\/prensalibre-com-develop.go-vip.co\/guatevision\/#organization\"},\"potentialAction\":[{\"@type\":\"SearchAction\",\"target\":{\"@type\":\"EntryPoint\",\"urlTemplate\":\"https:\/\/prensalibre-com-develop.go-vip.co\/guatevision\/?s={search_term_string}\"},\"query-input\":{\"@type\":\"PropertyValueSpecification\",\"valueRequired\":true,\"valueName\":\"search_term_string\"}}],\"inLanguage\":\"es-GT\"},{\"@type\":\"Organization\",\"@id\":\"https:\/\/prensalibre-com-develop.go-vip.co\/guatevision\/#organization\",\"name\":\"Guatevision\",\"url\":\"https:\/\/prensalibre-com-develop.go-vip.co\/guatevision\/\",\"logo\":{\"@type\":\"ImageObject\",\"inLanguage\":\"es-GT\",\"@id\":\"https:\/\/prensalibre-com-develop.go-vip.co\/guatevision\/#\/schema\/logo\/image\/\",\"url\":\"https:\/\/prensalibre-com-develop.go-vip.co\/guatevision\/wp-content\/uploads\/sites\/2\/2026\/04\/Diseno-sin-titulo.png\",\"contentUrl\":\"https:\/\/prensalibre-com-develop.go-vip.co\/guatevision\/wp-content\/uploads\/sites\/2\/2026\/04\/Diseno-sin-titulo.png\",\"width\":1000,\"height\":600,\"caption\":\"Guatevision\"},\"image\":{\"@id\":\"https:\/\/prensalibre-com-develop.go-vip.co\/guatevision\/#\/schema\/logo\/image\/\"}},{\"@type\":\"Person\",\"@id\":\"https:\/\/prensalibre-com-develop.go-vip.co\/guatevision\/#\/schema\/person\/5b34ef10da9eb6f366b1c186913efddd\",\"name\":\"Manuel Hern\u00e1ndez May\u00e9n\",\"image\":{\"@type\":\"ImageObject\",\"inLanguage\":\"es-GT\",\"@id\":\"https:\/\/prensalibre-com-develop.go-vip.co\/guatevision\/#\/schema\/person\/image\/433265d8a81413206f8dd780c513ffd7\",\"url\":\"https:\/\/secure.gravatar.com\/avatar\/d6d67d029230e2c79470aabd3184418289f224c20a44e2beaa5864a18da50d01?s=96&d=mm&r=g\",\"contentUrl\":\"https:\/\/secure.gravatar.com\/avatar\/d6d67d029230e2c79470aabd3184418289f224c20a44e2beaa5864a18da50d01?s=96&d=mm&r=g\",\"caption\":\"Manuel Hern\u00e1ndez May\u00e9n\"},\"url\":\"https:\/\/prensalibre-com-develop.go-vip.co\/guatevision\/author\/mdhernandez\"}]}<\/script>\n<!-- \/ Yoast SEO plugin. -->","yoast_head_json":{"title":"La Liga utilizar\u00e1 el videoarbitraje la pr\u00f3xima temporada","description":"El videoarbitraje (VAR) empezar\u00e1 a utilizarse en la Primera Divisi\u00f3n de la Liga espa\u00f1ola la pr\u00f3xima temporada, confirm\u00f3 el presidente de los \u00e1rbitros","robots":{"index":"index","follow":"follow","max-snippet":"max-snippet:-1","max-image-preview":"max-image-preview:large","max-video-preview":"max-video-preview:-1"},"canonical":"https:\/\/prensalibre-com-develop.go-vip.co\/guatevision\/historico\/la-liga-utilizara","og_locale":"es_ES","og_type":"article","og_title":"La Liga utilizar\u00e1 el videoarbitraje la pr\u00f3xima temporada","og_description":"El videoarbitraje (VAR) empezar\u00e1 a utilizarse en la Primera Divisi\u00f3n de la Liga espa\u00f1ola la pr\u00f3xima temporada, confirm\u00f3 el presidente de los \u00e1rbitros","og_url":"https:\/\/prensalibre-com-develop.go-vip.co\/guatevision\/historico\/la-liga-utilizara","og_site_name":"Guatevision","article_published_time":"2017-11-16T15:40:59+00:00","article_modified_time":"2017-11-16T00:29:41+00:00","og_image":[{"width":660,"height":339,"url":"https:\/\/prensalibre-com-develop.go-vip.co\/guatevision\/wp-content\/uploads\/sites\/2\/2017\/10\/Captura-de-pantalla-2017-10-12-a-las-17.14.15-e1507850096456.png?quality=82","type":"image\/png"}],"author":"Manuel Hern\u00e1ndez May\u00e9n","twitter_card":"summary_large_image","twitter_misc":{"Written by":"Manuel Hern\u00e1ndez May\u00e9n","Est. reading time":"1 minute"},"schema":{"@context":"https:\/\/schema.org","@graph":[{"@type":"Article","@id":"https:\/\/prensalibre-com-develop.go-vip.co\/guatevision\/historico\/la-liga-utilizara#article","isPartOf":{"@id":"https:\/\/prensalibre-com-develop.go-vip.co\/guatevision\/historico\/la-liga-utilizara"},"author":{"name":"Manuel Hern\u00e1ndez May\u00e9n","@id":"https:\/\/prensalibre-com-develop.go-vip.co\/guatevision\/#\/schema\/person\/5b34ef10da9eb6f366b1c186913efddd"},"headline":"La Liga utilizar\u00e1 el videoarbitraje la pr\u00f3xima temporada","datePublished":"2017-11-16T15:40:59+00:00","dateModified":"2017-11-16T00:29:41+00:00","mainEntityOfPage":{"@id":"https:\/\/prensalibre-com-develop.go-vip.co\/guatevision\/historico\/la-liga-utilizara"},"wordCount":296,"commentCount":0,"publisher":{"@id":"https:\/\/prensalibre-com-develop.go-vip.co\/guatevision\/#organization"},"image":{"@id":"https:\/\/prensalibre-com-develop.go-vip.co\/guatevision\/historico\/la-liga-utilizara#primaryimage"},"thumbnailUrl":"https:\/\/prensalibre-com-develop.go-vip.co\/guatevision\/wp-content\/uploads\/sites\/2\/2017\/10\/Captura-de-pantalla-2017-10-12-a-las-17.14.15-e1507850096456.png","inLanguage":"es-GT","potentialAction":[{"@type":"CommentAction","name":"Comment","target":["https:\/\/prensalibre-com-develop.go-vip.co\/guatevision\/historico\/la-liga-utilizara#respond"]}]},{"@type":"WebPage","@id":"https:\/\/prensalibre-com-develop.go-vip.co\/guatevision\/historico\/la-liga-utilizara","url":"https:\/\/prensalibre-com-develop.go-vip.co\/guatevision\/historico\/la-liga-utilizara","name":"La Liga utilizar\u00e1 el videoarbitraje la pr\u00f3xima temporada","isPartOf":{"@id":"https:\/\/prensalibre-com-develop.go-vip.co\/guatevision\/#website"},"primaryImageOfPage":{"@id":"https:\/\/prensalibre-com-develop.go-vip.co\/guatevision\/historico\/la-liga-utilizara#primaryimage"},"image":{"@id":"https:\/\/prensalibre-com-develop.go-vip.co\/guatevision\/historico\/la-liga-utilizara#primaryimage"},"thumbnailUrl":"https:\/\/prensalibre-com-develop.go-vip.co\/guatevision\/wp-content\/uploads\/sites\/2\/2017\/10\/Captura-de-pantalla-2017-10-12-a-las-17.14.15-e1507850096456.png","datePublished":"2017-11-16T15:40:59+00:00","dateModified":"2017-11-16T00:29:41+00:00","description":"El videoarbitraje (VAR) empezar\u00e1 a utilizarse en la Primera Divisi\u00f3n de la Liga espa\u00f1ola la pr\u00f3xima temporada, confirm\u00f3 el presidente de los \u00e1rbitros","inLanguage":"es-GT","potentialAction":[{"@type":"ReadAction","target":["https:\/\/prensalibre-com-develop.go-vip.co\/guatevision\/historico\/la-liga-utilizara"]}]},{"@type":"ImageObject","inLanguage":"es-GT","@id":"https:\/\/prensalibre-com-develop.go-vip.co\/guatevision\/historico\/la-liga-utilizara#primaryimage","url":"https:\/\/prensalibre-com-develop.go-vip.co\/guatevision\/wp-content\/uploads\/sites\/2\/2017\/10\/Captura-de-pantalla-2017-10-12-a-las-17.14.15-e1507850096456.png","contentUrl":"https:\/\/prensalibre-com-develop.go-vip.co\/guatevision\/wp-content\/uploads\/sites\/2\/2017\/10\/Captura-de-pantalla-2017-10-12-a-las-17.14.15-e1507850096456.png","width":660,"height":339,"caption":"Podr\u00eda implementarse en el pr\u00f3ximo mundial"},{"@type":"WebSite","@id":"https:\/\/prensalibre-com-develop.go-vip.co\/guatevision\/#website","url":"https:\/\/prensalibre-com-develop.go-vip.co\/guatevision\/","name":"Guatevision","description":"\u00a1Enciende Lo Bueno!","publisher":{"@id":"https:\/\/prensalibre-com-develop.go-vip.co\/guatevision\/#organization"},"potentialAction":[{"@type":"SearchAction","target":{"@type":"EntryPoint","urlTemplate":"https:\/\/prensalibre-com-develop.go-vip.co\/guatevision\/?s={search_term_string}"},"query-input":{"@type":"PropertyValueSpecification","valueRequired":true,"valueName":"search_term_string"}}],"inLanguage":"es-GT"},{"@type":"Organization","@id":"https:\/\/prensalibre-com-develop.go-vip.co\/guatevision\/#organization","name":"Guatevision","url":"https:\/\/prensalibre-com-develop.go-vip.co\/guatevision\/","logo":{"@type":"ImageObject","inLanguage":"es-GT","@id":"https:\/\/prensalibre-com-develop.go-vip.co\/guatevision\/#\/schema\/logo\/image\/","url":"https:\/\/prensalibre-com-develop.go-vip.co\/guatevision\/wp-content\/uploads\/sites\/2\/2026\/04\/Diseno-sin-titulo.png","contentUrl":"https:\/\/prensalibre-com-develop.go-vip.co\/guatevision\/wp-content\/uploads\/sites\/2\/2026\/04\/Diseno-sin-titulo.png","width":1000,"height":600,"caption":"Guatevision"},"image":{"@id":"https:\/\/prensalibre-com-develop.go-vip.co\/guatevision\/#\/schema\/logo\/image\/"}},{"@type":"Person","@id":"https:\/\/prensalibre-com-develop.go-vip.co\/guatevision\/#\/schema\/person\/5b34ef10da9eb6f366b1c186913efddd","name":"Manuel Hern\u00e1ndez May\u00e9n","image":{"@type":"ImageObject","inLanguage":"es-GT","@id":"https:\/\/prensalibre-com-develop.go-vip.co\/guatevision\/#\/schema\/person\/image\/433265d8a81413206f8dd780c513ffd7","url":"https:\/\/secure.gravatar.com\/avatar\/d6d67d029230e2c79470aabd3184418289f224c20a44e2beaa5864a18da50d01?s=96&d=mm&r=g","contentUrl":"https:\/\/secure.gravatar.com\/avatar\/d6d67d029230e2c79470aabd3184418289f224c20a44e2beaa5864a18da50d01?s=96&d=mm&r=g","caption":"Manuel Hern\u00e1ndez May\u00e9n"},"url":"https:\/\/prensalibre-com-develop.go-vip.co\/guatevision\/author\/mdhernandez"}]}},"jetpack_sharing_enabled":true,"jetpack_featured_media_url":"https:\/\/prensalibre-com-develop.go-vip.co\/guatevision\/wp-content\/uploads\/sites\/2\/2017\/10\/Captura-de-pantalla-2017-10-12-a-las-17.14.15-e1507850096456.png","_links":{"self":[{"href":"https:\/\/prensalibre-com-develop.go-vip.co\/guatevision\/wp-json\/wp\/v2\/posts\/132254","targetHints":{"allow":["GET"]}}],"collection":[{"href":"https:\/\/prensalibre-com-develop.go-vip.co\/guatevision\/wp-json\/wp\/v2\/posts"}],"about":[{"href":"https:\/\/prensalibre-com-develop.go-vip.co\/guatevision\/wp-json\/wp\/v2\/types\/post"}],"author":[{"embeddable":true,"href":"https:\/\/prensalibre-com-develop.go-vip.co\/guatevision\/wp-json\/wp\/v2\/users\/71"}],"replies":[{"embeddable":true,"href":"https:\/\/prensalibre-com-develop.go-vip.co\/guatevision\/wp-json\/wp\/v2\/comments?post=132254"}],"version-history":[{"count":0,"href":"https:\/\/prensalibre-com-develop.go-vip.co\/guatevision\/wp-json\/wp\/v2\/posts\/132254\/revisions"}],"wp:featuredmedia":[{"embeddable":true,"href":"https:\/\/prensalibre-com-develop.go-vip.co\/guatevision\/wp-json\/wp\/v2\/media\/123759"}],"wp:attachment":[{"href":"https:\/\/prensalibre-com-develop.go-vip.co\/guatevision\/wp-json\/wp\/v2\/media?parent=132254"}],"wp:term":[{"taxonomy":"category","embeddable":true,"href":"https:\/\/prensalibre-com-develop.go-vip.co\/guatevision\/wp-json\/wp\/v2\/categories?post=132254"},{"taxonomy":"etiqueta","embeddable":true,"href":"https:\/\/prensalibre-com-develop.go-vip.co\/guatevision\/wp-json\/wp\/v2\/etiqueta?post=132254"}],"curies":[{"name":"wp","href":"https:\/\/api.w.org\/{rel}","templated":true}]}}