{"id":132357,"date":"2017-11-16T16:10:16","date_gmt":"2017-11-16T22:10:16","guid":{"rendered":"https:\/\/prensalibre-com-develop.go-vip.co\/guatevision\/?p=132357"},"modified":"2017-11-16T14:52:25","modified_gmt":"2017-11-16T20:52:25","slug":"exministra-francesa-debera-pagar-nadal","status":"publish","type":"post","link":"https:\/\/prensalibre-com-develop.go-vip.co\/guatevision\/historico\/exministra-francesa-debera-pagar-nadal","title":{"rendered":"Exministra francesa deber\u00e1 pagar a Nadal 12.000 euros por difamaci\u00f3n"},"content":{"rendered":"<p>Un tribunal franc\u00e9s conden\u00f3 a la exministra de Sanidad y Deportes de Francia Roselyne Bachelot a pagar 12.000 euros al tenista espa\u00f1ol Rafael Nadal por haberle acusado de dopaje en un programa de televisi\u00f3n.<\/p>\n\n<p>El tribunal correccional de Par\u00eds declar\u00f3 a Bachelot culpable de difamaci\u00f3n y la conden\u00f3 a pagar al actual n\u00famero uno mundial 10.000 euros por &#8220;perjuicio moral&#8221; y 2.000 para pagar sus gastos en abogados. A esto se suma una multa de 500 euros, pero el juez dej\u00f3 esta pena en suspenso.<\/p>\n<p>Nadal en un comunicado subray\u00f3 su <em>&#8220;m\u00e1ximo respeto y confianza en la justicia francesa&#8221;<\/em> ante la sentencia, y asegur\u00f3 que el dinero de la indemnizaci\u00f3n <em>&#8220;ir\u00e1 destinado a obras sociales en Francia&#8221;.<\/em><\/p>\n<p><em>&#8220;Lo \u00fanico que lamento es que no haya sido mayor para poder llegar a un mayor n\u00famero de organizaciones que atienden a personas con alg\u00fan tipo de necesidad&#8221;<\/em>, apunt\u00f3.<\/p>\n<h3><\/h3>\n<h3>Lo que ped\u00eda Nadal<\/h3>\n<p>El tenista ped\u00eda 100.000 euros (USD 117.000) en concepto de da\u00f1os y perjuicios pero para el tribunal este monto no se justificaba ya que el espa\u00f1ol <em>&#8220;no ha demostrado haber sufrido un prejuicio (&#8230;) en su actividad de tenista o en sus relaciones con sus patrocinadores&#8221;<\/em>.<\/p>\n<p>La exministra, que afirm\u00f3 tras el fallo que &#8220;no lamenta en lo absoluto sus palabras&#8221;, no apelar\u00e1 la decisi\u00f3n pero, a trav\u00e9s de su abogado, se mostr\u00f3 satisfecha de que <em>&#8220;los jueces hayan estimado que el pedido de Nadal era desproporcionado&#8221;.<\/em><\/p>\n<p>Los hechos se remontan a marzo de 2016, cuando en un programa de televisi\u00f3n, la exministra, que se convirti\u00f3 en tertuliana, acus\u00f3 a Nadal de haber fingido una lesi\u00f3n para ocultar un positivo por dopaje durante los meses que pas\u00f3 apartado de las pistas en 2012.<\/p>\n<p><em>&#8220;Todo el mundo sabe que la famosa lesi\u00f3n de Rafael Nadal, cuando par\u00f3 durante siete meses, se debe ciertamente a un control positivo&#8221;<\/em> dijo quien fue ministra de Sanidad y Deportes de 2007 a 2010.<\/p>\n<p>Las acusaciones de dopaje &#8220;empiezan a cansarme&#8221; dijo entonces el tenista, antes de presentar una demanda por difamaci\u00f3n en su contra.<\/p>\n<p>El mallorqu\u00edn, que ha ganado 10 veces Roland Garros, pidi\u00f3 a la Federaci\u00f3n Internacional de Tenis que publicara sus controles antidopaje. \u00c9sta respondi\u00f3 que los pod\u00eda publicar \u00e9l mismo, tras precisar que nunca hab\u00eda dado positivo.<\/p>\n<p>&nbsp;<\/p>\n<h3>Ausentes<\/h3>\n<p>Ni el jugador ni la exministra estuvieron presentes en el juicio, que se celebr\u00f3 el 13 octubre.<\/p>\n<p>La palabra de Bachelot &#8220;pesa mucho debido a su antiguo cargo&#8221;, aleg\u00f3 el abogado de Nadal, Patrick Maisonneuve, estimando que esta declaraci\u00f3n podr\u00eda haber tenido &#8220;consecuencias importantes&#8221; sobre todo en lo que se refiere a los &#8220;patrocinadores&#8221; de su representado.<\/p>\n<p>El abogado comunic\u00f3 al tribunal el historial m\u00e9dico de Nadal, que seg\u00fan \u00e9l establece que el jugador sufri\u00f3 un problema muy serio en el tend\u00f3n de la rodilla izquierda.<\/p>\n<p>En su defensa, el abogado de Bachelot, Olivier Chappuis, se centr\u00f3 en atacar a la Federaci\u00f3n Internacional, explicando que su programa antidopaje &#8220;siempre fue de un laxismo incre\u00edble&#8221; a causa de la cultura de ocultaci\u00f3n de los controles positivos&#8221;.<\/p>\n<p>&nbsp;<\/p>\n<p>\u00a9 Agence France-Presse<\/p>\n","protected":false},"excerpt":{"rendered":"<p>El tribunal correccional de Par\u00eds declar\u00f3 a Bachelot culpable de difamaci\u00f3n y la conden\u00f3 a pagar al actual n\u00famero uno mundial 10.000 euros por &#8220;perjuicio moral&#8221; y 2.000 para pagar sus gastos en abogados. A esto se suma una multa de 500 euros, pero el juez dej\u00f3 esta pena en suspenso.<\/p>\n","protected":false},"author":71,"featured_media":129772,"comment_status":"open","ping_status":"closed","sticky":false,"template":"","format":"standard","meta":{"_jetpack_newsletter_access":"","_jetpack_dont_email_post_to_subs":false,"_jetpack_newsletter_tier_id":0,"_jetpack_memberships_contains_paywalled_content":false,"_jetpack_memberships_contains_paid_content":false,"footnotes":"","jetpack_post_was_ever_published":false},"categories":[],"etiqueta":[],"class_list":["post-132357","post","type-post","status-publish","format-standard","has-post-thumbnail","hentry"],"yoast_head":"<!-- This site is optimized with the Yoast SEO plugin v23.9 - https:\/\/yoast.com\/wordpress\/plugins\/seo\/ -->\n<title>Exministra francesa deber\u00e1 pagar a Nadal 12.000 euros por difamaci\u00f3n<\/title>\n<meta name=\"description\" content=\"Un tribunal franc\u00e9s conden\u00f3 a la exministra de Sanidad y Deportes de Francia Roselyne Bachelot a pagar 12.000 euros al tenista espa\u00f1ol Rafael Nadal\" \/>\n<meta name=\"robots\" content=\"index, follow, max-snippet:-1, max-image-preview:large, max-video-preview:-1\" \/>\n<link rel=\"canonical\" href=\"https:\/\/prensalibre-com-develop.go-vip.co\/guatevision\/historico\/exministra-francesa-debera-pagar-nadal\" \/>\n<meta property=\"og:locale\" content=\"es_ES\" \/>\n<meta property=\"og:type\" content=\"article\" \/>\n<meta property=\"og:title\" content=\"Exministra francesa deber\u00e1 pagar a Nadal 12.000 euros por difamaci\u00f3n\" \/>\n<meta property=\"og:description\" content=\"Un tribunal franc\u00e9s conden\u00f3 a la exministra de Sanidad y Deportes de Francia Roselyne Bachelot a pagar 12.000 euros al tenista espa\u00f1ol Rafael Nadal\" \/>\n<meta property=\"og:url\" content=\"https:\/\/prensalibre-com-develop.go-vip.co\/guatevision\/historico\/exministra-francesa-debera-pagar-nadal\" \/>\n<meta property=\"og:site_name\" content=\"Guatevision\" \/>\n<meta property=\"article:published_time\" content=\"2017-11-16T22:10:16+00:00\" \/>\n<meta property=\"article:modified_time\" content=\"2017-11-16T20:52:25+00:00\" \/>\n<meta property=\"og:image\" content=\"https:\/\/prensalibre-com-develop.go-vip.co\/guatevision\/wp-content\/uploads\/sites\/2\/2017\/11\/72d5a57b42d6d9a6aa16d4d2459e4df46d2ad00b.jpg?quality=82\" \/>\n\t<meta property=\"og:image:width\" content=\"660\" \/>\n\t<meta property=\"og:image:height\" content=\"371\" \/>\n\t<meta property=\"og:image:type\" content=\"image\/jpeg\" \/>\n<meta name=\"author\" content=\"Manuel Hern\u00e1ndez May\u00e9n\" \/>\n<meta name=\"twitter:card\" content=\"summary_large_image\" \/>\n<meta name=\"twitter:label1\" content=\"Written by\" \/>\n\t<meta name=\"twitter:data1\" content=\"Manuel Hern\u00e1ndez May\u00e9n\" \/>\n\t<meta name=\"twitter:label2\" content=\"Est. reading time\" \/>\n\t<meta name=\"twitter:data2\" content=\"3 minutes\" \/>\n<script type=\"application\/ld+json\" class=\"yoast-schema-graph\">{\"@context\":\"https:\/\/schema.org\",\"@graph\":[{\"@type\":\"Article\",\"@id\":\"https:\/\/prensalibre-com-develop.go-vip.co\/guatevision\/historico\/exministra-francesa-debera-pagar-nadal#article\",\"isPartOf\":{\"@id\":\"https:\/\/prensalibre-com-develop.go-vip.co\/guatevision\/historico\/exministra-francesa-debera-pagar-nadal\"},\"author\":{\"name\":\"Manuel Hern\u00e1ndez May\u00e9n\",\"@id\":\"https:\/\/prensalibre-com-develop.go-vip.co\/guatevision\/#\/schema\/person\/5b34ef10da9eb6f366b1c186913efddd\"},\"headline\":\"Exministra francesa deber\u00e1 pagar a Nadal 12.000 euros por difamaci\u00f3n\",\"datePublished\":\"2017-11-16T22:10:16+00:00\",\"dateModified\":\"2017-11-16T20:52:25+00:00\",\"mainEntityOfPage\":{\"@id\":\"https:\/\/prensalibre-com-develop.go-vip.co\/guatevision\/historico\/exministra-francesa-debera-pagar-nadal\"},\"wordCount\":534,\"commentCount\":0,\"publisher\":{\"@id\":\"https:\/\/prensalibre-com-develop.go-vip.co\/guatevision\/#organization\"},\"image\":{\"@id\":\"https:\/\/prensalibre-com-develop.go-vip.co\/guatevision\/historico\/exministra-francesa-debera-pagar-nadal#primaryimage\"},\"thumbnailUrl\":\"https:\/\/prensalibre-com-develop.go-vip.co\/guatevision\/wp-content\/uploads\/sites\/2\/2017\/11\/72d5a57b42d6d9a6aa16d4d2459e4df46d2ad00b.jpg\",\"keywords\":[\"ATP\",\"Deporte Internacional\",\"Rafael Nadal\",\"Tenis\"],\"inLanguage\":\"es-GT\",\"potentialAction\":[{\"@type\":\"CommentAction\",\"name\":\"Comment\",\"target\":[\"https:\/\/prensalibre-com-develop.go-vip.co\/guatevision\/historico\/exministra-francesa-debera-pagar-nadal#respond\"]}]},{\"@type\":\"WebPage\",\"@id\":\"https:\/\/prensalibre-com-develop.go-vip.co\/guatevision\/historico\/exministra-francesa-debera-pagar-nadal\",\"url\":\"https:\/\/prensalibre-com-develop.go-vip.co\/guatevision\/historico\/exministra-francesa-debera-pagar-nadal\",\"name\":\"Exministra francesa deber\u00e1 pagar a Nadal 12.000 euros por difamaci\u00f3n\",\"isPartOf\":{\"@id\":\"https:\/\/prensalibre-com-develop.go-vip.co\/guatevision\/#website\"},\"primaryImageOfPage\":{\"@id\":\"https:\/\/prensalibre-com-develop.go-vip.co\/guatevision\/historico\/exministra-francesa-debera-pagar-nadal#primaryimage\"},\"image\":{\"@id\":\"https:\/\/prensalibre-com-develop.go-vip.co\/guatevision\/historico\/exministra-francesa-debera-pagar-nadal#primaryimage\"},\"thumbnailUrl\":\"https:\/\/prensalibre-com-develop.go-vip.co\/guatevision\/wp-content\/uploads\/sites\/2\/2017\/11\/72d5a57b42d6d9a6aa16d4d2459e4df46d2ad00b.jpg\",\"datePublished\":\"2017-11-16T22:10:16+00:00\",\"dateModified\":\"2017-11-16T20:52:25+00:00\",\"description\":\"Un tribunal franc\u00e9s conden\u00f3 a la exministra de Sanidad y Deportes de Francia Roselyne Bachelot a pagar 12.000 euros al tenista espa\u00f1ol Rafael Nadal\",\"inLanguage\":\"es-GT\",\"potentialAction\":[{\"@type\":\"ReadAction\",\"target\":[\"https:\/\/prensalibre-com-develop.go-vip.co\/guatevision\/historico\/exministra-francesa-debera-pagar-nadal\"]}]},{\"@type\":\"ImageObject\",\"inLanguage\":\"es-GT\",\"@id\":\"https:\/\/prensalibre-com-develop.go-vip.co\/guatevision\/historico\/exministra-francesa-debera-pagar-nadal#primaryimage\",\"url\":\"https:\/\/prensalibre-com-develop.go-vip.co\/guatevision\/wp-content\/uploads\/sites\/2\/2017\/11\/72d5a57b42d6d9a6aa16d4d2459e4df46d2ad00b.jpg\",\"contentUrl\":\"https:\/\/prensalibre-com-develop.go-vip.co\/guatevision\/wp-content\/uploads\/sites\/2\/2017\/11\/72d5a57b42d6d9a6aa16d4d2459e4df46d2ad00b.jpg\",\"width\":660,\"height\":371,\"caption\":\"AFP \/ Christophe Archambault\"},{\"@type\":\"WebSite\",\"@id\":\"https:\/\/prensalibre-com-develop.go-vip.co\/guatevision\/#website\",\"url\":\"https:\/\/prensalibre-com-develop.go-vip.co\/guatevision\/\",\"name\":\"Guatevision\",\"description\":\"\u00a1Enciende Lo Bueno!\",\"publisher\":{\"@id\":\"https:\/\/prensalibre-com-develop.go-vip.co\/guatevision\/#organization\"},\"potentialAction\":[{\"@type\":\"SearchAction\",\"target\":{\"@type\":\"EntryPoint\",\"urlTemplate\":\"https:\/\/prensalibre-com-develop.go-vip.co\/guatevision\/?s={search_term_string}\"},\"query-input\":{\"@type\":\"PropertyValueSpecification\",\"valueRequired\":true,\"valueName\":\"search_term_string\"}}],\"inLanguage\":\"es-GT\"},{\"@type\":\"Organization\",\"@id\":\"https:\/\/prensalibre-com-develop.go-vip.co\/guatevision\/#organization\",\"name\":\"Guatevision\",\"url\":\"https:\/\/prensalibre-com-develop.go-vip.co\/guatevision\/\",\"logo\":{\"@type\":\"ImageObject\",\"inLanguage\":\"es-GT\",\"@id\":\"https:\/\/prensalibre-com-develop.go-vip.co\/guatevision\/#\/schema\/logo\/image\/\",\"url\":\"https:\/\/prensalibre-com-develop.go-vip.co\/guatevision\/wp-content\/uploads\/sites\/2\/2026\/04\/Diseno-sin-titulo.png\",\"contentUrl\":\"https:\/\/prensalibre-com-develop.go-vip.co\/guatevision\/wp-content\/uploads\/sites\/2\/2026\/04\/Diseno-sin-titulo.png\",\"width\":1000,\"height\":600,\"caption\":\"Guatevision\"},\"image\":{\"@id\":\"https:\/\/prensalibre-com-develop.go-vip.co\/guatevision\/#\/schema\/logo\/image\/\"}},{\"@type\":\"Person\",\"@id\":\"https:\/\/prensalibre-com-develop.go-vip.co\/guatevision\/#\/schema\/person\/5b34ef10da9eb6f366b1c186913efddd\",\"name\":\"Manuel Hern\u00e1ndez May\u00e9n\",\"image\":{\"@type\":\"ImageObject\",\"inLanguage\":\"es-GT\",\"@id\":\"https:\/\/prensalibre-com-develop.go-vip.co\/guatevision\/#\/schema\/person\/image\/433265d8a81413206f8dd780c513ffd7\",\"url\":\"https:\/\/secure.gravatar.com\/avatar\/d6d67d029230e2c79470aabd3184418289f224c20a44e2beaa5864a18da50d01?s=96&d=mm&r=g\",\"contentUrl\":\"https:\/\/secure.gravatar.com\/avatar\/d6d67d029230e2c79470aabd3184418289f224c20a44e2beaa5864a18da50d01?s=96&d=mm&r=g\",\"caption\":\"Manuel Hern\u00e1ndez May\u00e9n\"},\"url\":\"https:\/\/prensalibre-com-develop.go-vip.co\/guatevision\/author\/mdhernandez\"}]}<\/script>\n<!-- \/ Yoast SEO plugin. -->","yoast_head_json":{"title":"Exministra francesa deber\u00e1 pagar a Nadal 12.000 euros por difamaci\u00f3n","description":"Un tribunal franc\u00e9s conden\u00f3 a la exministra de Sanidad y Deportes de Francia Roselyne Bachelot a pagar 12.000 euros al tenista espa\u00f1ol Rafael Nadal","robots":{"index":"index","follow":"follow","max-snippet":"max-snippet:-1","max-image-preview":"max-image-preview:large","max-video-preview":"max-video-preview:-1"},"canonical":"https:\/\/prensalibre-com-develop.go-vip.co\/guatevision\/historico\/exministra-francesa-debera-pagar-nadal","og_locale":"es_ES","og_type":"article","og_title":"Exministra francesa deber\u00e1 pagar a Nadal 12.000 euros por difamaci\u00f3n","og_description":"Un tribunal franc\u00e9s conden\u00f3 a la exministra de Sanidad y Deportes de Francia Roselyne Bachelot a pagar 12.000 euros al tenista espa\u00f1ol Rafael Nadal","og_url":"https:\/\/prensalibre-com-develop.go-vip.co\/guatevision\/historico\/exministra-francesa-debera-pagar-nadal","og_site_name":"Guatevision","article_published_time":"2017-11-16T22:10:16+00:00","article_modified_time":"2017-11-16T20:52:25+00:00","og_image":[{"width":660,"height":371,"url":"https:\/\/prensalibre-com-develop.go-vip.co\/guatevision\/wp-content\/uploads\/sites\/2\/2017\/11\/72d5a57b42d6d9a6aa16d4d2459e4df46d2ad00b.jpg?quality=82","type":"image\/jpeg"}],"author":"Manuel Hern\u00e1ndez May\u00e9n","twitter_card":"summary_large_image","twitter_misc":{"Written by":"Manuel Hern\u00e1ndez May\u00e9n","Est. reading time":"3 minutes"},"schema":{"@context":"https:\/\/schema.org","@graph":[{"@type":"Article","@id":"https:\/\/prensalibre-com-develop.go-vip.co\/guatevision\/historico\/exministra-francesa-debera-pagar-nadal#article","isPartOf":{"@id":"https:\/\/prensalibre-com-develop.go-vip.co\/guatevision\/historico\/exministra-francesa-debera-pagar-nadal"},"author":{"name":"Manuel Hern\u00e1ndez May\u00e9n","@id":"https:\/\/prensalibre-com-develop.go-vip.co\/guatevision\/#\/schema\/person\/5b34ef10da9eb6f366b1c186913efddd"},"headline":"Exministra francesa deber\u00e1 pagar a Nadal 12.000 euros por difamaci\u00f3n","datePublished":"2017-11-16T22:10:16+00:00","dateModified":"2017-11-16T20:52:25+00:00","mainEntityOfPage":{"@id":"https:\/\/prensalibre-com-develop.go-vip.co\/guatevision\/historico\/exministra-francesa-debera-pagar-nadal"},"wordCount":534,"commentCount":0,"publisher":{"@id":"https:\/\/prensalibre-com-develop.go-vip.co\/guatevision\/#organization"},"image":{"@id":"https:\/\/prensalibre-com-develop.go-vip.co\/guatevision\/historico\/exministra-francesa-debera-pagar-nadal#primaryimage"},"thumbnailUrl":"https:\/\/prensalibre-com-develop.go-vip.co\/guatevision\/wp-content\/uploads\/sites\/2\/2017\/11\/72d5a57b42d6d9a6aa16d4d2459e4df46d2ad00b.jpg","keywords":["ATP","Deporte Internacional","Rafael Nadal","Tenis"],"inLanguage":"es-GT","potentialAction":[{"@type":"CommentAction","name":"Comment","target":["https:\/\/prensalibre-com-develop.go-vip.co\/guatevision\/historico\/exministra-francesa-debera-pagar-nadal#respond"]}]},{"@type":"WebPage","@id":"https:\/\/prensalibre-com-develop.go-vip.co\/guatevision\/historico\/exministra-francesa-debera-pagar-nadal","url":"https:\/\/prensalibre-com-develop.go-vip.co\/guatevision\/historico\/exministra-francesa-debera-pagar-nadal","name":"Exministra francesa deber\u00e1 pagar a Nadal 12.000 euros por difamaci\u00f3n","isPartOf":{"@id":"https:\/\/prensalibre-com-develop.go-vip.co\/guatevision\/#website"},"primaryImageOfPage":{"@id":"https:\/\/prensalibre-com-develop.go-vip.co\/guatevision\/historico\/exministra-francesa-debera-pagar-nadal#primaryimage"},"image":{"@id":"https:\/\/prensalibre-com-develop.go-vip.co\/guatevision\/historico\/exministra-francesa-debera-pagar-nadal#primaryimage"},"thumbnailUrl":"https:\/\/prensalibre-com-develop.go-vip.co\/guatevision\/wp-content\/uploads\/sites\/2\/2017\/11\/72d5a57b42d6d9a6aa16d4d2459e4df46d2ad00b.jpg","datePublished":"2017-11-16T22:10:16+00:00","dateModified":"2017-11-16T20:52:25+00:00","description":"Un tribunal franc\u00e9s conden\u00f3 a la exministra de Sanidad y Deportes de Francia Roselyne Bachelot a pagar 12.000 euros al tenista espa\u00f1ol Rafael Nadal","inLanguage":"es-GT","potentialAction":[{"@type":"ReadAction","target":["https:\/\/prensalibre-com-develop.go-vip.co\/guatevision\/historico\/exministra-francesa-debera-pagar-nadal"]}]},{"@type":"ImageObject","inLanguage":"es-GT","@id":"https:\/\/prensalibre-com-develop.go-vip.co\/guatevision\/historico\/exministra-francesa-debera-pagar-nadal#primaryimage","url":"https:\/\/prensalibre-com-develop.go-vip.co\/guatevision\/wp-content\/uploads\/sites\/2\/2017\/11\/72d5a57b42d6d9a6aa16d4d2459e4df46d2ad00b.jpg","contentUrl":"https:\/\/prensalibre-com-develop.go-vip.co\/guatevision\/wp-content\/uploads\/sites\/2\/2017\/11\/72d5a57b42d6d9a6aa16d4d2459e4df46d2ad00b.jpg","width":660,"height":371,"caption":"AFP \/ Christophe Archambault"},{"@type":"WebSite","@id":"https:\/\/prensalibre-com-develop.go-vip.co\/guatevision\/#website","url":"https:\/\/prensalibre-com-develop.go-vip.co\/guatevision\/","name":"Guatevision","description":"\u00a1Enciende Lo Bueno!","publisher":{"@id":"https:\/\/prensalibre-com-develop.go-vip.co\/guatevision\/#organization"},"potentialAction":[{"@type":"SearchAction","target":{"@type":"EntryPoint","urlTemplate":"https:\/\/prensalibre-com-develop.go-vip.co\/guatevision\/?s={search_term_string}"},"query-input":{"@type":"PropertyValueSpecification","valueRequired":true,"valueName":"search_term_string"}}],"inLanguage":"es-GT"},{"@type":"Organization","@id":"https:\/\/prensalibre-com-develop.go-vip.co\/guatevision\/#organization","name":"Guatevision","url":"https:\/\/prensalibre-com-develop.go-vip.co\/guatevision\/","logo":{"@type":"ImageObject","inLanguage":"es-GT","@id":"https:\/\/prensalibre-com-develop.go-vip.co\/guatevision\/#\/schema\/logo\/image\/","url":"https:\/\/prensalibre-com-develop.go-vip.co\/guatevision\/wp-content\/uploads\/sites\/2\/2026\/04\/Diseno-sin-titulo.png","contentUrl":"https:\/\/prensalibre-com-develop.go-vip.co\/guatevision\/wp-content\/uploads\/sites\/2\/2026\/04\/Diseno-sin-titulo.png","width":1000,"height":600,"caption":"Guatevision"},"image":{"@id":"https:\/\/prensalibre-com-develop.go-vip.co\/guatevision\/#\/schema\/logo\/image\/"}},{"@type":"Person","@id":"https:\/\/prensalibre-com-develop.go-vip.co\/guatevision\/#\/schema\/person\/5b34ef10da9eb6f366b1c186913efddd","name":"Manuel Hern\u00e1ndez May\u00e9n","image":{"@type":"ImageObject","inLanguage":"es-GT","@id":"https:\/\/prensalibre-com-develop.go-vip.co\/guatevision\/#\/schema\/person\/image\/433265d8a81413206f8dd780c513ffd7","url":"https:\/\/secure.gravatar.com\/avatar\/d6d67d029230e2c79470aabd3184418289f224c20a44e2beaa5864a18da50d01?s=96&d=mm&r=g","contentUrl":"https:\/\/secure.gravatar.com\/avatar\/d6d67d029230e2c79470aabd3184418289f224c20a44e2beaa5864a18da50d01?s=96&d=mm&r=g","caption":"Manuel Hern\u00e1ndez May\u00e9n"},"url":"https:\/\/prensalibre-com-develop.go-vip.co\/guatevision\/author\/mdhernandez"}]}},"jetpack_sharing_enabled":true,"jetpack_featured_media_url":"https:\/\/prensalibre-com-develop.go-vip.co\/guatevision\/wp-content\/uploads\/sites\/2\/2017\/11\/72d5a57b42d6d9a6aa16d4d2459e4df46d2ad00b.jpg","_links":{"self":[{"href":"https:\/\/prensalibre-com-develop.go-vip.co\/guatevision\/wp-json\/wp\/v2\/posts\/132357","targetHints":{"allow":["GET"]}}],"collection":[{"href":"https:\/\/prensalibre-com-develop.go-vip.co\/guatevision\/wp-json\/wp\/v2\/posts"}],"about":[{"href":"https:\/\/prensalibre-com-develop.go-vip.co\/guatevision\/wp-json\/wp\/v2\/types\/post"}],"author":[{"embeddable":true,"href":"https:\/\/prensalibre-com-develop.go-vip.co\/guatevision\/wp-json\/wp\/v2\/users\/71"}],"replies":[{"embeddable":true,"href":"https:\/\/prensalibre-com-develop.go-vip.co\/guatevision\/wp-json\/wp\/v2\/comments?post=132357"}],"version-history":[{"count":0,"href":"https:\/\/prensalibre-com-develop.go-vip.co\/guatevision\/wp-json\/wp\/v2\/posts\/132357\/revisions"}],"wp:featuredmedia":[{"embeddable":true,"href":"https:\/\/prensalibre-com-develop.go-vip.co\/guatevision\/wp-json\/wp\/v2\/media\/129772"}],"wp:attachment":[{"href":"https:\/\/prensalibre-com-develop.go-vip.co\/guatevision\/wp-json\/wp\/v2\/media?parent=132357"}],"wp:term":[{"taxonomy":"category","embeddable":true,"href":"https:\/\/prensalibre-com-develop.go-vip.co\/guatevision\/wp-json\/wp\/v2\/categories?post=132357"},{"taxonomy":"etiqueta","embeddable":true,"href":"https:\/\/prensalibre-com-develop.go-vip.co\/guatevision\/wp-json\/wp\/v2\/etiqueta?post=132357"}],"curies":[{"name":"wp","href":"https:\/\/api.w.org\/{rel}","templated":true}]}}