{"id":13377,"date":"2016-11-25T23:56:07","date_gmt":"2016-11-26T05:56:07","guid":{"rendered":"https:\/\/prensalibre-com-develop.go-vip.co\/guatevision\/?p=13377"},"modified":"2016-11-25T23:56:31","modified_gmt":"2016-11-26T05:56:31","slug":"fidel-castro-ha-muerto","status":"publish","type":"post","link":"https:\/\/prensalibre-com-develop.go-vip.co\/guatevision\/historico\/fidel-castro-ha-muerto","title":{"rendered":"FIDEL CASTRO HA MUERTO"},"content":{"rendered":"<p>Fidel Castro, el padre de la Revoluci\u00f3n Cubana y uno de los protagonistas del siglo XX, muri\u00f3 a los 90 a\u00f1os, anunci\u00f3 su hermano, el presidente Ra\u00fal Castro, poco antes de la medianoche del viernes.<\/p>\n\n<p>La Habana, Cuba | AFP<\/p>\n<figure id=\"attachment_13384\" aria-describedby=\"caption-attachment-13384\" style=\"width: 311px\" class=\"wp-caption alignnone\"><img loading=\"lazy\" decoding=\"async\" class=\"size-medium wp-image-13384\" src=\"https:\/\/prensalibre-com-develop.go-vip.co\/guatevision\/wp-content\/uploads\/2016\/11\/Fidel-2-311x175.png\" alt=\"Esta foto fue distribuida por el sitio cubadebate y fue una de las \u00faltimas entrevistas con jefes de Estado entre Castro y un visitante oficial. Se trata de Tran Dai Quang, Presidente de Vietnam. La fotograf\u00eda fue tomada el 15 de noviembre.\" width=\"311\" height=\"175\" \/><figcaption id=\"caption-attachment-13384\" class=\"wp-caption-text\">Esta foto fue distribuida por el sitio cubadebate y fue una de las \u00faltimas entrevistas con jefes de Estado entre Castro y un visitante oficial. Se trata de Tran Dai Quang, Presidente de Vietnam. La fotograf\u00eda fue tomada el 15 de noviembre.<\/figcaption><\/figure>\n<p>&#8220;A las 10H29 falleci\u00f3 el comandante en jefe de la Revoluci\u00f3n Cubana, Fidel Castro&#8221;, afirm\u00f3 Ra\u00fal en un mensaje televisado.<\/p>\n<p>Figura legendaria del siglo XX, Fidel Castro se proyect\u00f3 al mundo desde la peque\u00f1a isla de Cuba, donde ejerci\u00f3 un poder absoluto, que debi\u00f3 ceder a su hermano Ra\u00fal el 31 de julio de 2006, aquejado de una grave enfermedad intestinal.<\/p>\n<p>En febrero de 2008 renunci\u00f3 definitivamente a la presidencia de Cuba y en abril de 2011 a la jefatura del gobernante Partido Comunista (\u00fanico).<\/p>\n<p>Su enfermedad y delegaci\u00f3n del mando abrieron una nueva etapa en la historia de Cuba, con perspectivas de cambios econ\u00f3micos, aunque no pol\u00edticos, bajo el gobierno de Ra\u00fal Castro.<\/p>\n<p>Cinco a\u00f1os menor, Ra\u00fal Castro se esmer\u00f3 en reformar el ineficiente y agotado modelo socialista de corte sovi\u00e9tico, instaurado tras el triunfo de la revoluci\u00f3n, el 1 de enero 1959.<\/p>\n<p>Flanqueado por la vieja guardia del partido y de los militares, Ra\u00fal Castro, que fue jefe de las Fuerzas Armadas de 1959 a 2008, encara los retos de preparar el relevo de la generaci\u00f3n hist\u00f3rica de la revoluci\u00f3n, vencer resistencias a las reformas y afianzar al gobierno colectivo con el que sustituy\u00f3 al unipersonal de su hermano.<\/p>\n<h3>Amores y odios<\/h3>\n<p>En el ocaso de su vida, Fidel alcanz\u00f3 a ver lo que parec\u00eda imposible: el fin de la enemistad con Estados Unidos, su principal adversario por medio siglo, fruto de un hist\u00f3rico acercamiento iniciado por Ra\u00fal y el presidente Barack Obama y anunciado al mundo el 17 de diciembre de 2014.<\/p>\n<p>Ambos pa\u00edses restablecieron lazos diplom\u00e1ticos el 20 de julio de 2015, cerrando el \u00faltimo cap\u00edtulo de la Guerra Fr\u00eda en Am\u00e9rica.<\/p>\n<p>Obama justific\u00f3 el dr\u00e1stico cambio de pol\u00edtica hacia Cuba afirmando que los intentos de aislar a Cuba hab\u00edan terminado por aislar a Estados Unidos en el continente, y pidi\u00f3 al Congreso que elimine el embargo a la isla.<\/p>\n<p>Fidel Castro lleg\u00f3 a ser el m\u00e1s antiguo gobernante en ejercicio en el mundo y bajo su r\u00e9gimen naci\u00f3 el 70% de los 11 millones de cubanos, que desde 2006 se habituaron paulatinamente a su eclipse del poder.<\/p>\n<p>Hombre del eterno desaf\u00edo a Washington, que instaur\u00f3 un r\u00e9gimen comunista a 150 km de las costas de Estados Unidos, el l\u00edder cubano despert\u00f3 amores y odios: considerado por unos como s\u00edmbolo de soberan\u00eda y dignidad latinoamericanas, de solidaridad y justicia social; y por otros como un dictador megal\u00f3mano y cruel.<\/p>\n<p>Sus cr\u00edticos le achacan haber forjado un sistema totalitario de partido \u00fanico, represor de toda disidencia y con un rotundo fracaso econ\u00f3mico; pero sus admiradores destacan que elev\u00f3 los \u00edndices de salud de Cuba al nivel de los del primer mundo, desarroll\u00f3 la educaci\u00f3n, la cultura y el deporte.<\/p>\n<p>&#8211;\u00a0De las armas a las urnas -\u00daltimo de los protagonistas de la Guerra Fr\u00eda y en particular de su momento m\u00e1s candente -la crisis desatada por la instalaci\u00f3n de los cohetes sovi\u00e9ticos con ojivas nucleares en Cuba en 1962-, Fidel Castro lider\u00f3 un movimiento insurgente de alcance continental en Am\u00e9rica Latina, donde cientos de miles tomaron las armas inspirados en la revoluci\u00f3n cubana para enfrentar reg\u00edmenes de derecha o sangrientas dictaduras respaldadas por Estados Unidos.<\/p>\n<p>La muerte lo sorprendi\u00f3 en momentos en que sus ambiciones geopol\u00edticas en Am\u00e9rica Latina, que no pudo realizar por las armas, fueron conseguidas parad\u00f3jicamente a trav\u00e9s de elecciones democr\u00e1ticas. Gobiernos de izquierda amigos de Cuba est\u00e1n en funciones en Venezuela, Brasil, Argentina, Bolivia, Chile, Ecuador, Uruguay, Per\u00fa, Nicaragua, El Salvador y varias peque\u00f1as islas del Caribe.<\/p>\n<p>Su sue\u00f1o de una revoluci\u00f3n en la petrolera y vecina Venezuela, a cuyas guerrillas apoy\u00f3 con armas en la d\u00e9cada de 1960, se realiz\u00f3 con creces con la llegada al poder del teniente coronel Hugo Ch\u00e1vez en 1999, cuya ayuda con crudo y dinero le permiti\u00f3 sobrevivir al derrumbe sovi\u00e9tico.<\/p>\n<p>Sin embargo, la abrupta muerte de Ch\u00e1vez, su heredero pol\u00edtico, el 5 de marzo de 2013, signific\u00f3 un duro golpe para Cuba y levant\u00f3 dudas sobre la continuidad de la ayuda venezolana. Esto ayud\u00f3 a convencer a Ra\u00fal de la conveniencia de buscar un deshielo con Washington, seg\u00fan analistas.<\/p>\n<h3>Simplemente Fidel<\/h3>\n<p>De emblem\u00e1tica barba y uniforme verde olivo, el &#8220;Comandante en Jefe&#8221;, llamado simplemente Fidel por los cubanos, fue un l\u00edder de personalidad aplastante, omnipresente y de discursos marat\u00f3nicos.<\/p>\n<p>Convaleciente, irrumpi\u00f3 en marzo de 2007 como autor de una columna llamada &#8220;Reflexiones del Compa\u00f1ero Fidel&#8221;, de las que lleg\u00f3 a publicar m\u00e1s de 400 en la prensa cubana, principalmente con arremetidas contra Washington y alertas sobre los peligros que enfrenta el planeta.<\/p>\n<p>Visto en los primeros a\u00f1os de enfermedad solo en fotos y videos, en traje deportivo, Fidel se recuper\u00f3 y reapareci\u00f3 en p\u00fablico en julio de 2010 en algunos encuentros acad\u00e9micos sobre temas internacionales, e incluso visti\u00f3 en ocasiones de verde olivo, pero sin insignias militares para dejar claro que no retornar\u00eda al gobierno.<\/p>\n<p>Apareci\u00f3 en p\u00fablico por \u00faltima vez el 13 de agosto de 2015, el d\u00eda en que cumpli\u00f3 89 a\u00f1os, cuando se reuni\u00f3 con dos presidentes aliados, el venezolano Nicol\u00e1s Maduro y el boliviano Evo Morales, que hab\u00edan llegado a La Habana a saludarlo.<\/p>\n<p>Nacido el 13 de agosto de 1926 en la aldea de Bir\u00e1n (oriente), hijo de un inmigrante gallego devenido terrateniente y una cubana humilde, lleg\u00f3 al poder el 1 de enero de 1959 al derrocar a la dictadura de Fulgencio Batista, tras 25 meses de lucha guerrillera en la Sierra Maestra.<\/p>\n<p>Enfrent\u00f3 a once presidentes de Estados Unidos, a la invasi\u00f3n de Bah\u00eda de Cochinos organizada por la CIA en 1961, a la crisis de los misiles de 1962, al embargo impuesto por Washington casi desde el inicio de la revoluci\u00f3n, a la ca\u00edda del muro de Berl\u00edn y a la desintegraci\u00f3n de la Uni\u00f3n Sovi\u00e9tica, que hab\u00eda sido el sost\u00e9n econ\u00f3mico, ideol\u00f3gico y militar de la isla por tres d\u00e9cadas.<\/p>\n<p>Bajo su gobierno, m\u00e1s de un mill\u00f3n y medio de cubanos abandonaron la isla por razones pol\u00edticas y econ\u00f3micas, y se radicaron principalmente en Miami (Estados Unidos), desde donde los m\u00e1s feroces anticastristas organizaron o apoyaron conspiraciones y planes de asesinato en su contra, a veces en complicidad con la CIA.<\/p>\n<p>Fidel Castro, a quien tantos y tantas veces dieron por muerto, tuvo ocho hijos: una mujer (Alina, quien se le opuso y emigr\u00f3 a Miami) y siete varones, cinco de ellos con Dalia Soto del Valle.<\/p>\n<p>\u00a9 1994-2016 Agence France-Presse<\/p>\n","protected":false},"excerpt":{"rendered":"","protected":false},"author":67,"featured_media":13378,"comment_status":"open","ping_status":"open","sticky":false,"template":"","format":"standard","meta":{"_jetpack_newsletter_access":"","_jetpack_dont_email_post_to_subs":false,"_jetpack_newsletter_tier_id":0,"_jetpack_memberships_contains_paywalled_content":false,"_jetpack_memberships_contains_paid_content":false,"footnotes":"","jetpack_post_was_ever_published":false},"categories":[],"etiqueta":[],"class_list":["post-13377","post","type-post","status-publish","format-standard","has-post-thumbnail","hentry"],"yoast_head":"<!-- This site is optimized with the Yoast SEO plugin v23.9 - https:\/\/yoast.com\/wordpress\/plugins\/seo\/ -->\n<title>\u00a1FIDEL CASTRO HA MUERTO!, confirma el Gobierno Cubano<\/title>\n<meta name=\"description\" content=\"El padre de la Revoluci\u00f3n Cubana y la figura m\u00e1s emblem\u00e1tica del socialismo en Am\u00e9rica Latina ha muerto. Fidel Castro falleci\u00f3, seg\u00fan confirma su hermano.\" \/>\n<meta name=\"robots\" content=\"index, follow, max-snippet:-1, max-image-preview:large, max-video-preview:-1\" \/>\n<link rel=\"canonical\" href=\"https:\/\/prensalibre-com-develop.go-vip.co\/guatevision\/historico\/fidel-castro-ha-muerto\" \/>\n<meta property=\"og:locale\" content=\"es_ES\" \/>\n<meta property=\"og:type\" content=\"article\" \/>\n<meta property=\"og:title\" content=\"\u00a1FIDEL CASTRO HA MUERTO!, confirma el Gobierno Cubano\" \/>\n<meta property=\"og:description\" content=\"El padre de la Revoluci\u00f3n Cubana y la figura m\u00e1s emblem\u00e1tica del socialismo en Am\u00e9rica Latina ha muerto. Fidel Castro falleci\u00f3, seg\u00fan confirma su hermano.\" \/>\n<meta property=\"og:url\" content=\"https:\/\/prensalibre-com-develop.go-vip.co\/guatevision\/historico\/fidel-castro-ha-muerto\" \/>\n<meta property=\"og:site_name\" content=\"Guatevision\" \/>\n<meta property=\"article:published_time\" content=\"2016-11-26T05:56:07+00:00\" \/>\n<meta property=\"article:modified_time\" content=\"2016-11-26T05:56:31+00:00\" \/>\n<meta property=\"og:image\" content=\"https:\/\/prensalibre-com-develop.go-vip.co\/guatevision\/wp-content\/uploads\/sites\/2\/2016\/11\/Fidel-1.png?quality=82\" \/>\n\t<meta property=\"og:image:width\" content=\"660\" \/>\n\t<meta property=\"og:image:height\" content=\"371\" \/>\n\t<meta property=\"og:image:type\" content=\"image\/png\" \/>\n<meta name=\"author\" content=\"Ur\u00edas Gamarro\" \/>\n<meta name=\"twitter:card\" content=\"summary_large_image\" \/>\n<meta name=\"twitter:label1\" content=\"Written by\" \/>\n\t<meta name=\"twitter:data1\" content=\"Ur\u00edas Gamarro\" \/>\n\t<meta name=\"twitter:label2\" content=\"Est. reading time\" \/>\n\t<meta name=\"twitter:data2\" content=\"6 minutes\" \/>\n<script type=\"application\/ld+json\" class=\"yoast-schema-graph\">{\"@context\":\"https:\/\/schema.org\",\"@graph\":[{\"@type\":\"Article\",\"@id\":\"https:\/\/prensalibre-com-develop.go-vip.co\/guatevision\/historico\/fidel-castro-ha-muerto#article\",\"isPartOf\":{\"@id\":\"https:\/\/prensalibre-com-develop.go-vip.co\/guatevision\/historico\/fidel-castro-ha-muerto\"},\"author\":{\"name\":\"Ur\u00edas Gamarro\",\"@id\":\"https:\/\/prensalibre-com-develop.go-vip.co\/guatevision\/#\/schema\/person\/6a02e75454b7218d75d47b40485a9180\"},\"headline\":\"FIDEL CASTRO HA MUERTO\",\"datePublished\":\"2016-11-26T05:56:07+00:00\",\"dateModified\":\"2016-11-26T05:56:31+00:00\",\"mainEntityOfPage\":{\"@id\":\"https:\/\/prensalibre-com-develop.go-vip.co\/guatevision\/historico\/fidel-castro-ha-muerto\"},\"wordCount\":1219,\"commentCount\":0,\"publisher\":{\"@id\":\"https:\/\/prensalibre-com-develop.go-vip.co\/guatevision\/#organization\"},\"image\":{\"@id\":\"https:\/\/prensalibre-com-develop.go-vip.co\/guatevision\/historico\/fidel-castro-ha-muerto#primaryimage\"},\"thumbnailUrl\":\"https:\/\/prensalibre-com-develop.go-vip.co\/guatevision\/wp-content\/uploads\/sites\/2\/2016\/11\/Fidel-1.png\",\"inLanguage\":\"es-GT\",\"potentialAction\":[{\"@type\":\"CommentAction\",\"name\":\"Comment\",\"target\":[\"https:\/\/prensalibre-com-develop.go-vip.co\/guatevision\/historico\/fidel-castro-ha-muerto#respond\"]}]},{\"@type\":\"WebPage\",\"@id\":\"https:\/\/prensalibre-com-develop.go-vip.co\/guatevision\/historico\/fidel-castro-ha-muerto\",\"url\":\"https:\/\/prensalibre-com-develop.go-vip.co\/guatevision\/historico\/fidel-castro-ha-muerto\",\"name\":\"\u00a1FIDEL CASTRO HA MUERTO!, confirma el Gobierno Cubano\",\"isPartOf\":{\"@id\":\"https:\/\/prensalibre-com-develop.go-vip.co\/guatevision\/#website\"},\"primaryImageOfPage\":{\"@id\":\"https:\/\/prensalibre-com-develop.go-vip.co\/guatevision\/historico\/fidel-castro-ha-muerto#primaryimage\"},\"image\":{\"@id\":\"https:\/\/prensalibre-com-develop.go-vip.co\/guatevision\/historico\/fidel-castro-ha-muerto#primaryimage\"},\"thumbnailUrl\":\"https:\/\/prensalibre-com-develop.go-vip.co\/guatevision\/wp-content\/uploads\/sites\/2\/2016\/11\/Fidel-1.png\",\"datePublished\":\"2016-11-26T05:56:07+00:00\",\"dateModified\":\"2016-11-26T05:56:31+00:00\",\"description\":\"El padre de la Revoluci\u00f3n Cubana y la figura m\u00e1s emblem\u00e1tica del socialismo en Am\u00e9rica Latina ha muerto. Fidel Castro falleci\u00f3, seg\u00fan confirma su hermano.\",\"inLanguage\":\"es-GT\",\"potentialAction\":[{\"@type\":\"ReadAction\",\"target\":[\"https:\/\/prensalibre-com-develop.go-vip.co\/guatevision\/historico\/fidel-castro-ha-muerto\"]}]},{\"@type\":\"ImageObject\",\"inLanguage\":\"es-GT\",\"@id\":\"https:\/\/prensalibre-com-develop.go-vip.co\/guatevision\/historico\/fidel-castro-ha-muerto#primaryimage\",\"url\":\"https:\/\/prensalibre-com-develop.go-vip.co\/guatevision\/wp-content\/uploads\/sites\/2\/2016\/11\/Fidel-1.png\",\"contentUrl\":\"https:\/\/prensalibre-com-develop.go-vip.co\/guatevision\/wp-content\/uploads\/sites\/2\/2016\/11\/Fidel-1.png\",\"width\":660,\"height\":371,\"caption\":\"Esta fue una de las \u00faltimas apariciones de Castro, durante la celebraci\u00f3n de la Asamblea del Partido Comunista Cubano. La foto fue tomada por la AFP el 19 de abril de 2016.\"},{\"@type\":\"WebSite\",\"@id\":\"https:\/\/prensalibre-com-develop.go-vip.co\/guatevision\/#website\",\"url\":\"https:\/\/prensalibre-com-develop.go-vip.co\/guatevision\/\",\"name\":\"Guatevision\",\"description\":\"\u00a1Enciende Lo Bueno!\",\"publisher\":{\"@id\":\"https:\/\/prensalibre-com-develop.go-vip.co\/guatevision\/#organization\"},\"potentialAction\":[{\"@type\":\"SearchAction\",\"target\":{\"@type\":\"EntryPoint\",\"urlTemplate\":\"https:\/\/prensalibre-com-develop.go-vip.co\/guatevision\/?s={search_term_string}\"},\"query-input\":{\"@type\":\"PropertyValueSpecification\",\"valueRequired\":true,\"valueName\":\"search_term_string\"}}],\"inLanguage\":\"es-GT\"},{\"@type\":\"Organization\",\"@id\":\"https:\/\/prensalibre-com-develop.go-vip.co\/guatevision\/#organization\",\"name\":\"Guatevision\",\"url\":\"https:\/\/prensalibre-com-develop.go-vip.co\/guatevision\/\",\"logo\":{\"@type\":\"ImageObject\",\"inLanguage\":\"es-GT\",\"@id\":\"https:\/\/prensalibre-com-develop.go-vip.co\/guatevision\/#\/schema\/logo\/image\/\",\"url\":\"https:\/\/prensalibre-com-develop.go-vip.co\/guatevision\/wp-content\/uploads\/sites\/2\/2026\/04\/Diseno-sin-titulo.png\",\"contentUrl\":\"https:\/\/prensalibre-com-develop.go-vip.co\/guatevision\/wp-content\/uploads\/sites\/2\/2026\/04\/Diseno-sin-titulo.png\",\"width\":1000,\"height\":600,\"caption\":\"Guatevision\"},\"image\":{\"@id\":\"https:\/\/prensalibre-com-develop.go-vip.co\/guatevision\/#\/schema\/logo\/image\/\"}},{\"@type\":\"Person\",\"@id\":\"https:\/\/prensalibre-com-develop.go-vip.co\/guatevision\/#\/schema\/person\/6a02e75454b7218d75d47b40485a9180\",\"name\":\"Ur\u00edas Gamarro\",\"image\":{\"@type\":\"ImageObject\",\"inLanguage\":\"es-GT\",\"@id\":\"https:\/\/prensalibre-com-develop.go-vip.co\/guatevision\/#\/schema\/person\/image\/744fdda814e98101e57fe41f33d40045\",\"url\":\"https:\/\/secure.gravatar.com\/avatar\/e0ccbbcb5f0dcf606343597951aa9ce1085b568039de56dddad95a75b314ca9b?s=96&d=mm&r=g\",\"contentUrl\":\"https:\/\/secure.gravatar.com\/avatar\/e0ccbbcb5f0dcf606343597951aa9ce1085b568039de56dddad95a75b314ca9b?s=96&d=mm&r=g\",\"caption\":\"Ur\u00edas Gamarro\"},\"url\":\"https:\/\/prensalibre-com-develop.go-vip.co\/guatevision\/author\/ugamarro\"}]}<\/script>\n<!-- \/ Yoast SEO plugin. -->","yoast_head_json":{"title":"\u00a1FIDEL CASTRO HA MUERTO!, confirma el Gobierno Cubano","description":"El padre de la Revoluci\u00f3n Cubana y la figura m\u00e1s emblem\u00e1tica del socialismo en Am\u00e9rica Latina ha muerto. Fidel Castro falleci\u00f3, seg\u00fan confirma su hermano.","robots":{"index":"index","follow":"follow","max-snippet":"max-snippet:-1","max-image-preview":"max-image-preview:large","max-video-preview":"max-video-preview:-1"},"canonical":"https:\/\/prensalibre-com-develop.go-vip.co\/guatevision\/historico\/fidel-castro-ha-muerto","og_locale":"es_ES","og_type":"article","og_title":"\u00a1FIDEL CASTRO HA MUERTO!, confirma el Gobierno Cubano","og_description":"El padre de la Revoluci\u00f3n Cubana y la figura m\u00e1s emblem\u00e1tica del socialismo en Am\u00e9rica Latina ha muerto. Fidel Castro falleci\u00f3, seg\u00fan confirma su hermano.","og_url":"https:\/\/prensalibre-com-develop.go-vip.co\/guatevision\/historico\/fidel-castro-ha-muerto","og_site_name":"Guatevision","article_published_time":"2016-11-26T05:56:07+00:00","article_modified_time":"2016-11-26T05:56:31+00:00","og_image":[{"width":660,"height":371,"url":"https:\/\/prensalibre-com-develop.go-vip.co\/guatevision\/wp-content\/uploads\/sites\/2\/2016\/11\/Fidel-1.png?quality=82","type":"image\/png"}],"author":"Ur\u00edas Gamarro","twitter_card":"summary_large_image","twitter_misc":{"Written by":"Ur\u00edas Gamarro","Est. reading time":"6 minutes"},"schema":{"@context":"https:\/\/schema.org","@graph":[{"@type":"Article","@id":"https:\/\/prensalibre-com-develop.go-vip.co\/guatevision\/historico\/fidel-castro-ha-muerto#article","isPartOf":{"@id":"https:\/\/prensalibre-com-develop.go-vip.co\/guatevision\/historico\/fidel-castro-ha-muerto"},"author":{"name":"Ur\u00edas Gamarro","@id":"https:\/\/prensalibre-com-develop.go-vip.co\/guatevision\/#\/schema\/person\/6a02e75454b7218d75d47b40485a9180"},"headline":"FIDEL CASTRO HA MUERTO","datePublished":"2016-11-26T05:56:07+00:00","dateModified":"2016-11-26T05:56:31+00:00","mainEntityOfPage":{"@id":"https:\/\/prensalibre-com-develop.go-vip.co\/guatevision\/historico\/fidel-castro-ha-muerto"},"wordCount":1219,"commentCount":0,"publisher":{"@id":"https:\/\/prensalibre-com-develop.go-vip.co\/guatevision\/#organization"},"image":{"@id":"https:\/\/prensalibre-com-develop.go-vip.co\/guatevision\/historico\/fidel-castro-ha-muerto#primaryimage"},"thumbnailUrl":"https:\/\/prensalibre-com-develop.go-vip.co\/guatevision\/wp-content\/uploads\/sites\/2\/2016\/11\/Fidel-1.png","inLanguage":"es-GT","potentialAction":[{"@type":"CommentAction","name":"Comment","target":["https:\/\/prensalibre-com-develop.go-vip.co\/guatevision\/historico\/fidel-castro-ha-muerto#respond"]}]},{"@type":"WebPage","@id":"https:\/\/prensalibre-com-develop.go-vip.co\/guatevision\/historico\/fidel-castro-ha-muerto","url":"https:\/\/prensalibre-com-develop.go-vip.co\/guatevision\/historico\/fidel-castro-ha-muerto","name":"\u00a1FIDEL CASTRO HA MUERTO!, confirma el Gobierno Cubano","isPartOf":{"@id":"https:\/\/prensalibre-com-develop.go-vip.co\/guatevision\/#website"},"primaryImageOfPage":{"@id":"https:\/\/prensalibre-com-develop.go-vip.co\/guatevision\/historico\/fidel-castro-ha-muerto#primaryimage"},"image":{"@id":"https:\/\/prensalibre-com-develop.go-vip.co\/guatevision\/historico\/fidel-castro-ha-muerto#primaryimage"},"thumbnailUrl":"https:\/\/prensalibre-com-develop.go-vip.co\/guatevision\/wp-content\/uploads\/sites\/2\/2016\/11\/Fidel-1.png","datePublished":"2016-11-26T05:56:07+00:00","dateModified":"2016-11-26T05:56:31+00:00","description":"El padre de la Revoluci\u00f3n Cubana y la figura m\u00e1s emblem\u00e1tica del socialismo en Am\u00e9rica Latina ha muerto. Fidel Castro falleci\u00f3, seg\u00fan confirma su hermano.","inLanguage":"es-GT","potentialAction":[{"@type":"ReadAction","target":["https:\/\/prensalibre-com-develop.go-vip.co\/guatevision\/historico\/fidel-castro-ha-muerto"]}]},{"@type":"ImageObject","inLanguage":"es-GT","@id":"https:\/\/prensalibre-com-develop.go-vip.co\/guatevision\/historico\/fidel-castro-ha-muerto#primaryimage","url":"https:\/\/prensalibre-com-develop.go-vip.co\/guatevision\/wp-content\/uploads\/sites\/2\/2016\/11\/Fidel-1.png","contentUrl":"https:\/\/prensalibre-com-develop.go-vip.co\/guatevision\/wp-content\/uploads\/sites\/2\/2016\/11\/Fidel-1.png","width":660,"height":371,"caption":"Esta fue una de las \u00faltimas apariciones de Castro, durante la celebraci\u00f3n de la Asamblea del Partido Comunista Cubano. La foto fue tomada por la AFP el 19 de abril de 2016."},{"@type":"WebSite","@id":"https:\/\/prensalibre-com-develop.go-vip.co\/guatevision\/#website","url":"https:\/\/prensalibre-com-develop.go-vip.co\/guatevision\/","name":"Guatevision","description":"\u00a1Enciende Lo Bueno!","publisher":{"@id":"https:\/\/prensalibre-com-develop.go-vip.co\/guatevision\/#organization"},"potentialAction":[{"@type":"SearchAction","target":{"@type":"EntryPoint","urlTemplate":"https:\/\/prensalibre-com-develop.go-vip.co\/guatevision\/?s={search_term_string}"},"query-input":{"@type":"PropertyValueSpecification","valueRequired":true,"valueName":"search_term_string"}}],"inLanguage":"es-GT"},{"@type":"Organization","@id":"https:\/\/prensalibre-com-develop.go-vip.co\/guatevision\/#organization","name":"Guatevision","url":"https:\/\/prensalibre-com-develop.go-vip.co\/guatevision\/","logo":{"@type":"ImageObject","inLanguage":"es-GT","@id":"https:\/\/prensalibre-com-develop.go-vip.co\/guatevision\/#\/schema\/logo\/image\/","url":"https:\/\/prensalibre-com-develop.go-vip.co\/guatevision\/wp-content\/uploads\/sites\/2\/2026\/04\/Diseno-sin-titulo.png","contentUrl":"https:\/\/prensalibre-com-develop.go-vip.co\/guatevision\/wp-content\/uploads\/sites\/2\/2026\/04\/Diseno-sin-titulo.png","width":1000,"height":600,"caption":"Guatevision"},"image":{"@id":"https:\/\/prensalibre-com-develop.go-vip.co\/guatevision\/#\/schema\/logo\/image\/"}},{"@type":"Person","@id":"https:\/\/prensalibre-com-develop.go-vip.co\/guatevision\/#\/schema\/person\/6a02e75454b7218d75d47b40485a9180","name":"Ur\u00edas Gamarro","image":{"@type":"ImageObject","inLanguage":"es-GT","@id":"https:\/\/prensalibre-com-develop.go-vip.co\/guatevision\/#\/schema\/person\/image\/744fdda814e98101e57fe41f33d40045","url":"https:\/\/secure.gravatar.com\/avatar\/e0ccbbcb5f0dcf606343597951aa9ce1085b568039de56dddad95a75b314ca9b?s=96&d=mm&r=g","contentUrl":"https:\/\/secure.gravatar.com\/avatar\/e0ccbbcb5f0dcf606343597951aa9ce1085b568039de56dddad95a75b314ca9b?s=96&d=mm&r=g","caption":"Ur\u00edas Gamarro"},"url":"https:\/\/prensalibre-com-develop.go-vip.co\/guatevision\/author\/ugamarro"}]}},"jetpack_sharing_enabled":true,"jetpack_featured_media_url":"https:\/\/prensalibre-com-develop.go-vip.co\/guatevision\/wp-content\/uploads\/sites\/2\/2016\/11\/Fidel-1.png","_links":{"self":[{"href":"https:\/\/prensalibre-com-develop.go-vip.co\/guatevision\/wp-json\/wp\/v2\/posts\/13377","targetHints":{"allow":["GET"]}}],"collection":[{"href":"https:\/\/prensalibre-com-develop.go-vip.co\/guatevision\/wp-json\/wp\/v2\/posts"}],"about":[{"href":"https:\/\/prensalibre-com-develop.go-vip.co\/guatevision\/wp-json\/wp\/v2\/types\/post"}],"author":[{"embeddable":true,"href":"https:\/\/prensalibre-com-develop.go-vip.co\/guatevision\/wp-json\/wp\/v2\/users\/67"}],"replies":[{"embeddable":true,"href":"https:\/\/prensalibre-com-develop.go-vip.co\/guatevision\/wp-json\/wp\/v2\/comments?post=13377"}],"version-history":[{"count":0,"href":"https:\/\/prensalibre-com-develop.go-vip.co\/guatevision\/wp-json\/wp\/v2\/posts\/13377\/revisions"}],"wp:featuredmedia":[{"embeddable":true,"href":"https:\/\/prensalibre-com-develop.go-vip.co\/guatevision\/wp-json\/wp\/v2\/media\/13378"}],"wp:attachment":[{"href":"https:\/\/prensalibre-com-develop.go-vip.co\/guatevision\/wp-json\/wp\/v2\/media?parent=13377"}],"wp:term":[{"taxonomy":"category","embeddable":true,"href":"https:\/\/prensalibre-com-develop.go-vip.co\/guatevision\/wp-json\/wp\/v2\/categories?post=13377"},{"taxonomy":"etiqueta","embeddable":true,"href":"https:\/\/prensalibre-com-develop.go-vip.co\/guatevision\/wp-json\/wp\/v2\/etiqueta?post=13377"}],"curies":[{"name":"wp","href":"https:\/\/api.w.org\/{rel}","templated":true}]}}