{"id":136356,"date":"2017-12-06T16:31:20","date_gmt":"2017-12-06T22:31:20","guid":{"rendered":"https:\/\/prensalibre-com-develop.go-vip.co\/guatevision\/?p=136356"},"modified":"2017-12-06T16:36:26","modified_gmt":"2017-12-06T22:36:26","slug":"exposicion-zapatos","status":"publish","type":"post","link":"https:\/\/prensalibre-com-develop.go-vip.co\/guatevision\/historico\/exposicion-zapatos","title":{"rendered":"Exposici\u00f3n &#8220;En sus zapatos&#8221; obras de arte en hormas de zapatos"},"content":{"rendered":"<p>Exposici\u00f3n con hormas de zapatos<\/p>\n\n<p><em><strong>Durante la Segunda Guerra Mundial, fueron asesinados aproximadamente 20 mil jud\u00edos a orillas del r\u00edo Danubio en Budapest, en donde los hicieron quitarse los zapatos y los fusilaron. En el 2005 realizaron un monumento en donde colocaron pares de zapatos de hierro como un homenaje. Este fue el punto de partida de las damas de la Comunidad Jud\u00eda en Guatemala, para la exposici\u00f3n &#8220;En sus zapatos&#8221;.\u00a0<\/strong><\/em><\/p>\n<p>En octubre convocaron a 140 artistas que decidieron apoyar en programa de estudios a nivel nacional sobre el Holocausto. Se les brind\u00f3 hormas de zapatos de madera en donde las intervinieron d\u00e1ndole un significado y expusieron en la galer\u00eda &#8220;Ana Luc\u00eda G\u00f3mez&#8221;.<span data-ccp-props=\"{&quot;201341983&quot;:0,&quot;335559739&quot;:160,&quot;335559740&quot;:259}\">\u00a0<\/span><\/p>\n<p>&nbsp;<\/p>\n<p>La directora de las damas de la Comunidad Jud\u00eda en Guatemala, Rebeca de Sabbagh, expres\u00f3 &#8220;el zapato representa estar en sus zapatos, en los zapatos de alguien m\u00e1s, lo que quer\u00edamos era promover tolerancia, empat\u00eda, el no estar indiferente ante el dolor del pr\u00f3jimo. \u00a0las damas, visitaron la &#8220;escuela pasos extraordinarios&#8221; para que aprendieran sobre el holocausto. En este proceso los 20 estudiantes visitaron la exposici\u00f3n. La sobreviviente Bina Neger comparti\u00f3 su testimonio.<span data-ccp-props=\"{&quot;201341983&quot;:0,&quot;335559739&quot;:160,&quot;335559740&quot;:259}\">\u00a0<\/span><\/p>\n<ul>\n<li><a href=\"https:\/\/prensalibre-com-develop.go-vip.co\/guatevision\/2017\/11\/07\/julio-fausto-aguilera-2\/\" target=\"_blank\" rel=\"noopener\">https:\/\/prensalibre-com-develop.go-vip.co\/guatevision\/2017\/11\/07\/julio-fausto-aguilera-2\/<\/a><\/li>\n<\/ul>\n<h3>Exposici\u00f3n de los ni\u00f1os<span data-ccp-props=\"{&quot;201341983&quot;:0,&quot;335559739&quot;:160,&quot;335559740&quot;:259}\">\u00a0<\/span><\/h3>\n<p>El mundo de las manualidades brind\u00f3 el material que los ni\u00f1os escogieron para decorar sus hormas y plasmar sus experiencias de vida. Para promover el trabajo realizado se llev\u00f3 acabo otra exposici\u00f3n para que los alumnos de pasos extraordinarios, pudieran vender sus creaciones en interactuar con las personas.<span data-ccp-props=\"{&quot;201341983&quot;:0,&quot;335559739&quot;:160,&quot;335559740&quot;:259}\">\u00a0<\/span><\/p>\n<p><em>Juan Diego S\u00e1nchez, uno de los ni\u00f1os expositores nos explic\u00f3 su horma decorada, &#8220;primero el negro significa como que yo estuviera en un cuarto oscuro. Lo blanco significa las personas que siempre me han querido, siempre me abren caminos y aqu\u00ed est\u00e1 algo manchado es porque la vida a veces me pone obst\u00e1culos y la gente que me quiere me ayuda a pasarlos&#8221;.\u00a0\u00a0<\/em><\/p>\n<p><img loading=\"lazy\" decoding=\"async\" class=\"size-medium wp-image-136367 aligncenter\" src=\"https:\/\/prensalibre-com-develop.go-vip.co\/guatevision\/wp-content\/uploads\/2017\/12\/IMG-20171205-WA0026-233x175.jpg\" alt=\"exposici\u00f3n\" width=\"233\" height=\"175\" \/><\/p>\n<p>Yumeily \u00c1lvarez, tambi\u00e9n nos coment\u00f3 qu\u00e9 aprendi\u00f3 de ello, &#8220;Pues salir de all\u00ed y ser una mejor persona, porque casi toda la gente de all\u00ed siempre ha quedado en drogas, y todo eso, y nunca ha visto un camino m\u00e1s. Yo quiero ser una persona de que pueda encontrar otro camino, otra salida para poder ser alguien mejor.\u00a0<span data-ccp-props=\"{&quot;201341983&quot;:0,&quot;335559739&quot;:160,&quot;335559740&quot;:259}\">\u00a0<\/span><\/p>\n<ul>\n<li><a href=\"https:\/\/prensalibre-com-develop.go-vip.co\/guatevision\/2017\/05\/03\/arte-la-luz-del-semaforo-guatemala\/\" target=\"_blank\" rel=\"noopener\">https:\/\/prensalibre-com-develop.go-vip.co\/guatevision\/2017\/05\/03\/arte-la-luz-del-semaforo-guatemala\/<\/a><\/li>\n<\/ul>\n<p><span data-ccp-props=\"{&quot;201341983&quot;:0,&quot;335559739&quot;:160,&quot;335559740&quot;:259}\">\u00a0<\/span><span data-ccp-props=\"{&quot;201341983&quot;:0,&quot;335559739&quot;:160,&quot;335559740&quot;:259}\">\u00a0<\/span><\/p>\n<p>Otro estudiante que particip\u00f3 fue Edgar \u00c1lvarez, que uno de los sentimientos que m\u00e1s prevalec\u00eda fue el enojo, pero esta experiencia lo hizo cambiar a la alegr\u00eda. Nos comparti\u00f3 su sentir, &#8220;mi horma es de color negro y el puse clavos porque significa el holocausto, lo negro es todo el dolor y el sufrimiento que pas\u00f3 Ana Frank y la brillantina, todas las l\u00e1grimas y las frases que les dec\u00edan los que asesinaban.\u00a0<span data-ccp-props=\"{&quot;201341983&quot;:0,&quot;335559739&quot;:160,&quot;335559740&quot;:259}\">\u00a0<\/span><\/p>\n<p>Esta actividad se realiz\u00f3 con el objetivo de dar a conocer la historia del holocausto jud\u00edo, durante la segunda guerra mundial. Los ni\u00f1os del relleno sanitario de la zona 3, con la finalidad que aprendana enfrentar situaciones dif\u00edciles en la vida.<span data-ccp-props=\"{&quot;201341983&quot;:0,&quot;335559739&quot;:160,&quot;335559740&quot;:259}\">\u00a0<\/span><\/p>\n<p><em><strong>&#8220;Expresa con sentido&#8221;<\/strong> colabor\u00f3 y ayud\u00f3 a los j\u00f3venes a expresar sus sentimientos, emociones e ideas. La artista y propietaria Ana Liska coment\u00f3 su sentir, &#8220;Pienso que estos ni\u00f1os de pasos extraordinarios, lo que nosotros buscamos es que ellos se encuentren as\u00ed mismos a trav\u00e9s del arte y que logren expresar de la forma que ellos sientan su vocaci\u00f3n o su propia manera de expresar lo que son. Realmente ellos a m\u00ed me han ense\u00f1ado mucho, me han sensibilizado, me han ensa\u00f1ado tambi\u00e9n mucho sobre la humildad, sobre el cari\u00f1o que ellos demuestran estos ni\u00f1os es enorme, ellos tienen una capacidad de expresar amor, uno a veces no lo logra entender hasta que no lo vive.\u00a0<\/em><\/p>\n","protected":false},"excerpt":{"rendered":"<p>Exposici\u00f3n de hormas de zapatos de madera de los ni\u00f1os del relleno sanitario de la zona 3, con apoyo de las damas de la Comunidad Jud\u00eda de Guatemala. <\/p>\n","protected":false},"author":218,"featured_media":136368,"comment_status":"open","ping_status":"closed","sticky":false,"template":"","format":"standard","meta":{"_jetpack_memberships_contains_paid_content":false,"footnotes":""},"categories":[],"etiqueta":[],"class_list":["post-136356","post","type-post","status-publish","format-standard","has-post-thumbnail","hentry"],"yoast_head":"<!-- This site is optimized with the Yoast SEO plugin v23.9 - https:\/\/yoast.com\/wordpress\/plugins\/seo\/ -->\n<title>Exposici\u00f3n &quot;En sus zapatos&quot; obras de arte en hormas de zapatos<\/title>\n<meta name=\"description\" content=\"Exposici\u00f3n de hormas de zapatos de madera de los ni\u00f1os del relleno sanitario de la zona 3, con apoyo de las damas de la Comunidad Jud\u00eda de Guatemala.\" \/>\n<meta name=\"robots\" content=\"index, follow, max-snippet:-1, max-image-preview:large, max-video-preview:-1\" \/>\n<link rel=\"canonical\" href=\"https:\/\/prensalibre-com-develop.go-vip.co\/guatevision\/historico\/exposicion-zapatos\" \/>\n<meta property=\"og:locale\" content=\"es_ES\" \/>\n<meta property=\"og:type\" content=\"article\" \/>\n<meta property=\"og:title\" content=\"Exposici\u00f3n &quot;En sus zapatos&quot; obras de arte en hormas de zapatos\" \/>\n<meta property=\"og:description\" content=\"Exposici\u00f3n de hormas de zapatos de madera de los ni\u00f1os del relleno sanitario de la zona 3, con apoyo de las damas de la Comunidad Jud\u00eda de Guatemala.\" \/>\n<meta property=\"og:url\" content=\"https:\/\/prensalibre-com-develop.go-vip.co\/guatevision\/historico\/exposicion-zapatos\" \/>\n<meta property=\"og:site_name\" content=\"Guatevision\" \/>\n<meta property=\"article:published_time\" content=\"2017-12-06T22:31:20+00:00\" \/>\n<meta property=\"article:modified_time\" content=\"2017-12-06T22:36:26+00:00\" \/>\n<meta property=\"og:image\" content=\"https:\/\/prensalibre-com-develop.go-vip.co\/guatevision\/wp-content\/uploads\/sites\/2\/2017\/12\/damas-word.jpg?quality=82\" \/>\n\t<meta property=\"og:image:width\" content=\"660\" \/>\n\t<meta property=\"og:image:height\" content=\"371\" \/>\n\t<meta property=\"og:image:type\" content=\"image\/jpeg\" \/>\n<meta name=\"author\" content=\"Redacci\u00f3n Guatevisi\u00f3n\" \/>\n<meta name=\"twitter:card\" content=\"summary_large_image\" \/>\n<meta name=\"twitter:label1\" content=\"Written by\" \/>\n\t<meta name=\"twitter:data1\" content=\"Redacci\u00f3n Guatevisi\u00f3n\" \/>\n\t<meta name=\"twitter:label2\" content=\"Est. reading time\" \/>\n\t<meta name=\"twitter:data2\" content=\"3 minutes\" \/>\n<script type=\"application\/ld+json\" class=\"yoast-schema-graph\">{\"@context\":\"https:\/\/schema.org\",\"@graph\":[{\"@type\":\"Article\",\"@id\":\"https:\/\/prensalibre-com-develop.go-vip.co\/guatevision\/historico\/exposicion-zapatos#article\",\"isPartOf\":{\"@id\":\"https:\/\/prensalibre-com-develop.go-vip.co\/guatevision\/historico\/exposicion-zapatos\"},\"author\":{\"name\":\"Redacci\u00f3n Guatevisi\u00f3n\",\"@id\":\"https:\/\/prensalibre-com-develop.go-vip.co\/guatevision\/#\/schema\/person\/7c26ea5ceee1b7266a573b2125e1c2aa\"},\"headline\":\"Exposici\u00f3n &#8220;En sus zapatos&#8221; obras de arte en hormas de zapatos\",\"datePublished\":\"2017-12-06T22:31:20+00:00\",\"dateModified\":\"2017-12-06T22:36:26+00:00\",\"mainEntityOfPage\":{\"@id\":\"https:\/\/prensalibre-com-develop.go-vip.co\/guatevision\/historico\/exposicion-zapatos\"},\"wordCount\":650,\"commentCount\":0,\"publisher\":{\"@id\":\"https:\/\/prensalibre-com-develop.go-vip.co\/guatevision\/#organization\"},\"image\":{\"@id\":\"https:\/\/prensalibre-com-develop.go-vip.co\/guatevision\/historico\/exposicion-zapatos#primaryimage\"},\"thumbnailUrl\":\"https:\/\/prensalibre-com-develop.go-vip.co\/guatevision\/wp-content\/uploads\/sites\/2\/2017\/12\/damas-word.jpg?quality=82\",\"keywords\":[\"\\\"en sus zapatos\\\"\",\"Exposici\u00f3n\",\"holocausto\",\"ni\u00f1os\"],\"inLanguage\":\"es-GT\",\"potentialAction\":[{\"@type\":\"CommentAction\",\"name\":\"Comment\",\"target\":[\"https:\/\/prensalibre-com-develop.go-vip.co\/guatevision\/historico\/exposicion-zapatos#respond\"]}]},{\"@type\":\"WebPage\",\"@id\":\"https:\/\/prensalibre-com-develop.go-vip.co\/guatevision\/historico\/exposicion-zapatos\",\"url\":\"https:\/\/prensalibre-com-develop.go-vip.co\/guatevision\/historico\/exposicion-zapatos\",\"name\":\"Exposici\u00f3n \\\"En sus zapatos\\\" obras de arte en hormas de zapatos\",\"isPartOf\":{\"@id\":\"https:\/\/prensalibre-com-develop.go-vip.co\/guatevision\/#website\"},\"primaryImageOfPage\":{\"@id\":\"https:\/\/prensalibre-com-develop.go-vip.co\/guatevision\/historico\/exposicion-zapatos#primaryimage\"},\"image\":{\"@id\":\"https:\/\/prensalibre-com-develop.go-vip.co\/guatevision\/historico\/exposicion-zapatos#primaryimage\"},\"thumbnailUrl\":\"https:\/\/prensalibre-com-develop.go-vip.co\/guatevision\/wp-content\/uploads\/sites\/2\/2017\/12\/damas-word.jpg?quality=82\",\"datePublished\":\"2017-12-06T22:31:20+00:00\",\"dateModified\":\"2017-12-06T22:36:26+00:00\",\"description\":\"Exposici\u00f3n de hormas de zapatos de madera de los ni\u00f1os del relleno sanitario de la zona 3, con apoyo de las damas de la Comunidad Jud\u00eda de Guatemala.\",\"inLanguage\":\"es-GT\",\"potentialAction\":[{\"@type\":\"ReadAction\",\"target\":[\"https:\/\/prensalibre-com-develop.go-vip.co\/guatevision\/historico\/exposicion-zapatos\"]}]},{\"@type\":\"ImageObject\",\"inLanguage\":\"es-GT\",\"@id\":\"https:\/\/prensalibre-com-develop.go-vip.co\/guatevision\/historico\/exposicion-zapatos#primaryimage\",\"url\":\"https:\/\/prensalibre-com-develop.go-vip.co\/guatevision\/wp-content\/uploads\/sites\/2\/2017\/12\/damas-word.jpg?quality=82\",\"contentUrl\":\"https:\/\/prensalibre-com-develop.go-vip.co\/guatevision\/wp-content\/uploads\/sites\/2\/2017\/12\/damas-word.jpg?quality=82\",\"width\":660,\"height\":371},{\"@type\":\"WebSite\",\"@id\":\"https:\/\/prensalibre-com-develop.go-vip.co\/guatevision\/#website\",\"url\":\"https:\/\/prensalibre-com-develop.go-vip.co\/guatevision\/\",\"name\":\"Guatevision\",\"description\":\"\u00a1Enciende Lo Bueno!\",\"publisher\":{\"@id\":\"https:\/\/prensalibre-com-develop.go-vip.co\/guatevision\/#organization\"},\"potentialAction\":[{\"@type\":\"SearchAction\",\"target\":{\"@type\":\"EntryPoint\",\"urlTemplate\":\"https:\/\/prensalibre-com-develop.go-vip.co\/guatevision\/?s={search_term_string}\"},\"query-input\":{\"@type\":\"PropertyValueSpecification\",\"valueRequired\":true,\"valueName\":\"search_term_string\"}}],\"inLanguage\":\"es-GT\"},{\"@type\":\"Organization\",\"@id\":\"https:\/\/prensalibre-com-develop.go-vip.co\/guatevision\/#organization\",\"name\":\"Guatevision\",\"url\":\"https:\/\/prensalibre-com-develop.go-vip.co\/guatevision\/\",\"logo\":{\"@type\":\"ImageObject\",\"inLanguage\":\"es-GT\",\"@id\":\"https:\/\/prensalibre-com-develop.go-vip.co\/guatevision\/#\/schema\/logo\/image\/\",\"url\":\"https:\/\/prensalibre-com-develop.go-vip.co\/guatevision\/wp-content\/uploads\/sites\/2\/2026\/04\/Diseno-sin-titulo.png?quality=82\",\"contentUrl\":\"https:\/\/prensalibre-com-develop.go-vip.co\/guatevision\/wp-content\/uploads\/sites\/2\/2026\/04\/Diseno-sin-titulo.png?quality=82\",\"width\":1000,\"height\":600,\"caption\":\"Guatevision\"},\"image\":{\"@id\":\"https:\/\/prensalibre-com-develop.go-vip.co\/guatevision\/#\/schema\/logo\/image\/\"}},{\"@type\":\"Person\",\"@id\":\"https:\/\/prensalibre-com-develop.go-vip.co\/guatevision\/#\/schema\/person\/7c26ea5ceee1b7266a573b2125e1c2aa\",\"name\":\"Redacci\u00f3n Guatevisi\u00f3n\",\"image\":{\"@type\":\"ImageObject\",\"inLanguage\":\"es-GT\",\"@id\":\"https:\/\/prensalibre-com-develop.go-vip.co\/guatevision\/#\/schema\/person\/image\/6d36cd161df0dff3760fc313fe2275f7\",\"url\":\"https:\/\/secure.gravatar.com\/avatar\/30137a0ea5fbd7114184dc546048a84bb0a0138981443c3af84a9d824dffdd9b?s=96&d=mm&r=g\",\"contentUrl\":\"https:\/\/secure.gravatar.com\/avatar\/30137a0ea5fbd7114184dc546048a84bb0a0138981443c3af84a9d824dffdd9b?s=96&d=mm&r=g\",\"caption\":\"Redacci\u00f3n Guatevisi\u00f3n\"},\"url\":\"https:\/\/prensalibre-com-develop.go-vip.co\/guatevision\/author\/redacciongtv\"}]}<\/script>\n<!-- \/ Yoast SEO plugin. -->","yoast_head_json":{"title":"Exposici\u00f3n \"En sus zapatos\" obras de arte en hormas de zapatos","description":"Exposici\u00f3n de hormas de zapatos de madera de los ni\u00f1os del relleno sanitario de la zona 3, con apoyo de las damas de la Comunidad Jud\u00eda de Guatemala.","robots":{"index":"index","follow":"follow","max-snippet":"max-snippet:-1","max-image-preview":"max-image-preview:large","max-video-preview":"max-video-preview:-1"},"canonical":"https:\/\/prensalibre-com-develop.go-vip.co\/guatevision\/historico\/exposicion-zapatos","og_locale":"es_ES","og_type":"article","og_title":"Exposici\u00f3n \"En sus zapatos\" obras de arte en hormas de zapatos","og_description":"Exposici\u00f3n de hormas de zapatos de madera de los ni\u00f1os del relleno sanitario de la zona 3, con apoyo de las damas de la Comunidad Jud\u00eda de Guatemala.","og_url":"https:\/\/prensalibre-com-develop.go-vip.co\/guatevision\/historico\/exposicion-zapatos","og_site_name":"Guatevision","article_published_time":"2017-12-06T22:31:20+00:00","article_modified_time":"2017-12-06T22:36:26+00:00","og_image":[{"width":660,"height":371,"url":"https:\/\/prensalibre-com-develop.go-vip.co\/guatevision\/wp-content\/uploads\/sites\/2\/2017\/12\/damas-word.jpg?quality=82","type":"image\/jpeg"}],"author":"Redacci\u00f3n Guatevisi\u00f3n","twitter_card":"summary_large_image","twitter_misc":{"Written by":"Redacci\u00f3n Guatevisi\u00f3n","Est. reading time":"3 minutes"},"schema":{"@context":"https:\/\/schema.org","@graph":[{"@type":"Article","@id":"https:\/\/prensalibre-com-develop.go-vip.co\/guatevision\/historico\/exposicion-zapatos#article","isPartOf":{"@id":"https:\/\/prensalibre-com-develop.go-vip.co\/guatevision\/historico\/exposicion-zapatos"},"author":{"name":"Redacci\u00f3n Guatevisi\u00f3n","@id":"https:\/\/prensalibre-com-develop.go-vip.co\/guatevision\/#\/schema\/person\/7c26ea5ceee1b7266a573b2125e1c2aa"},"headline":"Exposici\u00f3n &#8220;En sus zapatos&#8221; obras de arte en hormas de zapatos","datePublished":"2017-12-06T22:31:20+00:00","dateModified":"2017-12-06T22:36:26+00:00","mainEntityOfPage":{"@id":"https:\/\/prensalibre-com-develop.go-vip.co\/guatevision\/historico\/exposicion-zapatos"},"wordCount":650,"commentCount":0,"publisher":{"@id":"https:\/\/prensalibre-com-develop.go-vip.co\/guatevision\/#organization"},"image":{"@id":"https:\/\/prensalibre-com-develop.go-vip.co\/guatevision\/historico\/exposicion-zapatos#primaryimage"},"thumbnailUrl":"https:\/\/prensalibre-com-develop.go-vip.co\/guatevision\/wp-content\/uploads\/sites\/2\/2017\/12\/damas-word.jpg?quality=82","keywords":["\"en sus zapatos\"","Exposici\u00f3n","holocausto","ni\u00f1os"],"inLanguage":"es-GT","potentialAction":[{"@type":"CommentAction","name":"Comment","target":["https:\/\/prensalibre-com-develop.go-vip.co\/guatevision\/historico\/exposicion-zapatos#respond"]}]},{"@type":"WebPage","@id":"https:\/\/prensalibre-com-develop.go-vip.co\/guatevision\/historico\/exposicion-zapatos","url":"https:\/\/prensalibre-com-develop.go-vip.co\/guatevision\/historico\/exposicion-zapatos","name":"Exposici\u00f3n \"En sus zapatos\" obras de arte en hormas de zapatos","isPartOf":{"@id":"https:\/\/prensalibre-com-develop.go-vip.co\/guatevision\/#website"},"primaryImageOfPage":{"@id":"https:\/\/prensalibre-com-develop.go-vip.co\/guatevision\/historico\/exposicion-zapatos#primaryimage"},"image":{"@id":"https:\/\/prensalibre-com-develop.go-vip.co\/guatevision\/historico\/exposicion-zapatos#primaryimage"},"thumbnailUrl":"https:\/\/prensalibre-com-develop.go-vip.co\/guatevision\/wp-content\/uploads\/sites\/2\/2017\/12\/damas-word.jpg?quality=82","datePublished":"2017-12-06T22:31:20+00:00","dateModified":"2017-12-06T22:36:26+00:00","description":"Exposici\u00f3n de hormas de zapatos de madera de los ni\u00f1os del relleno sanitario de la zona 3, con apoyo de las damas de la Comunidad Jud\u00eda de Guatemala.","inLanguage":"es-GT","potentialAction":[{"@type":"ReadAction","target":["https:\/\/prensalibre-com-develop.go-vip.co\/guatevision\/historico\/exposicion-zapatos"]}]},{"@type":"ImageObject","inLanguage":"es-GT","@id":"https:\/\/prensalibre-com-develop.go-vip.co\/guatevision\/historico\/exposicion-zapatos#primaryimage","url":"https:\/\/prensalibre-com-develop.go-vip.co\/guatevision\/wp-content\/uploads\/sites\/2\/2017\/12\/damas-word.jpg?quality=82","contentUrl":"https:\/\/prensalibre-com-develop.go-vip.co\/guatevision\/wp-content\/uploads\/sites\/2\/2017\/12\/damas-word.jpg?quality=82","width":660,"height":371},{"@type":"WebSite","@id":"https:\/\/prensalibre-com-develop.go-vip.co\/guatevision\/#website","url":"https:\/\/prensalibre-com-develop.go-vip.co\/guatevision\/","name":"Guatevision","description":"\u00a1Enciende Lo Bueno!","publisher":{"@id":"https:\/\/prensalibre-com-develop.go-vip.co\/guatevision\/#organization"},"potentialAction":[{"@type":"SearchAction","target":{"@type":"EntryPoint","urlTemplate":"https:\/\/prensalibre-com-develop.go-vip.co\/guatevision\/?s={search_term_string}"},"query-input":{"@type":"PropertyValueSpecification","valueRequired":true,"valueName":"search_term_string"}}],"inLanguage":"es-GT"},{"@type":"Organization","@id":"https:\/\/prensalibre-com-develop.go-vip.co\/guatevision\/#organization","name":"Guatevision","url":"https:\/\/prensalibre-com-develop.go-vip.co\/guatevision\/","logo":{"@type":"ImageObject","inLanguage":"es-GT","@id":"https:\/\/prensalibre-com-develop.go-vip.co\/guatevision\/#\/schema\/logo\/image\/","url":"https:\/\/prensalibre-com-develop.go-vip.co\/guatevision\/wp-content\/uploads\/sites\/2\/2026\/04\/Diseno-sin-titulo.png?quality=82","contentUrl":"https:\/\/prensalibre-com-develop.go-vip.co\/guatevision\/wp-content\/uploads\/sites\/2\/2026\/04\/Diseno-sin-titulo.png?quality=82","width":1000,"height":600,"caption":"Guatevision"},"image":{"@id":"https:\/\/prensalibre-com-develop.go-vip.co\/guatevision\/#\/schema\/logo\/image\/"}},{"@type":"Person","@id":"https:\/\/prensalibre-com-develop.go-vip.co\/guatevision\/#\/schema\/person\/7c26ea5ceee1b7266a573b2125e1c2aa","name":"Redacci\u00f3n Guatevisi\u00f3n","image":{"@type":"ImageObject","inLanguage":"es-GT","@id":"https:\/\/prensalibre-com-develop.go-vip.co\/guatevision\/#\/schema\/person\/image\/6d36cd161df0dff3760fc313fe2275f7","url":"https:\/\/secure.gravatar.com\/avatar\/30137a0ea5fbd7114184dc546048a84bb0a0138981443c3af84a9d824dffdd9b?s=96&d=mm&r=g","contentUrl":"https:\/\/secure.gravatar.com\/avatar\/30137a0ea5fbd7114184dc546048a84bb0a0138981443c3af84a9d824dffdd9b?s=96&d=mm&r=g","caption":"Redacci\u00f3n Guatevisi\u00f3n"},"url":"https:\/\/prensalibre-com-develop.go-vip.co\/guatevision\/author\/redacciongtv"}]}},"jetpack_featured_media_url":"https:\/\/prensalibre-com-develop.go-vip.co\/guatevision\/wp-content\/uploads\/sites\/2\/2017\/12\/damas-word.jpg?quality=82","jetpack_sharing_enabled":true,"_links":{"self":[{"href":"https:\/\/prensalibre-com-develop.go-vip.co\/guatevision\/wp-json\/wp\/v2\/posts\/136356","targetHints":{"allow":["GET"]}}],"collection":[{"href":"https:\/\/prensalibre-com-develop.go-vip.co\/guatevision\/wp-json\/wp\/v2\/posts"}],"about":[{"href":"https:\/\/prensalibre-com-develop.go-vip.co\/guatevision\/wp-json\/wp\/v2\/types\/post"}],"author":[{"embeddable":true,"href":"https:\/\/prensalibre-com-develop.go-vip.co\/guatevision\/wp-json\/wp\/v2\/users\/218"}],"replies":[{"embeddable":true,"href":"https:\/\/prensalibre-com-develop.go-vip.co\/guatevision\/wp-json\/wp\/v2\/comments?post=136356"}],"version-history":[{"count":0,"href":"https:\/\/prensalibre-com-develop.go-vip.co\/guatevision\/wp-json\/wp\/v2\/posts\/136356\/revisions"}],"wp:featuredmedia":[{"embeddable":true,"href":"https:\/\/prensalibre-com-develop.go-vip.co\/guatevision\/wp-json\/wp\/v2\/media\/136368"}],"wp:attachment":[{"href":"https:\/\/prensalibre-com-develop.go-vip.co\/guatevision\/wp-json\/wp\/v2\/media?parent=136356"}],"wp:term":[{"taxonomy":"category","embeddable":true,"href":"https:\/\/prensalibre-com-develop.go-vip.co\/guatevision\/wp-json\/wp\/v2\/categories?post=136356"},{"taxonomy":"etiqueta","embeddable":true,"href":"https:\/\/prensalibre-com-develop.go-vip.co\/guatevision\/wp-json\/wp\/v2\/etiqueta?post=136356"}],"curies":[{"name":"wp","href":"https:\/\/api.w.org\/{rel}","templated":true}]}}